{"id":596,"date":"2008-02-21T12:20:02","date_gmt":"2008-02-21T17:20:02","guid":{"rendered":"http:\/\/www.visit-ulcinj.com\/blog\/2008\/02\/21\/forca-i-bosnjacka-stranka-za-jednog-kandidata\/"},"modified":"2008-02-21T12:20:06","modified_gmt":"2008-02-21T17:20:06","slug":"forca-i-bosnjacka-stranka-za-jednog-kandidata","status":"publish","type":"post","link":"https:\/\/www.visit-ulcinj.com\/blog\/2008\/02\/21\/forca-i-bosnjacka-stranka-za-jednog-kandidata\/","title":{"rendered":"Forca i Bo\u0161nja?ka stranka za jednog kandidata?"},"content":{"rendered":"<p><a href=\"http:\/\/www.visit-ulcinj.com\/blog\/2008\/02\/21\/forca-i-bosnjacka-stranka-za-jednog-kandidata\/nazif-cungu_xhaudet-cakuli_nail-draga\/\" rel=\"attachment wp-att-597\" title=\"Nazif Cungu_Xhaudet Cakuli_Nail Draga\"><img loading=\"lazy\" src=\"http:\/\/www.visit-ulcinj.com\/blog\/wp-content\/uploads\/2008\/02\/nazif-cungu_xhaudet-cakuli_nail-draga-2.jpg\" alt=\"Nazif Cungu_Xhaudet Cakuli_Nail Draga\" align=\"left\" height=\"301\" width=\"206\" \/><\/a>Podgorica &#8211; Rukovodstva Force i Bo\u0161nja?ke stranke dogovorila su ju?e &#8220;mogu?u saradnju&#8221; i podr\u0161ku politi?kom programu i predsjedni?kom kandidatu &#8220;u ?ijem se djelovanju prepozna ostvarenje vitalnih interesa, statusa i polo\u017eaja manjinskih naroda u Crnoj Gori&#8221;, saop\u0161tile su te stranke.<br \/>\nNa sastanku u Ulcinju &#8220;posebno su potencirana pitanja pobolj\u0161anja statusa i polo\u017eaja manjinskih naroda i njihovog djelotvornijeg u?e\u0161?a na svim nivoima vlasti&#8221;.<br \/>\nNa sastanku su u ime Force bili predsjednik Nazif Cungu, potpredsjednik Genc Nimanbegu, ?lan Predsjedni\u0161tva dr Nail Draga, a ispred BS predsjednik Rafet Husovi?, portparol Suljo Mustafi? i ?lan Predsjedni\u0161tva Munib Li?ina.<\/p>\n<p>M.J<br \/>\nwww.vijesti.cg.yu<\/p>\n","protected":false},"excerpt":{"rendered":"<p><img loading=\"lazy\" src=\"http:\/\/www.visit-ulcinj.com\/blog\/wp-content\/uploads\/2008\/02\/nazif-cungu_xhaudet-cakuli_nail-draga-2.jpg\" alt=\"Nazif Cungu_Xhaudet Cakuli_Nail Draga\" align=\"left\" height=\"140\" width=\"140\" \/><\/p>\n","protected":false},"author":1,"featured_media":0,"comment_status":"open","ping_status":"closed","sticky":false,"template":"","format":"standard","meta":{"spay_email":"","jetpack_publicize_message":"","jetpack_is_tweetstorm":false,"jetpack_publicize_feature_enabled":true},"categories":[6],"tags":[1798,1790,117,1075,318,1799,118,92,1568,1797],"jetpack_publicize_connections":[],"yoast_head":"<!-- This site is optimized with the Yoast SEO plugin v19.1 - https:\/\/yoast.com\/wordpress\/plugins\/seo\/ -->\n<title>Forca i Bo\u0161nja?ka stranka za jednog kandidata? - Lajme nga Ulqini<\/title>\n<meta name=\"robots\" content=\"index, follow, max-snippet:-1, max-image-preview:large, max-video-preview:-1\" \/>\n<link rel=\"canonical\" href=\"https:\/\/www.visit-ulcinj.com\/blog\/2008\/02\/21\/forca-i-bosnjacka-stranka-za-jednog-kandidata\/\" \/>\n<meta property=\"og:locale\" content=\"en_US\" \/>\n<meta property=\"og:type\" content=\"article\" \/>\n<meta property=\"og:title\" content=\"Forca i Bo\u0161nja?ka stranka za jednog kandidata? - Lajme nga Ulqini\" \/>\n<meta property=\"og:url\" content=\"https:\/\/www.visit-ulcinj.com\/blog\/2008\/02\/21\/forca-i-bosnjacka-stranka-za-jednog-kandidata\/\" \/>\n<meta property=\"og:site_name\" content=\"Lajme nga Ulqini\" \/>\n<meta property=\"article:published_time\" content=\"2008-02-21T17:20:02+00:00\" \/>\n<meta property=\"article:modified_time\" content=\"2008-02-21T17:20:06+00:00\" \/>\n<meta property=\"og:image\" content=\"http:\/\/www.visit-ulcinj.com\/blog\/wp-content\/uploads\/2008\/02\/nazif-cungu_xhaudet-cakuli_nail-draga-2.jpg\" \/>\n<meta name=\"twitter:label1\" content=\"Written by\" \/>\n\t<meta name=\"twitter:data1\" content=\"ulqini\" \/>\n\t<meta name=\"twitter:label2\" content=\"Est. reading time\" \/>\n\t<meta name=\"twitter:data2\" content=\"1 minute\" \/>\n<script type=\"application\/ld+json\" class=\"yoast-schema-graph\">{\"@context\":\"https:\/\/schema.org\",\"@graph\":[{\"@type\":\"WebSite\",\"@id\":\"https:\/\/www.visit-ulcinj.com\/blog\/#website\",\"url\":\"https:\/\/www.visit-ulcinj.com\/blog\/\",\"name\":\"Lajme nga Ulqini\",\"description\":\"Lajme,Vijesti,Ulqini,Ulqin,Crna Gora,Mali i Zi\",\"potentialAction\":[{\"@type\":\"SearchAction\",\"target\":{\"@type\":\"EntryPoint\",\"urlTemplate\":\"https:\/\/www.visit-ulcinj.com\/blog\/?s={search_term_string}\"},\"query-input\":\"required name=search_term_string\"}],\"inLanguage\":\"en-US\"},{\"@type\":\"ImageObject\",\"inLanguage\":\"en-US\",\"@id\":\"https:\/\/www.visit-ulcinj.com\/blog\/2008\/02\/21\/forca-i-bosnjacka-stranka-za-jednog-kandidata\/#primaryimage\",\"url\":\"http:\/\/www.visit-ulcinj.com\/blog\/wp-content\/uploads\/2008\/02\/nazif-cungu_xhaudet-cakuli_nail-draga-2.jpg\",\"contentUrl\":\"http:\/\/www.visit-ulcinj.com\/blog\/wp-content\/uploads\/2008\/02\/nazif-cungu_xhaudet-cakuli_nail-draga-2.jpg\"},{\"@type\":\"WebPage\",\"@id\":\"https:\/\/www.visit-ulcinj.com\/blog\/2008\/02\/21\/forca-i-bosnjacka-stranka-za-jednog-kandidata\/#webpage\",\"url\":\"https:\/\/www.visit-ulcinj.com\/blog\/2008\/02\/21\/forca-i-bosnjacka-stranka-za-jednog-kandidata\/\",\"name\":\"Forca i Bo\u0161nja?ka stranka za jednog kandidata? - Lajme nga Ulqini\",\"isPartOf\":{\"@id\":\"https:\/\/www.visit-ulcinj.com\/blog\/#website\"},\"primaryImageOfPage\":{\"@id\":\"https:\/\/www.visit-ulcinj.com\/blog\/2008\/02\/21\/forca-i-bosnjacka-stranka-za-jednog-kandidata\/#primaryimage\"},\"datePublished\":\"2008-02-21T17:20:02+00:00\",\"dateModified\":\"2008-02-21T17:20:06+00:00\",\"author\":{\"@id\":\"https:\/\/www.visit-ulcinj.com\/blog\/#\/schema\/person\/dcab619c614d3038751c63bc2aadc06d\"},\"breadcrumb\":{\"@id\":\"https:\/\/www.visit-ulcinj.com\/blog\/2008\/02\/21\/forca-i-bosnjacka-stranka-za-jednog-kandidata\/#breadcrumb\"},\"inLanguage\":\"en-US\",\"potentialAction\":[{\"@type\":\"ReadAction\",\"target\":[\"https:\/\/www.visit-ulcinj.com\/blog\/2008\/02\/21\/forca-i-bosnjacka-stranka-za-jednog-kandidata\/\"]}]},{\"@type\":\"BreadcrumbList\",\"@id\":\"https:\/\/www.visit-ulcinj.com\/blog\/2008\/02\/21\/forca-i-bosnjacka-stranka-za-jednog-kandidata\/#breadcrumb\",\"itemListElement\":[{\"@type\":\"ListItem\",\"position\":1,\"name\":\"Forca i Bo\u0161nja?ka stranka za jednog kandidata?\"}]},{\"@type\":\"Person\",\"@id\":\"https:\/\/www.visit-ulcinj.com\/blog\/#\/schema\/person\/dcab619c614d3038751c63bc2aadc06d\",\"name\":\"ulqini\",\"sameAs\":[\"http:\/\/www.visit-ulcinj.com\"],\"url\":\"https:\/\/www.visit-ulcinj.com\/blog\/author\/admin\/\"}]}<\/script>\n<!-- \/ Yoast SEO plugin. -->","yoast_head_json":{"title":"Forca i Bo\u0161nja?ka stranka za jednog kandidata? - Lajme nga Ulqini","robots":{"index":"index","follow":"follow","max-snippet":"max-snippet:-1","max-image-preview":"max-image-preview:large","max-video-preview":"max-video-preview:-1"},"canonical":"https:\/\/www.visit-ulcinj.com\/blog\/2008\/02\/21\/forca-i-bosnjacka-stranka-za-jednog-kandidata\/","og_locale":"en_US","og_type":"article","og_title":"Forca i Bo\u0161nja?ka stranka za jednog kandidata? - Lajme nga Ulqini","og_url":"https:\/\/www.visit-ulcinj.com\/blog\/2008\/02\/21\/forca-i-bosnjacka-stranka-za-jednog-kandidata\/","og_site_name":"Lajme nga Ulqini","article_published_time":"2008-02-21T17:20:02+00:00","article_modified_time":"2008-02-21T17:20:06+00:00","og_image":[{"url":"http:\/\/www.visit-ulcinj.com\/blog\/wp-content\/uploads\/2008\/02\/nazif-cungu_xhaudet-cakuli_nail-draga-2.jpg"}],"twitter_misc":{"Written by":"ulqini","Est. reading time":"1 minute"},"schema":{"@context":"https:\/\/schema.org","@graph":[{"@type":"WebSite","@id":"https:\/\/www.visit-ulcinj.com\/blog\/#website","url":"https:\/\/www.visit-ulcinj.com\/blog\/","name":"Lajme nga Ulqini","description":"Lajme,Vijesti,Ulqini,Ulqin,Crna Gora,Mali i Zi","potentialAction":[{"@type":"SearchAction","target":{"@type":"EntryPoint","urlTemplate":"https:\/\/www.visit-ulcinj.com\/blog\/?s={search_term_string}"},"query-input":"required name=search_term_string"}],"inLanguage":"en-US"},{"@type":"ImageObject","inLanguage":"en-US","@id":"https:\/\/www.visit-ulcinj.com\/blog\/2008\/02\/21\/forca-i-bosnjacka-stranka-za-jednog-kandidata\/#primaryimage","url":"http:\/\/www.visit-ulcinj.com\/blog\/wp-content\/uploads\/2008\/02\/nazif-cungu_xhaudet-cakuli_nail-draga-2.jpg","contentUrl":"http:\/\/www.visit-ulcinj.com\/blog\/wp-content\/uploads\/2008\/02\/nazif-cungu_xhaudet-cakuli_nail-draga-2.jpg"},{"@type":"WebPage","@id":"https:\/\/www.visit-ulcinj.com\/blog\/2008\/02\/21\/forca-i-bosnjacka-stranka-za-jednog-kandidata\/#webpage","url":"https:\/\/www.visit-ulcinj.com\/blog\/2008\/02\/21\/forca-i-bosnjacka-stranka-za-jednog-kandidata\/","name":"Forca i Bo\u0161nja?ka stranka za jednog kandidata? - Lajme nga Ulqini","isPartOf":{"@id":"https:\/\/www.visit-ulcinj.com\/blog\/#website"},"primaryImageOfPage":{"@id":"https:\/\/www.visit-ulcinj.com\/blog\/2008\/02\/21\/forca-i-bosnjacka-stranka-za-jednog-kandidata\/#primaryimage"},"datePublished":"2008-02-21T17:20:02+00:00","dateModified":"2008-02-21T17:20:06+00:00","author":{"@id":"https:\/\/www.visit-ulcinj.com\/blog\/#\/schema\/person\/dcab619c614d3038751c63bc2aadc06d"},"breadcrumb":{"@id":"https:\/\/www.visit-ulcinj.com\/blog\/2008\/02\/21\/forca-i-bosnjacka-stranka-za-jednog-kandidata\/#breadcrumb"},"inLanguage":"en-US","potentialAction":[{"@type":"ReadAction","target":["https:\/\/www.visit-ulcinj.com\/blog\/2008\/02\/21\/forca-i-bosnjacka-stranka-za-jednog-kandidata\/"]}]},{"@type":"BreadcrumbList","@id":"https:\/\/www.visit-ulcinj.com\/blog\/2008\/02\/21\/forca-i-bosnjacka-stranka-za-jednog-kandidata\/#breadcrumb","itemListElement":[{"@type":"ListItem","position":1,"name":"Forca i Bo\u0161nja?ka stranka za jednog kandidata?"}]},{"@type":"Person","@id":"https:\/\/www.visit-ulcinj.com\/blog\/#\/schema\/person\/dcab619c614d3038751c63bc2aadc06d","name":"ulqini","sameAs":["http:\/\/www.visit-ulcinj.com"],"url":"https:\/\/www.visit-ulcinj.com\/blog\/author\/admin\/"}]}},"jetpack_featured_media_url":"","jetpack_sharing_enabled":true,"jetpack_shortlink":"https:\/\/wp.me\/pe6lTn-9C","_links":{"self":[{"href":"https:\/\/www.visit-ulcinj.com\/blog\/wp-json\/wp\/v2\/posts\/596"}],"collection":[{"href":"https:\/\/www.visit-ulcinj.com\/blog\/wp-json\/wp\/v2\/posts"}],"about":[{"href":"https:\/\/www.visit-ulcinj.com\/blog\/wp-json\/wp\/v2\/types\/post"}],"author":[{"embeddable":true,"href":"https:\/\/www.visit-ulcinj.com\/blog\/wp-json\/wp\/v2\/users\/1"}],"replies":[{"embeddable":true,"href":"https:\/\/www.visit-ulcinj.com\/blog\/wp-json\/wp\/v2\/comments?post=596"}],"version-history":[{"count":0,"href":"https:\/\/www.visit-ulcinj.com\/blog\/wp-json\/wp\/v2\/posts\/596\/revisions"}],"wp:attachment":[{"href":"https:\/\/www.visit-ulcinj.com\/blog\/wp-json\/wp\/v2\/media?parent=596"}],"wp:term":[{"taxonomy":"category","embeddable":true,"href":"https:\/\/www.visit-ulcinj.com\/blog\/wp-json\/wp\/v2\/categories?post=596"},{"taxonomy":"post_tag","embeddable":true,"href":"https:\/\/www.visit-ulcinj.com\/blog\/wp-json\/wp\/v2\/tags?post=596"}],"curies":[{"name":"wp","href":"https:\/\/api.w.org\/{rel}","templated":true}]}}