{"id":59601,"date":"2012-04-24T14:18:36","date_gmt":"2012-04-24T13:18:36","guid":{"rendered":"http:\/\/www.visit-ulcinj.com\/blog\/?p=59601"},"modified":"2012-04-24T14:19:46","modified_gmt":"2012-04-24T13:19:46","slug":"dafina-zeqiri-provokon-me-lukun-e-ri","status":"publish","type":"post","link":"https:\/\/www.visit-ulcinj.com\/blog\/2012\/04\/24\/dafina-zeqiri-provokon-me-lukun-e-ri\/","title":{"rendered":"Dafina Zeqiri provokon me lukun e ri"},"content":{"rendered":"<p><strong><a href=\"http:\/\/www.visit-ulcinj.com\/blog\/wp-content\/uploads\/2012\/04\/Dafina-zeqiri-new-luk.jpg\"><img loading=\"lazy\" class=\"alignleft  wp-image-59602\" title=\"Dafina zeqiri new luk\" src=\"http:\/\/www.visit-ulcinj.com\/blog\/wp-content\/uploads\/2012\/04\/Dafina-zeqiri-new-luk.jpg\" alt=\"\" width=\"508\" height=\"360\" \/><\/a>K\u00ebng\u00ebtarja Dafina Zeqiri, ka postuar n\u00eb profilin e saj n\u00eb saj n\u00eb Facebook, nj\u00eb set fotografik, ku duket shum\u00eb sensuale dhe seksi.<\/strong><\/p>\n<p>Duffy ka ndryshuar p\u00ebrs\u00ebri lukun e saj, duke theksuar m\u00eb tep\u00ebr dy ngjyrat n\u00eb flok\u00ebt e saj.<\/p>\n<p>Ajo q\u00eb vihet re \u00ebsht\u00eb edhe modeli i theksuar \u201cBob\u201d i flok\u00ebve, q\u00eb ajo ka b\u00ebr\u00eb.<\/p>\n<p>&nbsp;<\/p>\n<p><br \/>\n<!--YouTube Error: bad URL entered--><\/p>\n","protected":false},"excerpt":{"rendered":"<p>K\u00ebng\u00ebtarja Dafina Zeqiri, ka postuar n\u00eb profilin e saj n\u00eb saj n\u00eb Facebook, nj\u00eb set fotografik, ku duket shum\u00eb sensuale dhe seksi. Duffy ka ndryshuar p\u00ebrs\u00ebri lukun e saj, duke theksuar m\u00eb tep\u00ebr dy ngjyrat n\u00eb flok\u00ebt e saj. Ajo q\u00eb vihet re \u00ebsht\u00eb edhe modeli i theksuar \u201cBob\u201d i flok\u00ebve, q\u00eb ajo ka b\u00ebr\u00eb. [&hellip;]<\/p>\n","protected":false},"author":1,"featured_media":0,"comment_status":"open","ping_status":"closed","sticky":false,"template":"","format":"standard","meta":{"spay_email":"","jetpack_publicize_message":"","jetpack_is_tweetstorm":false,"jetpack_publicize_feature_enabled":true},"categories":[1],"tags":[19677,4926,19806,16036,19514,19511,19513,6693,4684,19460],"jetpack_publicize_connections":[],"yoast_head":"<!-- This site is optimized with the Yoast SEO plugin v19.1 - https:\/\/yoast.com\/wordpress\/plugins\/seo\/ -->\n<title>Dafina Zeqiri provokon me lukun e ri - Lajme nga Ulqini<\/title>\n<meta name=\"description\" content=\"K\u00ebng\u00ebtarja Dafina Zeqiri, ka postuar n\u00eb profilin e saj n\u00eb saj n\u00eb Facebook, nj\u00eb set fotografik, ku duket shum\u00eb sensuale dhe seksi. Duffy ka ndryshuar\" \/>\n<meta name=\"robots\" content=\"index, follow, max-snippet:-1, max-image-preview:large, max-video-preview:-1\" \/>\n<link rel=\"canonical\" href=\"https:\/\/www.visit-ulcinj.com\/blog\/2012\/04\/24\/dafina-zeqiri-provokon-me-lukun-e-ri\/\" \/>\n<meta property=\"og:locale\" content=\"en_US\" \/>\n<meta property=\"og:type\" content=\"article\" \/>\n<meta property=\"og:title\" content=\"Dafina Zeqiri provokon me lukun e ri - Lajme nga Ulqini\" \/>\n<meta property=\"og:description\" content=\"K\u00ebng\u00ebtarja Dafina Zeqiri, ka postuar n\u00eb profilin e saj n\u00eb saj n\u00eb Facebook, nj\u00eb set fotografik, ku duket shum\u00eb sensuale dhe seksi. Duffy ka ndryshuar\" \/>\n<meta property=\"og:url\" content=\"https:\/\/www.visit-ulcinj.com\/blog\/2012\/04\/24\/dafina-zeqiri-provokon-me-lukun-e-ri\/\" \/>\n<meta property=\"og:site_name\" content=\"Lajme nga Ulqini\" \/>\n<meta property=\"article:published_time\" content=\"2012-04-24T13:18:36+00:00\" \/>\n<meta property=\"article:modified_time\" content=\"2012-04-24T13:19:46+00:00\" \/>\n<meta property=\"og:image\" content=\"https:\/\/www.visit-ulcinj.com\/blog\/wp-content\/uploads\/2012\/04\/Dafina-zeqiri-new-luk-150x150.jpg\" \/>\n<meta name=\"twitter:label1\" content=\"Written by\" \/>\n\t<meta name=\"twitter:data1\" content=\"ulqini\" \/>\n<script type=\"application\/ld+json\" class=\"yoast-schema-graph\">{\"@context\":\"https:\/\/schema.org\",\"@graph\":[{\"@type\":\"WebSite\",\"@id\":\"https:\/\/www.visit-ulcinj.com\/blog\/#website\",\"url\":\"https:\/\/www.visit-ulcinj.com\/blog\/\",\"name\":\"Lajme nga Ulqini\",\"description\":\"Lajme,Vijesti,Ulqini,Ulqin,Crna Gora,Mali i Zi\",\"potentialAction\":[{\"@type\":\"SearchAction\",\"target\":{\"@type\":\"EntryPoint\",\"urlTemplate\":\"https:\/\/www.visit-ulcinj.com\/blog\/?s={search_term_string}\"},\"query-input\":\"required name=search_term_string\"}],\"inLanguage\":\"en-US\"},{\"@type\":\"ImageObject\",\"inLanguage\":\"en-US\",\"@id\":\"https:\/\/www.visit-ulcinj.com\/blog\/2012\/04\/24\/dafina-zeqiri-provokon-me-lukun-e-ri\/#primaryimage\",\"url\":\"http:\/\/www.visit-ulcinj.com\/blog\/wp-content\/uploads\/2012\/04\/Dafina-zeqiri-new-luk.jpg\",\"contentUrl\":\"http:\/\/www.visit-ulcinj.com\/blog\/wp-content\/uploads\/2012\/04\/Dafina-zeqiri-new-luk.jpg\"},{\"@type\":\"WebPage\",\"@id\":\"https:\/\/www.visit-ulcinj.com\/blog\/2012\/04\/24\/dafina-zeqiri-provokon-me-lukun-e-ri\/#webpage\",\"url\":\"https:\/\/www.visit-ulcinj.com\/blog\/2012\/04\/24\/dafina-zeqiri-provokon-me-lukun-e-ri\/\",\"name\":\"Dafina Zeqiri provokon me lukun e ri - Lajme nga Ulqini\",\"isPartOf\":{\"@id\":\"https:\/\/www.visit-ulcinj.com\/blog\/#website\"},\"primaryImageOfPage\":{\"@id\":\"https:\/\/www.visit-ulcinj.com\/blog\/2012\/04\/24\/dafina-zeqiri-provokon-me-lukun-e-ri\/#primaryimage\"},\"datePublished\":\"2012-04-24T13:18:36+00:00\",\"dateModified\":\"2012-04-24T13:19:46+00:00\",\"author\":{\"@id\":\"https:\/\/www.visit-ulcinj.com\/blog\/#\/schema\/person\/dcab619c614d3038751c63bc2aadc06d\"},\"description\":\"K\u00ebng\u00ebtarja Dafina Zeqiri, ka postuar n\u00eb profilin e saj n\u00eb saj n\u00eb Facebook, nj\u00eb set fotografik, ku duket shum\u00eb sensuale dhe seksi. Duffy ka ndryshuar\",\"breadcrumb\":{\"@id\":\"https:\/\/www.visit-ulcinj.com\/blog\/2012\/04\/24\/dafina-zeqiri-provokon-me-lukun-e-ri\/#breadcrumb\"},\"inLanguage\":\"en-US\",\"potentialAction\":[{\"@type\":\"ReadAction\",\"target\":[\"https:\/\/www.visit-ulcinj.com\/blog\/2012\/04\/24\/dafina-zeqiri-provokon-me-lukun-e-ri\/\"]}]},{\"@type\":\"BreadcrumbList\",\"@id\":\"https:\/\/www.visit-ulcinj.com\/blog\/2012\/04\/24\/dafina-zeqiri-provokon-me-lukun-e-ri\/#breadcrumb\",\"itemListElement\":[{\"@type\":\"ListItem\",\"position\":1,\"name\":\"Dafina Zeqiri provokon me lukun e ri\"}]},{\"@type\":\"Person\",\"@id\":\"https:\/\/www.visit-ulcinj.com\/blog\/#\/schema\/person\/dcab619c614d3038751c63bc2aadc06d\",\"name\":\"ulqini\",\"sameAs\":[\"http:\/\/www.visit-ulcinj.com\"],\"url\":\"https:\/\/www.visit-ulcinj.com\/blog\/author\/admin\/\"}]}<\/script>\n<!-- \/ Yoast SEO plugin. -->","yoast_head_json":{"title":"Dafina Zeqiri provokon me lukun e ri - Lajme nga Ulqini","description":"K\u00ebng\u00ebtarja Dafina Zeqiri, ka postuar n\u00eb profilin e saj n\u00eb saj n\u00eb Facebook, nj\u00eb set fotografik, ku duket shum\u00eb sensuale dhe seksi. Duffy ka ndryshuar","robots":{"index":"index","follow":"follow","max-snippet":"max-snippet:-1","max-image-preview":"max-image-preview:large","max-video-preview":"max-video-preview:-1"},"canonical":"https:\/\/www.visit-ulcinj.com\/blog\/2012\/04\/24\/dafina-zeqiri-provokon-me-lukun-e-ri\/","og_locale":"en_US","og_type":"article","og_title":"Dafina Zeqiri provokon me lukun e ri - Lajme nga Ulqini","og_description":"K\u00ebng\u00ebtarja Dafina Zeqiri, ka postuar n\u00eb profilin e saj n\u00eb saj n\u00eb Facebook, nj\u00eb set fotografik, ku duket shum\u00eb sensuale dhe seksi. Duffy ka ndryshuar","og_url":"https:\/\/www.visit-ulcinj.com\/blog\/2012\/04\/24\/dafina-zeqiri-provokon-me-lukun-e-ri\/","og_site_name":"Lajme nga Ulqini","article_published_time":"2012-04-24T13:18:36+00:00","article_modified_time":"2012-04-24T13:19:46+00:00","og_image":[{"url":"https:\/\/www.visit-ulcinj.com\/blog\/wp-content\/uploads\/2012\/04\/Dafina-zeqiri-new-luk-150x150.jpg"}],"twitter_misc":{"Written by":"ulqini"},"schema":{"@context":"https:\/\/schema.org","@graph":[{"@type":"WebSite","@id":"https:\/\/www.visit-ulcinj.com\/blog\/#website","url":"https:\/\/www.visit-ulcinj.com\/blog\/","name":"Lajme nga Ulqini","description":"Lajme,Vijesti,Ulqini,Ulqin,Crna Gora,Mali i Zi","potentialAction":[{"@type":"SearchAction","target":{"@type":"EntryPoint","urlTemplate":"https:\/\/www.visit-ulcinj.com\/blog\/?s={search_term_string}"},"query-input":"required name=search_term_string"}],"inLanguage":"en-US"},{"@type":"ImageObject","inLanguage":"en-US","@id":"https:\/\/www.visit-ulcinj.com\/blog\/2012\/04\/24\/dafina-zeqiri-provokon-me-lukun-e-ri\/#primaryimage","url":"http:\/\/www.visit-ulcinj.com\/blog\/wp-content\/uploads\/2012\/04\/Dafina-zeqiri-new-luk.jpg","contentUrl":"http:\/\/www.visit-ulcinj.com\/blog\/wp-content\/uploads\/2012\/04\/Dafina-zeqiri-new-luk.jpg"},{"@type":"WebPage","@id":"https:\/\/www.visit-ulcinj.com\/blog\/2012\/04\/24\/dafina-zeqiri-provokon-me-lukun-e-ri\/#webpage","url":"https:\/\/www.visit-ulcinj.com\/blog\/2012\/04\/24\/dafina-zeqiri-provokon-me-lukun-e-ri\/","name":"Dafina Zeqiri provokon me lukun e ri - Lajme nga Ulqini","isPartOf":{"@id":"https:\/\/www.visit-ulcinj.com\/blog\/#website"},"primaryImageOfPage":{"@id":"https:\/\/www.visit-ulcinj.com\/blog\/2012\/04\/24\/dafina-zeqiri-provokon-me-lukun-e-ri\/#primaryimage"},"datePublished":"2012-04-24T13:18:36+00:00","dateModified":"2012-04-24T13:19:46+00:00","author":{"@id":"https:\/\/www.visit-ulcinj.com\/blog\/#\/schema\/person\/dcab619c614d3038751c63bc2aadc06d"},"description":"K\u00ebng\u00ebtarja Dafina Zeqiri, ka postuar n\u00eb profilin e saj n\u00eb saj n\u00eb Facebook, nj\u00eb set fotografik, ku duket shum\u00eb sensuale dhe seksi. Duffy ka ndryshuar","breadcrumb":{"@id":"https:\/\/www.visit-ulcinj.com\/blog\/2012\/04\/24\/dafina-zeqiri-provokon-me-lukun-e-ri\/#breadcrumb"},"inLanguage":"en-US","potentialAction":[{"@type":"ReadAction","target":["https:\/\/www.visit-ulcinj.com\/blog\/2012\/04\/24\/dafina-zeqiri-provokon-me-lukun-e-ri\/"]}]},{"@type":"BreadcrumbList","@id":"https:\/\/www.visit-ulcinj.com\/blog\/2012\/04\/24\/dafina-zeqiri-provokon-me-lukun-e-ri\/#breadcrumb","itemListElement":[{"@type":"ListItem","position":1,"name":"Dafina Zeqiri provokon me lukun e ri"}]},{"@type":"Person","@id":"https:\/\/www.visit-ulcinj.com\/blog\/#\/schema\/person\/dcab619c614d3038751c63bc2aadc06d","name":"ulqini","sameAs":["http:\/\/www.visit-ulcinj.com"],"url":"https:\/\/www.visit-ulcinj.com\/blog\/author\/admin\/"}]}},"jetpack_featured_media_url":"","jetpack_sharing_enabled":true,"jetpack_shortlink":"https:\/\/wp.me\/pe6lTn-fvj","_links":{"self":[{"href":"https:\/\/www.visit-ulcinj.com\/blog\/wp-json\/wp\/v2\/posts\/59601"}],"collection":[{"href":"https:\/\/www.visit-ulcinj.com\/blog\/wp-json\/wp\/v2\/posts"}],"about":[{"href":"https:\/\/www.visit-ulcinj.com\/blog\/wp-json\/wp\/v2\/types\/post"}],"author":[{"embeddable":true,"href":"https:\/\/www.visit-ulcinj.com\/blog\/wp-json\/wp\/v2\/users\/1"}],"replies":[{"embeddable":true,"href":"https:\/\/www.visit-ulcinj.com\/blog\/wp-json\/wp\/v2\/comments?post=59601"}],"version-history":[{"count":3,"href":"https:\/\/www.visit-ulcinj.com\/blog\/wp-json\/wp\/v2\/posts\/59601\/revisions"}],"predecessor-version":[{"id":59606,"href":"https:\/\/www.visit-ulcinj.com\/blog\/wp-json\/wp\/v2\/posts\/59601\/revisions\/59606"}],"wp:attachment":[{"href":"https:\/\/www.visit-ulcinj.com\/blog\/wp-json\/wp\/v2\/media?parent=59601"}],"wp:term":[{"taxonomy":"category","embeddable":true,"href":"https:\/\/www.visit-ulcinj.com\/blog\/wp-json\/wp\/v2\/categories?post=59601"},{"taxonomy":"post_tag","embeddable":true,"href":"https:\/\/www.visit-ulcinj.com\/blog\/wp-json\/wp\/v2\/tags?post=59601"}],"curies":[{"name":"wp","href":"https:\/\/api.w.org\/{rel}","templated":true}]}}