{"id":59608,"date":"2012-04-24T16:33:32","date_gmt":"2012-04-24T15:33:32","guid":{"rendered":"http:\/\/www.visit-ulcinj.com\/blog\/?p=59608"},"modified":"2012-04-24T16:33:32","modified_gmt":"2012-04-24T15:33:32","slug":"kk-ulqini-vazhdon-traditen-e-sukseseve-te-arta","status":"publish","type":"post","link":"https:\/\/www.visit-ulcinj.com\/blog\/2012\/04\/24\/kk-ulqini-vazhdon-traditen-e-sukseseve-te-arta\/","title":{"rendered":"KK \u201cUlqini&#8221; vazhdon tradit\u00ebn e sukseseve t\u00eb arta"},"content":{"rendered":"<p><a href=\"http:\/\/www.visit-ulcinj.com\/blog\/wp-content\/uploads\/2012\/04\/KARATE-CLUB-ULQINI-ULCINJ-MONTENEGRO.jpg\"><img loading=\"lazy\" class=\"alignleft  wp-image-59610\" title=\"KARATE CLUB ULQINI - ULCINJ, MONTENEGRO\" src=\"http:\/\/www.visit-ulcinj.com\/blog\/wp-content\/uploads\/2012\/04\/KARATE-CLUB-ULQINI-ULCINJ-MONTENEGRO.jpg\" alt=\"\" width=\"508\" height=\"360\" \/><\/a>T\u00eb shtun\u00ebn, m\u00eb 21 prill 2012 n\u00eb Podgoric\u00eb u mbajt Turneu internacional i karates\u00eb \u201cGrand prix Podgorica\u201d, n\u00eb t\u00eb cilin klubi i karates\u00eb \u201cUlqini\u201d u radhit n\u00eb vendin e par\u00eb n\u00eb renditjen e p\u00ebrgjithshme. Ky \u00ebsht\u00eb edhe nj\u00eb sukses i rradh\u00ebs t\u00eb Klubit t\u00eb karates\u00eb \u201cUlqini\u201d, i cili p\u00ebrs\u00ebri ruajti supremacin\u00eb e vet. N\u00eb k\u00ebt\u00eb turne mor\u00ebn pjes\u00eb 17 klube me mbi 400 garues nga Bosna, Serbia, Kroacia dhe nga Mali i Zi.<br \/>\nGaruesit e KK \u201cUlqini\u201d arrit\u00ebn t\u00eb fitojn\u00eb plot 63 medalje n\u00eb disiplinat ekipore dhe individuale: 31 medalje t\u00eb arta, 13 t\u00eb argjendta, 19 t\u00eb bronzta dhe kup\u00ebn p\u00ebr vendin e par\u00eb n\u00eb plasmanin gjeneral me plot 148 pik\u00eb t\u00eb fituara. Vendi i dyt\u00eb i takoi KK \u201cBar\u201d t\u00eb Tivarit me 105 pik\u00eb, vendi i tret\u00eb KK \u201cChampion\u201d nga Ulqini me 34 pik\u00eb, vendi i kat\u00ebrt i takoi Federat\u00ebs s\u00eb Beogradit me 22 pik\u00eb, nd\u00ebrsa n\u00eb vend t\u00eb pest\u00eb u rendit KK \u201cNikshiq\u201d nga Nikshiqi me 21 pik\u00eb.<br \/>\n<a href=\"http:\/\/www.visit-ulcinj.com\/blog\/wp-content\/uploads\/2012\/04\/KARATE-CLUB-ULQINI-ULCINJ-MONTENEGRO.2.jpg\"><img loading=\"lazy\" class=\"alignleft  wp-image-59611\" title=\"KARATE CLUB ULQINI - ULCINJ, MONTENEGRO.2\" src=\"http:\/\/www.visit-ulcinj.com\/blog\/wp-content\/uploads\/2012\/04\/KARATE-CLUB-ULQINI-ULCINJ-MONTENEGRO.2.jpg\" alt=\"\" width=\"508\" height=\"300\" \/><\/a><br \/>\n-Klubi yn\u00eb n\u00eb k\u00ebt\u00eb gar\u00eb mori pjes\u00eb me 35 garues t\u00eb gjeneratave t\u00eb reja dhe 5 t\u00eb gjeneratave t\u00eb vjetra. Jemi shum\u00eb t\u00eb k\u00ebnaqur q\u00eb arrit\u00ebm k\u00ebt\u00eb rezultat mjaft t\u00eb mir\u00eb pasi kemi gjenerata t\u00eb reja t\u00eb cilat do t\u00eb jen\u00eb gjenerata t\u00eb arta n\u00eb t\u00eb ardhmen. Po ashtu p\u00ebrg\u00ebzojm\u00eb edhe Klubin tjet\u00ebr nga Ulqini i cili u rendit n\u00eb vend t\u00eb tret\u00eb n\u00eb renditjen e p\u00ebrgjithshme, &#8211; thuhet n\u00eb deklarat\u00ebn e KK \u201cUlqini\u201d.<\/p>\n<p><a href=\"http:\/\/www.visit-ulcinj.com\/blog\/wp-content\/uploads\/2012\/04\/KARATE-CLUB-ULQINI-ULCINJ-MONTENEGRO.1.jpg\"><img loading=\"lazy\" class=\"alignleft  wp-image-59612\" title=\"KARATE CLUB ULQINI - ULCINJ, MONTENEGRO.1\" src=\"http:\/\/www.visit-ulcinj.com\/blog\/wp-content\/uploads\/2012\/04\/KARATE-CLUB-ULQINI-ULCINJ-MONTENEGRO.1.jpg\" alt=\"\" width=\"508\" height=\"300\" \/><\/a><br \/>\nNga radh\u00ebt e Klubit t\u00eb karates\u00eb \u201cUlqini\u201d me nga disa me dalje u kuror\u00ebzuan:<br \/>\nStefan Radoviq, Enes Hoti, Anja Dashiq, Liridona Ceka, Resul Ceka, Emro Bajrami, Fiona Kraja, Elvir Islami, Lluka Llazoviq, Anes Xhuretoviq, Ridvan Xhuretoviq, Albert Rudoviq, Kristian Junkoviq, Bylbyl Rexhepi, Christopher Rudoviq, Gabriel Bytyqi, Eliza Salihu, Diell\u00ebza Rama, Blerdi Kapllani, Nermin Suma, Fation Hoti, Edmond Demiri, Ensar Marshiq, Adnan Kuqi, Gabriella Junkoviq, Egzon Kraja, Idriz Sadikoviq, Ibrahim Zogaj, Hysen Rama, Enis Rexha, Egzona Nika, Ethem Kaleziq, Valentino Sadikoviq, Mensur Ceka, Erion Nika, Behlul Peri, Albion Duraku, Radica Dashiq, Seida Suma dhe Dardan Ceka.<\/p>\n<p>-Kemi apeluar disa her\u00eb p\u00ebr ndihm\u00eb financiare, me \u00e7\u2019rast kemi dh\u00ebn\u00eb premtimin q\u00eb nuk do t\u2019ju zhg\u00ebnjejm\u00eb, premtim t\u00eb cilin e kemi mbajtur duke qen\u00eb p\u00ebrs\u00ebri n\u00eb krye t\u00eb m\u00eb t\u00eb mir\u00ebve. Mir\u00ebpo, prapseprap p\u00ebrkrahja \u00ebsht\u00eb shum\u00eb e vog\u00ebl, k\u00ebshtu q\u00eb Klubi yn\u00eb n\u00eb garat n\u00eb vijim do t\u00eb marr\u00eb pjes\u00eb sa p\u00ebr t\u00eb respektuar ftesat e b\u00ebra me pak garues.<br \/>\nP\u00ebr fat t\u00eb keq, duke mos pasur p\u00ebrkrahje financiare po i prehet perspektiva t\u00eb rinjve tan\u00eb t\u00eb cil\u00ebt na kan\u00eb p\u00ebrfaq\u00ebsuar kudo me dinjitet, ne dhe qytetin ton\u00eb. Apelojm\u00eb p\u00ebr ndihm\u00eb te t\u00eb gjith\u00eb qytetar\u00ebt, institucionet shtet\u00ebrore e private, p\u00ebr hir t\u00eb rinjve tan\u00eb dhe tradit\u00ebs s\u00eb gjat\u00eb tri dekada t\u00eb klubit ton\u00eb, p\u00ebr hir t\u00eb ardhm\u00ebris\u00eb son\u00eb.<\/p>\n<p><strong>SH\u00cbRBIMI P\u00cbR MARR\u00cbDH\u00cbNIE <\/strong><br \/>\n<strong> ME PUBLIKUN I KK &#8220;ULQINI&#8221;<\/strong><\/p>\n","protected":false},"excerpt":{"rendered":"<p>T\u00eb shtun\u00ebn, m\u00eb 21 prill 2012 n\u00eb Podgoric\u00eb u mbajt Turneu internacional i karates\u00eb \u201cGrand prix Podgorica\u201d, n\u00eb t\u00eb cilin klubi i karates\u00eb \u201cUlqini\u201d u radhit n\u00eb vendin e par\u00eb n\u00eb renditjen e p\u00ebrgjithshme. Ky \u00ebsht\u00eb edhe nj\u00eb sukses i rradh\u00ebs t\u00eb Klubit t\u00eb karates\u00eb \u201cUlqini\u201d, i cili p\u00ebrs\u00ebri ruajti supremacin\u00eb e vet. N\u00eb k\u00ebt\u00eb [&hellip;]<\/p>\n","protected":false},"author":1,"featured_media":0,"comment_status":"open","ping_status":"closed","sticky":false,"template":"","format":"standard","meta":{"spay_email":"","jetpack_publicize_message":"","jetpack_is_tweetstorm":false,"jetpack_publicize_feature_enabled":true},"categories":[3],"tags":[5834,19558,2906,20344,19573,16264,19559,19560,5831,19561,10589,19571,10585,19553,5838,2917,19567,20228,20347,12883,20346,8984,19563,5840,19562,18333,12882,20348,79,2915,10576,20345,235,19566],"jetpack_publicize_connections":[],"yoast_head":"<!-- This site is optimized with the Yoast SEO plugin v19.1 - https:\/\/yoast.com\/wordpress\/plugins\/seo\/ -->\n<title>KK \u201cUlqini&quot; vazhdon tradit\u00ebn e sukseseve t\u00eb arta - Lajme nga Ulqini<\/title>\n<meta name=\"description\" content=\"T\u00eb shtun\u00ebn, m\u00eb 21 prill 2012 n\u00eb Podgoric\u00eb u mbajt Turneu internacional i karates\u00eb \u201cGrand prix Podgorica\u201d, n\u00eb t\u00eb cilin klubi i karates\u00eb \u201cUlqini\u201d u radhit\" \/>\n<meta name=\"robots\" content=\"index, follow, max-snippet:-1, max-image-preview:large, max-video-preview:-1\" \/>\n<link rel=\"canonical\" href=\"https:\/\/www.visit-ulcinj.com\/blog\/2012\/04\/24\/kk-ulqini-vazhdon-traditen-e-sukseseve-te-arta\/\" \/>\n<meta property=\"og:locale\" content=\"en_US\" \/>\n<meta property=\"og:type\" content=\"article\" \/>\n<meta property=\"og:title\" content=\"KK \u201cUlqini&quot; vazhdon tradit\u00ebn e sukseseve t\u00eb arta - Lajme nga Ulqini\" \/>\n<meta property=\"og:description\" content=\"T\u00eb shtun\u00ebn, m\u00eb 21 prill 2012 n\u00eb Podgoric\u00eb u mbajt Turneu internacional i karates\u00eb \u201cGrand prix Podgorica\u201d, n\u00eb t\u00eb cilin klubi i karates\u00eb \u201cUlqini\u201d u radhit\" \/>\n<meta property=\"og:url\" content=\"https:\/\/www.visit-ulcinj.com\/blog\/2012\/04\/24\/kk-ulqini-vazhdon-traditen-e-sukseseve-te-arta\/\" \/>\n<meta property=\"og:site_name\" content=\"Lajme nga Ulqini\" \/>\n<meta property=\"article:published_time\" content=\"2012-04-24T15:33:32+00:00\" \/>\n<meta property=\"og:image\" content=\"http:\/\/www.visit-ulcinj.com\/blog\/wp-content\/uploads\/2012\/04\/KARATE-CLUB-ULQINI-ULCINJ-MONTENEGRO.jpg\" \/>\n<meta name=\"twitter:label1\" content=\"Written by\" \/>\n\t<meta name=\"twitter:data1\" content=\"ulqini\" \/>\n\t<meta name=\"twitter:label2\" content=\"Est. reading time\" \/>\n\t<meta name=\"twitter:data2\" content=\"2 minutes\" \/>\n<script type=\"application\/ld+json\" class=\"yoast-schema-graph\">{\"@context\":\"https:\/\/schema.org\",\"@graph\":[{\"@type\":\"WebSite\",\"@id\":\"https:\/\/www.visit-ulcinj.com\/blog\/#website\",\"url\":\"https:\/\/www.visit-ulcinj.com\/blog\/\",\"name\":\"Lajme nga Ulqini\",\"description\":\"Lajme,Vijesti,Ulqini,Ulqin,Crna Gora,Mali i Zi\",\"potentialAction\":[{\"@type\":\"SearchAction\",\"target\":{\"@type\":\"EntryPoint\",\"urlTemplate\":\"https:\/\/www.visit-ulcinj.com\/blog\/?s={search_term_string}\"},\"query-input\":\"required name=search_term_string\"}],\"inLanguage\":\"en-US\"},{\"@type\":\"ImageObject\",\"inLanguage\":\"en-US\",\"@id\":\"https:\/\/www.visit-ulcinj.com\/blog\/2012\/04\/24\/kk-ulqini-vazhdon-traditen-e-sukseseve-te-arta\/#primaryimage\",\"url\":\"https:\/\/www.visit-ulcinj.com\/blog\/wp-content\/uploads\/2012\/04\/KARATE-CLUB-ULQINI-ULCINJ-MONTENEGRO.jpg\",\"contentUrl\":\"https:\/\/www.visit-ulcinj.com\/blog\/wp-content\/uploads\/2012\/04\/KARATE-CLUB-ULQINI-ULCINJ-MONTENEGRO.jpg\",\"width\":\"960\",\"height\":\"720\"},{\"@type\":\"WebPage\",\"@id\":\"https:\/\/www.visit-ulcinj.com\/blog\/2012\/04\/24\/kk-ulqini-vazhdon-traditen-e-sukseseve-te-arta\/#webpage\",\"url\":\"https:\/\/www.visit-ulcinj.com\/blog\/2012\/04\/24\/kk-ulqini-vazhdon-traditen-e-sukseseve-te-arta\/\",\"name\":\"KK \u201cUlqini\\\" vazhdon tradit\u00ebn e sukseseve t\u00eb arta - Lajme nga Ulqini\",\"isPartOf\":{\"@id\":\"https:\/\/www.visit-ulcinj.com\/blog\/#website\"},\"primaryImageOfPage\":{\"@id\":\"https:\/\/www.visit-ulcinj.com\/blog\/2012\/04\/24\/kk-ulqini-vazhdon-traditen-e-sukseseve-te-arta\/#primaryimage\"},\"datePublished\":\"2012-04-24T15:33:32+00:00\",\"dateModified\":\"2012-04-24T15:33:32+00:00\",\"author\":{\"@id\":\"https:\/\/www.visit-ulcinj.com\/blog\/#\/schema\/person\/dcab619c614d3038751c63bc2aadc06d\"},\"description\":\"T\u00eb shtun\u00ebn, m\u00eb 21 prill 2012 n\u00eb Podgoric\u00eb u mbajt Turneu internacional i karates\u00eb \u201cGrand prix Podgorica\u201d, n\u00eb t\u00eb cilin klubi i karates\u00eb \u201cUlqini\u201d u radhit\",\"breadcrumb\":{\"@id\":\"https:\/\/www.visit-ulcinj.com\/blog\/2012\/04\/24\/kk-ulqini-vazhdon-traditen-e-sukseseve-te-arta\/#breadcrumb\"},\"inLanguage\":\"en-US\",\"potentialAction\":[{\"@type\":\"ReadAction\",\"target\":[\"https:\/\/www.visit-ulcinj.com\/blog\/2012\/04\/24\/kk-ulqini-vazhdon-traditen-e-sukseseve-te-arta\/\"]}]},{\"@type\":\"BreadcrumbList\",\"@id\":\"https:\/\/www.visit-ulcinj.com\/blog\/2012\/04\/24\/kk-ulqini-vazhdon-traditen-e-sukseseve-te-arta\/#breadcrumb\",\"itemListElement\":[{\"@type\":\"ListItem\",\"position\":1,\"name\":\"KK \u201cUlqini&#8221; vazhdon tradit\u00ebn e sukseseve t\u00eb arta\"}]},{\"@type\":\"Person\",\"@id\":\"https:\/\/www.visit-ulcinj.com\/blog\/#\/schema\/person\/dcab619c614d3038751c63bc2aadc06d\",\"name\":\"ulqini\",\"sameAs\":[\"http:\/\/www.visit-ulcinj.com\"],\"url\":\"https:\/\/www.visit-ulcinj.com\/blog\/author\/admin\/\"}]}<\/script>\n<!-- \/ Yoast SEO plugin. -->","yoast_head_json":{"title":"KK \u201cUlqini\" vazhdon tradit\u00ebn e sukseseve t\u00eb arta - Lajme nga Ulqini","description":"T\u00eb shtun\u00ebn, m\u00eb 21 prill 2012 n\u00eb Podgoric\u00eb u mbajt Turneu internacional i karates\u00eb \u201cGrand prix Podgorica\u201d, n\u00eb t\u00eb cilin klubi i karates\u00eb \u201cUlqini\u201d u radhit","robots":{"index":"index","follow":"follow","max-snippet":"max-snippet:-1","max-image-preview":"max-image-preview:large","max-video-preview":"max-video-preview:-1"},"canonical":"https:\/\/www.visit-ulcinj.com\/blog\/2012\/04\/24\/kk-ulqini-vazhdon-traditen-e-sukseseve-te-arta\/","og_locale":"en_US","og_type":"article","og_title":"KK \u201cUlqini\" vazhdon tradit\u00ebn e sukseseve t\u00eb arta - Lajme nga Ulqini","og_description":"T\u00eb shtun\u00ebn, m\u00eb 21 prill 2012 n\u00eb Podgoric\u00eb u mbajt Turneu internacional i karates\u00eb \u201cGrand prix Podgorica\u201d, n\u00eb t\u00eb cilin klubi i karates\u00eb \u201cUlqini\u201d u radhit","og_url":"https:\/\/www.visit-ulcinj.com\/blog\/2012\/04\/24\/kk-ulqini-vazhdon-traditen-e-sukseseve-te-arta\/","og_site_name":"Lajme nga Ulqini","article_published_time":"2012-04-24T15:33:32+00:00","og_image":[{"url":"http:\/\/www.visit-ulcinj.com\/blog\/wp-content\/uploads\/2012\/04\/KARATE-CLUB-ULQINI-ULCINJ-MONTENEGRO.jpg"}],"twitter_misc":{"Written by":"ulqini","Est. reading time":"2 minutes"},"schema":{"@context":"https:\/\/schema.org","@graph":[{"@type":"WebSite","@id":"https:\/\/www.visit-ulcinj.com\/blog\/#website","url":"https:\/\/www.visit-ulcinj.com\/blog\/","name":"Lajme nga Ulqini","description":"Lajme,Vijesti,Ulqini,Ulqin,Crna Gora,Mali i Zi","potentialAction":[{"@type":"SearchAction","target":{"@type":"EntryPoint","urlTemplate":"https:\/\/www.visit-ulcinj.com\/blog\/?s={search_term_string}"},"query-input":"required name=search_term_string"}],"inLanguage":"en-US"},{"@type":"ImageObject","inLanguage":"en-US","@id":"https:\/\/www.visit-ulcinj.com\/blog\/2012\/04\/24\/kk-ulqini-vazhdon-traditen-e-sukseseve-te-arta\/#primaryimage","url":"https:\/\/www.visit-ulcinj.com\/blog\/wp-content\/uploads\/2012\/04\/KARATE-CLUB-ULQINI-ULCINJ-MONTENEGRO.jpg","contentUrl":"https:\/\/www.visit-ulcinj.com\/blog\/wp-content\/uploads\/2012\/04\/KARATE-CLUB-ULQINI-ULCINJ-MONTENEGRO.jpg","width":"960","height":"720"},{"@type":"WebPage","@id":"https:\/\/www.visit-ulcinj.com\/blog\/2012\/04\/24\/kk-ulqini-vazhdon-traditen-e-sukseseve-te-arta\/#webpage","url":"https:\/\/www.visit-ulcinj.com\/blog\/2012\/04\/24\/kk-ulqini-vazhdon-traditen-e-sukseseve-te-arta\/","name":"KK \u201cUlqini\" vazhdon tradit\u00ebn e sukseseve t\u00eb arta - Lajme nga Ulqini","isPartOf":{"@id":"https:\/\/www.visit-ulcinj.com\/blog\/#website"},"primaryImageOfPage":{"@id":"https:\/\/www.visit-ulcinj.com\/blog\/2012\/04\/24\/kk-ulqini-vazhdon-traditen-e-sukseseve-te-arta\/#primaryimage"},"datePublished":"2012-04-24T15:33:32+00:00","dateModified":"2012-04-24T15:33:32+00:00","author":{"@id":"https:\/\/www.visit-ulcinj.com\/blog\/#\/schema\/person\/dcab619c614d3038751c63bc2aadc06d"},"description":"T\u00eb shtun\u00ebn, m\u00eb 21 prill 2012 n\u00eb Podgoric\u00eb u mbajt Turneu internacional i karates\u00eb \u201cGrand prix Podgorica\u201d, n\u00eb t\u00eb cilin klubi i karates\u00eb \u201cUlqini\u201d u radhit","breadcrumb":{"@id":"https:\/\/www.visit-ulcinj.com\/blog\/2012\/04\/24\/kk-ulqini-vazhdon-traditen-e-sukseseve-te-arta\/#breadcrumb"},"inLanguage":"en-US","potentialAction":[{"@type":"ReadAction","target":["https:\/\/www.visit-ulcinj.com\/blog\/2012\/04\/24\/kk-ulqini-vazhdon-traditen-e-sukseseve-te-arta\/"]}]},{"@type":"BreadcrumbList","@id":"https:\/\/www.visit-ulcinj.com\/blog\/2012\/04\/24\/kk-ulqini-vazhdon-traditen-e-sukseseve-te-arta\/#breadcrumb","itemListElement":[{"@type":"ListItem","position":1,"name":"KK \u201cUlqini&#8221; vazhdon tradit\u00ebn e sukseseve t\u00eb arta"}]},{"@type":"Person","@id":"https:\/\/www.visit-ulcinj.com\/blog\/#\/schema\/person\/dcab619c614d3038751c63bc2aadc06d","name":"ulqini","sameAs":["http:\/\/www.visit-ulcinj.com"],"url":"https:\/\/www.visit-ulcinj.com\/blog\/author\/admin\/"}]}},"jetpack_featured_media_url":"","jetpack_sharing_enabled":true,"jetpack_shortlink":"https:\/\/wp.me\/pe6lTn-fvq","_links":{"self":[{"href":"https:\/\/www.visit-ulcinj.com\/blog\/wp-json\/wp\/v2\/posts\/59608"}],"collection":[{"href":"https:\/\/www.visit-ulcinj.com\/blog\/wp-json\/wp\/v2\/posts"}],"about":[{"href":"https:\/\/www.visit-ulcinj.com\/blog\/wp-json\/wp\/v2\/types\/post"}],"author":[{"embeddable":true,"href":"https:\/\/www.visit-ulcinj.com\/blog\/wp-json\/wp\/v2\/users\/1"}],"replies":[{"embeddable":true,"href":"https:\/\/www.visit-ulcinj.com\/blog\/wp-json\/wp\/v2\/comments?post=59608"}],"version-history":[{"count":1,"href":"https:\/\/www.visit-ulcinj.com\/blog\/wp-json\/wp\/v2\/posts\/59608\/revisions"}],"predecessor-version":[{"id":59613,"href":"https:\/\/www.visit-ulcinj.com\/blog\/wp-json\/wp\/v2\/posts\/59608\/revisions\/59613"}],"wp:attachment":[{"href":"https:\/\/www.visit-ulcinj.com\/blog\/wp-json\/wp\/v2\/media?parent=59608"}],"wp:term":[{"taxonomy":"category","embeddable":true,"href":"https:\/\/www.visit-ulcinj.com\/blog\/wp-json\/wp\/v2\/categories?post=59608"},{"taxonomy":"post_tag","embeddable":true,"href":"https:\/\/www.visit-ulcinj.com\/blog\/wp-json\/wp\/v2\/tags?post=59608"}],"curies":[{"name":"wp","href":"https:\/\/api.w.org\/{rel}","templated":true}]}}