{"id":5962,"date":"2008-11-13T16:25:38","date_gmt":"2008-11-13T21:25:38","guid":{"rendered":"http:\/\/www.visit-ulcinj.com\/blog\/?p=5962"},"modified":"2008-11-13T16:25:38","modified_gmt":"2008-11-13T21:25:38","slug":"manjine-da-imaju-realne-zahtjeve","status":"publish","type":"post","link":"https:\/\/www.visit-ulcinj.com\/blog\/2008\/11\/13\/manjine-da-imaju-realne-zahtjeve\/","title":{"rendered":"Manjine da imaju realne zahtjeve"},"content":{"rendered":"<p><a href=\"http:\/\/www.visit-ulcinj.com\/blog\/wp-content\/uploads\/2008\/06\/nimani_dinosha.jpg\"><img loading=\"lazy\" class=\"alignleft size-medium wp-image-2108\" title=\"FERHAT DINOSHA_FUAD NIMANI_Livija Plaks\" src=\"http:\/\/www.visit-ulcinj.com\/blog\/wp-content\/uploads\/2008\/06\/nimani_dinosha.jpg\" alt=\"\" width=\"300\" height=\"250\" \/><\/a>Na okruglom stolu o pravima manjinskih naroda ocijenjeno da njihovo predstavljanje treba rije\u0161iti formulom koja je prihvatljiva za sve.<br \/>\nPODGORICA \u2013 Predsjednik crnogorskog parlamenta Ranko Krivokapi? izrazio je ju?e o?ekivanje da ?e se u nekoliko narednih mjeseci kroz izradu novog izbornog zakonodavstvo ispuniti ustavna obaveza i posti?i konsenzus o politi?kom predstavljanju manjina.<br \/>\n&#8211; Pitanje predstavljanja manjina u parlamentu treba rije\u0161iti u skladu sa Ustavom i shodno \u017eelji da Crna Gora o?uva sve svoje identitete kao najve?eg bogatstva i osnove njene stabilnosti, a time i ukupnog razvoja &#8211; rekao je Krivokapi? na okruglom stolu o manjinama.<br \/>\nOn je poru?io da je na &#8221;Crnoj Gori da napravi taj zna?ajan napor i zaokru\u017ei ustavni sistem u ovoj oblasti&#8221;.<br \/>\n&#8211; \u017delimo da Crna Gora napravi taj iskorak da se na Balkanu stvori gra?anska nacija, odnosno oni koji svoju naciju odre?uju prema pripadnosti dr\u017eavi. Normom ne treba uskratiti ono \u0161to se ostvarilo u \u017eivotu &#8211; naveo je on.<br \/>\nPredsjednik Projekta za etni?ke odnose Livija Plaks pozvala je ju?e crnogorske vlasti da pitanje politi?kog predstavljkanja manjina rije\u0161e do kraja godine.<br \/>\n&#8211; Mi \u017eelimo da se ovo pitanje rije\u0161i do kraja godine. Zato treba svi da rade zajedno i da postoji politi?ka volja za postizanje dogovora. U protivnom, ne?emo imati nikakav napredak &#8211; kazala je ona.<br \/>\nPlaks je navela da manjine moraju da imaju realne i provodljive zahtjeve. Ona je kazala da je za Crnu Goru najva\u017enije da se implementira ono \u0161to je napisano u zakonima i propisima, a odnosi se na politi?ko predstavljanje manjina.<br \/>\nMinistar za za\u0161titu ljudskih i manjinskih prava Fuad Nimani kazao je da je pitanje politi?kog predstavljanja manjina veliki izazov koji treba rije\u0161iti na demokratski na?in.<br \/>\n&#8211; Za rje\u0161enje ovog pitanja treba iskoristiti dobru volju i opozicije i pozicije. Treba prona?i model koji je prikladan i za manjine i za dr\u017eavu, pa ovo pitanje treba rije\u0161iti na na?in koji ?e odra\u017eavati nacionalni sastav Crne Gore &#8211; rekao je Nimani.<br \/>\n<strong>R.P.<br \/>\nIzvor \/ Republika<\/strong><\/p>\n","protected":false},"excerpt":{"rendered":"<p>Na okruglom stolu o pravima manjinskih naroda ocijenjeno da njihovo predstavljanje treba rije\u0161iti formulom koja je prihvatljiva za sve. PODGORICA \u2013 Predsjednik crnogorskog parlamenta Ranko Krivokapi? izrazio je ju?e o?ekivanje da ?e se u nekoliko narednih mjeseci kroz izradu novog izbornog zakonodavstvo ispuniti ustavna obaveza i posti?i konsenzus o politi?kom predstavljanju manjina. &#8211; Pitanje predstavljanja [&hellip;]<\/p>\n","protected":false},"author":1,"featured_media":0,"comment_status":"open","ping_status":"closed","sticky":false,"template":"","format":"standard","meta":{"spay_email":"","jetpack_publicize_message":"","jetpack_is_tweetstorm":false,"jetpack_publicize_feature_enabled":true},"categories":[6],"tags":[20,106,5019],"jetpack_publicize_connections":[],"yoast_head":"<!-- This site is optimized with the Yoast SEO plugin v19.1 - https:\/\/yoast.com\/wordpress\/plugins\/seo\/ -->\n<title>Manjine da imaju realne zahtjeve - Lajme nga Ulqini<\/title>\n<meta name=\"description\" content=\"Na okruglom stolu o pravima manjinskih naroda ocijenjeno da njihovo predstavljanje treba rije\u0161iti formulom koja je prihvatljiva za sve. PODGORICA \u2013\" \/>\n<meta name=\"robots\" content=\"index, follow, max-snippet:-1, max-image-preview:large, max-video-preview:-1\" \/>\n<link rel=\"canonical\" href=\"https:\/\/www.visit-ulcinj.com\/blog\/2008\/11\/13\/manjine-da-imaju-realne-zahtjeve\/\" \/>\n<meta property=\"og:locale\" content=\"en_US\" \/>\n<meta property=\"og:type\" content=\"article\" \/>\n<meta property=\"og:title\" content=\"Manjine da imaju realne zahtjeve - Lajme nga Ulqini\" \/>\n<meta property=\"og:description\" content=\"Na okruglom stolu o pravima manjinskih naroda ocijenjeno da njihovo predstavljanje treba rije\u0161iti formulom koja je prihvatljiva za sve. PODGORICA \u2013\" \/>\n<meta property=\"og:url\" content=\"https:\/\/www.visit-ulcinj.com\/blog\/2008\/11\/13\/manjine-da-imaju-realne-zahtjeve\/\" \/>\n<meta property=\"og:site_name\" content=\"Lajme nga Ulqini\" \/>\n<meta property=\"article:published_time\" content=\"2008-11-13T21:25:38+00:00\" \/>\n<meta property=\"og:image\" content=\"http:\/\/www.visit-ulcinj.com\/blog\/wp-content\/uploads\/2008\/06\/nimani_dinosha.jpg\" \/>\n<meta name=\"twitter:label1\" content=\"Written by\" \/>\n\t<meta name=\"twitter:data1\" content=\"ulqini\" \/>\n\t<meta name=\"twitter:label2\" content=\"Est. reading time\" \/>\n\t<meta name=\"twitter:data2\" content=\"2 minutes\" \/>\n<script type=\"application\/ld+json\" class=\"yoast-schema-graph\">{\"@context\":\"https:\/\/schema.org\",\"@graph\":[{\"@type\":\"WebSite\",\"@id\":\"https:\/\/www.visit-ulcinj.com\/blog\/#website\",\"url\":\"https:\/\/www.visit-ulcinj.com\/blog\/\",\"name\":\"Lajme nga Ulqini\",\"description\":\"Lajme,Vijesti,Ulqini,Ulqin,Crna Gora,Mali i Zi\",\"potentialAction\":[{\"@type\":\"SearchAction\",\"target\":{\"@type\":\"EntryPoint\",\"urlTemplate\":\"https:\/\/www.visit-ulcinj.com\/blog\/?s={search_term_string}\"},\"query-input\":\"required name=search_term_string\"}],\"inLanguage\":\"en-US\"},{\"@type\":\"ImageObject\",\"inLanguage\":\"en-US\",\"@id\":\"https:\/\/www.visit-ulcinj.com\/blog\/2008\/11\/13\/manjine-da-imaju-realne-zahtjeve\/#primaryimage\",\"url\":\"http:\/\/www.visit-ulcinj.com\/blog\/wp-content\/uploads\/2008\/06\/nimani_dinosha.jpg\",\"contentUrl\":\"http:\/\/www.visit-ulcinj.com\/blog\/wp-content\/uploads\/2008\/06\/nimani_dinosha.jpg\"},{\"@type\":\"WebPage\",\"@id\":\"https:\/\/www.visit-ulcinj.com\/blog\/2008\/11\/13\/manjine-da-imaju-realne-zahtjeve\/#webpage\",\"url\":\"https:\/\/www.visit-ulcinj.com\/blog\/2008\/11\/13\/manjine-da-imaju-realne-zahtjeve\/\",\"name\":\"Manjine da imaju realne zahtjeve - Lajme nga Ulqini\",\"isPartOf\":{\"@id\":\"https:\/\/www.visit-ulcinj.com\/blog\/#website\"},\"primaryImageOfPage\":{\"@id\":\"https:\/\/www.visit-ulcinj.com\/blog\/2008\/11\/13\/manjine-da-imaju-realne-zahtjeve\/#primaryimage\"},\"datePublished\":\"2008-11-13T21:25:38+00:00\",\"dateModified\":\"2008-11-13T21:25:38+00:00\",\"author\":{\"@id\":\"https:\/\/www.visit-ulcinj.com\/blog\/#\/schema\/person\/dcab619c614d3038751c63bc2aadc06d\"},\"description\":\"Na okruglom stolu o pravima manjinskih naroda ocijenjeno da njihovo predstavljanje treba rije\u0161iti formulom koja je prihvatljiva za sve. PODGORICA \u2013\",\"breadcrumb\":{\"@id\":\"https:\/\/www.visit-ulcinj.com\/blog\/2008\/11\/13\/manjine-da-imaju-realne-zahtjeve\/#breadcrumb\"},\"inLanguage\":\"en-US\",\"potentialAction\":[{\"@type\":\"ReadAction\",\"target\":[\"https:\/\/www.visit-ulcinj.com\/blog\/2008\/11\/13\/manjine-da-imaju-realne-zahtjeve\/\"]}]},{\"@type\":\"BreadcrumbList\",\"@id\":\"https:\/\/www.visit-ulcinj.com\/blog\/2008\/11\/13\/manjine-da-imaju-realne-zahtjeve\/#breadcrumb\",\"itemListElement\":[{\"@type\":\"ListItem\",\"position\":1,\"name\":\"Manjine da imaju realne zahtjeve\"}]},{\"@type\":\"Person\",\"@id\":\"https:\/\/www.visit-ulcinj.com\/blog\/#\/schema\/person\/dcab619c614d3038751c63bc2aadc06d\",\"name\":\"ulqini\",\"sameAs\":[\"http:\/\/www.visit-ulcinj.com\"],\"url\":\"https:\/\/www.visit-ulcinj.com\/blog\/author\/admin\/\"}]}<\/script>\n<!-- \/ Yoast SEO plugin. -->","yoast_head_json":{"title":"Manjine da imaju realne zahtjeve - Lajme nga Ulqini","description":"Na okruglom stolu o pravima manjinskih naroda ocijenjeno da njihovo predstavljanje treba rije\u0161iti formulom koja je prihvatljiva za sve. PODGORICA \u2013","robots":{"index":"index","follow":"follow","max-snippet":"max-snippet:-1","max-image-preview":"max-image-preview:large","max-video-preview":"max-video-preview:-1"},"canonical":"https:\/\/www.visit-ulcinj.com\/blog\/2008\/11\/13\/manjine-da-imaju-realne-zahtjeve\/","og_locale":"en_US","og_type":"article","og_title":"Manjine da imaju realne zahtjeve - Lajme nga Ulqini","og_description":"Na okruglom stolu o pravima manjinskih naroda ocijenjeno da njihovo predstavljanje treba rije\u0161iti formulom koja je prihvatljiva za sve. PODGORICA \u2013","og_url":"https:\/\/www.visit-ulcinj.com\/blog\/2008\/11\/13\/manjine-da-imaju-realne-zahtjeve\/","og_site_name":"Lajme nga Ulqini","article_published_time":"2008-11-13T21:25:38+00:00","og_image":[{"url":"http:\/\/www.visit-ulcinj.com\/blog\/wp-content\/uploads\/2008\/06\/nimani_dinosha.jpg"}],"twitter_misc":{"Written by":"ulqini","Est. reading time":"2 minutes"},"schema":{"@context":"https:\/\/schema.org","@graph":[{"@type":"WebSite","@id":"https:\/\/www.visit-ulcinj.com\/blog\/#website","url":"https:\/\/www.visit-ulcinj.com\/blog\/","name":"Lajme nga Ulqini","description":"Lajme,Vijesti,Ulqini,Ulqin,Crna Gora,Mali i Zi","potentialAction":[{"@type":"SearchAction","target":{"@type":"EntryPoint","urlTemplate":"https:\/\/www.visit-ulcinj.com\/blog\/?s={search_term_string}"},"query-input":"required name=search_term_string"}],"inLanguage":"en-US"},{"@type":"ImageObject","inLanguage":"en-US","@id":"https:\/\/www.visit-ulcinj.com\/blog\/2008\/11\/13\/manjine-da-imaju-realne-zahtjeve\/#primaryimage","url":"http:\/\/www.visit-ulcinj.com\/blog\/wp-content\/uploads\/2008\/06\/nimani_dinosha.jpg","contentUrl":"http:\/\/www.visit-ulcinj.com\/blog\/wp-content\/uploads\/2008\/06\/nimani_dinosha.jpg"},{"@type":"WebPage","@id":"https:\/\/www.visit-ulcinj.com\/blog\/2008\/11\/13\/manjine-da-imaju-realne-zahtjeve\/#webpage","url":"https:\/\/www.visit-ulcinj.com\/blog\/2008\/11\/13\/manjine-da-imaju-realne-zahtjeve\/","name":"Manjine da imaju realne zahtjeve - Lajme nga Ulqini","isPartOf":{"@id":"https:\/\/www.visit-ulcinj.com\/blog\/#website"},"primaryImageOfPage":{"@id":"https:\/\/www.visit-ulcinj.com\/blog\/2008\/11\/13\/manjine-da-imaju-realne-zahtjeve\/#primaryimage"},"datePublished":"2008-11-13T21:25:38+00:00","dateModified":"2008-11-13T21:25:38+00:00","author":{"@id":"https:\/\/www.visit-ulcinj.com\/blog\/#\/schema\/person\/dcab619c614d3038751c63bc2aadc06d"},"description":"Na okruglom stolu o pravima manjinskih naroda ocijenjeno da njihovo predstavljanje treba rije\u0161iti formulom koja je prihvatljiva za sve. PODGORICA \u2013","breadcrumb":{"@id":"https:\/\/www.visit-ulcinj.com\/blog\/2008\/11\/13\/manjine-da-imaju-realne-zahtjeve\/#breadcrumb"},"inLanguage":"en-US","potentialAction":[{"@type":"ReadAction","target":["https:\/\/www.visit-ulcinj.com\/blog\/2008\/11\/13\/manjine-da-imaju-realne-zahtjeve\/"]}]},{"@type":"BreadcrumbList","@id":"https:\/\/www.visit-ulcinj.com\/blog\/2008\/11\/13\/manjine-da-imaju-realne-zahtjeve\/#breadcrumb","itemListElement":[{"@type":"ListItem","position":1,"name":"Manjine da imaju realne zahtjeve"}]},{"@type":"Person","@id":"https:\/\/www.visit-ulcinj.com\/blog\/#\/schema\/person\/dcab619c614d3038751c63bc2aadc06d","name":"ulqini","sameAs":["http:\/\/www.visit-ulcinj.com"],"url":"https:\/\/www.visit-ulcinj.com\/blog\/author\/admin\/"}]}},"jetpack_featured_media_url":"","jetpack_sharing_enabled":true,"jetpack_shortlink":"https:\/\/wp.me\/pe6lTn-1ya","_links":{"self":[{"href":"https:\/\/www.visit-ulcinj.com\/blog\/wp-json\/wp\/v2\/posts\/5962"}],"collection":[{"href":"https:\/\/www.visit-ulcinj.com\/blog\/wp-json\/wp\/v2\/posts"}],"about":[{"href":"https:\/\/www.visit-ulcinj.com\/blog\/wp-json\/wp\/v2\/types\/post"}],"author":[{"embeddable":true,"href":"https:\/\/www.visit-ulcinj.com\/blog\/wp-json\/wp\/v2\/users\/1"}],"replies":[{"embeddable":true,"href":"https:\/\/www.visit-ulcinj.com\/blog\/wp-json\/wp\/v2\/comments?post=5962"}],"version-history":[{"count":0,"href":"https:\/\/www.visit-ulcinj.com\/blog\/wp-json\/wp\/v2\/posts\/5962\/revisions"}],"wp:attachment":[{"href":"https:\/\/www.visit-ulcinj.com\/blog\/wp-json\/wp\/v2\/media?parent=5962"}],"wp:term":[{"taxonomy":"category","embeddable":true,"href":"https:\/\/www.visit-ulcinj.com\/blog\/wp-json\/wp\/v2\/categories?post=5962"},{"taxonomy":"post_tag","embeddable":true,"href":"https:\/\/www.visit-ulcinj.com\/blog\/wp-json\/wp\/v2\/tags?post=5962"}],"curies":[{"name":"wp","href":"https:\/\/api.w.org\/{rel}","templated":true}]}}