{"id":59643,"date":"2012-04-25T21:20:46","date_gmt":"2012-04-25T20:20:46","guid":{"rendered":"http:\/\/www.visit-ulcinj.com\/blog\/?p=59643"},"modified":"2012-05-18T17:36:54","modified_gmt":"2012-05-18T16:36:54","slug":"cungu-ne-frei-festival-2012-budve-festival-i-investimeve","status":"publish","type":"post","link":"https:\/\/www.visit-ulcinj.com\/blog\/2012\/04\/25\/cungu-ne-frei-festival-2012-budve-festival-i-investimeve\/","title":{"rendered":"Cungu n\u00eb Frei Festival 2012 &#8211; Budve &#8211; festival i investimeve"},"content":{"rendered":"<p><a href=\"http:\/\/www.visit-ulcinj.com\/blog\/wp-content\/uploads\/2012\/04\/Nazif-Cungu-ne-Frei-Festival_Budva.jpg\"><img loading=\"lazy\" class=\"alignleft  wp-image-59644\" title=\"Nazif Cungu ne Frei Festival_Budva\" src=\"http:\/\/www.visit-ulcinj.com\/blog\/wp-content\/uploads\/2012\/04\/Nazif-Cungu-ne-Frei-Festival_Budva.jpg\" alt=\"\" width=\"508\" height=\"360\" \/><\/a>Nga data 23-26 Prill 2012 n\u00eb hotelin Maestral n\u00eb Budve u mbajt festivali i tret\u00eb p\u00ebr patundshmeri dhe investime \u201dFREI FESTIVAL 2012\u201d q\u00eb organizohet nga Ministria e Turizmit dhe Ministria e Ekonomis\u00eb s\u00eb Malit t\u00eb Zi. Festivali i sivjetesh \u00ebsht\u00eb zhvilluar n\u00ebn mb\u00ebshtetjen e kryeministrit t\u00eb Malit t\u00eb Zi z.Igor Lukshiq dhe \u00ebsht\u00eb sponsorizuar nga grupi Atlas. N\u00eb k\u00ebt\u00eb festival moren pjes\u00eb p\u00ebrfaq\u00ebsues t\u00eb lart\u00eb t\u00eb shtetit, administrates lokale, investitor dhe shoq\u00ebri investuese nd\u00ebrkombetare t\u00eb interesuara p\u00ebr investime n\u00eb Mal t\u00eb Zi.<\/p>\n<p>Kryetari i Komun\u00ebs s\u00eb Ulqinit z.Nazif Cungu mori pjes\u00eb n\u00eb k\u00ebt\u00eb festival ku prezantoi qytetin e Ulqinit me temen \u201cUlqini- shansi zhvillimor i Malit te Zi,Metropoli Adriatiko-Jonian i Turizmit\u201d.<\/p>\n<p>N\u00eb k\u00ebt\u00eb prezantim ai potencoi potencialet kryesore t\u00eb Ulqinit n\u00eb degen e turizmit,shfrytezimit t\u00eb detit dhe liqenit, bujq\u00ebsis\u00eb, industris\u00eb s\u00eb leht\u00eb e k\u00ebshtu me rrall\u00eb. Ai poashtu prezantoi edhe aktivitetet e nd\u00ebrmarra q\u00eb do t\u00eb p\u00ebrb\u00ebnin nj\u00eb parakusht p\u00ebr t\u00ebrheqen e investimeve sic \u00ebsht\u00eb miratimi deri me tani i 15 planeve urbanistike dhe siguroi t\u00eb pranishmit se do t\u00eb vazhdohet edhe n\u00eb t\u00eb ardhmen me ritme t\u00eb tilla; po punohet Plani Hapsinor Urbanistik i qytetit dhe Plani strategjik zhvillimor deri n\u00eb vitin 2018. Poashtu theksoi se n\u00eb qershor t\u00eb k\u00ebti viti p\u00ebrfundon deponia sanitare q\u00eb \u00ebsht\u00eb nj\u00eb projekt i investuar nga Banka Botrore, uj\u00ebsjell\u00ebsi rajonal i cili do t\u00eb furnizoj qytetin e Ulqinit me uj\u00eb t\u00eb pijshem me kapacitet deri n\u00eb 315 l\/s, faza e par\u00eb e rrug\u00ebs Sukubin\u00eb-Ulqin si dhe do t\u00eb punohet n\u00eb standartizimin dhe modernizimin e rrjetit te infrastruktur\u00ebs rrugore, ujesjellesit dhe ujrave t\u00eb zeza.<\/p>\n<p>Kryetari Cungu ftoi investitoret e interesuar q\u00eb t\u00eb investojn\u00eb n\u00eb Ulqin dhe u garantoi atyre procedura t\u00eb thjeshtuara administrative, politika stimuluese fiskale dhe mb\u00ebshtetje t\u00eb plote n\u00eb planifikimin strategjik t\u00eb hapsir\u00ebs p\u00ebrmes miratimit t\u00eb shpejt t\u00eb planeve urbanistike.<\/p>\n<p>Komuna e Ulqinit<br \/>\n<strong><!--YouTube Error: bad URL entered--><\/strong><\/p>\n","protected":false},"excerpt":{"rendered":"<p>Nga data 23-26 Prill 2012 n\u00eb hotelin Maestral n\u00eb Budve u mbajt festivali i tret\u00eb p\u00ebr patundshmeri dhe investime \u201dFREI FESTIVAL 2012\u201d q\u00eb organizohet nga Ministria e Turizmit dhe Ministria e Ekonomis\u00eb s\u00eb Malit t\u00eb Zi. Festivali i sivjetesh \u00ebsht\u00eb zhvilluar n\u00ebn mb\u00ebshtetjen e kryeministrit t\u00eb Malit t\u00eb Zi z.Igor Lukshiq dhe \u00ebsht\u00eb sponsorizuar nga [&hellip;]<\/p>\n","protected":false},"author":1,"featured_media":0,"comment_status":"open","ping_status":"closed","sticky":false,"template":"","format":"standard","meta":{"spay_email":"","jetpack_publicize_message":"","jetpack_is_tweetstorm":false,"jetpack_publicize_feature_enabled":true},"categories":[10],"tags":[3403,4630,20,3408,20301,17568,20299,20294,3409,20355,20297,4633,3398,4635,20293,4625,4637,4626,4631,3386,3390,3389,3388,3387,4442,3401,95,4627,79,20302,20304,20295,20298,13709,1842,4628,4634,3396,4441,4438,4632,3399,3385,22015,3405,4629,3397,20300,3404,4439,20303,3799,12567,3400,3402,12566,19,3407,3406,200,3394,18,136,20296,4636,1437,4624,1843,4440],"jetpack_publicize_connections":[],"yoast_head":"<!-- This site is optimized with the Yoast SEO plugin v19.1 - https:\/\/yoast.com\/wordpress\/plugins\/seo\/ -->\n<title>Cungu n\u00eb Frei Festival 2012 - Budve - festival i investimeve - Lajme nga Ulqini<\/title>\n<meta name=\"description\" content=\"Nga data 23-26 Prill 2012 n\u00eb hotelin Maestral n\u00eb Budve u mbajt festivali i tret\u00eb p\u00ebr patundshmeri dhe investime \u201dFREI FESTIVAL 2012\u201d q\u00eb organizohet nga\" \/>\n<meta name=\"robots\" content=\"index, follow, max-snippet:-1, max-image-preview:large, max-video-preview:-1\" \/>\n<link rel=\"canonical\" href=\"https:\/\/www.visit-ulcinj.com\/blog\/2012\/04\/25\/cungu-ne-frei-festival-2012-budve-festival-i-investimeve\/\" \/>\n<meta property=\"og:locale\" content=\"en_US\" \/>\n<meta property=\"og:type\" content=\"article\" \/>\n<meta property=\"og:title\" content=\"Cungu n\u00eb Frei Festival 2012 - Budve - festival i investimeve - Lajme nga Ulqini\" \/>\n<meta property=\"og:description\" content=\"Nga data 23-26 Prill 2012 n\u00eb hotelin Maestral n\u00eb Budve u mbajt festivali i tret\u00eb p\u00ebr patundshmeri dhe investime \u201dFREI FESTIVAL 2012\u201d q\u00eb organizohet nga\" \/>\n<meta property=\"og:url\" content=\"https:\/\/www.visit-ulcinj.com\/blog\/2012\/04\/25\/cungu-ne-frei-festival-2012-budve-festival-i-investimeve\/\" \/>\n<meta property=\"og:site_name\" content=\"Lajme nga Ulqini\" \/>\n<meta property=\"article:published_time\" content=\"2012-04-25T20:20:46+00:00\" \/>\n<meta property=\"article:modified_time\" content=\"2012-05-18T16:36:54+00:00\" \/>\n<meta property=\"og:image\" content=\"http:\/\/www.visit-ulcinj.com\/blog\/wp-content\/uploads\/2012\/04\/Nazif-Cungu-ne-Frei-Festival_Budva.jpg\" \/>\n<meta name=\"twitter:label1\" content=\"Written by\" \/>\n\t<meta name=\"twitter:data1\" content=\"ulqini\" \/>\n\t<meta name=\"twitter:label2\" content=\"Est. reading time\" \/>\n\t<meta name=\"twitter:data2\" content=\"2 minutes\" \/>\n<script type=\"application\/ld+json\" class=\"yoast-schema-graph\">{\"@context\":\"https:\/\/schema.org\",\"@graph\":[{\"@type\":\"WebSite\",\"@id\":\"https:\/\/www.visit-ulcinj.com\/blog\/#website\",\"url\":\"https:\/\/www.visit-ulcinj.com\/blog\/\",\"name\":\"Lajme nga Ulqini\",\"description\":\"Lajme,Vijesti,Ulqini,Ulqin,Crna Gora,Mali i Zi\",\"potentialAction\":[{\"@type\":\"SearchAction\",\"target\":{\"@type\":\"EntryPoint\",\"urlTemplate\":\"https:\/\/www.visit-ulcinj.com\/blog\/?s={search_term_string}\"},\"query-input\":\"required name=search_term_string\"}],\"inLanguage\":\"en-US\"},{\"@type\":\"ImageObject\",\"inLanguage\":\"en-US\",\"@id\":\"https:\/\/www.visit-ulcinj.com\/blog\/2012\/04\/25\/cungu-ne-frei-festival-2012-budve-festival-i-investimeve\/#primaryimage\",\"url\":\"https:\/\/www.visit-ulcinj.com\/blog\/wp-content\/uploads\/2012\/04\/Nazif-Cungu-ne-Frei-Festival_Budva.jpg\",\"contentUrl\":\"https:\/\/www.visit-ulcinj.com\/blog\/wp-content\/uploads\/2012\/04\/Nazif-Cungu-ne-Frei-Festival_Budva.jpg\",\"width\":\"1000\",\"height\":\"665\"},{\"@type\":\"WebPage\",\"@id\":\"https:\/\/www.visit-ulcinj.com\/blog\/2012\/04\/25\/cungu-ne-frei-festival-2012-budve-festival-i-investimeve\/#webpage\",\"url\":\"https:\/\/www.visit-ulcinj.com\/blog\/2012\/04\/25\/cungu-ne-frei-festival-2012-budve-festival-i-investimeve\/\",\"name\":\"Cungu n\u00eb Frei Festival 2012 - Budve - festival i investimeve - Lajme nga Ulqini\",\"isPartOf\":{\"@id\":\"https:\/\/www.visit-ulcinj.com\/blog\/#website\"},\"primaryImageOfPage\":{\"@id\":\"https:\/\/www.visit-ulcinj.com\/blog\/2012\/04\/25\/cungu-ne-frei-festival-2012-budve-festival-i-investimeve\/#primaryimage\"},\"datePublished\":\"2012-04-25T20:20:46+00:00\",\"dateModified\":\"2012-05-18T16:36:54+00:00\",\"author\":{\"@id\":\"https:\/\/www.visit-ulcinj.com\/blog\/#\/schema\/person\/dcab619c614d3038751c63bc2aadc06d\"},\"description\":\"Nga data 23-26 Prill 2012 n\u00eb hotelin Maestral n\u00eb Budve u mbajt festivali i tret\u00eb p\u00ebr patundshmeri dhe investime \u201dFREI FESTIVAL 2012\u201d q\u00eb organizohet nga\",\"breadcrumb\":{\"@id\":\"https:\/\/www.visit-ulcinj.com\/blog\/2012\/04\/25\/cungu-ne-frei-festival-2012-budve-festival-i-investimeve\/#breadcrumb\"},\"inLanguage\":\"en-US\",\"potentialAction\":[{\"@type\":\"ReadAction\",\"target\":[\"https:\/\/www.visit-ulcinj.com\/blog\/2012\/04\/25\/cungu-ne-frei-festival-2012-budve-festival-i-investimeve\/\"]}]},{\"@type\":\"BreadcrumbList\",\"@id\":\"https:\/\/www.visit-ulcinj.com\/blog\/2012\/04\/25\/cungu-ne-frei-festival-2012-budve-festival-i-investimeve\/#breadcrumb\",\"itemListElement\":[{\"@type\":\"ListItem\",\"position\":1,\"name\":\"Cungu n\u00eb Frei Festival 2012 &#8211; Budve &#8211; festival i investimeve\"}]},{\"@type\":\"Person\",\"@id\":\"https:\/\/www.visit-ulcinj.com\/blog\/#\/schema\/person\/dcab619c614d3038751c63bc2aadc06d\",\"name\":\"ulqini\",\"sameAs\":[\"http:\/\/www.visit-ulcinj.com\"],\"url\":\"https:\/\/www.visit-ulcinj.com\/blog\/author\/admin\/\"}]}<\/script>\n<!-- \/ Yoast SEO plugin. -->","yoast_head_json":{"title":"Cungu n\u00eb Frei Festival 2012 - Budve - festival i investimeve - Lajme nga Ulqini","description":"Nga data 23-26 Prill 2012 n\u00eb hotelin Maestral n\u00eb Budve u mbajt festivali i tret\u00eb p\u00ebr patundshmeri dhe investime \u201dFREI FESTIVAL 2012\u201d q\u00eb organizohet nga","robots":{"index":"index","follow":"follow","max-snippet":"max-snippet:-1","max-image-preview":"max-image-preview:large","max-video-preview":"max-video-preview:-1"},"canonical":"https:\/\/www.visit-ulcinj.com\/blog\/2012\/04\/25\/cungu-ne-frei-festival-2012-budve-festival-i-investimeve\/","og_locale":"en_US","og_type":"article","og_title":"Cungu n\u00eb Frei Festival 2012 - Budve - festival i investimeve - Lajme nga Ulqini","og_description":"Nga data 23-26 Prill 2012 n\u00eb hotelin Maestral n\u00eb Budve u mbajt festivali i tret\u00eb p\u00ebr patundshmeri dhe investime \u201dFREI FESTIVAL 2012\u201d q\u00eb organizohet nga","og_url":"https:\/\/www.visit-ulcinj.com\/blog\/2012\/04\/25\/cungu-ne-frei-festival-2012-budve-festival-i-investimeve\/","og_site_name":"Lajme nga Ulqini","article_published_time":"2012-04-25T20:20:46+00:00","article_modified_time":"2012-05-18T16:36:54+00:00","og_image":[{"url":"http:\/\/www.visit-ulcinj.com\/blog\/wp-content\/uploads\/2012\/04\/Nazif-Cungu-ne-Frei-Festival_Budva.jpg"}],"twitter_misc":{"Written by":"ulqini","Est. reading time":"2 minutes"},"schema":{"@context":"https:\/\/schema.org","@graph":[{"@type":"WebSite","@id":"https:\/\/www.visit-ulcinj.com\/blog\/#website","url":"https:\/\/www.visit-ulcinj.com\/blog\/","name":"Lajme nga Ulqini","description":"Lajme,Vijesti,Ulqini,Ulqin,Crna Gora,Mali i Zi","potentialAction":[{"@type":"SearchAction","target":{"@type":"EntryPoint","urlTemplate":"https:\/\/www.visit-ulcinj.com\/blog\/?s={search_term_string}"},"query-input":"required name=search_term_string"}],"inLanguage":"en-US"},{"@type":"ImageObject","inLanguage":"en-US","@id":"https:\/\/www.visit-ulcinj.com\/blog\/2012\/04\/25\/cungu-ne-frei-festival-2012-budve-festival-i-investimeve\/#primaryimage","url":"https:\/\/www.visit-ulcinj.com\/blog\/wp-content\/uploads\/2012\/04\/Nazif-Cungu-ne-Frei-Festival_Budva.jpg","contentUrl":"https:\/\/www.visit-ulcinj.com\/blog\/wp-content\/uploads\/2012\/04\/Nazif-Cungu-ne-Frei-Festival_Budva.jpg","width":"1000","height":"665"},{"@type":"WebPage","@id":"https:\/\/www.visit-ulcinj.com\/blog\/2012\/04\/25\/cungu-ne-frei-festival-2012-budve-festival-i-investimeve\/#webpage","url":"https:\/\/www.visit-ulcinj.com\/blog\/2012\/04\/25\/cungu-ne-frei-festival-2012-budve-festival-i-investimeve\/","name":"Cungu n\u00eb Frei Festival 2012 - Budve - festival i investimeve - Lajme nga Ulqini","isPartOf":{"@id":"https:\/\/www.visit-ulcinj.com\/blog\/#website"},"primaryImageOfPage":{"@id":"https:\/\/www.visit-ulcinj.com\/blog\/2012\/04\/25\/cungu-ne-frei-festival-2012-budve-festival-i-investimeve\/#primaryimage"},"datePublished":"2012-04-25T20:20:46+00:00","dateModified":"2012-05-18T16:36:54+00:00","author":{"@id":"https:\/\/www.visit-ulcinj.com\/blog\/#\/schema\/person\/dcab619c614d3038751c63bc2aadc06d"},"description":"Nga data 23-26 Prill 2012 n\u00eb hotelin Maestral n\u00eb Budve u mbajt festivali i tret\u00eb p\u00ebr patundshmeri dhe investime \u201dFREI FESTIVAL 2012\u201d q\u00eb organizohet nga","breadcrumb":{"@id":"https:\/\/www.visit-ulcinj.com\/blog\/2012\/04\/25\/cungu-ne-frei-festival-2012-budve-festival-i-investimeve\/#breadcrumb"},"inLanguage":"en-US","potentialAction":[{"@type":"ReadAction","target":["https:\/\/www.visit-ulcinj.com\/blog\/2012\/04\/25\/cungu-ne-frei-festival-2012-budve-festival-i-investimeve\/"]}]},{"@type":"BreadcrumbList","@id":"https:\/\/www.visit-ulcinj.com\/blog\/2012\/04\/25\/cungu-ne-frei-festival-2012-budve-festival-i-investimeve\/#breadcrumb","itemListElement":[{"@type":"ListItem","position":1,"name":"Cungu n\u00eb Frei Festival 2012 &#8211; Budve &#8211; festival i investimeve"}]},{"@type":"Person","@id":"https:\/\/www.visit-ulcinj.com\/blog\/#\/schema\/person\/dcab619c614d3038751c63bc2aadc06d","name":"ulqini","sameAs":["http:\/\/www.visit-ulcinj.com"],"url":"https:\/\/www.visit-ulcinj.com\/blog\/author\/admin\/"}]}},"jetpack_featured_media_url":"","jetpack_sharing_enabled":true,"jetpack_shortlink":"https:\/\/wp.me\/pe6lTn-fvZ","_links":{"self":[{"href":"https:\/\/www.visit-ulcinj.com\/blog\/wp-json\/wp\/v2\/posts\/59643"}],"collection":[{"href":"https:\/\/www.visit-ulcinj.com\/blog\/wp-json\/wp\/v2\/posts"}],"about":[{"href":"https:\/\/www.visit-ulcinj.com\/blog\/wp-json\/wp\/v2\/types\/post"}],"author":[{"embeddable":true,"href":"https:\/\/www.visit-ulcinj.com\/blog\/wp-json\/wp\/v2\/users\/1"}],"replies":[{"embeddable":true,"href":"https:\/\/www.visit-ulcinj.com\/blog\/wp-json\/wp\/v2\/comments?post=59643"}],"version-history":[{"count":3,"href":"https:\/\/www.visit-ulcinj.com\/blog\/wp-json\/wp\/v2\/posts\/59643\/revisions"}],"predecessor-version":[{"id":60590,"href":"https:\/\/www.visit-ulcinj.com\/blog\/wp-json\/wp\/v2\/posts\/59643\/revisions\/60590"}],"wp:attachment":[{"href":"https:\/\/www.visit-ulcinj.com\/blog\/wp-json\/wp\/v2\/media?parent=59643"}],"wp:term":[{"taxonomy":"category","embeddable":true,"href":"https:\/\/www.visit-ulcinj.com\/blog\/wp-json\/wp\/v2\/categories?post=59643"},{"taxonomy":"post_tag","embeddable":true,"href":"https:\/\/www.visit-ulcinj.com\/blog\/wp-json\/wp\/v2\/tags?post=59643"}],"curies":[{"name":"wp","href":"https:\/\/api.w.org\/{rel}","templated":true}]}}