{"id":59646,"date":"2012-04-26T06:49:47","date_gmt":"2012-04-26T05:49:47","guid":{"rendered":"http:\/\/www.visit-ulcinj.com\/blog\/?p=59646"},"modified":"2012-04-26T16:25:57","modified_gmt":"2012-04-26T15:25:57","slug":"vrijeme-je-i-za-valdanos","status":"publish","type":"post","link":"https:\/\/www.visit-ulcinj.com\/blog\/2012\/04\/26\/vrijeme-je-i-za-valdanos\/","title":{"rendered":"&#8220;Vrijeme&#8221; je i za Valdanos"},"content":{"rendered":"<p><a href=\"http:\/\/www.visit-ulcinj.com\/blog\/wp-content\/uploads\/2012\/04\/gggggggggggggggggggg1.jpg\"><img loading=\"lazy\" class=\"alignleft  wp-image-59649\" title=\"Vrijeme je za Valdanos\" src=\"http:\/\/www.visit-ulcinj.com\/blog\/wp-content\/uploads\/2012\/04\/gggggggggggggggggggg1.jpg\" alt=\"\" width=\"508\" height=\"360\" \/><\/a>Nema vi\u0161e lanaca na kapiji u Valdanosu.Dodu\u0161e, jo\u0161 uvijek su tu ljudi koji kontroli\u0161u ulazak, ali mnogo je liberalnije..Dobijena je jedna bitka, ali ne i rat, bi\u0107e jo\u0161 uvijek problema, ali vjerujem u razum vlasti, s obzirom da je nezadovoljstvo u mnogim sferama dru\u0161tva dostiglo kulminaciju.Valdanos nije priveden namjeni i zaista je za &#8220;Ginisa&#8221;njegovo dalje dr\u017eanje da se pjesni\u010dki izrazim &#8220;pod lancima&#8221;..Nema vi\u0161e vojske, dok izgradnja &#8220;vojne baze&#8221; nije \u010dak ni mislena imenica..Valdanos je danas zapu\u0161ten i tu\u017ean. Objekti koji su nekad slu\u017eili vojnim starje\u0161inama i njihovim porodicama, za odmor i rekreaciju o dr\u017eavni bud\u017eet, su u totalnom rasulu. \u010cak je i beton na mnogim mjestima razoren od siline morskih talasa..Ostale su samo masline, zarasle u korov i makiju, a njima, ukoliko ih vrate vlasnicima bi\u0107e najmanje desetak godina potrebno da se revitalizuju&#8230;Ina\u010de Valdanos je primamliv i uvijek &#8220;bo\u017eanstveno&#8221;lijep..Uspio sam da se popnem do &#8220;Viline \u010desme&#8221; i da osjetim \u010dar i ljepotu tog neponovljivog prostora. \u010cini mi se da \u0107e i &#8220;vile &#8221; koje poma\u017eu &#8220;nerotkinjama &#8221; i koje jo\u0161 uvijek \u010duvaju &#8220;Teutino&#8221; blago ljep\u0161e pjevati svoju pjesmu u no\u0107ima koji \u0107e uskoro do\u0107i&#8230; Danas je u Valdanosu zaista druga\u010dije, veselije i ljep\u0161e&#8230;Ne samo mi, ve\u0107 i mnogi gosti ve\u0107 dolaze da se dive \u010darima i ljepoti, jedne od najljep\u0161e uvale na Mediteranu..Osje\u0107aj opu\u0161tanja du\u0161e i tijela u jednom takvom miru je zaista jedinstven.. .\u010cini mi se da mala Sara u svom bi\u0107u to najbolje osje\u0107a.. njen osmjeh i njen pogled dovoljno govore&#8230; Ja se nadam, da \u0107e ona i i kada odraste, mo\u0107i kao i danas, da slobodno do\u0111e u Valdanos, da osjeti i u\u017eiva u ljepoti \u017eivljenja i u \u010darima ove &#8220;bo\u017eanstvene &#8220;ljepote&#8230;<\/p>\n<p>Ismet Karamanaga \u00a025.04.2012<\/p>\n","protected":false},"excerpt":{"rendered":"<p>Nema vi\u0161e lanaca na kapiji u Valdanosu.Dodu\u0161e, jo\u0161 uvijek su tu ljudi koji kontroli\u0161u ulazak, ali mnogo je liberalnije..Dobijena je jedna bitka, ali ne i rat, bi\u0107e jo\u0161 uvijek problema, ali vjerujem u razum vlasti, s obzirom da je nezadovoljstvo u mnogim sferama dru\u0161tva dostiglo kulminaciju.Valdanos nije priveden namjeni i zaista je za &#8220;Ginisa&#8221;njegovo dalje [&hellip;]<\/p>\n","protected":false},"author":6,"featured_media":0,"comment_status":"open","ping_status":"closed","sticky":false,"template":"","format":"standard","meta":{"spay_email":"","jetpack_publicize_message":"","jetpack_is_tweetstorm":false,"jetpack_publicize_feature_enabled":true},"categories":[6950],"tags":[],"jetpack_publicize_connections":[],"yoast_head":"<!-- This site is optimized with the Yoast SEO plugin v19.1 - https:\/\/yoast.com\/wordpress\/plugins\/seo\/ -->\n<title>&quot;Vrijeme&quot; je i za Valdanos - Lajme nga Ulqini<\/title>\n<meta name=\"description\" content=\"Nema vi\u0161e lanaca na kapiji u Valdanosu.Dodu\u0161e, jo\u0161 uvijek su tu ljudi koji kontroli\u0161u ulazak, ali mnogo je liberalnije..Dobijena je jedna bitka, ali ne i\" \/>\n<meta name=\"robots\" content=\"index, follow, max-snippet:-1, max-image-preview:large, max-video-preview:-1\" \/>\n<link rel=\"canonical\" href=\"https:\/\/www.visit-ulcinj.com\/blog\/2012\/04\/26\/vrijeme-je-i-za-valdanos\/\" \/>\n<meta property=\"og:locale\" content=\"en_US\" \/>\n<meta property=\"og:type\" content=\"article\" \/>\n<meta property=\"og:title\" content=\"&quot;Vrijeme&quot; je i za Valdanos - Lajme nga Ulqini\" \/>\n<meta property=\"og:description\" content=\"Nema vi\u0161e lanaca na kapiji u Valdanosu.Dodu\u0161e, jo\u0161 uvijek su tu ljudi koji kontroli\u0161u ulazak, ali mnogo je liberalnije..Dobijena je jedna bitka, ali ne i\" \/>\n<meta property=\"og:url\" content=\"https:\/\/www.visit-ulcinj.com\/blog\/2012\/04\/26\/vrijeme-je-i-za-valdanos\/\" \/>\n<meta property=\"og:site_name\" content=\"Lajme nga Ulqini\" \/>\n<meta property=\"article:published_time\" content=\"2012-04-26T05:49:47+00:00\" \/>\n<meta property=\"article:modified_time\" content=\"2012-04-26T15:25:57+00:00\" \/>\n<meta property=\"og:image\" content=\"http:\/\/www.visit-ulcinj.com\/blog\/wp-content\/uploads\/2012\/04\/gggggggggggggggggggg1.jpg\" \/>\n<meta name=\"twitter:label1\" content=\"Written by\" \/>\n\t<meta name=\"twitter:data1\" content=\"Ismet Karamanaga\" \/>\n\t<meta name=\"twitter:label2\" content=\"Est. reading time\" \/>\n\t<meta name=\"twitter:data2\" content=\"2 minutes\" \/>\n<script type=\"application\/ld+json\" class=\"yoast-schema-graph\">{\"@context\":\"https:\/\/schema.org\",\"@graph\":[{\"@type\":\"WebSite\",\"@id\":\"https:\/\/www.visit-ulcinj.com\/blog\/#website\",\"url\":\"https:\/\/www.visit-ulcinj.com\/blog\/\",\"name\":\"Lajme nga Ulqini\",\"description\":\"Lajme,Vijesti,Ulqini,Ulqin,Crna Gora,Mali i Zi\",\"potentialAction\":[{\"@type\":\"SearchAction\",\"target\":{\"@type\":\"EntryPoint\",\"urlTemplate\":\"https:\/\/www.visit-ulcinj.com\/blog\/?s={search_term_string}\"},\"query-input\":\"required name=search_term_string\"}],\"inLanguage\":\"en-US\"},{\"@type\":\"ImageObject\",\"inLanguage\":\"en-US\",\"@id\":\"https:\/\/www.visit-ulcinj.com\/blog\/2012\/04\/26\/vrijeme-je-i-za-valdanos\/#primaryimage\",\"url\":\"https:\/\/www.visit-ulcinj.com\/blog\/wp-content\/uploads\/2012\/04\/gggggggggggggggggggg1.jpg\",\"contentUrl\":\"https:\/\/www.visit-ulcinj.com\/blog\/wp-content\/uploads\/2012\/04\/gggggggggggggggggggg1.jpg\",\"width\":\"720\",\"height\":\"960\"},{\"@type\":\"WebPage\",\"@id\":\"https:\/\/www.visit-ulcinj.com\/blog\/2012\/04\/26\/vrijeme-je-i-za-valdanos\/#webpage\",\"url\":\"https:\/\/www.visit-ulcinj.com\/blog\/2012\/04\/26\/vrijeme-je-i-za-valdanos\/\",\"name\":\"\\\"Vrijeme\\\" je i za Valdanos - Lajme nga Ulqini\",\"isPartOf\":{\"@id\":\"https:\/\/www.visit-ulcinj.com\/blog\/#website\"},\"primaryImageOfPage\":{\"@id\":\"https:\/\/www.visit-ulcinj.com\/blog\/2012\/04\/26\/vrijeme-je-i-za-valdanos\/#primaryimage\"},\"datePublished\":\"2012-04-26T05:49:47+00:00\",\"dateModified\":\"2012-04-26T15:25:57+00:00\",\"author\":{\"@id\":\"https:\/\/www.visit-ulcinj.com\/blog\/#\/schema\/person\/54acbe73e5e40d103054a73871775f79\"},\"description\":\"Nema vi\u0161e lanaca na kapiji u Valdanosu.Dodu\u0161e, jo\u0161 uvijek su tu ljudi koji kontroli\u0161u ulazak, ali mnogo je liberalnije..Dobijena je jedna bitka, ali ne i\",\"breadcrumb\":{\"@id\":\"https:\/\/www.visit-ulcinj.com\/blog\/2012\/04\/26\/vrijeme-je-i-za-valdanos\/#breadcrumb\"},\"inLanguage\":\"en-US\",\"potentialAction\":[{\"@type\":\"ReadAction\",\"target\":[\"https:\/\/www.visit-ulcinj.com\/blog\/2012\/04\/26\/vrijeme-je-i-za-valdanos\/\"]}]},{\"@type\":\"BreadcrumbList\",\"@id\":\"https:\/\/www.visit-ulcinj.com\/blog\/2012\/04\/26\/vrijeme-je-i-za-valdanos\/#breadcrumb\",\"itemListElement\":[{\"@type\":\"ListItem\",\"position\":1,\"name\":\"&#8220;Vrijeme&#8221; je i za Valdanos\"}]},{\"@type\":\"Person\",\"@id\":\"https:\/\/www.visit-ulcinj.com\/blog\/#\/schema\/person\/54acbe73e5e40d103054a73871775f79\",\"name\":\"Ismet Karamanaga\",\"description\":\"Kam punuar si ciceron p\u00ebr shum\\\"agjensi turistike nga vendi dhe nga bota.\",\"url\":\"https:\/\/www.visit-ulcinj.com\/blog\/author\/ismet\/\"}]}<\/script>\n<!-- \/ Yoast SEO plugin. -->","yoast_head_json":{"title":"\"Vrijeme\" je i za Valdanos - Lajme nga Ulqini","description":"Nema vi\u0161e lanaca na kapiji u Valdanosu.Dodu\u0161e, jo\u0161 uvijek su tu ljudi koji kontroli\u0161u ulazak, ali mnogo je liberalnije..Dobijena je jedna bitka, ali ne i","robots":{"index":"index","follow":"follow","max-snippet":"max-snippet:-1","max-image-preview":"max-image-preview:large","max-video-preview":"max-video-preview:-1"},"canonical":"https:\/\/www.visit-ulcinj.com\/blog\/2012\/04\/26\/vrijeme-je-i-za-valdanos\/","og_locale":"en_US","og_type":"article","og_title":"\"Vrijeme\" je i za Valdanos - Lajme nga Ulqini","og_description":"Nema vi\u0161e lanaca na kapiji u Valdanosu.Dodu\u0161e, jo\u0161 uvijek su tu ljudi koji kontroli\u0161u ulazak, ali mnogo je liberalnije..Dobijena je jedna bitka, ali ne i","og_url":"https:\/\/www.visit-ulcinj.com\/blog\/2012\/04\/26\/vrijeme-je-i-za-valdanos\/","og_site_name":"Lajme nga Ulqini","article_published_time":"2012-04-26T05:49:47+00:00","article_modified_time":"2012-04-26T15:25:57+00:00","og_image":[{"url":"http:\/\/www.visit-ulcinj.com\/blog\/wp-content\/uploads\/2012\/04\/gggggggggggggggggggg1.jpg"}],"twitter_misc":{"Written by":"Ismet Karamanaga","Est. reading time":"2 minutes"},"schema":{"@context":"https:\/\/schema.org","@graph":[{"@type":"WebSite","@id":"https:\/\/www.visit-ulcinj.com\/blog\/#website","url":"https:\/\/www.visit-ulcinj.com\/blog\/","name":"Lajme nga Ulqini","description":"Lajme,Vijesti,Ulqini,Ulqin,Crna Gora,Mali i Zi","potentialAction":[{"@type":"SearchAction","target":{"@type":"EntryPoint","urlTemplate":"https:\/\/www.visit-ulcinj.com\/blog\/?s={search_term_string}"},"query-input":"required name=search_term_string"}],"inLanguage":"en-US"},{"@type":"ImageObject","inLanguage":"en-US","@id":"https:\/\/www.visit-ulcinj.com\/blog\/2012\/04\/26\/vrijeme-je-i-za-valdanos\/#primaryimage","url":"https:\/\/www.visit-ulcinj.com\/blog\/wp-content\/uploads\/2012\/04\/gggggggggggggggggggg1.jpg","contentUrl":"https:\/\/www.visit-ulcinj.com\/blog\/wp-content\/uploads\/2012\/04\/gggggggggggggggggggg1.jpg","width":"720","height":"960"},{"@type":"WebPage","@id":"https:\/\/www.visit-ulcinj.com\/blog\/2012\/04\/26\/vrijeme-je-i-za-valdanos\/#webpage","url":"https:\/\/www.visit-ulcinj.com\/blog\/2012\/04\/26\/vrijeme-je-i-za-valdanos\/","name":"\"Vrijeme\" je i za Valdanos - Lajme nga Ulqini","isPartOf":{"@id":"https:\/\/www.visit-ulcinj.com\/blog\/#website"},"primaryImageOfPage":{"@id":"https:\/\/www.visit-ulcinj.com\/blog\/2012\/04\/26\/vrijeme-je-i-za-valdanos\/#primaryimage"},"datePublished":"2012-04-26T05:49:47+00:00","dateModified":"2012-04-26T15:25:57+00:00","author":{"@id":"https:\/\/www.visit-ulcinj.com\/blog\/#\/schema\/person\/54acbe73e5e40d103054a73871775f79"},"description":"Nema vi\u0161e lanaca na kapiji u Valdanosu.Dodu\u0161e, jo\u0161 uvijek su tu ljudi koji kontroli\u0161u ulazak, ali mnogo je liberalnije..Dobijena je jedna bitka, ali ne i","breadcrumb":{"@id":"https:\/\/www.visit-ulcinj.com\/blog\/2012\/04\/26\/vrijeme-je-i-za-valdanos\/#breadcrumb"},"inLanguage":"en-US","potentialAction":[{"@type":"ReadAction","target":["https:\/\/www.visit-ulcinj.com\/blog\/2012\/04\/26\/vrijeme-je-i-za-valdanos\/"]}]},{"@type":"BreadcrumbList","@id":"https:\/\/www.visit-ulcinj.com\/blog\/2012\/04\/26\/vrijeme-je-i-za-valdanos\/#breadcrumb","itemListElement":[{"@type":"ListItem","position":1,"name":"&#8220;Vrijeme&#8221; je i za Valdanos"}]},{"@type":"Person","@id":"https:\/\/www.visit-ulcinj.com\/blog\/#\/schema\/person\/54acbe73e5e40d103054a73871775f79","name":"Ismet Karamanaga","description":"Kam punuar si ciceron p\u00ebr shum\"agjensi turistike nga vendi dhe nga bota.","url":"https:\/\/www.visit-ulcinj.com\/blog\/author\/ismet\/"}]}},"jetpack_featured_media_url":"","jetpack_sharing_enabled":true,"jetpack_shortlink":"https:\/\/wp.me\/pe6lTn-fw2","_links":{"self":[{"href":"https:\/\/www.visit-ulcinj.com\/blog\/wp-json\/wp\/v2\/posts\/59646"}],"collection":[{"href":"https:\/\/www.visit-ulcinj.com\/blog\/wp-json\/wp\/v2\/posts"}],"about":[{"href":"https:\/\/www.visit-ulcinj.com\/blog\/wp-json\/wp\/v2\/types\/post"}],"author":[{"embeddable":true,"href":"https:\/\/www.visit-ulcinj.com\/blog\/wp-json\/wp\/v2\/users\/6"}],"replies":[{"embeddable":true,"href":"https:\/\/www.visit-ulcinj.com\/blog\/wp-json\/wp\/v2\/comments?post=59646"}],"version-history":[{"count":6,"href":"https:\/\/www.visit-ulcinj.com\/blog\/wp-json\/wp\/v2\/posts\/59646\/revisions"}],"predecessor-version":[{"id":59696,"href":"https:\/\/www.visit-ulcinj.com\/blog\/wp-json\/wp\/v2\/posts\/59646\/revisions\/59696"}],"wp:attachment":[{"href":"https:\/\/www.visit-ulcinj.com\/blog\/wp-json\/wp\/v2\/media?parent=59646"}],"wp:term":[{"taxonomy":"category","embeddable":true,"href":"https:\/\/www.visit-ulcinj.com\/blog\/wp-json\/wp\/v2\/categories?post=59646"},{"taxonomy":"post_tag","embeddable":true,"href":"https:\/\/www.visit-ulcinj.com\/blog\/wp-json\/wp\/v2\/tags?post=59646"}],"curies":[{"name":"wp","href":"https:\/\/api.w.org\/{rel}","templated":true}]}}