{"id":59654,"date":"2012-04-26T07:01:58","date_gmt":"2012-04-26T06:01:58","guid":{"rendered":"http:\/\/www.visit-ulcinj.com\/blog\/?p=59654"},"modified":"2012-04-26T15:36:41","modified_gmt":"2012-04-26T14:36:41","slug":"legjenda-e-kroit-te-zanave","status":"publish","type":"post","link":"https:\/\/www.visit-ulcinj.com\/blog\/2012\/04\/26\/legjenda-e-kroit-te-zanave\/","title":{"rendered":"Legjenda e Kroit t\u00eb Zanave"},"content":{"rendered":"<p><a href=\"http:\/\/www.visit-ulcinj.com\/blog\/wp-content\/uploads\/2012\/04\/kroni1.jpg\"><img loading=\"lazy\" class=\"alignleft  wp-image-59656\" src=\"http:\/\/www.visit-ulcinj.com\/blog\/wp-content\/uploads\/2012\/04\/kroni1.jpg\" alt=\"\" width=\"508\" height=\"360\" \/><\/a>Edhe shqiptar\u00ebt si t\u00eb gjith\u00eb popujt e tjer\u00eb \u00a0kan\u00eb legjenda \u00a0t\u00eb ndryshme, q\u00eb i kan\u00eb trash\u00ebguar nga koh\u00ebt e lashta, dhe t\u00eb cilat rrjedhin nga mitologjia. Shpesh k\u00ebto legjenda e kan\u00eb baz\u00ebn edhe nga ngjarjet nga historia, t\u00eb cilat populli duke i treguar me goj\u00eb brez pas brezi, nganj\u00ebhere i ka dh\u00ebn\u00eb imazhe magjike me plot fantazi. K\u00ebto legjenda pak a shum\u00eb jan\u00eb t\u00eb lidhura me detin \u00a0dhe me detar\u00ebt, t\u00eb cilat n\u00eb koh\u00eb kur nuk kan\u00eb qen\u00eb n\u00eb lundrime i kan\u00eb treguar dimrit pran\u00eb vatrave n\u00eb shtepit\u00eb e veta.<\/p>\n<p>Nd\u00ebr legjendat t\u00eb cil\u00ebn si femij\u00eb e kam d\u00ebgjuar nga babai im, \u00ebsht\u00eb edhe ajo e \u00a0Kroit t\u00eb Zanave n\u00eb Valdanos. M\u00eb ka mbetur n\u00eb kujtes\u00eb, sepse imazhi i saj ka zgjuar n\u00eb mua edhe m\u00eb von\u00eb kurdoher\u00eb kur kam ardhur n\u00eb Valdanos me mysafir\u00eb p\u00ebr t\u00eb b\u00ebr\u00eb \u2018fisch picknick\u2019 ndjenj\u00eb t\u00eb posa\u00e7me. Kur i afrohesh Valdanosit me sanall, syri t\u00eb shkon te dy bredhat, aty \u00a0ku gjendet Kroi dhe menj\u00ebher\u00eb aty edhe Shpella e Zanave, ku dikur n\u00eb koh\u00ebt e lashta kan\u00eb ndodhur ngjarjet, t\u00eb cilat sot kan\u00eb mbetur n\u00eb legjend\u00eb si trash\u00ebgim i popullit ton\u00eb. Njeriu i mbyll syt\u00eb dhe imagjinon aq ma tep\u00ebr duke ditur se ky vend, i cili te mahnit\u00eb me bukurin\u00eb e tij magjike, dikur ka sh\u00ebrbyer si vend strehimi p\u00ebr barkat e famshme pirate ulqinake.<\/p>\n<p><a href=\"http:\/\/www.visit-ulcinj.com\/blog\/wp-content\/uploads\/2012\/04\/Valdanos.4.jpg\"><img loading=\"lazy\" class=\"alignleft  wp-image-59676\" src=\"http:\/\/www.visit-ulcinj.com\/blog\/wp-content\/uploads\/2012\/04\/Valdanos.4.jpg\" alt=\"\" width=\"508\" height=\"300\" \/><\/a><\/p>\n<p>N\u00eb k\u00ebt\u00eb vend pra, gjendet Kroi i Zanave. Detar\u00ebt t\u00eb cil\u00ebt detyroheshin t\u00eb rrinin ne barka si roj\u00ebtar\u00eb nat\u00ebn n\u00eb Valdanos, shpesh kan\u00eb nd\u00ebgjuar k\u00ebng\u00ebn e bukur, dhe zhurm\u00eb vallesh nga Kroi i Zanave. Nganj\u00ebher\u00eb nga Shpella e cila ka qen\u00eb af\u00ebr Kroit jan\u00eb d\u00ebgjuar edhe vajtime dhe gjam\u00eb, posa\u00e7\u00ebrisht at\u00ebher\u00eb kur nga ndonj\u00eb bark\u00eb e cila po i afrohej Valdanosit,kishte ndodhur ndonj\u00eb fatkeq\u00ebsi.Detar\u00ebt e kishin zakon q\u00eb n\u00eb raste t\u00eb tilla, \u00a0nga dyreky, djaloshi m\u00eb i ri ta informonte popullin. Valdanosi deri von\u00eb ka qen\u00eb i pabanuar, dhe si i till\u00eb ka sh\u00ebrbyer lima i sigurt p\u00ebr detar\u00eb \u00a0dhe barka ulqinake, por larg qytetit me nj\u00eb ullisht\u00eb mij\u00ebvje\u00e7are t\u00eb famshme, n\u00eb net\u00ebt e err\u00ebta ka ndikuar n\u00eb fantazin\u00eb e detar\u00ebve t\u00eb vetmuar n\u00eb barkat \u00a0e tyre.<\/p>\n<p>Lidhur me Kroin \u00a0e Zanave, duhet t\u00eb p\u00ebrmenden edhe dy plaka t\u00eb famshme ,dy avurda t\u00eb cilat kan\u00eb l\u00ebn\u00eb gjurm\u00eb n\u00eb k\u00ebt\u00eb vend, por jo vet\u00ebm n\u00eb legjenda. Nj\u00ebra prej tyre Sulltan\u00eb Ishmi i ka \u00e7uar nuset e reja t\u00eb cilat nuk kan\u00eb mund t\u00eb lindin femij\u00eb te Kroi i Zanave, duke e b\u00ebr\u00eb nj\u00eb ritual t\u00eb posa\u00e7\u00ebm, dhe shpeshher\u00eb pran\u00eb burimit \u00ebsht\u00eb dashur t\u00eb lihen rroba t\u00eb vjetra, dhe n\u00eb uj\u00eb t\u00eb hedhen para metali.Thon\u00eb se hanko Sulltana ka pasur dor\u00ebn e mir\u00eb dhe shum\u00eb gra n\u00eb uj\u00ebrat e Kroit t\u00eb Zanave gjet\u00ebn sh\u00ebrim.<\/p>\n<p><a href=\"http:\/\/www.visit-ulcinj.com\/blog\/wp-content\/uploads\/2012\/04\/Valdanos.3.jpg\"><img loading=\"lazy\" class=\"alignleft  wp-image-59677\" src=\"http:\/\/www.visit-ulcinj.com\/blog\/wp-content\/uploads\/2012\/04\/Valdanos.3.jpg\" alt=\"\" width=\"508\" height=\"600\" \/><\/a><\/p>\n<p>Por sipas mendimit tim, ngjarja m\u00eb interesante lidhur me Kroin e Zanave, flet p\u00ebr Hake Lajken, nj\u00eb hanko t\u00eb v\u00ebrtet\u00eb prej families Lajka t\u00eb Ulqinit. Thon\u00eb se ka qen\u00eb avurde e mir\u00eb e papritueshme dhe ka pasur dor\u00eb shum\u00eb t\u00eb mir\u00eb. K\u00ebshtu nj\u00eb nat\u00eb t\u00eb err\u00ebt pa h\u00ebn\u00eb i trokiti dikush n\u00eb der\u00eb. Hanko Hakja gjithmon\u00eb ka qen\u00eb e p\u00ebrgatitur dhe menj\u00ebher\u00eb e ka hapur der\u00ebn. Dy gra t\u00eb veshura me boh\u00e7e dhe benebrek\u00eb n\u00eb der\u00eb e lut\u00ebn t\u00eb shkoj\u00eb n\u00eb M\u00ebhall\u00eb t\u00eb Re me to, sepse \u00ebsht\u00eb deshur t\u00eb ndihmohet nj\u00eb nuse n\u00eb lindje. Hanko Hakja menj\u00ebher\u00eb \u00ebsht\u00eb veshur dhe pa p\u00ebrtes\u00eb shkon pas atyre dy grave. Gjat\u00eb rrug\u00ebs nuk fol\u00ebn asnj\u00eb fjal\u00eb, por kur e kaluan M\u00ebhall\u00ebn e Re, hanko Hakja desh t\u2018i pyes se ku po e \u00e7ojn\u00eb, por at\u00ebher\u00eb e kuptoi se di\u00e7ka nuk ishte n\u00eb rregull. Nga frika nuk mundi ta \u00a0\u00e7elte goj\u00ebn, dhe ashtu e kuptoi se po iu afrohen Valdanosit, dhe menj\u00ebhere e pat t\u00eb qart\u00eb se me k\u00eb do t\u00eb kishte pun\u00eb. E kuptoi se xhind\u00ebt, si ka treguar m\u00eb von\u00eb, kishin nevoj\u00eb p\u00ebr t\u00eb. Kur iu afruan shpell\u00ebs te kroi, xhindeshat filluan t\u00eb kendojn\u00eb k\u00ebng\u00ebn duke e shprehur d\u00ebshir\u00ebn \u00a0q\u00eb donin djal\u00eb. \u201c Ne na baft\u00eb Lehona djal\u00eb, e lum avurd\u00eb se \u00e7ke me mar\u00eb. Ne na baft\u00eb lehona vajz\u00eb, e zeza avurd\u00eb se \u00e7ka ka me heke,. hajde, hajde djal\u00eb, na sheno neve tan\u00eb..\u00ebsht\u00eb lutur Hakja Zotit ne vete. Nusja e re, xhindesha e bukur lindi pra djal\u00eb, dhe shenll\u00ebku dhe g\u00ebzimi i madh zgjat\u00ebn deri von\u00eb. E frik\u00ebsuar hanko Hakja priti deri sa xhindeshat e lejuan q\u00eb t\u00eb khehet n\u00eb sht\u00ebpi. E fal\u00ebnderuan dhe ia vuan nj\u00eb gjerdan me florinj.\u00a0 \u00a0 \u00a0 \u00a0Duke u kthyer rrug\u00ebs n\u00ebp\u00ebr ullisht\u00eb t\u00eb err\u00ebt Hakja nga gjerdani k\u00ebputte florinj dhe i hidhte n\u00eb rrug\u00eb, duke menduar se jan\u00eb hudhra. Kur i \u00ebsht\u00eb afruar M\u00ebhall\u00ebs s\u00eb Re i kishte hedhur t\u00eb gjith\u00eb. Kur erdhi n\u00eb sht\u00ebpi hoqi benebrek\u00ebt dhe n\u00eb \u00e7ardak ran\u00eb dy napoluna dhe at\u00ebher\u00eb e kuptoi se \u00e7ka kishte fituar prej xhindeshave. N\u00eb m\u00ebngjes sa zbardhi drita u zgjua dhe shkoi menj\u00ebher\u00eb t\u00eb k\u00ebrkoj\u00eb florinjt\u00eb t\u00eb cil\u00ebt i kishte hedhur. E kuptoi se pas saj xhind\u00ebt i kishin mledhur t\u00eb gjith\u00eb, kurse Hanko Hakes, ia l\u00ebn\u00eb vet\u00ebm ata dy n\u00eb benebrek\u00eb.<\/p>\n<p><strong>Ismet Karamanaga 25.04.2010<\/strong><\/p>\n","protected":false},"excerpt":{"rendered":"<p>Edhe shqiptar\u00ebt si t\u00eb gjith\u00eb popujt e tjer\u00eb \u00a0kan\u00eb legjenda \u00a0t\u00eb ndryshme, q\u00eb i kan\u00eb trash\u00ebguar nga koh\u00ebt e lashta, dhe t\u00eb cilat rrjedhin nga mitologjia. Shpesh k\u00ebto legjenda e kan\u00eb baz\u00ebn edhe nga ngjarjet nga historia, t\u00eb cilat populli duke i treguar me goj\u00eb brez pas brezi, nganj\u00ebhere i ka dh\u00ebn\u00eb imazhe magjike me [&hellip;]<\/p>\n","protected":false},"author":6,"featured_media":0,"comment_status":"open","ping_status":"closed","sticky":false,"template":"","format":"standard","meta":{"spay_email":"","jetpack_publicize_message":"","jetpack_is_tweetstorm":false,"jetpack_publicize_feature_enabled":true},"categories":[14249],"tags":[20360,20359,200],"jetpack_publicize_connections":[],"yoast_head":"<!-- This site is optimized with the Yoast SEO plugin v19.1 - https:\/\/yoast.com\/wordpress\/plugins\/seo\/ -->\n<title>Legjenda e Kroit t\u00eb Zanave - Lajme nga Ulqini<\/title>\n<meta name=\"description\" content=\"Edhe shqiptar\u00ebt si t\u00eb gjith\u00eb popujt e tjer\u00eb \u00a0kan\u00eb legjenda \u00a0t\u00eb ndryshme, q\u00eb i kan\u00eb trash\u00ebguar nga koh\u00ebt e lashta, dhe t\u00eb cilat rrjedhin nga mitologjia.\" \/>\n<meta name=\"robots\" content=\"index, follow, max-snippet:-1, max-image-preview:large, max-video-preview:-1\" \/>\n<link rel=\"canonical\" href=\"https:\/\/www.visit-ulcinj.com\/blog\/2012\/04\/26\/legjenda-e-kroit-te-zanave\/\" \/>\n<meta property=\"og:locale\" content=\"en_US\" \/>\n<meta property=\"og:type\" content=\"article\" \/>\n<meta property=\"og:title\" content=\"Legjenda e Kroit t\u00eb Zanave - Lajme nga Ulqini\" \/>\n<meta property=\"og:description\" content=\"Edhe shqiptar\u00ebt si t\u00eb gjith\u00eb popujt e tjer\u00eb \u00a0kan\u00eb legjenda \u00a0t\u00eb ndryshme, q\u00eb i kan\u00eb trash\u00ebguar nga koh\u00ebt e lashta, dhe t\u00eb cilat rrjedhin nga mitologjia.\" \/>\n<meta property=\"og:url\" content=\"https:\/\/www.visit-ulcinj.com\/blog\/2012\/04\/26\/legjenda-e-kroit-te-zanave\/\" \/>\n<meta property=\"og:site_name\" content=\"Lajme nga Ulqini\" \/>\n<meta property=\"article:published_time\" content=\"2012-04-26T06:01:58+00:00\" \/>\n<meta property=\"article:modified_time\" content=\"2012-04-26T14:36:41+00:00\" \/>\n<meta property=\"og:image\" content=\"http:\/\/www.visit-ulcinj.com\/blog\/wp-content\/uploads\/2012\/04\/kroni1.jpg\" \/>\n<meta name=\"twitter:label1\" content=\"Written by\" \/>\n\t<meta name=\"twitter:data1\" content=\"Ismet Karamanaga\" \/>\n\t<meta name=\"twitter:label2\" content=\"Est. reading time\" \/>\n\t<meta name=\"twitter:data2\" content=\"5 minutes\" \/>\n<script type=\"application\/ld+json\" class=\"yoast-schema-graph\">{\"@context\":\"https:\/\/schema.org\",\"@graph\":[{\"@type\":\"WebSite\",\"@id\":\"https:\/\/www.visit-ulcinj.com\/blog\/#website\",\"url\":\"https:\/\/www.visit-ulcinj.com\/blog\/\",\"name\":\"Lajme nga Ulqini\",\"description\":\"Lajme,Vijesti,Ulqini,Ulqin,Crna Gora,Mali i Zi\",\"potentialAction\":[{\"@type\":\"SearchAction\",\"target\":{\"@type\":\"EntryPoint\",\"urlTemplate\":\"https:\/\/www.visit-ulcinj.com\/blog\/?s={search_term_string}\"},\"query-input\":\"required name=search_term_string\"}],\"inLanguage\":\"en-US\"},{\"@type\":\"ImageObject\",\"inLanguage\":\"en-US\",\"@id\":\"https:\/\/www.visit-ulcinj.com\/blog\/2012\/04\/26\/legjenda-e-kroit-te-zanave\/#primaryimage\",\"url\":\"https:\/\/www.visit-ulcinj.com\/blog\/wp-content\/uploads\/2012\/04\/kroni1.jpg\",\"contentUrl\":\"https:\/\/www.visit-ulcinj.com\/blog\/wp-content\/uploads\/2012\/04\/kroni1.jpg\",\"width\":\"720\",\"height\":\"540\"},{\"@type\":\"WebPage\",\"@id\":\"https:\/\/www.visit-ulcinj.com\/blog\/2012\/04\/26\/legjenda-e-kroit-te-zanave\/#webpage\",\"url\":\"https:\/\/www.visit-ulcinj.com\/blog\/2012\/04\/26\/legjenda-e-kroit-te-zanave\/\",\"name\":\"Legjenda e Kroit t\u00eb Zanave - Lajme nga Ulqini\",\"isPartOf\":{\"@id\":\"https:\/\/www.visit-ulcinj.com\/blog\/#website\"},\"primaryImageOfPage\":{\"@id\":\"https:\/\/www.visit-ulcinj.com\/blog\/2012\/04\/26\/legjenda-e-kroit-te-zanave\/#primaryimage\"},\"datePublished\":\"2012-04-26T06:01:58+00:00\",\"dateModified\":\"2012-04-26T14:36:41+00:00\",\"author\":{\"@id\":\"https:\/\/www.visit-ulcinj.com\/blog\/#\/schema\/person\/54acbe73e5e40d103054a73871775f79\"},\"description\":\"Edhe shqiptar\u00ebt si t\u00eb gjith\u00eb popujt e tjer\u00eb \u00a0kan\u00eb legjenda \u00a0t\u00eb ndryshme, q\u00eb i kan\u00eb trash\u00ebguar nga koh\u00ebt e lashta, dhe t\u00eb cilat rrjedhin nga mitologjia.\",\"breadcrumb\":{\"@id\":\"https:\/\/www.visit-ulcinj.com\/blog\/2012\/04\/26\/legjenda-e-kroit-te-zanave\/#breadcrumb\"},\"inLanguage\":\"en-US\",\"potentialAction\":[{\"@type\":\"ReadAction\",\"target\":[\"https:\/\/www.visit-ulcinj.com\/blog\/2012\/04\/26\/legjenda-e-kroit-te-zanave\/\"]}]},{\"@type\":\"BreadcrumbList\",\"@id\":\"https:\/\/www.visit-ulcinj.com\/blog\/2012\/04\/26\/legjenda-e-kroit-te-zanave\/#breadcrumb\",\"itemListElement\":[{\"@type\":\"ListItem\",\"position\":1,\"name\":\"Legjenda e Kroit t\u00eb Zanave\"}]},{\"@type\":\"Person\",\"@id\":\"https:\/\/www.visit-ulcinj.com\/blog\/#\/schema\/person\/54acbe73e5e40d103054a73871775f79\",\"name\":\"Ismet Karamanaga\",\"description\":\"Kam punuar si ciceron p\u00ebr shum\\\"agjensi turistike nga vendi dhe nga bota.\",\"url\":\"https:\/\/www.visit-ulcinj.com\/blog\/author\/ismet\/\"}]}<\/script>\n<!-- \/ Yoast SEO plugin. -->","yoast_head_json":{"title":"Legjenda e Kroit t\u00eb Zanave - Lajme nga Ulqini","description":"Edhe shqiptar\u00ebt si t\u00eb gjith\u00eb popujt e tjer\u00eb \u00a0kan\u00eb legjenda \u00a0t\u00eb ndryshme, q\u00eb i kan\u00eb trash\u00ebguar nga koh\u00ebt e lashta, dhe t\u00eb cilat rrjedhin nga mitologjia.","robots":{"index":"index","follow":"follow","max-snippet":"max-snippet:-1","max-image-preview":"max-image-preview:large","max-video-preview":"max-video-preview:-1"},"canonical":"https:\/\/www.visit-ulcinj.com\/blog\/2012\/04\/26\/legjenda-e-kroit-te-zanave\/","og_locale":"en_US","og_type":"article","og_title":"Legjenda e Kroit t\u00eb Zanave - Lajme nga Ulqini","og_description":"Edhe shqiptar\u00ebt si t\u00eb gjith\u00eb popujt e tjer\u00eb \u00a0kan\u00eb legjenda \u00a0t\u00eb ndryshme, q\u00eb i kan\u00eb trash\u00ebguar nga koh\u00ebt e lashta, dhe t\u00eb cilat rrjedhin nga mitologjia.","og_url":"https:\/\/www.visit-ulcinj.com\/blog\/2012\/04\/26\/legjenda-e-kroit-te-zanave\/","og_site_name":"Lajme nga Ulqini","article_published_time":"2012-04-26T06:01:58+00:00","article_modified_time":"2012-04-26T14:36:41+00:00","og_image":[{"url":"http:\/\/www.visit-ulcinj.com\/blog\/wp-content\/uploads\/2012\/04\/kroni1.jpg"}],"twitter_misc":{"Written by":"Ismet Karamanaga","Est. reading time":"5 minutes"},"schema":{"@context":"https:\/\/schema.org","@graph":[{"@type":"WebSite","@id":"https:\/\/www.visit-ulcinj.com\/blog\/#website","url":"https:\/\/www.visit-ulcinj.com\/blog\/","name":"Lajme nga Ulqini","description":"Lajme,Vijesti,Ulqini,Ulqin,Crna Gora,Mali i Zi","potentialAction":[{"@type":"SearchAction","target":{"@type":"EntryPoint","urlTemplate":"https:\/\/www.visit-ulcinj.com\/blog\/?s={search_term_string}"},"query-input":"required name=search_term_string"}],"inLanguage":"en-US"},{"@type":"ImageObject","inLanguage":"en-US","@id":"https:\/\/www.visit-ulcinj.com\/blog\/2012\/04\/26\/legjenda-e-kroit-te-zanave\/#primaryimage","url":"https:\/\/www.visit-ulcinj.com\/blog\/wp-content\/uploads\/2012\/04\/kroni1.jpg","contentUrl":"https:\/\/www.visit-ulcinj.com\/blog\/wp-content\/uploads\/2012\/04\/kroni1.jpg","width":"720","height":"540"},{"@type":"WebPage","@id":"https:\/\/www.visit-ulcinj.com\/blog\/2012\/04\/26\/legjenda-e-kroit-te-zanave\/#webpage","url":"https:\/\/www.visit-ulcinj.com\/blog\/2012\/04\/26\/legjenda-e-kroit-te-zanave\/","name":"Legjenda e Kroit t\u00eb Zanave - Lajme nga Ulqini","isPartOf":{"@id":"https:\/\/www.visit-ulcinj.com\/blog\/#website"},"primaryImageOfPage":{"@id":"https:\/\/www.visit-ulcinj.com\/blog\/2012\/04\/26\/legjenda-e-kroit-te-zanave\/#primaryimage"},"datePublished":"2012-04-26T06:01:58+00:00","dateModified":"2012-04-26T14:36:41+00:00","author":{"@id":"https:\/\/www.visit-ulcinj.com\/blog\/#\/schema\/person\/54acbe73e5e40d103054a73871775f79"},"description":"Edhe shqiptar\u00ebt si t\u00eb gjith\u00eb popujt e tjer\u00eb \u00a0kan\u00eb legjenda \u00a0t\u00eb ndryshme, q\u00eb i kan\u00eb trash\u00ebguar nga koh\u00ebt e lashta, dhe t\u00eb cilat rrjedhin nga mitologjia.","breadcrumb":{"@id":"https:\/\/www.visit-ulcinj.com\/blog\/2012\/04\/26\/legjenda-e-kroit-te-zanave\/#breadcrumb"},"inLanguage":"en-US","potentialAction":[{"@type":"ReadAction","target":["https:\/\/www.visit-ulcinj.com\/blog\/2012\/04\/26\/legjenda-e-kroit-te-zanave\/"]}]},{"@type":"BreadcrumbList","@id":"https:\/\/www.visit-ulcinj.com\/blog\/2012\/04\/26\/legjenda-e-kroit-te-zanave\/#breadcrumb","itemListElement":[{"@type":"ListItem","position":1,"name":"Legjenda e Kroit t\u00eb Zanave"}]},{"@type":"Person","@id":"https:\/\/www.visit-ulcinj.com\/blog\/#\/schema\/person\/54acbe73e5e40d103054a73871775f79","name":"Ismet Karamanaga","description":"Kam punuar si ciceron p\u00ebr shum\"agjensi turistike nga vendi dhe nga bota.","url":"https:\/\/www.visit-ulcinj.com\/blog\/author\/ismet\/"}]}},"jetpack_featured_media_url":"","jetpack_sharing_enabled":true,"jetpack_shortlink":"https:\/\/wp.me\/pe6lTn-fwa","_links":{"self":[{"href":"https:\/\/www.visit-ulcinj.com\/blog\/wp-json\/wp\/v2\/posts\/59654"}],"collection":[{"href":"https:\/\/www.visit-ulcinj.com\/blog\/wp-json\/wp\/v2\/posts"}],"about":[{"href":"https:\/\/www.visit-ulcinj.com\/blog\/wp-json\/wp\/v2\/types\/post"}],"author":[{"embeddable":true,"href":"https:\/\/www.visit-ulcinj.com\/blog\/wp-json\/wp\/v2\/users\/6"}],"replies":[{"embeddable":true,"href":"https:\/\/www.visit-ulcinj.com\/blog\/wp-json\/wp\/v2\/comments?post=59654"}],"version-history":[{"count":8,"href":"https:\/\/www.visit-ulcinj.com\/blog\/wp-json\/wp\/v2\/posts\/59654\/revisions"}],"predecessor-version":[{"id":59683,"href":"https:\/\/www.visit-ulcinj.com\/blog\/wp-json\/wp\/v2\/posts\/59654\/revisions\/59683"}],"wp:attachment":[{"href":"https:\/\/www.visit-ulcinj.com\/blog\/wp-json\/wp\/v2\/media?parent=59654"}],"wp:term":[{"taxonomy":"category","embeddable":true,"href":"https:\/\/www.visit-ulcinj.com\/blog\/wp-json\/wp\/v2\/categories?post=59654"},{"taxonomy":"post_tag","embeddable":true,"href":"https:\/\/www.visit-ulcinj.com\/blog\/wp-json\/wp\/v2\/tags?post=59654"}],"curies":[{"name":"wp","href":"https:\/\/api.w.org\/{rel}","templated":true}]}}