{"id":59661,"date":"2012-04-26T08:01:51","date_gmt":"2012-04-26T07:01:51","guid":{"rendered":"http:\/\/www.visit-ulcinj.com\/blog\/?p=59661"},"modified":"2012-04-26T15:21:50","modified_gmt":"2012-04-26T14:21:50","slug":"hajredin-kovaci-permbledhjen-me-poezi-vrasja-e-frikes","status":"publish","type":"post","link":"https:\/\/www.visit-ulcinj.com\/blog\/2012\/04\/26\/hajredin-kovaci-permbledhjen-me-poezi-vrasja-e-frikes\/","title":{"rendered":"Hajredin Kova\u00e7i: P\u00ebrmbledhje me poezi \u201cVrasja e frik\u00ebs\u201d"},"content":{"rendered":"<p><strong><a href=\"http:\/\/www.visit-ulcinj.com\/blog\/wp-content\/uploads\/2012\/04\/Hajredin-Kovaci-libri-Vrasja-e-frikes.jpg\"><img loading=\"lazy\" class=\"alignleft  wp-image-59662\" title=\"Hajredin Kovaci - libri Vrasja e frikes\" src=\"http:\/\/www.visit-ulcinj.com\/blog\/wp-content\/uploads\/2012\/04\/Hajredin-Kovaci-libri-Vrasja-e-frikes.jpg\" alt=\"\" width=\"340\" height=\"420\" \/><\/a>Shoqata e Artist\u00ebve dhe Intelektual\u00ebve \u201cArt Club\u201d<\/strong><\/p>\n<p>Ulqin, m\u00eb 25 prill 2012<\/p>\n<p><strong>\u00a0<\/strong><\/p>\n<p><strong>\u00a0<\/strong><\/p>\n<p align=\"center\"><strong>Njoftim p\u00ebr media<\/strong><\/p>\n<p align=\"center\"><strong>\u00a0<\/strong><\/p>\n<p align=\"center\"><strong>\u201cArt Club\u201d boton p\u00ebrmbledhjen me poezi \u201cVrasja e frik\u00ebs\u201d t\u00eb Hajredin Kova\u00e7it<\/strong><\/p>\n<p>N\u00eb kuad\u00ebr t\u00eb edicionit botues t\u00eb Shoqat\u00ebs s\u00eb Artist\u00ebve dhe Intelektual\u00ebve \u201cArt Club\u201d nga Ulqini para disa dit\u00ebsh doli nga shtypi v\u00ebllimi me poezi \u201cVrasja e frik\u00ebs\u201d i poetit nga Ulqini, Hajredin Kova\u00e7i.<\/p>\n<p>Kjo \u00ebsht\u00eb p\u00ebrmbledhja e tret\u00eb e autorit i cili m\u00eb par\u00eb ka botuar v\u00ebllimet me poezi \u201cEcje pa mbarim\u201d dhe \u201cFundi \u00ebsht\u00eb larg\u201d.<\/p>\n<p>P\u00ebrmbledhja \u201cVrasja e frik\u00ebs\u201d p\u00ebrb\u00ebhet nga 91 poezi, t\u00eb ndara n\u00eb tre cikle: \u201cAktakuza\u201d, \u201cDeti i bardh\u00eb\u201d dhe \u201cMe h\u00ebn\u00ebn rash\u00eb n\u00eb dashuri\u201d. Ajo paraqet vazhdim\u00ebsi t\u00eb dy v\u00ebllimeve t\u00eb tij t\u00eb m\u00ebparshme poetike, ku poeti shpreh shqet\u00ebsimin p\u00ebr dukurit\u00eb negative t\u00eb shoq\u00ebris\u00eb s\u00eb sotme shqiptare, vlerat e n\u00ebp\u00ebrk\u00ebmbura morale etj.<\/p>\n<p>Redaktor i librit \u00ebsht\u00eb Basri \u00c7apriqi, recensent Haxhi Shabani, lektor Ismet Kallaba, redaktor teknik Gazmend \u00c7itaku dhe autor i ballin\u00ebs Agron Ujkashi.<\/p>\n<p>Libri \u00ebsht\u00eb shtypur n\u00eb Entin Botues \u201cGjergj Fishta\u201d n\u00eb Lezh\u00eb dhe botimi i tij \u00ebsht\u00eb mb\u00ebshtetur nga Fondi p\u00ebr Pakica i Malit t\u00eb Zi.<\/p>\n<p>Ky lib\u00ebr pasuron koleksionin e botimeve t\u00eb SHAI \u201cArt Club\u201d, si botuesit m\u00eb t\u00eb madh nd\u00ebr shqiptar\u00ebt n\u00eb Mal t\u00eb Zi. N\u00eb kuad\u00ebr t\u00eb veprimtaris\u00eb s\u00eb saj botuese, kjo shoqat\u00eb ka botuar deri tani rreth 80 libra, kryesisht t\u00eb autor\u00ebve shqiptar\u00eb n\u00eb Malin e Zi.<\/p>\n<p>&nbsp;<\/p>\n<p><strong>Vler\u00ebsime p\u00ebr librin \u201cVrasja e frik\u00ebs\u201d <\/strong><\/p>\n<p>&nbsp;<\/p>\n<p>Q\u00eb me librin e tij t\u00eb par\u00eb, Hajredin Kova\u00e7i ka dh\u00ebn\u00eb shenja se do t\u00eb regjistroj\u00eb me shum\u00eb kujdes dukuri q\u00eb e bezdisin dhe nuk e l\u00ebn\u00eb indiferent n\u00eb ambientin ku jeton dhe ku ai merr pjes\u00eb emocionalisht n\u00eb artikulimin e nj\u00eb bote t\u00eb rr\u00ebmujshme dhe plot paradokse. Poeti ka gjetur rrug\u00ebn m\u00eb t\u00eb mir\u00eb p\u00ebr t\u2019u ballafaquar me nj\u00eb bot\u00eb q\u00eb shfaq \u00e7do dit\u00eb agresivitetin social, politik e moral, rrug\u00ebn e distanc\u00ebs ironike me t\u00eb cil\u00ebn ka arritur q\u00eb me shum\u00eb eleganc\u00eb t\u00eb shp\u00ebrfaq\u00eb r\u00ebnien, rr\u00ebnimin dhe degradimin e k\u00ebsaj bote q\u00eb e rrethon \u00e7do dit\u00eb. Me secilin lib\u00ebr, Kova\u00e7i ka sh\u00ebnuar nj\u00eb ngritje cil\u00ebsore n\u00eb planin e prozodis\u00eb poetike ku n\u00eb librin e tij t\u00eb fundit ka arritur t\u00eb na jap\u00eb nj\u00eb produkt cil\u00ebsor gjuh\u00ebsor artistik si dhe nj\u00eb bot\u00eb t\u00eb pasur emocionale t\u00eb cil\u00ebn nuk e kishim par\u00eb m\u00eb par\u00eb n\u00eb opusin poetik t\u00eb k\u00ebtij poeti\u201d.<\/p>\n<p>&nbsp;<\/p>\n<p><strong>Prof. dr. Basri \u00c7apriqi, poet dhe studiues <\/strong><\/p>\n<p>&nbsp;<\/p>\n<p>&nbsp;<\/p>\n<p>Prirja e theksuar p\u00ebr kontemplacion, metaforika e thell\u00eb dhe asociative, pesimizmi q\u00eb rrezikon t\u00eb kaloj\u00eb n\u00eb filozofi t\u00eb absurdit, thithja e v\u00ebshtir\u00ebsuar e oksigjenit jet\u00ebdh\u00ebn\u00ebs, paraqesin disa ve\u00e7anti t\u00eb poezis\u00eb s\u00eb Hajredin Kova\u00e7it. Gjuha poetike \u00ebsht\u00eb e kodifikuar, shum\u00ebshtresore. Libri sikur t\u00eb jep p\u00ebrshtypjen e nj\u00eb galerie ku ekspozohen torzo lirike. Hajredin Kova\u00e7i \u00ebsht\u00eb nj\u00eb krijues intravert, por ka shpirt artisti.<\/p>\n<p><strong>Mr. Anton Goj\u00e7aj, shkrimtar dhe kritik\u00a0 <\/strong><\/p>\n<p>&nbsp;<\/p>\n<p><strong>Biografia e Hajredin Kova\u00e7it <\/strong><\/p>\n<p>Hajredin Kova\u00e7i u lind n\u00eb Dragin\u00eb (Ulqin) n\u00eb vitin 1960. Shkoll\u00ebn fillore e kreu n\u00eb An\u00eb t\u00eb Malit, kurse at\u00eb t\u00eb mesme n\u00eb Ulqin. Ishte nx\u00ebn\u00ebs i shk\u00eblqyer dhe mori Diplom\u00ebn \u201cLlu\u00e7a\u201d. N\u00eb vitin 1979 u regjistrua n\u00eb Fakultetin Ekonomik n\u00eb Universitetin e Prishtin\u00ebs, ku si rezultat i trazirave t\u00eb vitit 1981, u arrestua n\u00eb Prishtin\u00eb dhe u d\u00ebnua politikisht me dy vjet burg.<\/p>\n<p>Ka filluar t\u00eb shkruaj shum\u00eb her\u00ebt dhe ka botuar her\u00eb pas here n\u00eb revistat e koh\u00ebs duke filluar n\u00eb \u201cFillimet\u201d, \u201cZ\u00ebri i Rinis\u00eb\u201d, \u201cBota e re\u201d, \u201cFati\u201d, e m\u00eb von\u00eb edhe n\u00eb revist\u00ebn \u201cLemba\u201d, \u201cAlternativa\u201d, \u201cKoha javore\u201d etj. Deri tani ka botuar tri p\u00ebrmbledhje me poezi: \u201cEcje pa mbarim\u201d, \u201cFundi \u00ebsht\u00eb larg\u201d dhe s\u00eb fundmi \u201cVrasja e frik\u00ebs\u201d.<\/p>\n<p>\u00cbsht\u00eb nj\u00ebri nd\u00ebr themeluesit e subjektit t\u00eb par\u00eb politik t\u00eb shqiptar\u00ebve n\u00eb Malin e Zi \u2013 Lidhjes Demokratike n\u00eb Mal t\u00eb Zi. Gjithashtu \u00ebsht\u00eb nj\u00eb nd\u00ebr themeluesit e Shoqat\u00ebs s\u00eb Artist\u00ebve dhe Intelektual\u00ebve \u201cArt Club\u201d dhe Fondacionit \u201cStudenti\u201d q\u00eb veprojn\u00eb n\u00eb Komun\u00ebn e Ulqinit.<\/p>\n<p><strong>Ismet Kallaba<\/strong><br \/>\n<strong>Lajme nga Ulqini<\/strong><\/p>\n","protected":false},"excerpt":{"rendered":"<p>Shoqata e Artist\u00ebve dhe Intelektual\u00ebve \u201cArt Club\u201d Ulqin, m\u00eb 25 prill 2012 \u00a0 \u00a0 Njoftim p\u00ebr media \u00a0 \u201cArt Club\u201d boton p\u00ebrmbledhjen me poezi \u201cVrasja e frik\u00ebs\u201d t\u00eb Hajredin Kova\u00e7it N\u00eb kuad\u00ebr t\u00eb edicionit botues t\u00eb Shoqat\u00ebs s\u00eb Artist\u00ebve dhe Intelektual\u00ebve \u201cArt Club\u201d nga Ulqini para disa dit\u00ebsh doli nga shtypi v\u00ebllimi me poezi \u201cVrasja [&hellip;]<\/p>\n","protected":false},"author":1,"featured_media":0,"comment_status":"open","ping_status":"closed","sticky":false,"template":"","format":"standard","meta":{"spay_email":"","jetpack_publicize_message":"","jetpack_is_tweetstorm":false,"jetpack_publicize_feature_enabled":true},"categories":[4],"tags":[212,4187,20357,3720,200,18,20356],"jetpack_publicize_connections":[],"yoast_head":"<!-- This site is optimized with the Yoast SEO plugin v19.1 - https:\/\/yoast.com\/wordpress\/plugins\/seo\/ -->\n<title>Hajredin Kova\u00e7i: P\u00ebrmbledhje me poezi \u201cVrasja e frik\u00ebs\u201d - Lajme nga Ulqini<\/title>\n<meta name=\"description\" content=\"Shoqata e Artist\u00ebve dhe Intelektual\u00ebve \u201cArt Club\u201d Ulqin, m\u00eb 25 prill 2012 \u00a0 \u00a0 Njoftim p\u00ebr media \u00a0 \u201cArt Club\u201d boton p\u00ebrmbledhjen me poezi \u201cVrasja e frik\u00ebs\u201d\" \/>\n<meta name=\"robots\" content=\"index, follow, max-snippet:-1, max-image-preview:large, max-video-preview:-1\" \/>\n<link rel=\"canonical\" href=\"https:\/\/www.visit-ulcinj.com\/blog\/2012\/04\/26\/hajredin-kovaci-permbledhjen-me-poezi-vrasja-e-frikes\/\" \/>\n<meta property=\"og:locale\" content=\"en_US\" \/>\n<meta property=\"og:type\" content=\"article\" \/>\n<meta property=\"og:title\" content=\"Hajredin Kova\u00e7i: P\u00ebrmbledhje me poezi \u201cVrasja e frik\u00ebs\u201d - Lajme nga Ulqini\" \/>\n<meta property=\"og:description\" content=\"Shoqata e Artist\u00ebve dhe Intelektual\u00ebve \u201cArt Club\u201d Ulqin, m\u00eb 25 prill 2012 \u00a0 \u00a0 Njoftim p\u00ebr media \u00a0 \u201cArt Club\u201d boton p\u00ebrmbledhjen me poezi \u201cVrasja e frik\u00ebs\u201d\" \/>\n<meta property=\"og:url\" content=\"https:\/\/www.visit-ulcinj.com\/blog\/2012\/04\/26\/hajredin-kovaci-permbledhjen-me-poezi-vrasja-e-frikes\/\" \/>\n<meta property=\"og:site_name\" content=\"Lajme nga Ulqini\" \/>\n<meta property=\"article:published_time\" content=\"2012-04-26T07:01:51+00:00\" \/>\n<meta property=\"article:modified_time\" content=\"2012-04-26T14:21:50+00:00\" \/>\n<meta property=\"og:image\" content=\"http:\/\/www.visit-ulcinj.com\/blog\/wp-content\/uploads\/2012\/04\/Hajredin-Kovaci-libri-Vrasja-e-frikes.jpg\" \/>\n<meta name=\"twitter:label1\" content=\"Written by\" \/>\n\t<meta name=\"twitter:data1\" content=\"ulqini\" \/>\n\t<meta name=\"twitter:label2\" content=\"Est. reading time\" \/>\n\t<meta name=\"twitter:data2\" content=\"4 minutes\" \/>\n<script type=\"application\/ld+json\" class=\"yoast-schema-graph\">{\"@context\":\"https:\/\/schema.org\",\"@graph\":[{\"@type\":\"WebSite\",\"@id\":\"https:\/\/www.visit-ulcinj.com\/blog\/#website\",\"url\":\"https:\/\/www.visit-ulcinj.com\/blog\/\",\"name\":\"Lajme nga Ulqini\",\"description\":\"Lajme,Vijesti,Ulqini,Ulqin,Crna Gora,Mali i Zi\",\"potentialAction\":[{\"@type\":\"SearchAction\",\"target\":{\"@type\":\"EntryPoint\",\"urlTemplate\":\"https:\/\/www.visit-ulcinj.com\/blog\/?s={search_term_string}\"},\"query-input\":\"required name=search_term_string\"}],\"inLanguage\":\"en-US\"},{\"@type\":\"ImageObject\",\"inLanguage\":\"en-US\",\"@id\":\"https:\/\/www.visit-ulcinj.com\/blog\/2012\/04\/26\/hajredin-kovaci-permbledhjen-me-poezi-vrasja-e-frikes\/#primaryimage\",\"url\":\"https:\/\/www.visit-ulcinj.com\/blog\/wp-content\/uploads\/2012\/04\/Hajredin-Kovaci-libri-Vrasja-e-frikes.jpg\",\"contentUrl\":\"https:\/\/www.visit-ulcinj.com\/blog\/wp-content\/uploads\/2012\/04\/Hajredin-Kovaci-libri-Vrasja-e-frikes.jpg\",\"width\":\"709\",\"height\":\"1137\"},{\"@type\":\"WebPage\",\"@id\":\"https:\/\/www.visit-ulcinj.com\/blog\/2012\/04\/26\/hajredin-kovaci-permbledhjen-me-poezi-vrasja-e-frikes\/#webpage\",\"url\":\"https:\/\/www.visit-ulcinj.com\/blog\/2012\/04\/26\/hajredin-kovaci-permbledhjen-me-poezi-vrasja-e-frikes\/\",\"name\":\"Hajredin Kova\u00e7i: P\u00ebrmbledhje me poezi \u201cVrasja e frik\u00ebs\u201d - Lajme nga Ulqini\",\"isPartOf\":{\"@id\":\"https:\/\/www.visit-ulcinj.com\/blog\/#website\"},\"primaryImageOfPage\":{\"@id\":\"https:\/\/www.visit-ulcinj.com\/blog\/2012\/04\/26\/hajredin-kovaci-permbledhjen-me-poezi-vrasja-e-frikes\/#primaryimage\"},\"datePublished\":\"2012-04-26T07:01:51+00:00\",\"dateModified\":\"2012-04-26T14:21:50+00:00\",\"author\":{\"@id\":\"https:\/\/www.visit-ulcinj.com\/blog\/#\/schema\/person\/dcab619c614d3038751c63bc2aadc06d\"},\"description\":\"Shoqata e Artist\u00ebve dhe Intelektual\u00ebve \u201cArt Club\u201d Ulqin, m\u00eb 25 prill 2012 \u00a0 \u00a0 Njoftim p\u00ebr media \u00a0 \u201cArt Club\u201d boton p\u00ebrmbledhjen me poezi \u201cVrasja e frik\u00ebs\u201d\",\"breadcrumb\":{\"@id\":\"https:\/\/www.visit-ulcinj.com\/blog\/2012\/04\/26\/hajredin-kovaci-permbledhjen-me-poezi-vrasja-e-frikes\/#breadcrumb\"},\"inLanguage\":\"en-US\",\"potentialAction\":[{\"@type\":\"ReadAction\",\"target\":[\"https:\/\/www.visit-ulcinj.com\/blog\/2012\/04\/26\/hajredin-kovaci-permbledhjen-me-poezi-vrasja-e-frikes\/\"]}]},{\"@type\":\"BreadcrumbList\",\"@id\":\"https:\/\/www.visit-ulcinj.com\/blog\/2012\/04\/26\/hajredin-kovaci-permbledhjen-me-poezi-vrasja-e-frikes\/#breadcrumb\",\"itemListElement\":[{\"@type\":\"ListItem\",\"position\":1,\"name\":\"Hajredin Kova\u00e7i: P\u00ebrmbledhje me poezi \u201cVrasja e frik\u00ebs\u201d\"}]},{\"@type\":\"Person\",\"@id\":\"https:\/\/www.visit-ulcinj.com\/blog\/#\/schema\/person\/dcab619c614d3038751c63bc2aadc06d\",\"name\":\"ulqini\",\"sameAs\":[\"http:\/\/www.visit-ulcinj.com\"],\"url\":\"https:\/\/www.visit-ulcinj.com\/blog\/author\/admin\/\"}]}<\/script>\n<!-- \/ Yoast SEO plugin. -->","yoast_head_json":{"title":"Hajredin Kova\u00e7i: P\u00ebrmbledhje me poezi \u201cVrasja e frik\u00ebs\u201d - Lajme nga Ulqini","description":"Shoqata e Artist\u00ebve dhe Intelektual\u00ebve \u201cArt Club\u201d Ulqin, m\u00eb 25 prill 2012 \u00a0 \u00a0 Njoftim p\u00ebr media \u00a0 \u201cArt Club\u201d boton p\u00ebrmbledhjen me poezi \u201cVrasja e frik\u00ebs\u201d","robots":{"index":"index","follow":"follow","max-snippet":"max-snippet:-1","max-image-preview":"max-image-preview:large","max-video-preview":"max-video-preview:-1"},"canonical":"https:\/\/www.visit-ulcinj.com\/blog\/2012\/04\/26\/hajredin-kovaci-permbledhjen-me-poezi-vrasja-e-frikes\/","og_locale":"en_US","og_type":"article","og_title":"Hajredin Kova\u00e7i: P\u00ebrmbledhje me poezi \u201cVrasja e frik\u00ebs\u201d - Lajme nga Ulqini","og_description":"Shoqata e Artist\u00ebve dhe Intelektual\u00ebve \u201cArt Club\u201d Ulqin, m\u00eb 25 prill 2012 \u00a0 \u00a0 Njoftim p\u00ebr media \u00a0 \u201cArt Club\u201d boton p\u00ebrmbledhjen me poezi \u201cVrasja e frik\u00ebs\u201d","og_url":"https:\/\/www.visit-ulcinj.com\/blog\/2012\/04\/26\/hajredin-kovaci-permbledhjen-me-poezi-vrasja-e-frikes\/","og_site_name":"Lajme nga Ulqini","article_published_time":"2012-04-26T07:01:51+00:00","article_modified_time":"2012-04-26T14:21:50+00:00","og_image":[{"url":"http:\/\/www.visit-ulcinj.com\/blog\/wp-content\/uploads\/2012\/04\/Hajredin-Kovaci-libri-Vrasja-e-frikes.jpg"}],"twitter_misc":{"Written by":"ulqini","Est. reading time":"4 minutes"},"schema":{"@context":"https:\/\/schema.org","@graph":[{"@type":"WebSite","@id":"https:\/\/www.visit-ulcinj.com\/blog\/#website","url":"https:\/\/www.visit-ulcinj.com\/blog\/","name":"Lajme nga Ulqini","description":"Lajme,Vijesti,Ulqini,Ulqin,Crna Gora,Mali i Zi","potentialAction":[{"@type":"SearchAction","target":{"@type":"EntryPoint","urlTemplate":"https:\/\/www.visit-ulcinj.com\/blog\/?s={search_term_string}"},"query-input":"required name=search_term_string"}],"inLanguage":"en-US"},{"@type":"ImageObject","inLanguage":"en-US","@id":"https:\/\/www.visit-ulcinj.com\/blog\/2012\/04\/26\/hajredin-kovaci-permbledhjen-me-poezi-vrasja-e-frikes\/#primaryimage","url":"https:\/\/www.visit-ulcinj.com\/blog\/wp-content\/uploads\/2012\/04\/Hajredin-Kovaci-libri-Vrasja-e-frikes.jpg","contentUrl":"https:\/\/www.visit-ulcinj.com\/blog\/wp-content\/uploads\/2012\/04\/Hajredin-Kovaci-libri-Vrasja-e-frikes.jpg","width":"709","height":"1137"},{"@type":"WebPage","@id":"https:\/\/www.visit-ulcinj.com\/blog\/2012\/04\/26\/hajredin-kovaci-permbledhjen-me-poezi-vrasja-e-frikes\/#webpage","url":"https:\/\/www.visit-ulcinj.com\/blog\/2012\/04\/26\/hajredin-kovaci-permbledhjen-me-poezi-vrasja-e-frikes\/","name":"Hajredin Kova\u00e7i: P\u00ebrmbledhje me poezi \u201cVrasja e frik\u00ebs\u201d - Lajme nga Ulqini","isPartOf":{"@id":"https:\/\/www.visit-ulcinj.com\/blog\/#website"},"primaryImageOfPage":{"@id":"https:\/\/www.visit-ulcinj.com\/blog\/2012\/04\/26\/hajredin-kovaci-permbledhjen-me-poezi-vrasja-e-frikes\/#primaryimage"},"datePublished":"2012-04-26T07:01:51+00:00","dateModified":"2012-04-26T14:21:50+00:00","author":{"@id":"https:\/\/www.visit-ulcinj.com\/blog\/#\/schema\/person\/dcab619c614d3038751c63bc2aadc06d"},"description":"Shoqata e Artist\u00ebve dhe Intelektual\u00ebve \u201cArt Club\u201d Ulqin, m\u00eb 25 prill 2012 \u00a0 \u00a0 Njoftim p\u00ebr media \u00a0 \u201cArt Club\u201d boton p\u00ebrmbledhjen me poezi \u201cVrasja e frik\u00ebs\u201d","breadcrumb":{"@id":"https:\/\/www.visit-ulcinj.com\/blog\/2012\/04\/26\/hajredin-kovaci-permbledhjen-me-poezi-vrasja-e-frikes\/#breadcrumb"},"inLanguage":"en-US","potentialAction":[{"@type":"ReadAction","target":["https:\/\/www.visit-ulcinj.com\/blog\/2012\/04\/26\/hajredin-kovaci-permbledhjen-me-poezi-vrasja-e-frikes\/"]}]},{"@type":"BreadcrumbList","@id":"https:\/\/www.visit-ulcinj.com\/blog\/2012\/04\/26\/hajredin-kovaci-permbledhjen-me-poezi-vrasja-e-frikes\/#breadcrumb","itemListElement":[{"@type":"ListItem","position":1,"name":"Hajredin Kova\u00e7i: P\u00ebrmbledhje me poezi \u201cVrasja e frik\u00ebs\u201d"}]},{"@type":"Person","@id":"https:\/\/www.visit-ulcinj.com\/blog\/#\/schema\/person\/dcab619c614d3038751c63bc2aadc06d","name":"ulqini","sameAs":["http:\/\/www.visit-ulcinj.com"],"url":"https:\/\/www.visit-ulcinj.com\/blog\/author\/admin\/"}]}},"jetpack_featured_media_url":"","jetpack_sharing_enabled":true,"jetpack_shortlink":"https:\/\/wp.me\/pe6lTn-fwh","_links":{"self":[{"href":"https:\/\/www.visit-ulcinj.com\/blog\/wp-json\/wp\/v2\/posts\/59661"}],"collection":[{"href":"https:\/\/www.visit-ulcinj.com\/blog\/wp-json\/wp\/v2\/posts"}],"about":[{"href":"https:\/\/www.visit-ulcinj.com\/blog\/wp-json\/wp\/v2\/types\/post"}],"author":[{"embeddable":true,"href":"https:\/\/www.visit-ulcinj.com\/blog\/wp-json\/wp\/v2\/users\/1"}],"replies":[{"embeddable":true,"href":"https:\/\/www.visit-ulcinj.com\/blog\/wp-json\/wp\/v2\/comments?post=59661"}],"version-history":[{"count":3,"href":"https:\/\/www.visit-ulcinj.com\/blog\/wp-json\/wp\/v2\/posts\/59661\/revisions"}],"predecessor-version":[{"id":59674,"href":"https:\/\/www.visit-ulcinj.com\/blog\/wp-json\/wp\/v2\/posts\/59661\/revisions\/59674"}],"wp:attachment":[{"href":"https:\/\/www.visit-ulcinj.com\/blog\/wp-json\/wp\/v2\/media?parent=59661"}],"wp:term":[{"taxonomy":"category","embeddable":true,"href":"https:\/\/www.visit-ulcinj.com\/blog\/wp-json\/wp\/v2\/categories?post=59661"},{"taxonomy":"post_tag","embeddable":true,"href":"https:\/\/www.visit-ulcinj.com\/blog\/wp-json\/wp\/v2\/tags?post=59661"}],"curies":[{"name":"wp","href":"https:\/\/api.w.org\/{rel}","templated":true}]}}