{"id":59665,"date":"2012-04-26T08:11:30","date_gmt":"2012-04-26T07:11:30","guid":{"rendered":"http:\/\/www.visit-ulcinj.com\/blog\/?p=59665"},"modified":"2012-04-29T18:11:17","modified_gmt":"2012-04-29T17:11:17","slug":"nderroi-jete-fuad-nimani","status":"publish","type":"post","link":"https:\/\/www.visit-ulcinj.com\/blog\/2012\/04\/26\/nderroi-jete-fuad-nimani\/","title":{"rendered":"Nd\u00ebrroi jet\u00eb Fuad Nimani"},"content":{"rendered":"<p><a href=\"http:\/\/www.visit-ulcinj.com\/blog\/wp-content\/uploads\/2012\/04\/Nd\u00ebrroi-jet\u00eb-Fuad-Nimani_ulqin.jpg\"><img loading=\"lazy\" class=\"alignleft  wp-image-59666\" title=\"Nd\u00ebrroi jet\u00eb Fuad Nimani_ulqin\" src=\"http:\/\/www.visit-ulcinj.com\/blog\/wp-content\/uploads\/2012\/04\/Nd\u00ebrroi-jet\u00eb-Fuad-Nimani_ulqin.jpg\" alt=\"\" width=\"400\" height=\"320\" srcset=\"https:\/\/www.visit-ulcinj.com\/blog\/wp-content\/uploads\/2012\/04\/Nd\u00ebrroi-jet\u00eb-Fuad-Nimani_ulqin.jpg 400w, https:\/\/www.visit-ulcinj.com\/blog\/wp-content\/uploads\/2012\/04\/Nd\u00ebrroi-jet\u00eb-Fuad-Nimani_ulqin-300x240.jpg 300w\" sizes=\"(max-width: 400px) 100vw, 400px\" \/><\/a>Ju njoftojm\u00eb se nd\u00ebrroi jet\u00eb , n\u00eb mosh\u00ebn 64-vje\u00e7are,Fuad NIMANI. Profesor i matematik\u00ebs ,N\u00ebnkryetar i UDSH-s\u00eb (1993-1998), Kryetar i UDSH-s\u00eb (1998-2002),Kryetar i Komun\u00ebs s\u00eb Ulqinit (2002-2006) dhe Minist\u00ebr n\u00eb Ministrin p\u00ebr mbrojtjen e popujve pakic\u00eb dhe grupeve etnike n\u00eb Mal t\u00eb Zi (2006-2009).<\/p>\n<p>Sot m\u00eb 26 prill (e enjte) mbahet mbledhja komemorative n\u00eb sall\u00ebn e madhe t\u00eb komun\u00ebs s\u00eb Ulqinit prej or\u00ebs 12:00.<\/p>\n<p>&nbsp;<\/p>\n<p>Stafi i Lajmeve nga Ulqini dergon ngushllimet e sinqerta familjes\u00a0 Nimani.<\/p>\n","protected":false},"excerpt":{"rendered":"<p>Ju njoftojm\u00eb se nd\u00ebrroi jet\u00eb , n\u00eb mosh\u00ebn 64-vje\u00e7are,Fuad NIMANI. Profesor i matematik\u00ebs ,N\u00ebnkryetar i UDSH-s\u00eb (1993-1998), Kryetar i UDSH-s\u00eb (1998-2002),Kryetar i Komun\u00ebs s\u00eb Ulqinit (2002-2006) dhe Minist\u00ebr n\u00eb Ministrin p\u00ebr mbrojtjen e popujve pakic\u00eb dhe grupeve etnike n\u00eb Mal t\u00eb Zi (2006-2009). Sot m\u00eb 26 prill (e enjte) mbahet mbledhja komemorative n\u00eb sall\u00ebn e [&hellip;]<\/p>\n","protected":false},"author":1,"featured_media":0,"comment_status":"open","ping_status":"closed","sticky":false,"template":"","format":"standard","meta":{"spay_email":"","jetpack_publicize_message":"","jetpack_is_tweetstorm":false,"jetpack_publicize_feature_enabled":true},"categories":[1],"tags":[106,20032],"jetpack_publicize_connections":[],"yoast_head":"<!-- This site is optimized with the Yoast SEO plugin v19.1 - https:\/\/yoast.com\/wordpress\/plugins\/seo\/ -->\n<title>Nd\u00ebrroi jet\u00eb Fuad Nimani - Lajme nga Ulqini<\/title>\n<meta name=\"description\" content=\"Ju njoftojm\u00eb se nd\u00ebrroi jet\u00eb , n\u00eb mosh\u00ebn 64-vje\u00e7are,Fuad NIMANI. Profesor i matematik\u00ebs ,N\u00ebnkryetar i UDSH-s\u00eb (1993-1998), Kryetar i UDSH-s\u00eb\" \/>\n<meta name=\"robots\" content=\"index, follow, max-snippet:-1, max-image-preview:large, max-video-preview:-1\" \/>\n<link rel=\"canonical\" href=\"https:\/\/www.visit-ulcinj.com\/blog\/2012\/04\/26\/nderroi-jete-fuad-nimani\/\" \/>\n<meta property=\"og:locale\" content=\"en_US\" \/>\n<meta property=\"og:type\" content=\"article\" \/>\n<meta property=\"og:title\" content=\"Nd\u00ebrroi jet\u00eb Fuad Nimani - Lajme nga Ulqini\" \/>\n<meta property=\"og:description\" content=\"Ju njoftojm\u00eb se nd\u00ebrroi jet\u00eb , n\u00eb mosh\u00ebn 64-vje\u00e7are,Fuad NIMANI. Profesor i matematik\u00ebs ,N\u00ebnkryetar i UDSH-s\u00eb (1993-1998), Kryetar i UDSH-s\u00eb\" \/>\n<meta property=\"og:url\" content=\"https:\/\/www.visit-ulcinj.com\/blog\/2012\/04\/26\/nderroi-jete-fuad-nimani\/\" \/>\n<meta property=\"og:site_name\" content=\"Lajme nga Ulqini\" \/>\n<meta property=\"article:published_time\" content=\"2012-04-26T07:11:30+00:00\" \/>\n<meta property=\"article:modified_time\" content=\"2012-04-29T17:11:17+00:00\" \/>\n<meta name=\"twitter:label1\" content=\"Written by\" \/>\n\t<meta name=\"twitter:data1\" content=\"ulqini\" \/>\n<script type=\"application\/ld+json\" class=\"yoast-schema-graph\">{\"@context\":\"https:\/\/schema.org\",\"@graph\":[{\"@type\":\"WebSite\",\"@id\":\"https:\/\/www.visit-ulcinj.com\/blog\/#website\",\"url\":\"https:\/\/www.visit-ulcinj.com\/blog\/\",\"name\":\"Lajme nga Ulqini\",\"description\":\"Lajme,Vijesti,Ulqini,Ulqin,Crna Gora,Mali i Zi\",\"potentialAction\":[{\"@type\":\"SearchAction\",\"target\":{\"@type\":\"EntryPoint\",\"urlTemplate\":\"https:\/\/www.visit-ulcinj.com\/blog\/?s={search_term_string}\"},\"query-input\":\"required name=search_term_string\"}],\"inLanguage\":\"en-US\"},{\"@type\":\"WebPage\",\"@id\":\"https:\/\/www.visit-ulcinj.com\/blog\/2012\/04\/26\/nderroi-jete-fuad-nimani\/#webpage\",\"url\":\"https:\/\/www.visit-ulcinj.com\/blog\/2012\/04\/26\/nderroi-jete-fuad-nimani\/\",\"name\":\"Nd\u00ebrroi jet\u00eb Fuad Nimani - Lajme nga Ulqini\",\"isPartOf\":{\"@id\":\"https:\/\/www.visit-ulcinj.com\/blog\/#website\"},\"datePublished\":\"2012-04-26T07:11:30+00:00\",\"dateModified\":\"2012-04-29T17:11:17+00:00\",\"author\":{\"@id\":\"https:\/\/www.visit-ulcinj.com\/blog\/#\/schema\/person\/dcab619c614d3038751c63bc2aadc06d\"},\"description\":\"Ju njoftojm\u00eb se nd\u00ebrroi jet\u00eb , n\u00eb mosh\u00ebn 64-vje\u00e7are,Fuad NIMANI. Profesor i matematik\u00ebs ,N\u00ebnkryetar i UDSH-s\u00eb (1993-1998), Kryetar i UDSH-s\u00eb\",\"breadcrumb\":{\"@id\":\"https:\/\/www.visit-ulcinj.com\/blog\/2012\/04\/26\/nderroi-jete-fuad-nimani\/#breadcrumb\"},\"inLanguage\":\"en-US\",\"potentialAction\":[{\"@type\":\"ReadAction\",\"target\":[\"https:\/\/www.visit-ulcinj.com\/blog\/2012\/04\/26\/nderroi-jete-fuad-nimani\/\"]}]},{\"@type\":\"BreadcrumbList\",\"@id\":\"https:\/\/www.visit-ulcinj.com\/blog\/2012\/04\/26\/nderroi-jete-fuad-nimani\/#breadcrumb\",\"itemListElement\":[{\"@type\":\"ListItem\",\"position\":1,\"name\":\"Nd\u00ebrroi jet\u00eb Fuad Nimani\"}]},{\"@type\":\"Person\",\"@id\":\"https:\/\/www.visit-ulcinj.com\/blog\/#\/schema\/person\/dcab619c614d3038751c63bc2aadc06d\",\"name\":\"ulqini\",\"sameAs\":[\"http:\/\/www.visit-ulcinj.com\"],\"url\":\"https:\/\/www.visit-ulcinj.com\/blog\/author\/admin\/\"}]}<\/script>\n<!-- \/ Yoast SEO plugin. -->","yoast_head_json":{"title":"Nd\u00ebrroi jet\u00eb Fuad Nimani - Lajme nga Ulqini","description":"Ju njoftojm\u00eb se nd\u00ebrroi jet\u00eb , n\u00eb mosh\u00ebn 64-vje\u00e7are,Fuad NIMANI. Profesor i matematik\u00ebs ,N\u00ebnkryetar i UDSH-s\u00eb (1993-1998), Kryetar i UDSH-s\u00eb","robots":{"index":"index","follow":"follow","max-snippet":"max-snippet:-1","max-image-preview":"max-image-preview:large","max-video-preview":"max-video-preview:-1"},"canonical":"https:\/\/www.visit-ulcinj.com\/blog\/2012\/04\/26\/nderroi-jete-fuad-nimani\/","og_locale":"en_US","og_type":"article","og_title":"Nd\u00ebrroi jet\u00eb Fuad Nimani - Lajme nga Ulqini","og_description":"Ju njoftojm\u00eb se nd\u00ebrroi jet\u00eb , n\u00eb mosh\u00ebn 64-vje\u00e7are,Fuad NIMANI. Profesor i matematik\u00ebs ,N\u00ebnkryetar i UDSH-s\u00eb (1993-1998), Kryetar i UDSH-s\u00eb","og_url":"https:\/\/www.visit-ulcinj.com\/blog\/2012\/04\/26\/nderroi-jete-fuad-nimani\/","og_site_name":"Lajme nga Ulqini","article_published_time":"2012-04-26T07:11:30+00:00","article_modified_time":"2012-04-29T17:11:17+00:00","twitter_misc":{"Written by":"ulqini"},"schema":{"@context":"https:\/\/schema.org","@graph":[{"@type":"WebSite","@id":"https:\/\/www.visit-ulcinj.com\/blog\/#website","url":"https:\/\/www.visit-ulcinj.com\/blog\/","name":"Lajme nga Ulqini","description":"Lajme,Vijesti,Ulqini,Ulqin,Crna Gora,Mali i Zi","potentialAction":[{"@type":"SearchAction","target":{"@type":"EntryPoint","urlTemplate":"https:\/\/www.visit-ulcinj.com\/blog\/?s={search_term_string}"},"query-input":"required name=search_term_string"}],"inLanguage":"en-US"},{"@type":"WebPage","@id":"https:\/\/www.visit-ulcinj.com\/blog\/2012\/04\/26\/nderroi-jete-fuad-nimani\/#webpage","url":"https:\/\/www.visit-ulcinj.com\/blog\/2012\/04\/26\/nderroi-jete-fuad-nimani\/","name":"Nd\u00ebrroi jet\u00eb Fuad Nimani - Lajme nga Ulqini","isPartOf":{"@id":"https:\/\/www.visit-ulcinj.com\/blog\/#website"},"datePublished":"2012-04-26T07:11:30+00:00","dateModified":"2012-04-29T17:11:17+00:00","author":{"@id":"https:\/\/www.visit-ulcinj.com\/blog\/#\/schema\/person\/dcab619c614d3038751c63bc2aadc06d"},"description":"Ju njoftojm\u00eb se nd\u00ebrroi jet\u00eb , n\u00eb mosh\u00ebn 64-vje\u00e7are,Fuad NIMANI. Profesor i matematik\u00ebs ,N\u00ebnkryetar i UDSH-s\u00eb (1993-1998), Kryetar i UDSH-s\u00eb","breadcrumb":{"@id":"https:\/\/www.visit-ulcinj.com\/blog\/2012\/04\/26\/nderroi-jete-fuad-nimani\/#breadcrumb"},"inLanguage":"en-US","potentialAction":[{"@type":"ReadAction","target":["https:\/\/www.visit-ulcinj.com\/blog\/2012\/04\/26\/nderroi-jete-fuad-nimani\/"]}]},{"@type":"BreadcrumbList","@id":"https:\/\/www.visit-ulcinj.com\/blog\/2012\/04\/26\/nderroi-jete-fuad-nimani\/#breadcrumb","itemListElement":[{"@type":"ListItem","position":1,"name":"Nd\u00ebrroi jet\u00eb Fuad Nimani"}]},{"@type":"Person","@id":"https:\/\/www.visit-ulcinj.com\/blog\/#\/schema\/person\/dcab619c614d3038751c63bc2aadc06d","name":"ulqini","sameAs":["http:\/\/www.visit-ulcinj.com"],"url":"https:\/\/www.visit-ulcinj.com\/blog\/author\/admin\/"}]}},"jetpack_featured_media_url":"","jetpack_sharing_enabled":true,"jetpack_shortlink":"https:\/\/wp.me\/pe6lTn-fwl","_links":{"self":[{"href":"https:\/\/www.visit-ulcinj.com\/blog\/wp-json\/wp\/v2\/posts\/59665"}],"collection":[{"href":"https:\/\/www.visit-ulcinj.com\/blog\/wp-json\/wp\/v2\/posts"}],"about":[{"href":"https:\/\/www.visit-ulcinj.com\/blog\/wp-json\/wp\/v2\/types\/post"}],"author":[{"embeddable":true,"href":"https:\/\/www.visit-ulcinj.com\/blog\/wp-json\/wp\/v2\/users\/1"}],"replies":[{"embeddable":true,"href":"https:\/\/www.visit-ulcinj.com\/blog\/wp-json\/wp\/v2\/comments?post=59665"}],"version-history":[{"count":6,"href":"https:\/\/www.visit-ulcinj.com\/blog\/wp-json\/wp\/v2\/posts\/59665\/revisions"}],"predecessor-version":[{"id":59839,"href":"https:\/\/www.visit-ulcinj.com\/blog\/wp-json\/wp\/v2\/posts\/59665\/revisions\/59839"}],"wp:attachment":[{"href":"https:\/\/www.visit-ulcinj.com\/blog\/wp-json\/wp\/v2\/media?parent=59665"}],"wp:term":[{"taxonomy":"category","embeddable":true,"href":"https:\/\/www.visit-ulcinj.com\/blog\/wp-json\/wp\/v2\/categories?post=59665"},{"taxonomy":"post_tag","embeddable":true,"href":"https:\/\/www.visit-ulcinj.com\/blog\/wp-json\/wp\/v2\/tags?post=59665"}],"curies":[{"name":"wp","href":"https:\/\/api.w.org\/{rel}","templated":true}]}}