{"id":59697,"date":"2012-04-27T13:26:27","date_gmt":"2012-04-27T12:26:27","guid":{"rendered":"http:\/\/www.visit-ulcinj.com\/blog\/?p=59697"},"modified":"2012-04-27T13:28:46","modified_gmt":"2012-04-27T12:28:46","slug":"ulqini-merr-pjese-ne-panairin-e-turizmit-tirane-2012","status":"publish","type":"post","link":"https:\/\/www.visit-ulcinj.com\/blog\/2012\/04\/27\/ulqini-merr-pjese-ne-panairin-e-turizmit-tirane-2012\/","title":{"rendered":"Ulqini merr pjes\u00eb n\u00eb Panairin e turizmit &#8211; Tirane 2012"},"content":{"rendered":"<p><a href=\"http:\/\/www.visit-ulcinj.com\/blog\/wp-content\/uploads\/2012\/04\/Ulqini-merr-pjes\u00eb-n\u00eb-Panairi-e-turizmit-Tirane-2012.jpg\"><img loading=\"lazy\" class=\"alignleft  wp-image-59698\" title=\"Ulqini merr pjes\u00eb n\u00eb Panairi e turizmit - Tirane 2012\" src=\"http:\/\/www.visit-ulcinj.com\/blog\/wp-content\/uploads\/2012\/04\/Ulqini-merr-pjes\u00eb-n\u00eb-Panairi-e-turizmit-Tirane-2012.jpg\" alt=\"\" width=\"508\" height=\"360\" \/><\/a>Mbi 100 operator\u00eb turistik\u00eb nga t\u00eb gjitha trevat shqiptare jan\u00eb mbledhur n\u00eb Tiran\u00eb n\u00eb panairin \u201cShqip\u00ebria turistike 2012\u2033.<\/p>\n<p>Nga data 25 prill 2012 n\u00eb Pallatin e Kongreseve n\u00eb Tirane \u00ebsht\u00eb hapur panairi i turizmit \u201cShqip\u00ebria turistike 2012\u2033. Panairi u organizua n\u00eb kuad\u00ebr t\u00eb 100 vjetorit t\u00eb Pavar\u00ebsis\u00eb nga \u201cAlbexpo Group\u201d n\u00eb bashk\u00ebpunim me Shoqat\u00ebn Shqiptare t\u00eb Turizmit (ATA), Agjencin\u00eb Komb\u00ebtare t\u00eb Turizmit, Shoqat\u00ebn e Investitor\u00ebve t\u00eb Huaj n\u00eb Shqip\u00ebri (FIAA) dhe me mb\u00ebshtetje t\u00eb USAID- Albania. N\u00eb k\u00ebt\u00eb panair moren pjes\u00eb mbi 100 operator\u00eb turistik\u00eb nga t\u00eb gjitha trevat shqiptare p\u00ebr t\u00eb promovuar ofertat dhe sherbimet e tyre turistike.<br \/>\n<a href=\"http:\/\/www.visit-ulcinj.com\/blog\/wp-content\/uploads\/2012\/04\/Ulqini-merr-pjes\u00eb-n\u00eb-Panairi-e-turizmit-Tirane-2012-.6.jpg\"><img loading=\"lazy\" class=\"alignleft  wp-image-59699\" title=\"Ulqini merr pjes\u00eb n\u00eb Panairi e turizmit - Tirane 2012 .6\" src=\"http:\/\/www.visit-ulcinj.com\/blog\/wp-content\/uploads\/2012\/04\/Ulqini-merr-pjes\u00eb-n\u00eb-Panairi-e-turizmit-Tirane-2012-.6.jpg\" alt=\"\" width=\"508\" height=\"300\" \/><\/a><\/p>\n<p>Xhaudet Cakuli, n\u00ebnkryetar i Komun\u00ebs s\u00eb Ulqinit, tha se k\u00ebto iniciativa do t\u00eb japin fryte jo vet\u00ebm n\u00eb aspektin ekonomik, por edhe n\u00eb bashk\u00ebpunimin m\u00eb t\u00eb mir\u00eb t\u00eb trojeve shqiptare. \u00a0Mesazhi \u00ebsht\u00eb \u00a0konsumoni prodhime vendese, sepse kjo ka interes edhe p\u00ebr qytetar\u00ebt. Ai ftoi qytetar\u00ebt t\u00eb pushojn\u00eb n\u00eb perl\u00ebn e Adriatikut n\u00eb Ulqin. N\u00eb fjal\u00ebn e tij u shpreh se, komuna e Ulqinit ka b\u00ebr\u00eb dhe do t\u00eb b\u00ebj\u00eb p\u00ebrpjekje t\u00eb m\u00ebdha p\u00ebr zhvillimin e turizmit n\u00eb vend dhe se qeveria do t\u00eb vazhdoj\u00eb mb\u00ebshtetjen e k\u00ebtij sektori strategjik.Turizmi mbar\u00ebshqiptar\u00eb do t\u00eb jet\u00eb risia e k\u00ebtij viti, tha ai.<\/p>\n<p>N\u00eb k\u00ebt\u00eb panair Ulqini u p\u00ebrfaq\u00ebsua nga N\u00ebnkryetari i Komunes z . Xhaudet Cakuli, Drejtor i Organizates Turistike z. Minir Karamanaga, p\u00ebrfaq\u00ebsues t\u00eb tjer\u00eb lokal si dhe afarist turistik nga Ulqini.<br \/>\n<a href=\"http:\/\/www.visit-ulcinj.com\/blog\/wp-content\/uploads\/2012\/04\/Ulqini-merr-pjes\u00eb-n\u00eb-Panairi-e-turizmit-Tirane-2012-.3.jpg\"><img loading=\"lazy\" class=\"alignleft  wp-image-59701\" title=\"Ulqini merr pjes\u00eb n\u00eb Panairi e turizmit - Tirane 2012 .3\" src=\"http:\/\/www.visit-ulcinj.com\/blog\/wp-content\/uploads\/2012\/04\/Ulqini-merr-pjes\u00eb-n\u00eb-Panairi-e-turizmit-Tirane-2012-.3.jpg\" alt=\"\" width=\"508\" height=\"300\" \/><\/a><\/p>\n<p>Q\u00ebllimi \u00ebsht\u00eb q\u00eb Ulqini t\u00eb transformohet n\u00eb destinacionin turistik global i cili n\u00eb t\u00eb gjitha sezonet, prej n\u00eb fillim do t&#8217;i pret turist\u00ebt. Ngjashm\u00ebrit\u00eb dhe dallimet do t\u00eb jen\u00eb aduti jon\u00eb, nj\u00eb arsye m\u00eb shum\u00eb q\u00eb t\u00eb vizitohen k\u00ebto hap\u00ebsira, t\u00eb k\u00ebnaqemi n\u00eb bukurin\u00eb e saja, n\u00eb pasurin\u00eb natyrore dhe shpirt\u00ebrore&#8221;, thekso\u00a0N\u00ebnkryetari i Komun\u00eb s\u00eb Ulqinit, Xhaudet Cakuli.<\/p>\n<p>Ato prezantuan oferten turistike t\u00eb qytetit ton\u00eb n\u00ebn moton \u201cUlqini perl\u00eb e Adriatikut\u201d ku n\u00eb fjalen p\u00ebrshendet\u00ebs z. Cakuli u shpreh se k\u00ebt\u00eb vit Ulqini \u00ebsht\u00eb duke u pregaditur p\u00ebr nj\u00eb sezon\u00eb t\u00eb begat\u00eb turistike duke i ofruar pushuesve nj\u00eb ofert\u00eb t\u00eb larmishme. Ai ftoi t\u00eb gjith\u00eb shqiptaret q\u00eb k\u00ebt\u00eb vit ta vizitojn\u00eb Ulqinin si nj\u00eb nd\u00ebr destinacionet m\u00eb atraktive t\u00eb Adriatikut. N\u00ebnkryetari Cakuli poashtu ftoi edhe t\u00eb gjith\u00eb bizneset shqiptare q\u00eb t\u00eb investojn\u00eb n\u00eb Ulqin duke ju garantuar atyre se do t\u00eb hasin nj\u00eb mb\u00ebshtetje t\u00eb plot\u00eb nga qeverisja lokale e Ulqinit.<\/p>\n<p>Panairi do t\u00eb qendroj i hapur deri m\u00eb 28 prill 2012 dhe vlen t\u00eb theksohet se oferta turistike e Ulqinit ka zgjuar nj\u00eb interesim t\u00eb madh.<\/p>\n<p>Komuna e Ulqinit, vazhdon t\u00eb josh qytetar\u00ebt anek\u00ebnd\u00eb trojeve shqiptare dhe popujt tjer\u00eb q\u00eb sivjet t\u00eb pushojn\u00eb n\u00eb plazhet e mahnitshme t\u00eb Ulqinit. Zyrtar\u00ebt e lart\u00eb t\u00eb k\u00ebsaj komune po b\u00ebjn\u00eb t\u00eb pamundur\u00ebn q\u00eb edhe n\u00eb aktivitetet tjera t\u00eb shfrtyt\u00ebzojn\u00eb mund\u00ebsin\u00eb t\u00eb ftojn\u00eb turist\u00ebt p\u00ebr pushime n\u00eb Ulqin.<br \/>\n<a href=\"http:\/\/www.visit-ulcinj.com\/blog\/wp-content\/uploads\/2012\/04\/Ulqini-merr-pjes\u00eb-n\u00eb-Panairi-e-turizmit-Tirane-2012-.2.jpg\"><img loading=\"lazy\" class=\"alignleft  wp-image-59700\" title=\"Ulqini merr pjes\u00eb n\u00eb Panairi e turizmit - Tirane 2012 .2\" src=\"http:\/\/www.visit-ulcinj.com\/blog\/wp-content\/uploads\/2012\/04\/Ulqini-merr-pjes\u00eb-n\u00eb-Panairi-e-turizmit-Tirane-2012-.2.jpg\" alt=\"\" width=\"508\" height=\"300\" \/><\/a><\/p>\n<p>Xhaudet Cakuli, n\u00ebnkryetar i Komun\u00ebs s\u00eb Ulqinit, gjat\u00eb fjal\u00ebs s\u00eb tij n\u00eb Tiran\u00eb n\u00eb kuad\u00ebr t\u00eb 100 vjetorit t\u00eb pavar\u00ebsis\u00eb s\u00eb Shqip\u00ebris\u00eb ku u mbajt projekti \u201cJav\u00ebt e Biznesit Komb\u00ebtar\u201d e ku ishin t\u00eb pranish\u00ebm edhe shum\u00eb personalitete nga politika dhe biznesi nga t\u00eb gjitha trevat shqiptare, u b\u00ebri thrrje t\u00eb gjith\u00eb qytetar\u00ebve t\u00eb Shqip\u00ebris\u00eb q\u00eb t\u00eb pushojn\u00eb n\u00eb perl\u00ebn e Adriatikut n\u00eb Ulqin.<br \/>\n<strong>Lajme nga Ulqini<\/strong><br \/>\n<!--YouTube Error: bad URL entered--><br \/>\n\n\t\t<style type=\"text\/css\">\n\t\t\t#gallery-1 {\n\t\t\t\tmargin: auto;\n\t\t\t}\n\t\t\t#gallery-1 .gallery-item {\n\t\t\t\tfloat: left;\n\t\t\t\tmargin-top: 10px;\n\t\t\t\ttext-align: center;\n\t\t\t\twidth: 33%;\n\t\t\t}\n\t\t\t#gallery-1 img {\n\t\t\t\tborder: 2px solid #cfcfcf;\n\t\t\t}\n\t\t\t#gallery-1 .gallery-caption {\n\t\t\t\tmargin-left: 0;\n\t\t\t}\n\t\t\t\/* see gallery_shortcode() in wp-includes\/media.php *\/\n\t\t<\/style>\n\t\t<div id='gallery-1' class='gallery galleryid-59697 gallery-columns-3 gallery-size-thumbnail'><dl class='gallery-item'>\n\t\t\t<dt class='gallery-icon landscape'>\n\t\t\t\t<a href='https:\/\/www.visit-ulcinj.com\/blog\/wp-content\/uploads\/2012\/04\/Ulqini-merr-pjes\u00eb-n\u00eb-Panairi-e-turizmit-Tirane-2012.jpg'><img width=\"150\" height=\"150\" src=\"https:\/\/www.visit-ulcinj.com\/blog\/wp-content\/uploads\/2012\/04\/Ulqini-merr-pjes\u00eb-n\u00eb-Panairi-e-turizmit-Tirane-2012-150x150.jpg\" class=\"attachment-thumbnail size-thumbnail\" alt=\"\" loading=\"lazy\" \/><\/a>\n\t\t\t<\/dt><\/dl><dl class='gallery-item'>\n\t\t\t<dt class='gallery-icon landscape'>\n\t\t\t\t<a href='https:\/\/www.visit-ulcinj.com\/blog\/wp-content\/uploads\/2012\/04\/Ulqini-merr-pjes\u00eb-n\u00eb-Panairi-e-turizmit-Tirane-2012-.6.jpg'><img width=\"150\" height=\"150\" src=\"https:\/\/www.visit-ulcinj.com\/blog\/wp-content\/uploads\/2012\/04\/Ulqini-merr-pjes\u00eb-n\u00eb-Panairi-e-turizmit-Tirane-2012-.6-150x150.jpg\" class=\"attachment-thumbnail size-thumbnail\" alt=\"\" loading=\"lazy\" \/><\/a>\n\t\t\t<\/dt><\/dl><dl class='gallery-item'>\n\t\t\t<dt class='gallery-icon landscape'>\n\t\t\t\t<a href='https:\/\/www.visit-ulcinj.com\/blog\/wp-content\/uploads\/2012\/04\/Ulqini-merr-pjes\u00eb-n\u00eb-Panairi-e-turizmit-Tirane-2012-.2.jpg'><img width=\"150\" height=\"150\" src=\"https:\/\/www.visit-ulcinj.com\/blog\/wp-content\/uploads\/2012\/04\/Ulqini-merr-pjes\u00eb-n\u00eb-Panairi-e-turizmit-Tirane-2012-.2-150x150.jpg\" class=\"attachment-thumbnail size-thumbnail\" alt=\"\" loading=\"lazy\" \/><\/a>\n\t\t\t<\/dt><\/dl><br style=\"clear: both\" \/><dl class='gallery-item'>\n\t\t\t<dt class='gallery-icon landscape'>\n\t\t\t\t<a href='https:\/\/www.visit-ulcinj.com\/blog\/wp-content\/uploads\/2012\/04\/Ulqini-merr-pjes\u00eb-n\u00eb-Panairi-e-turizmit-Tirane-2012-.3.jpg'><img width=\"150\" height=\"150\" src=\"https:\/\/www.visit-ulcinj.com\/blog\/wp-content\/uploads\/2012\/04\/Ulqini-merr-pjes\u00eb-n\u00eb-Panairi-e-turizmit-Tirane-2012-.3-150x150.jpg\" class=\"attachment-thumbnail size-thumbnail\" alt=\"\" loading=\"lazy\" \/><\/a>\n\t\t\t<\/dt><\/dl><dl class='gallery-item'>\n\t\t\t<dt class='gallery-icon landscape'>\n\t\t\t\t<a href='https:\/\/www.visit-ulcinj.com\/blog\/wp-content\/uploads\/2012\/04\/Ulqini-merr-pjes\u00eb-n\u00eb-Panairi-e-turizmit-Tirane-2012-.1.jpg'><img width=\"150\" height=\"150\" src=\"https:\/\/www.visit-ulcinj.com\/blog\/wp-content\/uploads\/2012\/04\/Ulqini-merr-pjes\u00eb-n\u00eb-Panairi-e-turizmit-Tirane-2012-.1-150x150.jpg\" class=\"attachment-thumbnail size-thumbnail\" alt=\"\" loading=\"lazy\" \/><\/a>\n\t\t\t<\/dt><\/dl><dl class='gallery-item'>\n\t\t\t<dt class='gallery-icon landscape'>\n\t\t\t\t<a href='https:\/\/www.visit-ulcinj.com\/blog\/wp-content\/uploads\/2012\/04\/Ulqini-merr-pjes\u00eb-n\u00eb-Panairi-e-turizmit-Tirane-2012-.4.jpg'><img width=\"150\" height=\"150\" src=\"https:\/\/www.visit-ulcinj.com\/blog\/wp-content\/uploads\/2012\/04\/Ulqini-merr-pjes\u00eb-n\u00eb-Panairi-e-turizmit-Tirane-2012-.4-150x150.jpg\" class=\"attachment-thumbnail size-thumbnail\" alt=\"\" loading=\"lazy\" \/><\/a>\n\t\t\t<\/dt><\/dl><br style=\"clear: both\" \/><dl class='gallery-item'>\n\t\t\t<dt class='gallery-icon landscape'>\n\t\t\t\t<a href='https:\/\/www.visit-ulcinj.com\/blog\/wp-content\/uploads\/2012\/04\/Ulqini-merr-pjes\u00eb-n\u00eb-Panairi-e-turizmit-Tirane-2012-.5.jpg'><img width=\"150\" height=\"150\" src=\"https:\/\/www.visit-ulcinj.com\/blog\/wp-content\/uploads\/2012\/04\/Ulqini-merr-pjes\u00eb-n\u00eb-Panairi-e-turizmit-Tirane-2012-.5-150x150.jpg\" class=\"attachment-thumbnail size-thumbnail\" alt=\"\" loading=\"lazy\" \/><\/a>\n\t\t\t<\/dt><\/dl><dl class='gallery-item'>\n\t\t\t<dt class='gallery-icon landscape'>\n\t\t\t\t<a href='https:\/\/www.visit-ulcinj.com\/blog\/wp-content\/uploads\/2012\/04\/Ulqini-merr-pjes\u00eb-n\u00eb-Panairi-e-turizmit-Tirane-2012-.7.jpg'><img width=\"150\" height=\"150\" src=\"https:\/\/www.visit-ulcinj.com\/blog\/wp-content\/uploads\/2012\/04\/Ulqini-merr-pjes\u00eb-n\u00eb-Panairi-e-turizmit-Tirane-2012-.7-150x150.jpg\" class=\"attachment-thumbnail size-thumbnail\" alt=\"\" loading=\"lazy\" \/><\/a>\n\t\t\t<\/dt><\/dl><dl class='gallery-item'>\n\t\t\t<dt class='gallery-icon landscape'>\n\t\t\t\t<a href='https:\/\/www.visit-ulcinj.com\/blog\/wp-content\/uploads\/2012\/04\/Ulqini-merr-pjes\u00eb-n\u00eb-Panairi-e-turizmit-Tirane-2012-.8.jpg'><img width=\"150\" height=\"150\" src=\"https:\/\/www.visit-ulcinj.com\/blog\/wp-content\/uploads\/2012\/04\/Ulqini-merr-pjes\u00eb-n\u00eb-Panairi-e-turizmit-Tirane-2012-.8-150x150.jpg\" class=\"attachment-thumbnail size-thumbnail\" alt=\"\" loading=\"lazy\" \/><\/a>\n\t\t\t<\/dt><\/dl><br style=\"clear: both\" \/><dl class='gallery-item'>\n\t\t\t<dt class='gallery-icon landscape'>\n\t\t\t\t<a href='https:\/\/www.visit-ulcinj.com\/blog\/wp-content\/uploads\/2012\/04\/Ulqini-merr-pjes\u00eb-n\u00eb-Panairi-e-turizmit-Tirane-2012-.9.jpg'><img width=\"150\" height=\"150\" src=\"https:\/\/www.visit-ulcinj.com\/blog\/wp-content\/uploads\/2012\/04\/Ulqini-merr-pjes\u00eb-n\u00eb-Panairi-e-turizmit-Tirane-2012-.9-150x150.jpg\" class=\"attachment-thumbnail size-thumbnail\" alt=\"\" loading=\"lazy\" \/><\/a>\n\t\t\t<\/dt><\/dl><dl class='gallery-item'>\n\t\t\t<dt class='gallery-icon landscape'>\n\t\t\t\t<a href='https:\/\/www.visit-ulcinj.com\/blog\/wp-content\/uploads\/2012\/04\/Ulqini-merr-pjes\u00eb-n\u00eb-Panairi-e-turizmit-Tirane-2012-.10.jpg'><img width=\"150\" height=\"150\" src=\"https:\/\/www.visit-ulcinj.com\/blog\/wp-content\/uploads\/2012\/04\/Ulqini-merr-pjes\u00eb-n\u00eb-Panairi-e-turizmit-Tirane-2012-.10-150x150.jpg\" class=\"attachment-thumbnail size-thumbnail\" alt=\"\" loading=\"lazy\" \/><\/a>\n\t\t\t<\/dt><\/dl><dl class='gallery-item'>\n\t\t\t<dt class='gallery-icon landscape'>\n\t\t\t\t<a href='https:\/\/www.visit-ulcinj.com\/blog\/wp-content\/uploads\/2012\/04\/Ulqini-merr-pjes\u00eb-n\u00eb-Panairi-e-turizmit-Tirane-2012-.11.jpg'><img width=\"150\" height=\"150\" src=\"https:\/\/www.visit-ulcinj.com\/blog\/wp-content\/uploads\/2012\/04\/Ulqini-merr-pjes\u00eb-n\u00eb-Panairi-e-turizmit-Tirane-2012-.11-150x150.jpg\" class=\"attachment-thumbnail size-thumbnail\" alt=\"\" loading=\"lazy\" \/><\/a>\n\t\t\t<\/dt><\/dl><br style=\"clear: both\" \/>\n\t\t<\/div>\n<\/p>\n","protected":false},"excerpt":{"rendered":"<p>Mbi 100 operator\u00eb turistik\u00eb nga t\u00eb gjitha trevat shqiptare jan\u00eb mbledhur n\u00eb Tiran\u00eb n\u00eb panairin \u201cShqip\u00ebria turistike 2012\u2033. Nga data 25 prill 2012 n\u00eb Pallatin e Kongreseve n\u00eb Tirane \u00ebsht\u00eb hapur panairi i turizmit \u201cShqip\u00ebria turistike 2012\u2033. Panairi u organizua n\u00eb kuad\u00ebr t\u00eb 100 vjetorit t\u00eb Pavar\u00ebsis\u00eb nga \u201cAlbexpo Group\u201d n\u00eb bashk\u00ebpunim me Shoqat\u00ebn Shqiptare [&hellip;]<\/p>\n","protected":false},"author":1,"featured_media":0,"comment_status":"open","ping_status":"closed","sticky":false,"template":"","format":"standard","meta":{"spay_email":"","jetpack_publicize_message":"","jetpack_is_tweetstorm":false,"jetpack_publicize_feature_enabled":true},"categories":[1],"tags":[20366,200,18],"jetpack_publicize_connections":[],"yoast_head":"<!-- This site is optimized with the Yoast SEO plugin v19.1 - https:\/\/yoast.com\/wordpress\/plugins\/seo\/ -->\n<title>Ulqini merr pjes\u00eb n\u00eb Panairin e turizmit - Tirane 2012 - Lajme nga Ulqini<\/title>\n<meta name=\"description\" content=\"Mbi 100 operator\u00eb turistik\u00eb nga t\u00eb gjitha trevat shqiptare jan\u00eb mbledhur n\u00eb Tiran\u00eb n\u00eb panairin \u201cShqip\u00ebria turistike 2012\u2033. Nga data 25 prill 2012 n\u00eb\" \/>\n<meta name=\"robots\" content=\"index, follow, max-snippet:-1, max-image-preview:large, max-video-preview:-1\" \/>\n<link rel=\"canonical\" href=\"https:\/\/www.visit-ulcinj.com\/blog\/2012\/04\/27\/ulqini-merr-pjese-ne-panairin-e-turizmit-tirane-2012\/\" \/>\n<meta property=\"og:locale\" content=\"en_US\" \/>\n<meta property=\"og:type\" content=\"article\" \/>\n<meta property=\"og:title\" content=\"Ulqini merr pjes\u00eb n\u00eb Panairin e turizmit - Tirane 2012 - Lajme nga Ulqini\" \/>\n<meta property=\"og:description\" content=\"Mbi 100 operator\u00eb turistik\u00eb nga t\u00eb gjitha trevat shqiptare jan\u00eb mbledhur n\u00eb Tiran\u00eb n\u00eb panairin \u201cShqip\u00ebria turistike 2012\u2033. Nga data 25 prill 2012 n\u00eb\" \/>\n<meta property=\"og:url\" content=\"https:\/\/www.visit-ulcinj.com\/blog\/2012\/04\/27\/ulqini-merr-pjese-ne-panairin-e-turizmit-tirane-2012\/\" \/>\n<meta property=\"og:site_name\" content=\"Lajme nga Ulqini\" \/>\n<meta property=\"article:published_time\" content=\"2012-04-27T12:26:27+00:00\" \/>\n<meta property=\"article:modified_time\" content=\"2012-04-27T12:28:46+00:00\" \/>\n<meta property=\"og:image\" content=\"https:\/\/www.visit-ulcinj.com\/blog\/wp-content\/uploads\/2012\/04\/Ulqini-merr-pjes\u00eb-n\u00eb-Panairi-e-turizmit-Tirane-2012-150x150.jpg\" \/>\n<meta name=\"twitter:label1\" content=\"Written by\" \/>\n\t<meta name=\"twitter:data1\" content=\"ulqini\" \/>\n\t<meta name=\"twitter:label2\" content=\"Est. reading time\" \/>\n\t<meta name=\"twitter:data2\" content=\"3 minutes\" \/>\n<script type=\"application\/ld+json\" class=\"yoast-schema-graph\">{\"@context\":\"https:\/\/schema.org\",\"@graph\":[{\"@type\":\"WebSite\",\"@id\":\"https:\/\/www.visit-ulcinj.com\/blog\/#website\",\"url\":\"https:\/\/www.visit-ulcinj.com\/blog\/\",\"name\":\"Lajme nga Ulqini\",\"description\":\"Lajme,Vijesti,Ulqini,Ulqin,Crna Gora,Mali i Zi\",\"potentialAction\":[{\"@type\":\"SearchAction\",\"target\":{\"@type\":\"EntryPoint\",\"urlTemplate\":\"https:\/\/www.visit-ulcinj.com\/blog\/?s={search_term_string}\"},\"query-input\":\"required name=search_term_string\"}],\"inLanguage\":\"en-US\"},{\"@type\":\"WebPage\",\"@id\":\"https:\/\/www.visit-ulcinj.com\/blog\/2012\/04\/27\/ulqini-merr-pjese-ne-panairin-e-turizmit-tirane-2012\/#webpage\",\"url\":\"https:\/\/www.visit-ulcinj.com\/blog\/2012\/04\/27\/ulqini-merr-pjese-ne-panairin-e-turizmit-tirane-2012\/\",\"name\":\"Ulqini merr pjes\u00eb n\u00eb Panairin e turizmit - Tirane 2012 - Lajme nga Ulqini\",\"isPartOf\":{\"@id\":\"https:\/\/www.visit-ulcinj.com\/blog\/#website\"},\"datePublished\":\"2012-04-27T12:26:27+00:00\",\"dateModified\":\"2012-04-27T12:28:46+00:00\",\"author\":{\"@id\":\"https:\/\/www.visit-ulcinj.com\/blog\/#\/schema\/person\/dcab619c614d3038751c63bc2aadc06d\"},\"description\":\"Mbi 100 operator\u00eb turistik\u00eb nga t\u00eb gjitha trevat shqiptare jan\u00eb mbledhur n\u00eb Tiran\u00eb n\u00eb panairin \u201cShqip\u00ebria turistike 2012\u2033. Nga data 25 prill 2012 n\u00eb\",\"breadcrumb\":{\"@id\":\"https:\/\/www.visit-ulcinj.com\/blog\/2012\/04\/27\/ulqini-merr-pjese-ne-panairin-e-turizmit-tirane-2012\/#breadcrumb\"},\"inLanguage\":\"en-US\",\"potentialAction\":[{\"@type\":\"ReadAction\",\"target\":[\"https:\/\/www.visit-ulcinj.com\/blog\/2012\/04\/27\/ulqini-merr-pjese-ne-panairin-e-turizmit-tirane-2012\/\"]}]},{\"@type\":\"BreadcrumbList\",\"@id\":\"https:\/\/www.visit-ulcinj.com\/blog\/2012\/04\/27\/ulqini-merr-pjese-ne-panairin-e-turizmit-tirane-2012\/#breadcrumb\",\"itemListElement\":[{\"@type\":\"ListItem\",\"position\":1,\"name\":\"Ulqini merr pjes\u00eb n\u00eb Panairin e turizmit &#8211; Tirane 2012\"}]},{\"@type\":\"Person\",\"@id\":\"https:\/\/www.visit-ulcinj.com\/blog\/#\/schema\/person\/dcab619c614d3038751c63bc2aadc06d\",\"name\":\"ulqini\",\"sameAs\":[\"http:\/\/www.visit-ulcinj.com\"],\"url\":\"https:\/\/www.visit-ulcinj.com\/blog\/author\/admin\/\"}]}<\/script>\n<!-- \/ Yoast SEO plugin. -->","yoast_head_json":{"title":"Ulqini merr pjes\u00eb n\u00eb Panairin e turizmit - Tirane 2012 - Lajme nga Ulqini","description":"Mbi 100 operator\u00eb turistik\u00eb nga t\u00eb gjitha trevat shqiptare jan\u00eb mbledhur n\u00eb Tiran\u00eb n\u00eb panairin \u201cShqip\u00ebria turistike 2012\u2033. Nga data 25 prill 2012 n\u00eb","robots":{"index":"index","follow":"follow","max-snippet":"max-snippet:-1","max-image-preview":"max-image-preview:large","max-video-preview":"max-video-preview:-1"},"canonical":"https:\/\/www.visit-ulcinj.com\/blog\/2012\/04\/27\/ulqini-merr-pjese-ne-panairin-e-turizmit-tirane-2012\/","og_locale":"en_US","og_type":"article","og_title":"Ulqini merr pjes\u00eb n\u00eb Panairin e turizmit - Tirane 2012 - Lajme nga Ulqini","og_description":"Mbi 100 operator\u00eb turistik\u00eb nga t\u00eb gjitha trevat shqiptare jan\u00eb mbledhur n\u00eb Tiran\u00eb n\u00eb panairin \u201cShqip\u00ebria turistike 2012\u2033. Nga data 25 prill 2012 n\u00eb","og_url":"https:\/\/www.visit-ulcinj.com\/blog\/2012\/04\/27\/ulqini-merr-pjese-ne-panairin-e-turizmit-tirane-2012\/","og_site_name":"Lajme nga Ulqini","article_published_time":"2012-04-27T12:26:27+00:00","article_modified_time":"2012-04-27T12:28:46+00:00","og_image":[{"url":"https:\/\/www.visit-ulcinj.com\/blog\/wp-content\/uploads\/2012\/04\/Ulqini-merr-pjes\u00eb-n\u00eb-Panairi-e-turizmit-Tirane-2012-150x150.jpg"}],"twitter_misc":{"Written by":"ulqini","Est. reading time":"3 minutes"},"schema":{"@context":"https:\/\/schema.org","@graph":[{"@type":"WebSite","@id":"https:\/\/www.visit-ulcinj.com\/blog\/#website","url":"https:\/\/www.visit-ulcinj.com\/blog\/","name":"Lajme nga Ulqini","description":"Lajme,Vijesti,Ulqini,Ulqin,Crna Gora,Mali i Zi","potentialAction":[{"@type":"SearchAction","target":{"@type":"EntryPoint","urlTemplate":"https:\/\/www.visit-ulcinj.com\/blog\/?s={search_term_string}"},"query-input":"required name=search_term_string"}],"inLanguage":"en-US"},{"@type":"WebPage","@id":"https:\/\/www.visit-ulcinj.com\/blog\/2012\/04\/27\/ulqini-merr-pjese-ne-panairin-e-turizmit-tirane-2012\/#webpage","url":"https:\/\/www.visit-ulcinj.com\/blog\/2012\/04\/27\/ulqini-merr-pjese-ne-panairin-e-turizmit-tirane-2012\/","name":"Ulqini merr pjes\u00eb n\u00eb Panairin e turizmit - Tirane 2012 - Lajme nga Ulqini","isPartOf":{"@id":"https:\/\/www.visit-ulcinj.com\/blog\/#website"},"datePublished":"2012-04-27T12:26:27+00:00","dateModified":"2012-04-27T12:28:46+00:00","author":{"@id":"https:\/\/www.visit-ulcinj.com\/blog\/#\/schema\/person\/dcab619c614d3038751c63bc2aadc06d"},"description":"Mbi 100 operator\u00eb turistik\u00eb nga t\u00eb gjitha trevat shqiptare jan\u00eb mbledhur n\u00eb Tiran\u00eb n\u00eb panairin \u201cShqip\u00ebria turistike 2012\u2033. Nga data 25 prill 2012 n\u00eb","breadcrumb":{"@id":"https:\/\/www.visit-ulcinj.com\/blog\/2012\/04\/27\/ulqini-merr-pjese-ne-panairin-e-turizmit-tirane-2012\/#breadcrumb"},"inLanguage":"en-US","potentialAction":[{"@type":"ReadAction","target":["https:\/\/www.visit-ulcinj.com\/blog\/2012\/04\/27\/ulqini-merr-pjese-ne-panairin-e-turizmit-tirane-2012\/"]}]},{"@type":"BreadcrumbList","@id":"https:\/\/www.visit-ulcinj.com\/blog\/2012\/04\/27\/ulqini-merr-pjese-ne-panairin-e-turizmit-tirane-2012\/#breadcrumb","itemListElement":[{"@type":"ListItem","position":1,"name":"Ulqini merr pjes\u00eb n\u00eb Panairin e turizmit &#8211; Tirane 2012"}]},{"@type":"Person","@id":"https:\/\/www.visit-ulcinj.com\/blog\/#\/schema\/person\/dcab619c614d3038751c63bc2aadc06d","name":"ulqini","sameAs":["http:\/\/www.visit-ulcinj.com"],"url":"https:\/\/www.visit-ulcinj.com\/blog\/author\/admin\/"}]}},"jetpack_featured_media_url":"","jetpack_sharing_enabled":true,"jetpack_shortlink":"https:\/\/wp.me\/pe6lTn-fwR","_links":{"self":[{"href":"https:\/\/www.visit-ulcinj.com\/blog\/wp-json\/wp\/v2\/posts\/59697"}],"collection":[{"href":"https:\/\/www.visit-ulcinj.com\/blog\/wp-json\/wp\/v2\/posts"}],"about":[{"href":"https:\/\/www.visit-ulcinj.com\/blog\/wp-json\/wp\/v2\/types\/post"}],"author":[{"embeddable":true,"href":"https:\/\/www.visit-ulcinj.com\/blog\/wp-json\/wp\/v2\/users\/1"}],"replies":[{"embeddable":true,"href":"https:\/\/www.visit-ulcinj.com\/blog\/wp-json\/wp\/v2\/comments?post=59697"}],"version-history":[{"count":5,"href":"https:\/\/www.visit-ulcinj.com\/blog\/wp-json\/wp\/v2\/posts\/59697\/revisions"}],"predecessor-version":[{"id":59721,"href":"https:\/\/www.visit-ulcinj.com\/blog\/wp-json\/wp\/v2\/posts\/59697\/revisions\/59721"}],"wp:attachment":[{"href":"https:\/\/www.visit-ulcinj.com\/blog\/wp-json\/wp\/v2\/media?parent=59697"}],"wp:term":[{"taxonomy":"category","embeddable":true,"href":"https:\/\/www.visit-ulcinj.com\/blog\/wp-json\/wp\/v2\/categories?post=59697"},{"taxonomy":"post_tag","embeddable":true,"href":"https:\/\/www.visit-ulcinj.com\/blog\/wp-json\/wp\/v2\/tags?post=59697"}],"curies":[{"name":"wp","href":"https:\/\/api.w.org\/{rel}","templated":true}]}}