{"id":59712,"date":"2012-04-26T17:41:12","date_gmt":"2012-04-26T16:41:12","guid":{"rendered":"http:\/\/www.visit-ulcinj.com\/blog\/?p=59712"},"modified":"2012-04-26T17:42:18","modified_gmt":"2012-04-26T16:42:18","slug":"nail-draga-pozita-e-librit-shqip-ne-mal-te-zi","status":"publish","type":"post","link":"https:\/\/www.visit-ulcinj.com\/blog\/2012\/04\/26\/nail-draga-pozita-e-librit-shqip-ne-mal-te-zi\/","title":{"rendered":"Nail Draga: \u201d Pozita e librit shqip n\u00eb Mal t\u00eb Zi\u201d"},"content":{"rendered":"<p><strong>\u00a0<a href=\"http:\/\/www.visit-ulcinj.com\/blog\/wp-content\/uploads\/2012\/04\/Nail-Draga_Ulqin.jpg\"><img loading=\"lazy\" class=\"alignleft  wp-image-59713\" title=\"Nail Draga_Ulqin\" src=\"http:\/\/www.visit-ulcinj.com\/blog\/wp-content\/uploads\/2012\/04\/Nail-Draga_Ulqin.jpg\" alt=\"\" width=\"350\" height=\"430\" \/><\/a>LIBRI BAROMET\u00cbR I KULTUR\u00cbS <\/strong><\/p>\n<p><strong>\u00a0<\/strong><\/p>\n<p>(Me rastin e 23 prillit, Dit\u00ebs Bot\u00ebrore t\u00eb Librit dhe e s\u00eb Drejt\u00ebs s\u00eb Autorit)<\/p>\n<p>&nbsp;<\/p>\n<p><strong>\u00a0<\/strong><\/p>\n<p>Ne kuad\u00ebr t\u00eb dit\u00ebve t\u00eb sh\u00ebnuara n\u00eb p\u00ebrmasa bot\u00ebrore, b\u00ebn pjes\u00eb edhe 23 prilli q\u00eb i \u00ebsht\u00eb p\u00ebrkushtuar librit dhe s\u00eb drejt\u00ebs s\u00eb autorit, dat\u00eb kjo var\u00ebsisht prej vendeve sh\u00ebnohet n\u00eb m\u00ebnyr\u00eb tradicionale n\u00eb shum\u00eb vende t\u00eb bot\u00ebs. Ndihmes\u00ebn e tyre ne ket\u00eb aspekt mund ta japin t\u00eb gjith\u00eb, por p\u00ebrgjegj\u00ebsia kryesore bie mbi punonj\u00ebsit e kultur\u00ebs, bibliotekave, botuesve, autor\u00ebve, intelektual\u00ebve\u00a0 dhe publicisteve.<\/p>\n<p>Si\u00e7 dihet kjo dit\u00eb \u00ebsht\u00eb shpallur zyrtarisht nga <strong>UNESCO <\/strong>n\u00eb vitin 2000, pasi kjo dat\u00eb p\u00ebrkon me dat\u00eblindjen e dramaturgut t\u00eb shquar anglez <strong>Ulliam Shekspiri<\/strong> dhe dat\u00ebvdekjen e <strong>Migel Servantesit<\/strong>.<\/p>\n<p>Andaj me rastin e k\u00ebsaj \u201cfeste\u201d\u00a0 n\u00eb Ulqin japim kontributin ton\u00eb me ket\u00eb tryez\u00eb t\u00eb rrumbullak\u00ebt,, duke i p\u00ebrkujtuar opinionit t\u00eb gjer\u00eb, se libri meriton p\u00ebrkujdesin e lexuesve kudo qofshin ata.<\/p>\n<p>&nbsp;<\/p>\n<p><strong>Merit\u00eb e sektorit t\u00eb shoq\u00ebris\u00eb civile<\/strong><\/p>\n<p>Ne ket\u00eb tryez\u00eb t\u00eb rrumbullak\u00ebt e cila \u00ebsht\u00eb e para qe organizohet nga se ekziston Qendra e Kultur\u00ebs \u00a0do t\u00eb trajtohen tema dhe \u00e7\u00ebshtje t\u00eb cilat kan\u00eb t\u00eb b\u00ebjn\u00eb\u00a0 me pozit\u00ebn e librit dhe rrjedhat e p\u00ebrgjithshme shoq\u00ebrore, ne ket\u00eb mjedis.<\/p>\n<p>Esht\u00eb konstatim i p\u00ebrgjithsh\u00ebm se sa i p\u00ebrket\u00a0 librit shqip n\u00eb Mal t\u00eb Zi, \u00a0ndryshime pozitive jan\u00eb b\u00ebr\u00eb pas vitit 1990, kur u miratua pluralizmi politik. Nga ajo koh\u00eb e deri m\u00eb tash autor\u00ebt shqiptar\u00eb n\u00eb Mal t\u00eb Zi kan\u00eb botuar nj\u00eb num\u00ebr t\u00eb konsideruesh\u00ebm\u00a0 botimesh nga zhanre t\u00eb ndryshme \u00a0profesionale. Vet\u00ebm titujt e botuar nga \u201cArt Club\u201d, nga libri i par\u00eb i dr.R.Ushakut \u201cUlqini n\u00eb rrjedhat e koh\u00ebs\u201d botuar n\u00eb vitin 1991 arrijn\u00eb rreth 80, duke qen\u00eb botuesi me serioz\u00a0 n\u00eb shqip n\u00eb Mal t\u00eb Zi. Nd\u00ebrsa po ashtu duhet ve\u00e7uar pun\u00ebn e b\u00ebr\u00eb \u00a0edhe nga botues t\u00eb tjer\u00eb si \u201cIllyricum\u201d, \u201cGjon Buzuku\u201d, \u201cUlqini\u201d, \u201cBashkimi i Krijuesve Shqiptar\u00eb n\u00eb Mal t\u00eb Zi\u201d etj.<\/p>\n<p>Dhe p\u00ebr k\u00ebto dy dekada t\u00eb del qart\u00eb se \u00a0kjo veprimtari \u00ebsht\u00eb b\u00ebr\u00eb n\u00eb saj\u00eb t\u00eb rrethanave t\u00eb tjera shoq\u00ebrore t\u00eb cilat kan\u00eb tejkaluar n\u00eb \u00e7do aspekt periudh\u00ebn e monizmit, si nga ana sasiore dhe ajo cil\u00ebsore, q\u00eb \u00ebsht\u00eb merit\u00eb e sektorit t\u00eb shoq\u00ebris\u00eb civile. Veprat e botuara d\u00ebshmuan se kemi t\u00eb b\u00ebjm\u00eb me nj\u00eb potencial t\u00eb krijuesve vendor\u00eb t\u00eb cil\u00ebt ne moniz\u00ebm nuk kan\u00eb pasur mund\u00ebsi t\u00eb vijn\u00eb n\u00eb shprehje sepse ka munguar liria\u00a0 mendimit dhe e t\u00eb shkruarit.<\/p>\n<p>Esht\u00eb p\u00ebrshtypje unanime se nj\u00eb veprimtari e till\u00eb \u00ebsht\u00eb b\u00ebr\u00eb n\u00eb saj\u00eb t\u00eb pun\u00ebs profesionale\u00a0 dhe pasionit t\u00eb individ\u00ebve t\u00eb ndrysh\u00ebm t\u00eb cil\u00ebt si\u00a0 motiv kryesor kan\u00eb pasur prezentimin e vlerave t\u00eb p\u00ebrgjithsme kulturore, letrare e shkencore te shqiptar\u00ebt n\u00eb k\u00ebt\u00eb mjedis.<\/p>\n<p>&nbsp;<\/p>\n<p>&nbsp;<\/p>\n<p><strong>Ministria e kultur\u00ebs nuk e financon librin shqip<\/strong><\/p>\n<p>N\u00ebse p\u00ebrjashtojm\u00eb botimet nga fusha e librit shkollor q\u00eb jan\u00eb, kryesisht, p\u00ebrkthime nga autor\u00ebt sllav\u00eb, p\u00ebr shkollat me m\u00ebsim n\u00eb gjuh\u00ebn shqipe, nga ana tjet\u00ebr libri shqip n\u00eb Mal t\u00eb Zi si m\u00eb par\u00eb edhe tash nuk ndihmohet materialisht nga institucionet buxhetore, qoft\u00eb n\u00eb nivelin lokal, apo at\u00eb\u00a0 shtet\u00ebror.Ndonse nj\u00eb dukuri e till\u00eb ishte konstante ne moniz\u00ebm, \u00ebsht\u00eb pritur qe t\u00eb b\u00ebh\u00ebn ndryshime \u00a0n\u00eb pluraliz\u00ebm. Por, ndodhi e kund\u00ebrta, sepse as ne pluraliz\u00ebm nuk b\u00ebn\u00eb ndryshimet e pritura, sepse k\u00ebtu vazhdon mentaliteti i nj\u00ebjt\u00eb si m\u00eb par\u00eb. Nj\u00eb qendrim i till\u00eb d\u00ebshmohet me faktin \u00a0se nga Ministria e Kultur\u00ebs\u00a0 vazhdimisht financohen t\u00ebr\u00ebsisht apo pjes\u00ebrisht botime n\u00eb gjuh\u00ebt sllave duke dominuar ajo \u00a0malazeze, nd\u00ebrsa ato n\u00eb gjuh\u00ebn shqipe vazhdimisht refuzohen.<\/p>\n<p>Si d\u00ebshmi n\u00eb k\u00ebt\u00eb aspekt na sh\u00ebrbejn\u00eb\u00a0 rezultatet e konkurseve vitet e m\u00ebparshme \u00a0q\u00eb jan\u00eb \u00a0shpallur nga Ministria e Kultur\u00ebs si p.sh.\u00a0 n\u00eb \u00a0\u00a0vitin 2004 e 2005. Nga t\u00eb dh\u00ebnat e publikuara at\u00ebher dual qart\u00eb \u00a0se nga ata konkurse\u00a0 nuk pat \u00a0fituar t\u00eb drejt\u00ebn p\u00ebr t\u2019u financuar asnj\u00eb botim n\u00eb gjuh\u00ebn shqipe, q\u00eb paraqet nj\u00eb diskriminin t\u00eb autor\u00ebve dhe t\u00eb librit shqip n\u00eb ket\u00eb mjedis.<\/p>\n<p>Me t\u00eb drejt b\u00ebh\u00ebt pyetja, si ka mund\u00ebsi q\u00eb kjo ministri, e cila financohet edhe me kontributet e qytetar\u00ebve shqiptar\u00eb, t\u00eb mos jet\u00eb n\u00eb gjendje t\u00eb financoj\u00eb as nj\u00eb lib\u00ebr n\u00eb gjuh\u00ebn shqipe. Veprimi i till\u00eb nuk ka dilem\u00eb s\u00eb d\u00ebshmon n\u00eb m\u00ebnyr\u00eb transparente se libri shqip \u00ebsht\u00eb i diskriminuar. Nd\u00ebrsa\u00a0 deri kur do t\u00eb egzistoj\u00eb nj\u00eb diskurs i till\u00eb \u00a0ndaj librit shqip \u00ebsht\u00eb \u00e7\u00ebshtje e ve\u00e7ant\u00eb, \u00a0sepse p\u00ebr ndryshime pozitive n\u00eb ket\u00eb aspekt fillimisht duhet t\u00eb ndryshoj\u00eb mentaliteti i udh\u00ebheq\u00ebsve n\u00eb strukturat p\u00ebrkat\u00ebse qeveritare.<\/p>\n<p>Gjendja nuk \u00ebsht\u00eb m\u00eb e mir\u00eb as n\u00eb pushtetet lokale ku jetojn\u00eb shqiptar\u00ebt si popullsi autoktone. N\u00eb ket\u00eb aspekt sh\u00ebmbull pozitiv ka mundur t\u00eb jet\u00eb pushteti i Ulqinit, por edhe k\u00ebtu ka\u00a0 munguar \u00a0p\u00ebrkrahja e autor\u00ebve dhe botuesve shqiptar\u00eb, nd\u00ebrsa ajo edhe n\u00ebse ka qen\u00eb ishte vet\u00ebm simbolike. P\u00ebrjashtim b\u00ebn konkursi p\u00ebr ndarj\u00ebn e mjeteve OJQ-ve, por fondi i till\u00eb \u00ebsht\u00eb i pamjaftuesh\u00ebm, andaj \u00a0duhet b\u00ebr\u00eb p\u00ebrpjekje qe ai t\u00eb ndryshoj\u00eb n\u00eb favor t\u00eb botimit t\u00eb librit shqip.<\/p>\n<p>&nbsp;<\/p>\n<p>&nbsp;<\/p>\n<p><strong>Mecenati \u00a0e vetmja shpres\u00eb <\/strong><\/p>\n<p>Te ndodhur n\u00eb ket\u00eb situat\u00eb aspak t\u00eb volitshme autor\u00ebt dhe botuesit n\u00eb gjuh\u00ebn shqipe nga shoq\u00ebria civile, vazhdimisht jan\u00eb gjendur duke kontaktuar me donator\u00ebt e ndrysh\u00ebm \u00a0qoft\u00eb nga vendi apo nga bota e jashtme, t\u00eb cil\u00ebt \u00a0kan\u00eb shprehur gadishmerin\u00eb p\u00ebr t\u00eb ndihmuar botimet \u00a0n\u00eb gjuh\u00ebn shqipe. Madje, po t\u00eb mos ishte kjo form\u00eb e ndihm\u00ebs, do t\u00eb ishin t\u00eb pak\u00ebt ata t\u00eb cil\u00ebt kan\u00eb pasur mund\u00ebsi p\u00ebr t\u00eb botuar librat e tyre. Por, nj\u00eb gjendje e till\u00eb nuk mund t\u00eb q\u00ebndroj\u00eb gjat\u00eb sepse forma e mecenatit p\u00ebr t\u00eb ndihmuar kultur\u00ebn n\u00eb p\u00ebrgjith\u00ebsi e librin n\u00eb ve\u00e7anti nuk \u00ebsht\u00eb zgjidhje afat\u00ebgjat\u00eb, sepse \u00e7do gj\u00eb ka arsyen e vet.<\/p>\n<p>&nbsp;<\/p>\n<p><strong>Financim proporcional nga buxheti<\/strong><\/p>\n<p>Duke u nisur nga situata aspak e volitshme\u00a0 \u00ebsht\u00eb koha e fundit \u00a0q\u00eb autor\u00ebt dhe botuesit shqiptar\u00eb t\u00eb financohen nga subjektet buxhetore n\u00eb m\u00ebnyr\u00eb proporcionale si kudo n\u00eb mjediset multinacionale e multikulturore.Vet\u00ebm nj\u00eb veprim i till\u00eb praktik do t\u00eb eliminonte qasjet hegjemoniste edhe n\u00eb fush\u00ebn e kultur\u00ebs, sepse nj\u00eb \u00e7\u00ebshtje e till\u00eb nuk paraqet vet\u00ebm problem financiar por edhe politik.<\/p>\n<p>Nuk ka dilem\u00eb se p\u00ebrgjegj\u00ebsia kryesore ne ket\u00eb aspekt bie mbi Ministrin\u00eb e Kultur\u00ebs e cila e ka obligim kushtetues p\u00ebr t\u00eb financuar edhe \u00a0kulturat e popujve \u00a0tjer\u00eb t\u00eb cil\u00ebt jan\u00eb numerikisht m\u00eb t\u00eb pak\u00ebt ku b\u00ebjn\u00eb pjes\u00eb edhe shqiptar\u00ebt. Vet\u00ebm me nj\u00eb qasje tjet\u00ebr\u00a0 duke respektuar edhe kulturat e popujve\u00a0 tjer\u00eb n\u00eb ket\u00eb mjedis, do t\u00eb kemi ndryshime pozitive ne t\u00eb kund\u00ebrt\u00ebn do t\u00eb vazhdohet me hegjemonizmin kulturor si deri m\u00eb tash. Andaj, pa nj\u00eb veprim te till\u00eb praktik dhe transparent \u00e7do gj\u00eb do t\u00eb vazhdoj\u00eb si deri m\u00eb tash qe \u00a0nuk \u00ebsht\u00eb n\u00eb \u00a0favor t\u00eb librit shqip n\u00eb ve\u00e7anti dhe kultur\u00ebs shqiptare n\u00eb p\u00ebrgjith\u00ebsi n\u00eb k\u00ebt\u00eb mjedis multikulturor.<\/p>\n<p>&nbsp;<\/p>\n<p align=\"right\"><strong>Dr.Nail\u00a0 Draga<\/strong><\/p>\n<p align=\"right\"><strong>\u00a0<\/strong><\/p>\n<p>\u00a0(Fjala e rastit e mbajtur n\u00eb Tryez\u00ebn e rrumbullak\u00ebt \u201d Pozita e librit shqip n\u00eb Mal t\u00eb Zi\u201d me rastin e Dit\u00ebs Bot\u00ebrore t\u00eb Librit dhe e s\u00eb Drejt\u00ebs s\u00eb Autorit, oraganizuar nga Qendra Kulturore n\u00eb Ulqin me 24.4.2012).<\/p>\n","protected":false},"excerpt":{"rendered":"<p>\u00a0LIBRI BAROMET\u00cbR I KULTUR\u00cbS \u00a0 (Me rastin e 23 prillit, Dit\u00ebs Bot\u00ebrore t\u00eb Librit dhe e s\u00eb Drejt\u00ebs s\u00eb Autorit) &nbsp; \u00a0 Ne kuad\u00ebr t\u00eb dit\u00ebve t\u00eb sh\u00ebnuara n\u00eb p\u00ebrmasa bot\u00ebrore, b\u00ebn pjes\u00eb edhe 23 prilli q\u00eb i \u00ebsht\u00eb p\u00ebrkushtuar librit dhe s\u00eb drejt\u00ebs s\u00eb autorit, dat\u00eb kjo var\u00ebsisht prej vendeve sh\u00ebnohet n\u00eb m\u00ebnyr\u00eb tradicionale [&hellip;]<\/p>\n","protected":false},"author":1,"featured_media":0,"comment_status":"open","ping_status":"closed","sticky":false,"template":"","format":"standard","meta":{"spay_email":"","jetpack_publicize_message":"","jetpack_is_tweetstorm":false,"jetpack_publicize_feature_enabled":true},"categories":[13],"tags":[212,2761,218,3499,291,17077,200,18],"jetpack_publicize_connections":[],"yoast_head":"<!-- This site is optimized with the Yoast SEO plugin v19.1 - https:\/\/yoast.com\/wordpress\/plugins\/seo\/ -->\n<title>Nail Draga: \u201d Pozita e librit shqip n\u00eb Mal t\u00eb Zi\u201d - Lajme nga Ulqini<\/title>\n<meta name=\"description\" content=\"\u00a0LIBRI BAROMET\u00cbR I KULTUR\u00cbS \u00a0 (Me rastin e 23 prillit, Dit\u00ebs Bot\u00ebrore t\u00eb Librit dhe e s\u00eb Drejt\u00ebs s\u00eb Autorit) &nbsp; \u00a0 Ne kuad\u00ebr t\u00eb dit\u00ebve t\u00eb sh\u00ebnuara n\u00eb\" \/>\n<meta name=\"robots\" content=\"index, follow, max-snippet:-1, max-image-preview:large, max-video-preview:-1\" \/>\n<link rel=\"canonical\" href=\"https:\/\/www.visit-ulcinj.com\/blog\/2012\/04\/26\/nail-draga-pozita-e-librit-shqip-ne-mal-te-zi\/\" \/>\n<meta property=\"og:locale\" content=\"en_US\" \/>\n<meta property=\"og:type\" content=\"article\" \/>\n<meta property=\"og:title\" content=\"Nail Draga: \u201d Pozita e librit shqip n\u00eb Mal t\u00eb Zi\u201d - Lajme nga Ulqini\" \/>\n<meta property=\"og:description\" content=\"\u00a0LIBRI BAROMET\u00cbR I KULTUR\u00cbS \u00a0 (Me rastin e 23 prillit, Dit\u00ebs Bot\u00ebrore t\u00eb Librit dhe e s\u00eb Drejt\u00ebs s\u00eb Autorit) &nbsp; \u00a0 Ne kuad\u00ebr t\u00eb dit\u00ebve t\u00eb sh\u00ebnuara n\u00eb\" \/>\n<meta property=\"og:url\" content=\"https:\/\/www.visit-ulcinj.com\/blog\/2012\/04\/26\/nail-draga-pozita-e-librit-shqip-ne-mal-te-zi\/\" \/>\n<meta property=\"og:site_name\" content=\"Lajme nga Ulqini\" \/>\n<meta property=\"article:published_time\" content=\"2012-04-26T16:41:12+00:00\" \/>\n<meta property=\"article:modified_time\" content=\"2012-04-26T16:42:18+00:00\" \/>\n<meta property=\"og:image\" content=\"http:\/\/www.visit-ulcinj.com\/blog\/wp-content\/uploads\/2012\/04\/Nail-Draga_Ulqin.jpg\" \/>\n<meta name=\"twitter:label1\" content=\"Written by\" \/>\n\t<meta name=\"twitter:data1\" content=\"ulqini\" \/>\n\t<meta name=\"twitter:label2\" content=\"Est. reading time\" \/>\n\t<meta name=\"twitter:data2\" content=\"7 minutes\" \/>\n<script type=\"application\/ld+json\" class=\"yoast-schema-graph\">{\"@context\":\"https:\/\/schema.org\",\"@graph\":[{\"@type\":\"WebSite\",\"@id\":\"https:\/\/www.visit-ulcinj.com\/blog\/#website\",\"url\":\"https:\/\/www.visit-ulcinj.com\/blog\/\",\"name\":\"Lajme nga Ulqini\",\"description\":\"Lajme,Vijesti,Ulqini,Ulqin,Crna Gora,Mali i Zi\",\"potentialAction\":[{\"@type\":\"SearchAction\",\"target\":{\"@type\":\"EntryPoint\",\"urlTemplate\":\"https:\/\/www.visit-ulcinj.com\/blog\/?s={search_term_string}\"},\"query-input\":\"required name=search_term_string\"}],\"inLanguage\":\"en-US\"},{\"@type\":\"ImageObject\",\"inLanguage\":\"en-US\",\"@id\":\"https:\/\/www.visit-ulcinj.com\/blog\/2012\/04\/26\/nail-draga-pozita-e-librit-shqip-ne-mal-te-zi\/#primaryimage\",\"url\":\"https:\/\/www.visit-ulcinj.com\/blog\/wp-content\/uploads\/2012\/04\/Nail-Draga_Ulqin.jpg\",\"contentUrl\":\"https:\/\/www.visit-ulcinj.com\/blog\/wp-content\/uploads\/2012\/04\/Nail-Draga_Ulqin.jpg\",\"width\":\"720\",\"height\":\"960\"},{\"@type\":\"WebPage\",\"@id\":\"https:\/\/www.visit-ulcinj.com\/blog\/2012\/04\/26\/nail-draga-pozita-e-librit-shqip-ne-mal-te-zi\/#webpage\",\"url\":\"https:\/\/www.visit-ulcinj.com\/blog\/2012\/04\/26\/nail-draga-pozita-e-librit-shqip-ne-mal-te-zi\/\",\"name\":\"Nail Draga: \u201d Pozita e librit shqip n\u00eb Mal t\u00eb Zi\u201d - Lajme nga Ulqini\",\"isPartOf\":{\"@id\":\"https:\/\/www.visit-ulcinj.com\/blog\/#website\"},\"primaryImageOfPage\":{\"@id\":\"https:\/\/www.visit-ulcinj.com\/blog\/2012\/04\/26\/nail-draga-pozita-e-librit-shqip-ne-mal-te-zi\/#primaryimage\"},\"datePublished\":\"2012-04-26T16:41:12+00:00\",\"dateModified\":\"2012-04-26T16:42:18+00:00\",\"author\":{\"@id\":\"https:\/\/www.visit-ulcinj.com\/blog\/#\/schema\/person\/dcab619c614d3038751c63bc2aadc06d\"},\"description\":\"\u00a0LIBRI BAROMET\u00cbR I KULTUR\u00cbS \u00a0 (Me rastin e 23 prillit, Dit\u00ebs Bot\u00ebrore t\u00eb Librit dhe e s\u00eb Drejt\u00ebs s\u00eb Autorit) &nbsp; \u00a0 Ne kuad\u00ebr t\u00eb dit\u00ebve t\u00eb sh\u00ebnuara n\u00eb\",\"breadcrumb\":{\"@id\":\"https:\/\/www.visit-ulcinj.com\/blog\/2012\/04\/26\/nail-draga-pozita-e-librit-shqip-ne-mal-te-zi\/#breadcrumb\"},\"inLanguage\":\"en-US\",\"potentialAction\":[{\"@type\":\"ReadAction\",\"target\":[\"https:\/\/www.visit-ulcinj.com\/blog\/2012\/04\/26\/nail-draga-pozita-e-librit-shqip-ne-mal-te-zi\/\"]}]},{\"@type\":\"BreadcrumbList\",\"@id\":\"https:\/\/www.visit-ulcinj.com\/blog\/2012\/04\/26\/nail-draga-pozita-e-librit-shqip-ne-mal-te-zi\/#breadcrumb\",\"itemListElement\":[{\"@type\":\"ListItem\",\"position\":1,\"name\":\"Nail Draga: \u201d Pozita e librit shqip n\u00eb Mal t\u00eb Zi\u201d\"}]},{\"@type\":\"Person\",\"@id\":\"https:\/\/www.visit-ulcinj.com\/blog\/#\/schema\/person\/dcab619c614d3038751c63bc2aadc06d\",\"name\":\"ulqini\",\"sameAs\":[\"http:\/\/www.visit-ulcinj.com\"],\"url\":\"https:\/\/www.visit-ulcinj.com\/blog\/author\/admin\/\"}]}<\/script>\n<!-- \/ Yoast SEO plugin. -->","yoast_head_json":{"title":"Nail Draga: \u201d Pozita e librit shqip n\u00eb Mal t\u00eb Zi\u201d - Lajme nga Ulqini","description":"\u00a0LIBRI BAROMET\u00cbR I KULTUR\u00cbS \u00a0 (Me rastin e 23 prillit, Dit\u00ebs Bot\u00ebrore t\u00eb Librit dhe e s\u00eb Drejt\u00ebs s\u00eb Autorit) &nbsp; \u00a0 Ne kuad\u00ebr t\u00eb dit\u00ebve t\u00eb sh\u00ebnuara n\u00eb","robots":{"index":"index","follow":"follow","max-snippet":"max-snippet:-1","max-image-preview":"max-image-preview:large","max-video-preview":"max-video-preview:-1"},"canonical":"https:\/\/www.visit-ulcinj.com\/blog\/2012\/04\/26\/nail-draga-pozita-e-librit-shqip-ne-mal-te-zi\/","og_locale":"en_US","og_type":"article","og_title":"Nail Draga: \u201d Pozita e librit shqip n\u00eb Mal t\u00eb Zi\u201d - Lajme nga Ulqini","og_description":"\u00a0LIBRI BAROMET\u00cbR I KULTUR\u00cbS \u00a0 (Me rastin e 23 prillit, Dit\u00ebs Bot\u00ebrore t\u00eb Librit dhe e s\u00eb Drejt\u00ebs s\u00eb Autorit) &nbsp; \u00a0 Ne kuad\u00ebr t\u00eb dit\u00ebve t\u00eb sh\u00ebnuara n\u00eb","og_url":"https:\/\/www.visit-ulcinj.com\/blog\/2012\/04\/26\/nail-draga-pozita-e-librit-shqip-ne-mal-te-zi\/","og_site_name":"Lajme nga Ulqini","article_published_time":"2012-04-26T16:41:12+00:00","article_modified_time":"2012-04-26T16:42:18+00:00","og_image":[{"url":"http:\/\/www.visit-ulcinj.com\/blog\/wp-content\/uploads\/2012\/04\/Nail-Draga_Ulqin.jpg"}],"twitter_misc":{"Written by":"ulqini","Est. reading time":"7 minutes"},"schema":{"@context":"https:\/\/schema.org","@graph":[{"@type":"WebSite","@id":"https:\/\/www.visit-ulcinj.com\/blog\/#website","url":"https:\/\/www.visit-ulcinj.com\/blog\/","name":"Lajme nga Ulqini","description":"Lajme,Vijesti,Ulqini,Ulqin,Crna Gora,Mali i Zi","potentialAction":[{"@type":"SearchAction","target":{"@type":"EntryPoint","urlTemplate":"https:\/\/www.visit-ulcinj.com\/blog\/?s={search_term_string}"},"query-input":"required name=search_term_string"}],"inLanguage":"en-US"},{"@type":"ImageObject","inLanguage":"en-US","@id":"https:\/\/www.visit-ulcinj.com\/blog\/2012\/04\/26\/nail-draga-pozita-e-librit-shqip-ne-mal-te-zi\/#primaryimage","url":"https:\/\/www.visit-ulcinj.com\/blog\/wp-content\/uploads\/2012\/04\/Nail-Draga_Ulqin.jpg","contentUrl":"https:\/\/www.visit-ulcinj.com\/blog\/wp-content\/uploads\/2012\/04\/Nail-Draga_Ulqin.jpg","width":"720","height":"960"},{"@type":"WebPage","@id":"https:\/\/www.visit-ulcinj.com\/blog\/2012\/04\/26\/nail-draga-pozita-e-librit-shqip-ne-mal-te-zi\/#webpage","url":"https:\/\/www.visit-ulcinj.com\/blog\/2012\/04\/26\/nail-draga-pozita-e-librit-shqip-ne-mal-te-zi\/","name":"Nail Draga: \u201d Pozita e librit shqip n\u00eb Mal t\u00eb Zi\u201d - Lajme nga Ulqini","isPartOf":{"@id":"https:\/\/www.visit-ulcinj.com\/blog\/#website"},"primaryImageOfPage":{"@id":"https:\/\/www.visit-ulcinj.com\/blog\/2012\/04\/26\/nail-draga-pozita-e-librit-shqip-ne-mal-te-zi\/#primaryimage"},"datePublished":"2012-04-26T16:41:12+00:00","dateModified":"2012-04-26T16:42:18+00:00","author":{"@id":"https:\/\/www.visit-ulcinj.com\/blog\/#\/schema\/person\/dcab619c614d3038751c63bc2aadc06d"},"description":"\u00a0LIBRI BAROMET\u00cbR I KULTUR\u00cbS \u00a0 (Me rastin e 23 prillit, Dit\u00ebs Bot\u00ebrore t\u00eb Librit dhe e s\u00eb Drejt\u00ebs s\u00eb Autorit) &nbsp; \u00a0 Ne kuad\u00ebr t\u00eb dit\u00ebve t\u00eb sh\u00ebnuara n\u00eb","breadcrumb":{"@id":"https:\/\/www.visit-ulcinj.com\/blog\/2012\/04\/26\/nail-draga-pozita-e-librit-shqip-ne-mal-te-zi\/#breadcrumb"},"inLanguage":"en-US","potentialAction":[{"@type":"ReadAction","target":["https:\/\/www.visit-ulcinj.com\/blog\/2012\/04\/26\/nail-draga-pozita-e-librit-shqip-ne-mal-te-zi\/"]}]},{"@type":"BreadcrumbList","@id":"https:\/\/www.visit-ulcinj.com\/blog\/2012\/04\/26\/nail-draga-pozita-e-librit-shqip-ne-mal-te-zi\/#breadcrumb","itemListElement":[{"@type":"ListItem","position":1,"name":"Nail Draga: \u201d Pozita e librit shqip n\u00eb Mal t\u00eb Zi\u201d"}]},{"@type":"Person","@id":"https:\/\/www.visit-ulcinj.com\/blog\/#\/schema\/person\/dcab619c614d3038751c63bc2aadc06d","name":"ulqini","sameAs":["http:\/\/www.visit-ulcinj.com"],"url":"https:\/\/www.visit-ulcinj.com\/blog\/author\/admin\/"}]}},"jetpack_featured_media_url":"","jetpack_sharing_enabled":true,"jetpack_shortlink":"https:\/\/wp.me\/pe6lTn-fx6","_links":{"self":[{"href":"https:\/\/www.visit-ulcinj.com\/blog\/wp-json\/wp\/v2\/posts\/59712"}],"collection":[{"href":"https:\/\/www.visit-ulcinj.com\/blog\/wp-json\/wp\/v2\/posts"}],"about":[{"href":"https:\/\/www.visit-ulcinj.com\/blog\/wp-json\/wp\/v2\/types\/post"}],"author":[{"embeddable":true,"href":"https:\/\/www.visit-ulcinj.com\/blog\/wp-json\/wp\/v2\/users\/1"}],"replies":[{"embeddable":true,"href":"https:\/\/www.visit-ulcinj.com\/blog\/wp-json\/wp\/v2\/comments?post=59712"}],"version-history":[{"count":3,"href":"https:\/\/www.visit-ulcinj.com\/blog\/wp-json\/wp\/v2\/posts\/59712\/revisions"}],"predecessor-version":[{"id":59716,"href":"https:\/\/www.visit-ulcinj.com\/blog\/wp-json\/wp\/v2\/posts\/59712\/revisions\/59716"}],"wp:attachment":[{"href":"https:\/\/www.visit-ulcinj.com\/blog\/wp-json\/wp\/v2\/media?parent=59712"}],"wp:term":[{"taxonomy":"category","embeddable":true,"href":"https:\/\/www.visit-ulcinj.com\/blog\/wp-json\/wp\/v2\/categories?post=59712"},{"taxonomy":"post_tag","embeddable":true,"href":"https:\/\/www.visit-ulcinj.com\/blog\/wp-json\/wp\/v2\/tags?post=59712"}],"curies":[{"name":"wp","href":"https:\/\/api.w.org\/{rel}","templated":true}]}}