{"id":59724,"date":"2012-04-27T17:19:50","date_gmt":"2012-04-27T16:19:50","guid":{"rendered":"http:\/\/www.visit-ulcinj.com\/blog\/?p=59724"},"modified":"2012-04-27T17:56:26","modified_gmt":"2012-04-27T16:56:26","slug":"policia-e-curihut-nuk-konfirmon-rahjen-e-babastars-dhe-noizy","status":"publish","type":"post","link":"https:\/\/www.visit-ulcinj.com\/blog\/2012\/04\/27\/policia-e-curihut-nuk-konfirmon-rahjen-e-babastars-dhe-noizy\/","title":{"rendered":"Policia e Curihut nuk konfirmon rahjen e BabaStars dhe Noizy"},"content":{"rendered":"<p><strong>Shkaku i k\u00ebsaj p\u00ebrleshje nuk \u00ebsht\u00eb b\u00ebr\u00eb i ditur n\u00eb\u00a0<a href=\"http:\/\/www.google.ch\/url?sa=t&amp;rct=j&amp;q=&amp;esrc=s&amp;source=web&amp;cd=1&amp;ved=0CCcQFjAA&amp;url=http%3A%2F%2Fwww.kapo.zh.ch%2F&amp;ei=isqaT-mdGOba4QSI082IDw&amp;usg=AFQjCNHLkDVwXqF313MkfVmh-eO6ihROEA&amp;sig2=yEHpmxS3fMHITjapv32vYg\"> Kantonspolizei Z\u00fcrich<\/a>, nd\u00ebrsa incidentin nuk e ka konfirmuar edhe z\u00ebdh\u00ebn\u00ebsi i policis\u00eb n\u00eb Zurich, i cili ka th\u00ebn\u00eb se policia nuk \u00ebsht\u00eb n\u00eb ndjekje t\u00eb personave pjes\u00ebmarr\u00ebs t\u00eb k\u00ebtij incidenti.<\/strong><\/p>\n<p><strong>Lajme nga Ulqini<br \/>\n<\/strong><\/p>\n<p><strong>Sot n\u00eb or\u00ebt e para t\u00eb m\u00ebngjesit an\u00ebtar\u00ebt e labelit \u201cBABA STARS\u201d kan\u00eb rrahur reperin, Noizy, dhe nj\u00eb an\u00ebtar tjet\u00ebr t\u00eb grupit OTR.<br \/>\n<a href=\"http:\/\/www.visit-ulcinj.com\/blog\/wp-content\/uploads\/2012\/04\/BabaStars.jpg\"><img loading=\"lazy\" class=\"alignleft  wp-image-59725\" title=\"BabaStars\" src=\"http:\/\/www.visit-ulcinj.com\/blog\/wp-content\/uploads\/2012\/04\/BabaStars.jpg\" alt=\"\" width=\"508\" height=\"360\" \/><\/a><br \/>\n<\/strong><\/p>\n<p>E gjith\u00eb ngjarja ka ndodhur sot n\u00eb m\u00ebngjes n\u00eb aeroportin e Zurich-ut.<\/p>\n<p>Sipas burimeve, Noizy ka p\u00ebsuar l\u00ebndime t\u00eb r\u00ebnda trupore dhe tashm\u00eb gjendet n\u00eb p\u00ebrkujdesjen e mjek\u00ebve.<\/p>\n<p>Nd\u00ebrsa an\u00ebtar\u00ebt e labelit \u201cBABASTARS\u201d, jan\u00eb shoq\u00ebruar n\u00eb stacionin policor t\u00eb kantonit.<\/p>\n<p><strong>Noizy e mohon te jete rrahur nga Grupi Babastars<\/strong><\/p>\n<p><strong>Noizy, ka shfryt\u00ebzuar profilin e tij n\u00eb Facebook p\u00ebr t\u00eb demantuar se ai \u00ebsht\u00eb rrahur nga BabaStars. Ai ka postuar edhe nj\u00eb video, ku shfaqet sh\u00ebndosh\u00eb e mir\u00eb dhe ku po ashtu shfaq nj\u00eb stoli t\u00eb nj\u00eb prej an\u00ebtar\u00ebve t\u00eb BabaStars. T\u00eb nj\u00ebjt\u00ebn gj\u00eb m\u00eb von\u00eb e kan\u00eb b\u00ebr\u00eb edhe k\u00ebta t\u00eb fundit, me Ledrin q\u00eb e ka ftuar Noizyn p\u00ebr duel tjet\u00ebr n\u00eb Zurich.<\/strong><\/p>\n<p><a href=\"http:\/\/www.visit-ulcinj.com\/blog\/wp-content\/uploads\/2012\/04\/Noizy.jpg\"><img loading=\"lazy\" class=\"alignleft  wp-image-59726\" title=\"Noizy\" src=\"http:\/\/www.visit-ulcinj.com\/blog\/wp-content\/uploads\/2012\/04\/Noizy.jpg\" alt=\"\" width=\"508\" height=\"300\" \/><\/a><\/p>\n<p>&nbsp;<\/p>\n<p>Ngjarja e cila besohet t\u00eb ket\u00eb ndodhur n\u00eb aeroportin e Zurichut n\u00eb ora 9:00 t\u00eb m\u00ebngjesit ka pasur p\u00ebr protagonist\u00eb an\u00ebtar\u00ebt e \u2018labelit\u2019 BabaStars dhe reperin e OTR, Noizyn, ashtu si nj\u00eb mik t\u00eb k\u00ebtij t\u00eb fundit. Burimet e Telegrafit kan\u00eb konfirmuar se Noizy ka p\u00ebsuar l\u00ebndime dhe se \u00ebsht\u00eb rrahur nga BabaStars, por k\u00ebt\u00eb e ka demantuar reperi kontravers.<\/p>\n<p><object width=\"508\" height=\"300\" classid=\"clsid:d27cdb6e-ae6d-11cf-96b8-444553540000\" codebase=\"http:\/\/download.macromedia.com\/pub\/shockwave\/cabs\/flash\/swflash.cab#version=6,0,40,0\"><param name=\"allowFullScreen\" value=\"true\" \/><param name=\"allowscriptaccess\" value=\"always\" \/><param name=\"src\" value=\"http:\/\/www.youtube-nocookie.com\/v\/QnSF2JfALlU?version=3&amp;hl=fr_FR\" \/><param name=\"allowfullscreen\" value=\"true\" \/><\/object><br \/>\n\u201cN\u00eb Zurich n\u00eb gjendje shum\u00eb t\u00eb mir\u00eb. Thuju atyre ta b\u00ebjn\u00eb nj\u00eb video tani pasi Noizy e b\u00ebri hahahahahha\u201d, \u00ebsht\u00eb shprehur Noizy n\u00eb profilin e tij n\u00eb Facebook.<\/p>\n<p>M\u00eb posht\u00eb mund t\u00eb shihni dhe videon n\u00eb t\u00eb cil\u00ebn Noizy \u2018reklamon\u2019 pjes\u00ebt e trupit t\u00eb tij n\u00eb ora 15:00, vet\u00ebm 20 minuta pas lansimit t\u00eb lajmit nga ana e Telegrafit. Noizy n\u00eb k\u00ebt\u00eb video po ashtu ka shfaqur nj\u00eb stoli e cila besohet se i takon nj\u00eb prej figurave kryesore t\u00eb BabaStars, Ledrit.<\/p>\n<p>Nga ana tjet\u00ebr, disa or\u00eb pas rrahjes, an\u00ebtari i BabaStars, Visar Shala, ka postuar nj\u00eb fotografi ku \u00ebsht\u00eb shfaqur sh\u00ebndosh\u00eb e mir\u00eb dhe pa shenja nga rrahja. Pos Visarit, n\u00eb Twitter \u00ebsht\u00eb shprehur edhe Ledri, i cili ka shkruar:<\/p>\n<p>\u201cA osht bajram sot a?! Se i kena pre dy kurbana p\u00ebr hapjen e Duplex-Club n\u00eb Zurich Mo-fo City1 haha That\u2019s What\u2019s Up, BabaStars\u201d, ka theksuar Ledri duke i quajtur an\u00ebtar\u00ebt e OTR, Noizyn dhe Onzinon si kurban\u00eb pas rrahjes.<\/p>\n<p><object width=\"508\" height=\"300\" classid=\"clsid:d27cdb6e-ae6d-11cf-96b8-444553540000\" codebase=\"http:\/\/download.macromedia.com\/pub\/shockwave\/cabs\/flash\/swflash.cab#version=6,0,40,0\"><param name=\"allowFullScreen\" value=\"true\" \/><param name=\"allowscriptaccess\" value=\"always\" \/><param name=\"src\" value=\"http:\/\/www.youtube-nocookie.com\/v\/ckfHmNqb3hI?version=3&amp;hl=fr_FR\" \/><param name=\"allowfullscreen\" value=\"true\" \/><\/object><br \/>\nK\u00ebshtu, ende nuk dihet sakt se kush k\u00eb e ka rrahur, por nj\u00eb gj\u00eb \u00ebsht\u00eb e sigurt\u00eb \u2013 P\u00ebr\u00e7arjet dhe konfliktet mes reper\u00ebve shqiptar\u00eb jo q\u00eb do t\u00eb ndalen, por vet\u00ebm sa jan\u00eb intensifikuar pas k\u00ebtij incidenti.\u00a0\u00a0\u00a0\u00a0 \/Telegrafi\/<\/p>\n<p>&nbsp;<\/p>\n","protected":false},"excerpt":{"rendered":"<p>Shkaku i k\u00ebsaj p\u00ebrleshje nuk \u00ebsht\u00eb b\u00ebr\u00eb i ditur n\u00eb\u00a0 Kantonspolizei Z\u00fcrich, nd\u00ebrsa incidentin nuk e ka konfirmuar edhe z\u00ebdh\u00ebn\u00ebsi i policis\u00eb n\u00eb Zurich, i cili ka th\u00ebn\u00eb se policia nuk \u00ebsht\u00eb n\u00eb ndjekje t\u00eb personave pjes\u00ebmarr\u00ebs t\u00eb k\u00ebtij incidenti. Lajme nga Ulqini Sot n\u00eb or\u00ebt e para t\u00eb m\u00ebngjesit an\u00ebtar\u00ebt e labelit \u201cBABA STARS\u201d [&hellip;]<\/p>\n","protected":false},"author":1,"featured_media":0,"comment_status":"open","ping_status":"closed","sticky":false,"template":"","format":"standard","meta":{"spay_email":"","jetpack_publicize_message":"","jetpack_is_tweetstorm":false,"jetpack_publicize_feature_enabled":true},"categories":[1],"tags":[20367,12181],"jetpack_publicize_connections":[],"yoast_head":"<!-- This site is optimized with the Yoast SEO plugin v19.1 - https:\/\/yoast.com\/wordpress\/plugins\/seo\/ -->\n<title>Policia e Curihut nuk konfirmon rahjen e BabaStars dhe Noizy - Lajme nga Ulqini<\/title>\n<meta name=\"description\" content=\"Shkaku i k\u00ebsaj p\u00ebrleshje nuk \u00ebsht\u00eb b\u00ebr\u00eb i ditur n\u00eb\u00a0 Kantonspolizei Z\u00fcrich, nd\u00ebrsa incidentin nuk e ka konfirmuar edhe z\u00ebdh\u00ebn\u00ebsi i policis\u00eb n\u00eb Zurich, i\" \/>\n<meta name=\"robots\" content=\"index, follow, max-snippet:-1, max-image-preview:large, max-video-preview:-1\" \/>\n<link rel=\"canonical\" href=\"https:\/\/www.visit-ulcinj.com\/blog\/2012\/04\/27\/policia-e-curihut-nuk-konfirmon-rahjen-e-babastars-dhe-noizy\/\" \/>\n<meta property=\"og:locale\" content=\"en_US\" \/>\n<meta property=\"og:type\" content=\"article\" \/>\n<meta property=\"og:title\" content=\"Policia e Curihut nuk konfirmon rahjen e BabaStars dhe Noizy - Lajme nga Ulqini\" \/>\n<meta property=\"og:description\" content=\"Shkaku i k\u00ebsaj p\u00ebrleshje nuk \u00ebsht\u00eb b\u00ebr\u00eb i ditur n\u00eb\u00a0 Kantonspolizei Z\u00fcrich, nd\u00ebrsa incidentin nuk e ka konfirmuar edhe z\u00ebdh\u00ebn\u00ebsi i policis\u00eb n\u00eb Zurich, i\" \/>\n<meta property=\"og:url\" content=\"https:\/\/www.visit-ulcinj.com\/blog\/2012\/04\/27\/policia-e-curihut-nuk-konfirmon-rahjen-e-babastars-dhe-noizy\/\" \/>\n<meta property=\"og:site_name\" content=\"Lajme nga Ulqini\" \/>\n<meta property=\"article:published_time\" content=\"2012-04-27T16:19:50+00:00\" \/>\n<meta property=\"article:modified_time\" content=\"2012-04-27T16:56:26+00:00\" \/>\n<meta property=\"og:image\" content=\"http:\/\/www.visit-ulcinj.com\/blog\/wp-content\/uploads\/2012\/04\/BabaStars.jpg\" \/>\n<meta name=\"twitter:label1\" content=\"Written by\" \/>\n\t<meta name=\"twitter:data1\" content=\"ulqini\" \/>\n\t<meta name=\"twitter:label2\" content=\"Est. reading time\" \/>\n\t<meta name=\"twitter:data2\" content=\"3 minutes\" \/>\n<script type=\"application\/ld+json\" class=\"yoast-schema-graph\">{\"@context\":\"https:\/\/schema.org\",\"@graph\":[{\"@type\":\"WebSite\",\"@id\":\"https:\/\/www.visit-ulcinj.com\/blog\/#website\",\"url\":\"https:\/\/www.visit-ulcinj.com\/blog\/\",\"name\":\"Lajme nga Ulqini\",\"description\":\"Lajme,Vijesti,Ulqini,Ulqin,Crna Gora,Mali i Zi\",\"potentialAction\":[{\"@type\":\"SearchAction\",\"target\":{\"@type\":\"EntryPoint\",\"urlTemplate\":\"https:\/\/www.visit-ulcinj.com\/blog\/?s={search_term_string}\"},\"query-input\":\"required name=search_term_string\"}],\"inLanguage\":\"en-US\"},{\"@type\":\"ImageObject\",\"inLanguage\":\"en-US\",\"@id\":\"https:\/\/www.visit-ulcinj.com\/blog\/2012\/04\/27\/policia-e-curihut-nuk-konfirmon-rahjen-e-babastars-dhe-noizy\/#primaryimage\",\"url\":\"http:\/\/www.visit-ulcinj.com\/blog\/wp-content\/uploads\/2012\/04\/BabaStars.jpg\",\"contentUrl\":\"http:\/\/www.visit-ulcinj.com\/blog\/wp-content\/uploads\/2012\/04\/BabaStars.jpg\"},{\"@type\":\"WebPage\",\"@id\":\"https:\/\/www.visit-ulcinj.com\/blog\/2012\/04\/27\/policia-e-curihut-nuk-konfirmon-rahjen-e-babastars-dhe-noizy\/#webpage\",\"url\":\"https:\/\/www.visit-ulcinj.com\/blog\/2012\/04\/27\/policia-e-curihut-nuk-konfirmon-rahjen-e-babastars-dhe-noizy\/\",\"name\":\"Policia e Curihut nuk konfirmon rahjen e BabaStars dhe Noizy - Lajme nga Ulqini\",\"isPartOf\":{\"@id\":\"https:\/\/www.visit-ulcinj.com\/blog\/#website\"},\"primaryImageOfPage\":{\"@id\":\"https:\/\/www.visit-ulcinj.com\/blog\/2012\/04\/27\/policia-e-curihut-nuk-konfirmon-rahjen-e-babastars-dhe-noizy\/#primaryimage\"},\"datePublished\":\"2012-04-27T16:19:50+00:00\",\"dateModified\":\"2012-04-27T16:56:26+00:00\",\"author\":{\"@id\":\"https:\/\/www.visit-ulcinj.com\/blog\/#\/schema\/person\/dcab619c614d3038751c63bc2aadc06d\"},\"description\":\"Shkaku i k\u00ebsaj p\u00ebrleshje nuk \u00ebsht\u00eb b\u00ebr\u00eb i ditur n\u00eb\u00a0 Kantonspolizei Z\u00fcrich, nd\u00ebrsa incidentin nuk e ka konfirmuar edhe z\u00ebdh\u00ebn\u00ebsi i policis\u00eb n\u00eb Zurich, i\",\"breadcrumb\":{\"@id\":\"https:\/\/www.visit-ulcinj.com\/blog\/2012\/04\/27\/policia-e-curihut-nuk-konfirmon-rahjen-e-babastars-dhe-noizy\/#breadcrumb\"},\"inLanguage\":\"en-US\",\"potentialAction\":[{\"@type\":\"ReadAction\",\"target\":[\"https:\/\/www.visit-ulcinj.com\/blog\/2012\/04\/27\/policia-e-curihut-nuk-konfirmon-rahjen-e-babastars-dhe-noizy\/\"]}]},{\"@type\":\"BreadcrumbList\",\"@id\":\"https:\/\/www.visit-ulcinj.com\/blog\/2012\/04\/27\/policia-e-curihut-nuk-konfirmon-rahjen-e-babastars-dhe-noizy\/#breadcrumb\",\"itemListElement\":[{\"@type\":\"ListItem\",\"position\":1,\"name\":\"Policia e Curihut nuk konfirmon rahjen e BabaStars dhe Noizy\"}]},{\"@type\":\"Person\",\"@id\":\"https:\/\/www.visit-ulcinj.com\/blog\/#\/schema\/person\/dcab619c614d3038751c63bc2aadc06d\",\"name\":\"ulqini\",\"sameAs\":[\"http:\/\/www.visit-ulcinj.com\"],\"url\":\"https:\/\/www.visit-ulcinj.com\/blog\/author\/admin\/\"}]}<\/script>\n<!-- \/ Yoast SEO plugin. -->","yoast_head_json":{"title":"Policia e Curihut nuk konfirmon rahjen e BabaStars dhe Noizy - Lajme nga Ulqini","description":"Shkaku i k\u00ebsaj p\u00ebrleshje nuk \u00ebsht\u00eb b\u00ebr\u00eb i ditur n\u00eb\u00a0 Kantonspolizei Z\u00fcrich, nd\u00ebrsa incidentin nuk e ka konfirmuar edhe z\u00ebdh\u00ebn\u00ebsi i policis\u00eb n\u00eb Zurich, i","robots":{"index":"index","follow":"follow","max-snippet":"max-snippet:-1","max-image-preview":"max-image-preview:large","max-video-preview":"max-video-preview:-1"},"canonical":"https:\/\/www.visit-ulcinj.com\/blog\/2012\/04\/27\/policia-e-curihut-nuk-konfirmon-rahjen-e-babastars-dhe-noizy\/","og_locale":"en_US","og_type":"article","og_title":"Policia e Curihut nuk konfirmon rahjen e BabaStars dhe Noizy - Lajme nga Ulqini","og_description":"Shkaku i k\u00ebsaj p\u00ebrleshje nuk \u00ebsht\u00eb b\u00ebr\u00eb i ditur n\u00eb\u00a0 Kantonspolizei Z\u00fcrich, nd\u00ebrsa incidentin nuk e ka konfirmuar edhe z\u00ebdh\u00ebn\u00ebsi i policis\u00eb n\u00eb Zurich, i","og_url":"https:\/\/www.visit-ulcinj.com\/blog\/2012\/04\/27\/policia-e-curihut-nuk-konfirmon-rahjen-e-babastars-dhe-noizy\/","og_site_name":"Lajme nga Ulqini","article_published_time":"2012-04-27T16:19:50+00:00","article_modified_time":"2012-04-27T16:56:26+00:00","og_image":[{"url":"http:\/\/www.visit-ulcinj.com\/blog\/wp-content\/uploads\/2012\/04\/BabaStars.jpg"}],"twitter_misc":{"Written by":"ulqini","Est. reading time":"3 minutes"},"schema":{"@context":"https:\/\/schema.org","@graph":[{"@type":"WebSite","@id":"https:\/\/www.visit-ulcinj.com\/blog\/#website","url":"https:\/\/www.visit-ulcinj.com\/blog\/","name":"Lajme nga Ulqini","description":"Lajme,Vijesti,Ulqini,Ulqin,Crna Gora,Mali i Zi","potentialAction":[{"@type":"SearchAction","target":{"@type":"EntryPoint","urlTemplate":"https:\/\/www.visit-ulcinj.com\/blog\/?s={search_term_string}"},"query-input":"required name=search_term_string"}],"inLanguage":"en-US"},{"@type":"ImageObject","inLanguage":"en-US","@id":"https:\/\/www.visit-ulcinj.com\/blog\/2012\/04\/27\/policia-e-curihut-nuk-konfirmon-rahjen-e-babastars-dhe-noizy\/#primaryimage","url":"http:\/\/www.visit-ulcinj.com\/blog\/wp-content\/uploads\/2012\/04\/BabaStars.jpg","contentUrl":"http:\/\/www.visit-ulcinj.com\/blog\/wp-content\/uploads\/2012\/04\/BabaStars.jpg"},{"@type":"WebPage","@id":"https:\/\/www.visit-ulcinj.com\/blog\/2012\/04\/27\/policia-e-curihut-nuk-konfirmon-rahjen-e-babastars-dhe-noizy\/#webpage","url":"https:\/\/www.visit-ulcinj.com\/blog\/2012\/04\/27\/policia-e-curihut-nuk-konfirmon-rahjen-e-babastars-dhe-noizy\/","name":"Policia e Curihut nuk konfirmon rahjen e BabaStars dhe Noizy - Lajme nga Ulqini","isPartOf":{"@id":"https:\/\/www.visit-ulcinj.com\/blog\/#website"},"primaryImageOfPage":{"@id":"https:\/\/www.visit-ulcinj.com\/blog\/2012\/04\/27\/policia-e-curihut-nuk-konfirmon-rahjen-e-babastars-dhe-noizy\/#primaryimage"},"datePublished":"2012-04-27T16:19:50+00:00","dateModified":"2012-04-27T16:56:26+00:00","author":{"@id":"https:\/\/www.visit-ulcinj.com\/blog\/#\/schema\/person\/dcab619c614d3038751c63bc2aadc06d"},"description":"Shkaku i k\u00ebsaj p\u00ebrleshje nuk \u00ebsht\u00eb b\u00ebr\u00eb i ditur n\u00eb\u00a0 Kantonspolizei Z\u00fcrich, nd\u00ebrsa incidentin nuk e ka konfirmuar edhe z\u00ebdh\u00ebn\u00ebsi i policis\u00eb n\u00eb Zurich, i","breadcrumb":{"@id":"https:\/\/www.visit-ulcinj.com\/blog\/2012\/04\/27\/policia-e-curihut-nuk-konfirmon-rahjen-e-babastars-dhe-noizy\/#breadcrumb"},"inLanguage":"en-US","potentialAction":[{"@type":"ReadAction","target":["https:\/\/www.visit-ulcinj.com\/blog\/2012\/04\/27\/policia-e-curihut-nuk-konfirmon-rahjen-e-babastars-dhe-noizy\/"]}]},{"@type":"BreadcrumbList","@id":"https:\/\/www.visit-ulcinj.com\/blog\/2012\/04\/27\/policia-e-curihut-nuk-konfirmon-rahjen-e-babastars-dhe-noizy\/#breadcrumb","itemListElement":[{"@type":"ListItem","position":1,"name":"Policia e Curihut nuk konfirmon rahjen e BabaStars dhe Noizy"}]},{"@type":"Person","@id":"https:\/\/www.visit-ulcinj.com\/blog\/#\/schema\/person\/dcab619c614d3038751c63bc2aadc06d","name":"ulqini","sameAs":["http:\/\/www.visit-ulcinj.com"],"url":"https:\/\/www.visit-ulcinj.com\/blog\/author\/admin\/"}]}},"jetpack_featured_media_url":"","jetpack_sharing_enabled":true,"jetpack_shortlink":"https:\/\/wp.me\/pe6lTn-fxi","_links":{"self":[{"href":"https:\/\/www.visit-ulcinj.com\/blog\/wp-json\/wp\/v2\/posts\/59724"}],"collection":[{"href":"https:\/\/www.visit-ulcinj.com\/blog\/wp-json\/wp\/v2\/posts"}],"about":[{"href":"https:\/\/www.visit-ulcinj.com\/blog\/wp-json\/wp\/v2\/types\/post"}],"author":[{"embeddable":true,"href":"https:\/\/www.visit-ulcinj.com\/blog\/wp-json\/wp\/v2\/users\/1"}],"replies":[{"embeddable":true,"href":"https:\/\/www.visit-ulcinj.com\/blog\/wp-json\/wp\/v2\/comments?post=59724"}],"version-history":[{"count":6,"href":"https:\/\/www.visit-ulcinj.com\/blog\/wp-json\/wp\/v2\/posts\/59724\/revisions"}],"predecessor-version":[{"id":59729,"href":"https:\/\/www.visit-ulcinj.com\/blog\/wp-json\/wp\/v2\/posts\/59724\/revisions\/59729"}],"wp:attachment":[{"href":"https:\/\/www.visit-ulcinj.com\/blog\/wp-json\/wp\/v2\/media?parent=59724"}],"wp:term":[{"taxonomy":"category","embeddable":true,"href":"https:\/\/www.visit-ulcinj.com\/blog\/wp-json\/wp\/v2\/categories?post=59724"},{"taxonomy":"post_tag","embeddable":true,"href":"https:\/\/www.visit-ulcinj.com\/blog\/wp-json\/wp\/v2\/tags?post=59724"}],"curies":[{"name":"wp","href":"https:\/\/api.w.org\/{rel}","templated":true}]}}