{"id":59733,"date":"2012-04-27T18:19:07","date_gmt":"2012-04-27T17:19:07","guid":{"rendered":"http:\/\/www.visit-ulcinj.com\/blog\/?p=59733"},"modified":"2012-04-27T18:24:53","modified_gmt":"2012-04-27T17:24:53","slug":"selim-resulbegovic-predsjednik-oo-sdp-ulcinj","status":"publish","type":"post","link":"https:\/\/www.visit-ulcinj.com\/blog\/2012\/04\/27\/selim-resulbegovic-predsjednik-oo-sdp-ulcinj\/","title":{"rendered":"Selim Resulbegovi\u0107 predsjednik OO SDP Ulcinj"},"content":{"rendered":"<p><a href=\"http:\/\/www.visit-ulcinj.com\/blog\/wp-content\/uploads\/2012\/04\/Selim-Resulbegovic-predsjednik-OO-SDP-Ulcinj.jpg\"><img loading=\"lazy\" class=\"alignleft  wp-image-59734\" title=\"Selim Resulbegovic predsjednik OO SDP Ulcinj\" src=\"http:\/\/www.visit-ulcinj.com\/blog\/wp-content\/uploads\/2012\/04\/Selim-Resulbegovic-predsjednik-OO-SDP-Ulcinj.jpg\" alt=\"\" width=\"340\" height=\"420\" \/><\/a>Selim Resulbegovi\u0107, dosada\u0161nji predsjednik Op\u0161tinskog odbora Socijaldemokratske partije SDP Ulcinj ponovo je izabran na tu funkciju, odlu\u010deno je na prvoj sjednici OO SDP Ulcinj.<br \/>\nNa sjednici je izabrano i Predsjedni\u0161tvo Odbora.<br \/>\nZa \u010dlanove Predsjedni\u0161tva jednoglasno su izabrani: Selim Resulbegovi\u0107, Ibrahim Cungu, Skender Elezagi\u0107, Fejzo Hod\u017ei\u0107, Merita Suba\u0161i\u0107 \u0160abanovi\u0107, Kasneci Ardijan, Naser Resulbegovi\u0107, Minir Karamanaga, Sabri Zejnelaga, Ilirijana Cungu, \u0106azim Hod\u017ei\u0107, \u0160u\u0107urija Resulbegovi\u0107 i Vuksan Vuksanovi\u0107.<\/p>\n<p><a href=\"http:\/\/www.visit-ulcinj.com\/blog\/wp-content\/uploads\/2012\/04\/keshilli-komunal-PSD-Ulqin.jpg\"><img loading=\"lazy\" class=\"alignleft  wp-image-59743\" title=\"keshilli komunal PSD Ulqin\" src=\"http:\/\/www.visit-ulcinj.com\/blog\/wp-content\/uploads\/2012\/04\/keshilli-komunal-PSD-Ulqin.jpg\" alt=\"\" width=\"508\" height=\"300\" \/><\/a><br \/>\nOO SDP Ulcinj je usvojio i plan rada za naredni period u kojem dominiraju zadaci vezani za pove\u0107anje broja \u010dlanstva partije, afirmisanje rada mjesnih odbora, a kad je u pitanju rad u Op\u0161tini Ulcinj, klju\u010dni zadaci su rje\u0161avanje socijalnih pitanja i pove\u0107avanja zaposlenosti u ulcinjskoj op\u0161tini, kroz sprovo\u0111enje dobre ekonomske politike.<br \/>\n&#8220;Ovo se posebno odnosi na zapo\u0161ljavanje mladih obrazovanih ljudi koji bi se poslije zavr\u0161etka studija u zemlji i inostranstvu vra\u0107ali u na\u0161 grad. Kadrovi SDP Ulcinj koji trenutno rade u izvr\u0161noj vlasti SO Ulcinj, daju ogroman doprinos u usvajanju prostorno- planske dokumentacije (samo u roku od 5 mjeseci usvojeno je 16 planskih dokumenata) \u010dime se stvaraju preduslovi za dinami\u010dan razvoj op\u0161tine Ulcinj\u201d, saop\u0161teno je na sjednici.<\/p>\n<p>Izvor: CDM<br \/>\n\n\t\t<style type=\"text\/css\">\n\t\t\t#gallery-1 {\n\t\t\t\tmargin: auto;\n\t\t\t}\n\t\t\t#gallery-1 .gallery-item {\n\t\t\t\tfloat: left;\n\t\t\t\tmargin-top: 10px;\n\t\t\t\ttext-align: center;\n\t\t\t\twidth: 33%;\n\t\t\t}\n\t\t\t#gallery-1 img {\n\t\t\t\tborder: 2px solid #cfcfcf;\n\t\t\t}\n\t\t\t#gallery-1 .gallery-caption {\n\t\t\t\tmargin-left: 0;\n\t\t\t}\n\t\t\t\/* see gallery_shortcode() in wp-includes\/media.php *\/\n\t\t<\/style>\n\t\t<div id='gallery-1' class='gallery galleryid-59733 gallery-columns-3 gallery-size-thumbnail'><dl class='gallery-item'>\n\t\t\t<dt class='gallery-icon portrait'>\n\t\t\t\t<a href='https:\/\/www.visit-ulcinj.com\/blog\/wp-content\/uploads\/2012\/04\/Selim-Resulbegovic-predsjednik-OO-SDP-Ulcinj.jpg'><img width=\"150\" height=\"150\" src=\"https:\/\/www.visit-ulcinj.com\/blog\/wp-content\/uploads\/2012\/04\/Selim-Resulbegovic-predsjednik-OO-SDP-Ulcinj-150x150.jpg\" class=\"attachment-thumbnail size-thumbnail\" alt=\"\" loading=\"lazy\" \/><\/a>\n\t\t\t<\/dt><\/dl><dl class='gallery-item'>\n\t\t\t<dt class='gallery-icon landscape'>\n\t\t\t\t<a href='https:\/\/www.visit-ulcinj.com\/blog\/wp-content\/uploads\/2012\/04\/Selim-Resulbegovic-predsjednik-OO-SDP-Ulcinj.1.jpg'><img width=\"150\" height=\"150\" src=\"https:\/\/www.visit-ulcinj.com\/blog\/wp-content\/uploads\/2012\/04\/Selim-Resulbegovic-predsjednik-OO-SDP-Ulcinj.1-150x150.jpg\" class=\"attachment-thumbnail size-thumbnail\" alt=\"\" loading=\"lazy\" \/><\/a>\n\t\t\t<\/dt><\/dl><dl class='gallery-item'>\n\t\t\t<dt class='gallery-icon landscape'>\n\t\t\t\t<a href='https:\/\/www.visit-ulcinj.com\/blog\/wp-content\/uploads\/2012\/04\/Selim-Resulbegovic-predsjednik-OO-SDP-Ulcinj.2.jpg'><img width=\"150\" height=\"150\" src=\"https:\/\/www.visit-ulcinj.com\/blog\/wp-content\/uploads\/2012\/04\/Selim-Resulbegovic-predsjednik-OO-SDP-Ulcinj.2-150x150.jpg\" class=\"attachment-thumbnail size-thumbnail\" alt=\"\" loading=\"lazy\" \/><\/a>\n\t\t\t<\/dt><\/dl><br style=\"clear: both\" \/><dl class='gallery-item'>\n\t\t\t<dt class='gallery-icon landscape'>\n\t\t\t\t<a href='https:\/\/www.visit-ulcinj.com\/blog\/wp-content\/uploads\/2012\/04\/Selim-Resulbegovic-predsjednik-OO-SDP-Ulcinj.3.jpg'><img width=\"150\" height=\"150\" src=\"https:\/\/www.visit-ulcinj.com\/blog\/wp-content\/uploads\/2012\/04\/Selim-Resulbegovic-predsjednik-OO-SDP-Ulcinj.3-150x150.jpg\" class=\"attachment-thumbnail size-thumbnail\" alt=\"\" loading=\"lazy\" \/><\/a>\n\t\t\t<\/dt><\/dl><dl class='gallery-item'>\n\t\t\t<dt class='gallery-icon landscape'>\n\t\t\t\t<a href='https:\/\/www.visit-ulcinj.com\/blog\/wp-content\/uploads\/2012\/04\/Selim-Resulbegovic-predsjednik-OO-SDP-Ulcinj.4.jpg'><img width=\"150\" height=\"150\" src=\"https:\/\/www.visit-ulcinj.com\/blog\/wp-content\/uploads\/2012\/04\/Selim-Resulbegovic-predsjednik-OO-SDP-Ulcinj.4-150x150.jpg\" class=\"attachment-thumbnail size-thumbnail\" alt=\"\" loading=\"lazy\" \/><\/a>\n\t\t\t<\/dt><\/dl><dl class='gallery-item'>\n\t\t\t<dt class='gallery-icon landscape'>\n\t\t\t\t<a href='https:\/\/www.visit-ulcinj.com\/blog\/wp-content\/uploads\/2012\/04\/Selim-Resulbegovic-predsjednik-OO-SDP-Ulcinj.5.jpg'><img width=\"150\" height=\"150\" src=\"https:\/\/www.visit-ulcinj.com\/blog\/wp-content\/uploads\/2012\/04\/Selim-Resulbegovic-predsjednik-OO-SDP-Ulcinj.5-150x150.jpg\" class=\"attachment-thumbnail size-thumbnail\" alt=\"\" loading=\"lazy\" \/><\/a>\n\t\t\t<\/dt><\/dl><br style=\"clear: both\" \/><dl class='gallery-item'>\n\t\t\t<dt class='gallery-icon landscape'>\n\t\t\t\t<a href='https:\/\/www.visit-ulcinj.com\/blog\/wp-content\/uploads\/2012\/04\/keshilli-komunal-PSD-Ulqin.jpg'><img width=\"150\" height=\"150\" src=\"https:\/\/www.visit-ulcinj.com\/blog\/wp-content\/uploads\/2012\/04\/keshilli-komunal-PSD-Ulqin-150x150.jpg\" class=\"attachment-thumbnail size-thumbnail\" alt=\"\" loading=\"lazy\" \/><\/a>\n\t\t\t<\/dt><\/dl>\n\t\t\t<br style='clear: both' \/>\n\t\t<\/div>\n<\/p>\n","protected":false},"excerpt":{"rendered":"<p>Selim Resulbegovi\u0107, dosada\u0161nji predsjednik Op\u0161tinskog odbora Socijaldemokratske partije SDP Ulcinj ponovo je izabran na tu funkciju, odlu\u010deno je na prvoj sjednici OO SDP Ulcinj. Na sjednici je izabrano i Predsjedni\u0161tvo Odbora. Za \u010dlanove Predsjedni\u0161tva jednoglasno su izabrani: Selim Resulbegovi\u0107, Ibrahim Cungu, Skender Elezagi\u0107, Fejzo Hod\u017ei\u0107, Merita Suba\u0161i\u0107 \u0160abanovi\u0107, Kasneci Ardijan, Naser Resulbegovi\u0107, Minir Karamanaga, Sabri [&hellip;]<\/p>\n","protected":false},"author":1,"featured_media":0,"comment_status":"open","ping_status":"closed","sticky":false,"template":"","format":"standard","meta":{"spay_email":"","jetpack_publicize_message":"","jetpack_is_tweetstorm":false,"jetpack_publicize_feature_enabled":true},"categories":[8337],"tags":[20368,1055],"jetpack_publicize_connections":[],"yoast_head":"<!-- This site is optimized with the Yoast SEO plugin v19.1 - https:\/\/yoast.com\/wordpress\/plugins\/seo\/ -->\n<title>Selim Resulbegovi\u0107 predsjednik OO SDP Ulcinj - Lajme nga Ulqini<\/title>\n<meta name=\"description\" content=\"Selim Resulbegovi\u0107, dosada\u0161nji predsjednik Op\u0161tinskog odbora Socijaldemokratske partije SDP Ulcinj ponovo je izabran na tu funkciju, odlu\u010deno je na prvoj\" \/>\n<meta name=\"robots\" content=\"index, follow, max-snippet:-1, max-image-preview:large, max-video-preview:-1\" \/>\n<link rel=\"canonical\" href=\"https:\/\/www.visit-ulcinj.com\/blog\/2012\/04\/27\/selim-resulbegovic-predsjednik-oo-sdp-ulcinj\/\" \/>\n<meta property=\"og:locale\" content=\"en_US\" \/>\n<meta property=\"og:type\" content=\"article\" \/>\n<meta property=\"og:title\" content=\"Selim Resulbegovi\u0107 predsjednik OO SDP Ulcinj - Lajme nga Ulqini\" \/>\n<meta property=\"og:description\" content=\"Selim Resulbegovi\u0107, dosada\u0161nji predsjednik Op\u0161tinskog odbora Socijaldemokratske partije SDP Ulcinj ponovo je izabran na tu funkciju, odlu\u010deno je na prvoj\" \/>\n<meta property=\"og:url\" content=\"https:\/\/www.visit-ulcinj.com\/blog\/2012\/04\/27\/selim-resulbegovic-predsjednik-oo-sdp-ulcinj\/\" \/>\n<meta property=\"og:site_name\" content=\"Lajme nga Ulqini\" \/>\n<meta property=\"article:published_time\" content=\"2012-04-27T17:19:07+00:00\" \/>\n<meta property=\"article:modified_time\" content=\"2012-04-27T17:24:53+00:00\" \/>\n<meta property=\"og:image\" content=\"https:\/\/www.visit-ulcinj.com\/blog\/wp-content\/uploads\/2012\/04\/Selim-Resulbegovic-predsjednik-OO-SDP-Ulcinj-150x150.jpg\" \/>\n<meta name=\"twitter:label1\" content=\"Written by\" \/>\n\t<meta name=\"twitter:data1\" content=\"ulqini\" \/>\n\t<meta name=\"twitter:label2\" content=\"Est. reading time\" \/>\n\t<meta name=\"twitter:data2\" content=\"1 minute\" \/>\n<script type=\"application\/ld+json\" class=\"yoast-schema-graph\">{\"@context\":\"https:\/\/schema.org\",\"@graph\":[{\"@type\":\"WebSite\",\"@id\":\"https:\/\/www.visit-ulcinj.com\/blog\/#website\",\"url\":\"https:\/\/www.visit-ulcinj.com\/blog\/\",\"name\":\"Lajme nga Ulqini\",\"description\":\"Lajme,Vijesti,Ulqini,Ulqin,Crna Gora,Mali i Zi\",\"potentialAction\":[{\"@type\":\"SearchAction\",\"target\":{\"@type\":\"EntryPoint\",\"urlTemplate\":\"https:\/\/www.visit-ulcinj.com\/blog\/?s={search_term_string}\"},\"query-input\":\"required name=search_term_string\"}],\"inLanguage\":\"en-US\"},{\"@type\":\"ImageObject\",\"inLanguage\":\"en-US\",\"@id\":\"https:\/\/www.visit-ulcinj.com\/blog\/2012\/04\/27\/selim-resulbegovic-predsjednik-oo-sdp-ulcinj\/#primaryimage\",\"url\":\"https:\/\/www.visit-ulcinj.com\/blog\/wp-content\/uploads\/2012\/04\/Selim-Resulbegovic-predsjednik-OO-SDP-Ulcinj.jpg\",\"contentUrl\":\"https:\/\/www.visit-ulcinj.com\/blog\/wp-content\/uploads\/2012\/04\/Selim-Resulbegovic-predsjednik-OO-SDP-Ulcinj.jpg\",\"width\":\"640\",\"height\":\"960\"},{\"@type\":\"WebPage\",\"@id\":\"https:\/\/www.visit-ulcinj.com\/blog\/2012\/04\/27\/selim-resulbegovic-predsjednik-oo-sdp-ulcinj\/#webpage\",\"url\":\"https:\/\/www.visit-ulcinj.com\/blog\/2012\/04\/27\/selim-resulbegovic-predsjednik-oo-sdp-ulcinj\/\",\"name\":\"Selim Resulbegovi\u0107 predsjednik OO SDP Ulcinj - Lajme nga Ulqini\",\"isPartOf\":{\"@id\":\"https:\/\/www.visit-ulcinj.com\/blog\/#website\"},\"primaryImageOfPage\":{\"@id\":\"https:\/\/www.visit-ulcinj.com\/blog\/2012\/04\/27\/selim-resulbegovic-predsjednik-oo-sdp-ulcinj\/#primaryimage\"},\"datePublished\":\"2012-04-27T17:19:07+00:00\",\"dateModified\":\"2012-04-27T17:24:53+00:00\",\"author\":{\"@id\":\"https:\/\/www.visit-ulcinj.com\/blog\/#\/schema\/person\/dcab619c614d3038751c63bc2aadc06d\"},\"description\":\"Selim Resulbegovi\u0107, dosada\u0161nji predsjednik Op\u0161tinskog odbora Socijaldemokratske partije SDP Ulcinj ponovo je izabran na tu funkciju, odlu\u010deno je na prvoj\",\"breadcrumb\":{\"@id\":\"https:\/\/www.visit-ulcinj.com\/blog\/2012\/04\/27\/selim-resulbegovic-predsjednik-oo-sdp-ulcinj\/#breadcrumb\"},\"inLanguage\":\"en-US\",\"potentialAction\":[{\"@type\":\"ReadAction\",\"target\":[\"https:\/\/www.visit-ulcinj.com\/blog\/2012\/04\/27\/selim-resulbegovic-predsjednik-oo-sdp-ulcinj\/\"]}]},{\"@type\":\"BreadcrumbList\",\"@id\":\"https:\/\/www.visit-ulcinj.com\/blog\/2012\/04\/27\/selim-resulbegovic-predsjednik-oo-sdp-ulcinj\/#breadcrumb\",\"itemListElement\":[{\"@type\":\"ListItem\",\"position\":1,\"name\":\"Selim Resulbegovi\u0107 predsjednik OO SDP Ulcinj\"}]},{\"@type\":\"Person\",\"@id\":\"https:\/\/www.visit-ulcinj.com\/blog\/#\/schema\/person\/dcab619c614d3038751c63bc2aadc06d\",\"name\":\"ulqini\",\"sameAs\":[\"http:\/\/www.visit-ulcinj.com\"],\"url\":\"https:\/\/www.visit-ulcinj.com\/blog\/author\/admin\/\"}]}<\/script>\n<!-- \/ Yoast SEO plugin. -->","yoast_head_json":{"title":"Selim Resulbegovi\u0107 predsjednik OO SDP Ulcinj - Lajme nga Ulqini","description":"Selim Resulbegovi\u0107, dosada\u0161nji predsjednik Op\u0161tinskog odbora Socijaldemokratske partije SDP Ulcinj ponovo je izabran na tu funkciju, odlu\u010deno je na prvoj","robots":{"index":"index","follow":"follow","max-snippet":"max-snippet:-1","max-image-preview":"max-image-preview:large","max-video-preview":"max-video-preview:-1"},"canonical":"https:\/\/www.visit-ulcinj.com\/blog\/2012\/04\/27\/selim-resulbegovic-predsjednik-oo-sdp-ulcinj\/","og_locale":"en_US","og_type":"article","og_title":"Selim Resulbegovi\u0107 predsjednik OO SDP Ulcinj - Lajme nga Ulqini","og_description":"Selim Resulbegovi\u0107, dosada\u0161nji predsjednik Op\u0161tinskog odbora Socijaldemokratske partije SDP Ulcinj ponovo je izabran na tu funkciju, odlu\u010deno je na prvoj","og_url":"https:\/\/www.visit-ulcinj.com\/blog\/2012\/04\/27\/selim-resulbegovic-predsjednik-oo-sdp-ulcinj\/","og_site_name":"Lajme nga Ulqini","article_published_time":"2012-04-27T17:19:07+00:00","article_modified_time":"2012-04-27T17:24:53+00:00","og_image":[{"url":"https:\/\/www.visit-ulcinj.com\/blog\/wp-content\/uploads\/2012\/04\/Selim-Resulbegovic-predsjednik-OO-SDP-Ulcinj-150x150.jpg"}],"twitter_misc":{"Written by":"ulqini","Est. reading time":"1 minute"},"schema":{"@context":"https:\/\/schema.org","@graph":[{"@type":"WebSite","@id":"https:\/\/www.visit-ulcinj.com\/blog\/#website","url":"https:\/\/www.visit-ulcinj.com\/blog\/","name":"Lajme nga Ulqini","description":"Lajme,Vijesti,Ulqini,Ulqin,Crna Gora,Mali i Zi","potentialAction":[{"@type":"SearchAction","target":{"@type":"EntryPoint","urlTemplate":"https:\/\/www.visit-ulcinj.com\/blog\/?s={search_term_string}"},"query-input":"required name=search_term_string"}],"inLanguage":"en-US"},{"@type":"ImageObject","inLanguage":"en-US","@id":"https:\/\/www.visit-ulcinj.com\/blog\/2012\/04\/27\/selim-resulbegovic-predsjednik-oo-sdp-ulcinj\/#primaryimage","url":"https:\/\/www.visit-ulcinj.com\/blog\/wp-content\/uploads\/2012\/04\/Selim-Resulbegovic-predsjednik-OO-SDP-Ulcinj.jpg","contentUrl":"https:\/\/www.visit-ulcinj.com\/blog\/wp-content\/uploads\/2012\/04\/Selim-Resulbegovic-predsjednik-OO-SDP-Ulcinj.jpg","width":"640","height":"960"},{"@type":"WebPage","@id":"https:\/\/www.visit-ulcinj.com\/blog\/2012\/04\/27\/selim-resulbegovic-predsjednik-oo-sdp-ulcinj\/#webpage","url":"https:\/\/www.visit-ulcinj.com\/blog\/2012\/04\/27\/selim-resulbegovic-predsjednik-oo-sdp-ulcinj\/","name":"Selim Resulbegovi\u0107 predsjednik OO SDP Ulcinj - Lajme nga Ulqini","isPartOf":{"@id":"https:\/\/www.visit-ulcinj.com\/blog\/#website"},"primaryImageOfPage":{"@id":"https:\/\/www.visit-ulcinj.com\/blog\/2012\/04\/27\/selim-resulbegovic-predsjednik-oo-sdp-ulcinj\/#primaryimage"},"datePublished":"2012-04-27T17:19:07+00:00","dateModified":"2012-04-27T17:24:53+00:00","author":{"@id":"https:\/\/www.visit-ulcinj.com\/blog\/#\/schema\/person\/dcab619c614d3038751c63bc2aadc06d"},"description":"Selim Resulbegovi\u0107, dosada\u0161nji predsjednik Op\u0161tinskog odbora Socijaldemokratske partije SDP Ulcinj ponovo je izabran na tu funkciju, odlu\u010deno je na prvoj","breadcrumb":{"@id":"https:\/\/www.visit-ulcinj.com\/blog\/2012\/04\/27\/selim-resulbegovic-predsjednik-oo-sdp-ulcinj\/#breadcrumb"},"inLanguage":"en-US","potentialAction":[{"@type":"ReadAction","target":["https:\/\/www.visit-ulcinj.com\/blog\/2012\/04\/27\/selim-resulbegovic-predsjednik-oo-sdp-ulcinj\/"]}]},{"@type":"BreadcrumbList","@id":"https:\/\/www.visit-ulcinj.com\/blog\/2012\/04\/27\/selim-resulbegovic-predsjednik-oo-sdp-ulcinj\/#breadcrumb","itemListElement":[{"@type":"ListItem","position":1,"name":"Selim Resulbegovi\u0107 predsjednik OO SDP Ulcinj"}]},{"@type":"Person","@id":"https:\/\/www.visit-ulcinj.com\/blog\/#\/schema\/person\/dcab619c614d3038751c63bc2aadc06d","name":"ulqini","sameAs":["http:\/\/www.visit-ulcinj.com"],"url":"https:\/\/www.visit-ulcinj.com\/blog\/author\/admin\/"}]}},"jetpack_featured_media_url":"","jetpack_sharing_enabled":true,"jetpack_shortlink":"https:\/\/wp.me\/pe6lTn-fxr","_links":{"self":[{"href":"https:\/\/www.visit-ulcinj.com\/blog\/wp-json\/wp\/v2\/posts\/59733"}],"collection":[{"href":"https:\/\/www.visit-ulcinj.com\/blog\/wp-json\/wp\/v2\/posts"}],"about":[{"href":"https:\/\/www.visit-ulcinj.com\/blog\/wp-json\/wp\/v2\/types\/post"}],"author":[{"embeddable":true,"href":"https:\/\/www.visit-ulcinj.com\/blog\/wp-json\/wp\/v2\/users\/1"}],"replies":[{"embeddable":true,"href":"https:\/\/www.visit-ulcinj.com\/blog\/wp-json\/wp\/v2\/comments?post=59733"}],"version-history":[{"count":5,"href":"https:\/\/www.visit-ulcinj.com\/blog\/wp-json\/wp\/v2\/posts\/59733\/revisions"}],"predecessor-version":[{"id":59744,"href":"https:\/\/www.visit-ulcinj.com\/blog\/wp-json\/wp\/v2\/posts\/59733\/revisions\/59744"}],"wp:attachment":[{"href":"https:\/\/www.visit-ulcinj.com\/blog\/wp-json\/wp\/v2\/media?parent=59733"}],"wp:term":[{"taxonomy":"category","embeddable":true,"href":"https:\/\/www.visit-ulcinj.com\/blog\/wp-json\/wp\/v2\/categories?post=59733"},{"taxonomy":"post_tag","embeddable":true,"href":"https:\/\/www.visit-ulcinj.com\/blog\/wp-json\/wp\/v2\/tags?post=59733"}],"curies":[{"name":"wp","href":"https:\/\/api.w.org\/{rel}","templated":true}]}}