{"id":59751,"date":"2012-04-28T05:26:35","date_gmt":"2012-04-28T04:26:35","guid":{"rendered":"http:\/\/www.visit-ulcinj.com\/blog\/?p=59751"},"modified":"2012-05-01T08:58:04","modified_gmt":"2012-05-01T07:58:04","slug":"mogul-organizon-manifestim-masovikme-1-maj-ne-valdanos","status":"publish","type":"post","link":"https:\/\/www.visit-ulcinj.com\/blog\/2012\/04\/28\/mogul-organizon-manifestim-masovikme-1-maj-ne-valdanos\/","title":{"rendered":"MogUL organizon manifestim masovik,me 1 maj n\u00eb Valdanos"},"content":{"rendered":"<p align=\"center\"><strong><a href=\"http:\/\/www.visit-ulcinj.com\/blog\/wp-content\/uploads\/2012\/04\/TE-GJITHE-NE-VALDANOS-ME-1-MAJ.jpg\"><img loading=\"lazy\" class=\"alignleft  wp-image-59771\" title=\"TE GJITHE NE VALDANOS ME 1 MAJ\" src=\"http:\/\/www.visit-ulcinj.com\/blog\/wp-content\/uploads\/2012\/04\/TE-GJITHE-NE-VALDANOS-ME-1-MAJ.jpg\" alt=\"\" width=\"508\" height=\"620\" \/><\/a>FTES\u00cb P\u00cbR MEDIJA<\/strong><\/p>\n<p>&nbsp;<\/p>\n<p>&nbsp;<\/p>\n<p>Monitoring group Ulqin- MogUL\u00a0 organizon <strong>manifestim masovik me qytetar\u00ebt e ulqinit<\/strong>, t\u00eb marten me 1 maj, n\u00eb gjirin e Valdanosit.<\/p>\n<p>&nbsp;<\/p>\n<p>Manifestimi n\u00eb pjesen oficiele do t\u00eb zgjas prej 12h deri n\u00eb 15h.<\/p>\n<p>&nbsp;<\/p>\n<p>N\u00eb tubim presim pjes\u00ebmarrjen (si bashk\u00eborganizator\u00eb t\u00eb manifestimit) \u00a0e p\u00ebrfaq\u00ebsuesve t\u00eb Ministris\u00eb s\u00eb mbrojtjes, Komun\u00ebs s\u00eb Ulqinit, Nd\u00ebrmarrjes publike p\u00ebr menaxhimin e t\u00eb mirave detare dhe t\u00eb gjith\u00eb part\u00ebnerve tone t\u00eb cil\u00ebt kan\u00eb n\u00ebnshkruar peticionin p\u00ebr mbrojtjen e Valdanosit.<\/p>\n<p>Ulqin, 27.prill<\/p>\n<p>Drejtori egzekutiv,<br \/>\nXhemal M. Peroviq<\/p>\n","protected":false},"excerpt":{"rendered":"<p>FTES\u00cb P\u00cbR MEDIJA &nbsp; &nbsp; Monitoring group Ulqin- MogUL\u00a0 organizon manifestim masovik me qytetar\u00ebt e ulqinit, t\u00eb marten me 1 maj, n\u00eb gjirin e Valdanosit. &nbsp; Manifestimi n\u00eb pjesen oficiele do t\u00eb zgjas prej 12h deri n\u00eb 15h. &nbsp; N\u00eb tubim presim pjes\u00ebmarrjen (si bashk\u00eborganizator\u00eb t\u00eb manifestimit) \u00a0e p\u00ebrfaq\u00ebsuesve t\u00eb Ministris\u00eb s\u00eb mbrojtjes, Komun\u00ebs s\u00eb [&hellip;]<\/p>\n","protected":false},"author":1,"featured_media":0,"comment_status":"open","ping_status":"closed","sticky":false,"template":"","format":"standard","meta":{"spay_email":"","jetpack_publicize_message":"","jetpack_is_tweetstorm":false,"jetpack_publicize_feature_enabled":true},"categories":[1,11],"tags":[27,3598,200,301],"jetpack_publicize_connections":[],"yoast_head":"<!-- This site is optimized with the Yoast SEO plugin v19.1 - https:\/\/yoast.com\/wordpress\/plugins\/seo\/ -->\n<title>MogUL organizon manifestim masovik,me 1 maj n\u00eb Valdanos - Lajme nga Ulqini<\/title>\n<meta name=\"description\" content=\"FTES\u00cb P\u00cbR MEDIJA &nbsp; &nbsp; Monitoring group Ulqin- MogUL\u00a0 organizon manifestim masovik me qytetar\u00ebt e ulqinit, t\u00eb marten me 1 maj, n\u00eb gjirin e\" \/>\n<meta name=\"robots\" content=\"index, follow, max-snippet:-1, max-image-preview:large, max-video-preview:-1\" \/>\n<link rel=\"canonical\" href=\"https:\/\/www.visit-ulcinj.com\/blog\/2012\/04\/28\/mogul-organizon-manifestim-masovikme-1-maj-ne-valdanos\/\" \/>\n<meta property=\"og:locale\" content=\"en_US\" \/>\n<meta property=\"og:type\" content=\"article\" \/>\n<meta property=\"og:title\" content=\"MogUL organizon manifestim masovik,me 1 maj n\u00eb Valdanos - Lajme nga Ulqini\" \/>\n<meta property=\"og:description\" content=\"FTES\u00cb P\u00cbR MEDIJA &nbsp; &nbsp; Monitoring group Ulqin- MogUL\u00a0 organizon manifestim masovik me qytetar\u00ebt e ulqinit, t\u00eb marten me 1 maj, n\u00eb gjirin e\" \/>\n<meta property=\"og:url\" content=\"https:\/\/www.visit-ulcinj.com\/blog\/2012\/04\/28\/mogul-organizon-manifestim-masovikme-1-maj-ne-valdanos\/\" \/>\n<meta property=\"og:site_name\" content=\"Lajme nga Ulqini\" \/>\n<meta property=\"article:published_time\" content=\"2012-04-28T04:26:35+00:00\" \/>\n<meta property=\"article:modified_time\" content=\"2012-05-01T07:58:04+00:00\" \/>\n<meta property=\"og:image\" content=\"http:\/\/www.visit-ulcinj.com\/blog\/wp-content\/uploads\/2012\/04\/TE-GJITHE-NE-VALDANOS-ME-1-MAJ.jpg\" \/>\n<meta name=\"twitter:label1\" content=\"Written by\" \/>\n\t<meta name=\"twitter:data1\" content=\"ulqini\" \/>\n<script type=\"application\/ld+json\" class=\"yoast-schema-graph\">{\"@context\":\"https:\/\/schema.org\",\"@graph\":[{\"@type\":\"WebSite\",\"@id\":\"https:\/\/www.visit-ulcinj.com\/blog\/#website\",\"url\":\"https:\/\/www.visit-ulcinj.com\/blog\/\",\"name\":\"Lajme nga Ulqini\",\"description\":\"Lajme,Vijesti,Ulqini,Ulqin,Crna Gora,Mali i Zi\",\"potentialAction\":[{\"@type\":\"SearchAction\",\"target\":{\"@type\":\"EntryPoint\",\"urlTemplate\":\"https:\/\/www.visit-ulcinj.com\/blog\/?s={search_term_string}\"},\"query-input\":\"required name=search_term_string\"}],\"inLanguage\":\"en-US\"},{\"@type\":\"ImageObject\",\"inLanguage\":\"en-US\",\"@id\":\"https:\/\/www.visit-ulcinj.com\/blog\/2012\/04\/28\/mogul-organizon-manifestim-masovikme-1-maj-ne-valdanos\/#primaryimage\",\"url\":\"https:\/\/www.visit-ulcinj.com\/blog\/wp-content\/uploads\/2012\/04\/TE-GJITHE-NE-VALDANOS-ME-1-MAJ.jpg\",\"contentUrl\":\"https:\/\/www.visit-ulcinj.com\/blog\/wp-content\/uploads\/2012\/04\/TE-GJITHE-NE-VALDANOS-ME-1-MAJ.jpg\",\"width\":\"686\",\"height\":\"960\"},{\"@type\":\"WebPage\",\"@id\":\"https:\/\/www.visit-ulcinj.com\/blog\/2012\/04\/28\/mogul-organizon-manifestim-masovikme-1-maj-ne-valdanos\/#webpage\",\"url\":\"https:\/\/www.visit-ulcinj.com\/blog\/2012\/04\/28\/mogul-organizon-manifestim-masovikme-1-maj-ne-valdanos\/\",\"name\":\"MogUL organizon manifestim masovik,me 1 maj n\u00eb Valdanos - Lajme nga Ulqini\",\"isPartOf\":{\"@id\":\"https:\/\/www.visit-ulcinj.com\/blog\/#website\"},\"primaryImageOfPage\":{\"@id\":\"https:\/\/www.visit-ulcinj.com\/blog\/2012\/04\/28\/mogul-organizon-manifestim-masovikme-1-maj-ne-valdanos\/#primaryimage\"},\"datePublished\":\"2012-04-28T04:26:35+00:00\",\"dateModified\":\"2012-05-01T07:58:04+00:00\",\"author\":{\"@id\":\"https:\/\/www.visit-ulcinj.com\/blog\/#\/schema\/person\/dcab619c614d3038751c63bc2aadc06d\"},\"description\":\"FTES\u00cb P\u00cbR MEDIJA &nbsp; &nbsp; Monitoring group Ulqin- MogUL\u00a0 organizon manifestim masovik me qytetar\u00ebt e ulqinit, t\u00eb marten me 1 maj, n\u00eb gjirin e\",\"breadcrumb\":{\"@id\":\"https:\/\/www.visit-ulcinj.com\/blog\/2012\/04\/28\/mogul-organizon-manifestim-masovikme-1-maj-ne-valdanos\/#breadcrumb\"},\"inLanguage\":\"en-US\",\"potentialAction\":[{\"@type\":\"ReadAction\",\"target\":[\"https:\/\/www.visit-ulcinj.com\/blog\/2012\/04\/28\/mogul-organizon-manifestim-masovikme-1-maj-ne-valdanos\/\"]}]},{\"@type\":\"BreadcrumbList\",\"@id\":\"https:\/\/www.visit-ulcinj.com\/blog\/2012\/04\/28\/mogul-organizon-manifestim-masovikme-1-maj-ne-valdanos\/#breadcrumb\",\"itemListElement\":[{\"@type\":\"ListItem\",\"position\":1,\"name\":\"MogUL organizon manifestim masovik,me 1 maj n\u00eb Valdanos\"}]},{\"@type\":\"Person\",\"@id\":\"https:\/\/www.visit-ulcinj.com\/blog\/#\/schema\/person\/dcab619c614d3038751c63bc2aadc06d\",\"name\":\"ulqini\",\"sameAs\":[\"http:\/\/www.visit-ulcinj.com\"],\"url\":\"https:\/\/www.visit-ulcinj.com\/blog\/author\/admin\/\"}]}<\/script>\n<!-- \/ Yoast SEO plugin. -->","yoast_head_json":{"title":"MogUL organizon manifestim masovik,me 1 maj n\u00eb Valdanos - Lajme nga Ulqini","description":"FTES\u00cb P\u00cbR MEDIJA &nbsp; &nbsp; Monitoring group Ulqin- MogUL\u00a0 organizon manifestim masovik me qytetar\u00ebt e ulqinit, t\u00eb marten me 1 maj, n\u00eb gjirin e","robots":{"index":"index","follow":"follow","max-snippet":"max-snippet:-1","max-image-preview":"max-image-preview:large","max-video-preview":"max-video-preview:-1"},"canonical":"https:\/\/www.visit-ulcinj.com\/blog\/2012\/04\/28\/mogul-organizon-manifestim-masovikme-1-maj-ne-valdanos\/","og_locale":"en_US","og_type":"article","og_title":"MogUL organizon manifestim masovik,me 1 maj n\u00eb Valdanos - Lajme nga Ulqini","og_description":"FTES\u00cb P\u00cbR MEDIJA &nbsp; &nbsp; Monitoring group Ulqin- MogUL\u00a0 organizon manifestim masovik me qytetar\u00ebt e ulqinit, t\u00eb marten me 1 maj, n\u00eb gjirin e","og_url":"https:\/\/www.visit-ulcinj.com\/blog\/2012\/04\/28\/mogul-organizon-manifestim-masovikme-1-maj-ne-valdanos\/","og_site_name":"Lajme nga Ulqini","article_published_time":"2012-04-28T04:26:35+00:00","article_modified_time":"2012-05-01T07:58:04+00:00","og_image":[{"url":"http:\/\/www.visit-ulcinj.com\/blog\/wp-content\/uploads\/2012\/04\/TE-GJITHE-NE-VALDANOS-ME-1-MAJ.jpg"}],"twitter_misc":{"Written by":"ulqini"},"schema":{"@context":"https:\/\/schema.org","@graph":[{"@type":"WebSite","@id":"https:\/\/www.visit-ulcinj.com\/blog\/#website","url":"https:\/\/www.visit-ulcinj.com\/blog\/","name":"Lajme nga Ulqini","description":"Lajme,Vijesti,Ulqini,Ulqin,Crna Gora,Mali i Zi","potentialAction":[{"@type":"SearchAction","target":{"@type":"EntryPoint","urlTemplate":"https:\/\/www.visit-ulcinj.com\/blog\/?s={search_term_string}"},"query-input":"required name=search_term_string"}],"inLanguage":"en-US"},{"@type":"ImageObject","inLanguage":"en-US","@id":"https:\/\/www.visit-ulcinj.com\/blog\/2012\/04\/28\/mogul-organizon-manifestim-masovikme-1-maj-ne-valdanos\/#primaryimage","url":"https:\/\/www.visit-ulcinj.com\/blog\/wp-content\/uploads\/2012\/04\/TE-GJITHE-NE-VALDANOS-ME-1-MAJ.jpg","contentUrl":"https:\/\/www.visit-ulcinj.com\/blog\/wp-content\/uploads\/2012\/04\/TE-GJITHE-NE-VALDANOS-ME-1-MAJ.jpg","width":"686","height":"960"},{"@type":"WebPage","@id":"https:\/\/www.visit-ulcinj.com\/blog\/2012\/04\/28\/mogul-organizon-manifestim-masovikme-1-maj-ne-valdanos\/#webpage","url":"https:\/\/www.visit-ulcinj.com\/blog\/2012\/04\/28\/mogul-organizon-manifestim-masovikme-1-maj-ne-valdanos\/","name":"MogUL organizon manifestim masovik,me 1 maj n\u00eb Valdanos - Lajme nga Ulqini","isPartOf":{"@id":"https:\/\/www.visit-ulcinj.com\/blog\/#website"},"primaryImageOfPage":{"@id":"https:\/\/www.visit-ulcinj.com\/blog\/2012\/04\/28\/mogul-organizon-manifestim-masovikme-1-maj-ne-valdanos\/#primaryimage"},"datePublished":"2012-04-28T04:26:35+00:00","dateModified":"2012-05-01T07:58:04+00:00","author":{"@id":"https:\/\/www.visit-ulcinj.com\/blog\/#\/schema\/person\/dcab619c614d3038751c63bc2aadc06d"},"description":"FTES\u00cb P\u00cbR MEDIJA &nbsp; &nbsp; Monitoring group Ulqin- MogUL\u00a0 organizon manifestim masovik me qytetar\u00ebt e ulqinit, t\u00eb marten me 1 maj, n\u00eb gjirin e","breadcrumb":{"@id":"https:\/\/www.visit-ulcinj.com\/blog\/2012\/04\/28\/mogul-organizon-manifestim-masovikme-1-maj-ne-valdanos\/#breadcrumb"},"inLanguage":"en-US","potentialAction":[{"@type":"ReadAction","target":["https:\/\/www.visit-ulcinj.com\/blog\/2012\/04\/28\/mogul-organizon-manifestim-masovikme-1-maj-ne-valdanos\/"]}]},{"@type":"BreadcrumbList","@id":"https:\/\/www.visit-ulcinj.com\/blog\/2012\/04\/28\/mogul-organizon-manifestim-masovikme-1-maj-ne-valdanos\/#breadcrumb","itemListElement":[{"@type":"ListItem","position":1,"name":"MogUL organizon manifestim masovik,me 1 maj n\u00eb Valdanos"}]},{"@type":"Person","@id":"https:\/\/www.visit-ulcinj.com\/blog\/#\/schema\/person\/dcab619c614d3038751c63bc2aadc06d","name":"ulqini","sameAs":["http:\/\/www.visit-ulcinj.com"],"url":"https:\/\/www.visit-ulcinj.com\/blog\/author\/admin\/"}]}},"jetpack_featured_media_url":"","jetpack_sharing_enabled":true,"jetpack_shortlink":"https:\/\/wp.me\/pe6lTn-fxJ","_links":{"self":[{"href":"https:\/\/www.visit-ulcinj.com\/blog\/wp-json\/wp\/v2\/posts\/59751"}],"collection":[{"href":"https:\/\/www.visit-ulcinj.com\/blog\/wp-json\/wp\/v2\/posts"}],"about":[{"href":"https:\/\/www.visit-ulcinj.com\/blog\/wp-json\/wp\/v2\/types\/post"}],"author":[{"embeddable":true,"href":"https:\/\/www.visit-ulcinj.com\/blog\/wp-json\/wp\/v2\/users\/1"}],"replies":[{"embeddable":true,"href":"https:\/\/www.visit-ulcinj.com\/blog\/wp-json\/wp\/v2\/comments?post=59751"}],"version-history":[{"count":12,"href":"https:\/\/www.visit-ulcinj.com\/blog\/wp-json\/wp\/v2\/posts\/59751\/revisions"}],"predecessor-version":[{"id":59918,"href":"https:\/\/www.visit-ulcinj.com\/blog\/wp-json\/wp\/v2\/posts\/59751\/revisions\/59918"}],"wp:attachment":[{"href":"https:\/\/www.visit-ulcinj.com\/blog\/wp-json\/wp\/v2\/media?parent=59751"}],"wp:term":[{"taxonomy":"category","embeddable":true,"href":"https:\/\/www.visit-ulcinj.com\/blog\/wp-json\/wp\/v2\/categories?post=59751"},{"taxonomy":"post_tag","embeddable":true,"href":"https:\/\/www.visit-ulcinj.com\/blog\/wp-json\/wp\/v2\/tags?post=59751"}],"curies":[{"name":"wp","href":"https:\/\/api.w.org\/{rel}","templated":true}]}}