{"id":59758,"date":"2012-04-28T05:50:36","date_gmt":"2012-04-28T04:50:36","guid":{"rendered":"http:\/\/www.visit-ulcinj.com\/blog\/?p=59758"},"modified":"2012-04-28T05:51:35","modified_gmt":"2012-04-28T04:51:35","slug":"kkchampion-renditet-ne-vendin-e-tretevetem-me-17-garues","status":"publish","type":"post","link":"https:\/\/www.visit-ulcinj.com\/blog\/2012\/04\/28\/kkchampion-renditet-ne-vendin-e-tretevetem-me-17-garues\/","title":{"rendered":"KK\u201dChampion\u201d renditet n\u00eb vendin e tret\u00eb,vet\u00ebm me 17 garues!"},"content":{"rendered":"<p><a href=\"http:\/\/www.visit-ulcinj.com\/blog\/wp-content\/uploads\/2012\/04\/Karate-Champion-UlqinUlcinj-Grand-Prix-Podgorica-2012.jpg\"><img loading=\"lazy\" class=\"alignleft  wp-image-59759\" title=\"Karate Champion Ulqin,Ulcinj - Grand Prix Podgorica 2012\" src=\"http:\/\/www.visit-ulcinj.com\/blog\/wp-content\/uploads\/2012\/04\/Karate-Champion-UlqinUlcinj-Grand-Prix-Podgorica-2012.jpg\" alt=\"\" width=\"508\" height=\"360\" \/><\/a>Klubi i karatese \u201cChampion\u201d mori pjese ne turneun internacional te karatese\u201dGrand prix Podgorica\u201d qe u mbajt te shtunen,me 21 prill ne Podgorice.Ne kete turne u prezentuan 17 klube me rreth 400 garues nga Kroacia,Bosna dhe Hercegovina,Serbia dhe Mali i Zi.KK\u201dChampion\u201dduke marre pjese vetem 17 garues arriti te renditet ne vendin e trete ne renditjen e pergjithshme me 42 pike,duke fituar 7 medalje te arta,6 argjendta dhe 9 medalje te bronzta,si dhe kupen per vendin e trete ne renditjen e pergjithshme.<\/p>\n<p>Ne kata individuale me medalje te arta u shperblyen:<br \/>\nLeona Markiq,Ermir Kurtoviq,Admir Sella,Daniel Margjonoviq.<br \/>\nMe medalje te argjendta:Mihaillo Bojanoviq,Elvir Deljanin,Ervin Deljanin,ndersa me medalje bronzi :Milica Bundallo,Dimitrije Beserminji,Goran Kilibarda,Andrea Dragojeviq,Edina Caushiq dhe Nikolla Margjonoviq.<\/p>\n<p>Ne kata ekipore te grupmoshes se pioniereve me medalje te argjendte u kurorezua ekipi i perbere nga:Admir Sella,Goran Kilibarda,Elvir Deljanin.Ndersa me medalje te bronzte ekipi I fatosave:Ermir Kurtoviq,Mihaillo Bojanoviq,Dimitrije Beserminji.<\/p>\n<p>Ne luftra individuale me medalje te arte u kurorezua Adonis Markashi,Ivana Rangjelloviq,Elvir Deljanin.Me medalje argjendi Goran Kilibarda,Ervin Deljanin.Ndersa me medalje bronzi Rizo Resyloviq,Ermin Coroviq dhe Andrea Dragojeviq.<\/p>\n<p>Klubi i karatese \u201cChampion\u201dne kete gare nuk u perfaqesua masovikisht per arsye se fundjaven e ardhshme do te marre pjese ne turneun e rralles ku do te perfaqesohet me pjesen tjeter te ekipit.Suksesi ne kete turne ishte mbreselenes duke marre parasysh se perfaqesimi I ketij klubi ishte vetem me 5 fatosa,5 pionier,4 shpresa,1 kadet,1 junior dhe 1 seinor.Me kete arriten te grumbullojne 42 pike dhe keshtu te renditen ne vendin e trete ne renditjen e pergjithshme.<\/p>\n<p>Drejtuesit e ketij klubi shprehin mirenjohje te vecante per prinderit e nxenesve te cilet bejne te mundur pjesmarrjen ne cdo eveniment,gjithashtu falenderojne te gjithe sponsoret si dhe sekretariatin per sport te Komunes se Ulqinit.<\/p>\n\n\t\t<style type=\"text\/css\">\n\t\t\t#gallery-1 {\n\t\t\t\tmargin: auto;\n\t\t\t}\n\t\t\t#gallery-1 .gallery-item {\n\t\t\t\tfloat: left;\n\t\t\t\tmargin-top: 10px;\n\t\t\t\ttext-align: center;\n\t\t\t\twidth: 33%;\n\t\t\t}\n\t\t\t#gallery-1 img {\n\t\t\t\tborder: 2px solid #cfcfcf;\n\t\t\t}\n\t\t\t#gallery-1 .gallery-caption {\n\t\t\t\tmargin-left: 0;\n\t\t\t}\n\t\t\t\/* see gallery_shortcode() in wp-includes\/media.php *\/\n\t\t<\/style>\n\t\t<div id='gallery-1' class='gallery galleryid-59758 gallery-columns-3 gallery-size-thumbnail'><dl class='gallery-item'>\n\t\t\t<dt class='gallery-icon landscape'>\n\t\t\t\t<a href='https:\/\/www.visit-ulcinj.com\/blog\/wp-content\/uploads\/2012\/04\/Karate-Champion-UlqinUlcinj-Grand-Prix-Podgorica-2012.jpg'><img width=\"150\" height=\"150\" src=\"https:\/\/www.visit-ulcinj.com\/blog\/wp-content\/uploads\/2012\/04\/Karate-Champion-UlqinUlcinj-Grand-Prix-Podgorica-2012-150x150.jpg\" class=\"attachment-thumbnail size-thumbnail\" alt=\"\" loading=\"lazy\" \/><\/a>\n\t\t\t<\/dt><\/dl><dl class='gallery-item'>\n\t\t\t<dt class='gallery-icon landscape'>\n\t\t\t\t<a href='https:\/\/www.visit-ulcinj.com\/blog\/wp-content\/uploads\/2012\/04\/Karate-Champion-UlqinUlcinj-Grand-Prix-Podgorica-2012.1.jpg'><img width=\"150\" height=\"150\" src=\"https:\/\/www.visit-ulcinj.com\/blog\/wp-content\/uploads\/2012\/04\/Karate-Champion-UlqinUlcinj-Grand-Prix-Podgorica-2012.1-150x150.jpg\" class=\"attachment-thumbnail size-thumbnail\" alt=\"\" loading=\"lazy\" \/><\/a>\n\t\t\t<\/dt><\/dl><dl class='gallery-item'>\n\t\t\t<dt class='gallery-icon landscape'>\n\t\t\t\t<a href='https:\/\/www.visit-ulcinj.com\/blog\/wp-content\/uploads\/2012\/04\/Karate-Champion-UlqinUlcinj-Grand-Prix-Podgorica-2012.2.jpg'><img width=\"150\" height=\"150\" src=\"https:\/\/www.visit-ulcinj.com\/blog\/wp-content\/uploads\/2012\/04\/Karate-Champion-UlqinUlcinj-Grand-Prix-Podgorica-2012.2-150x150.jpg\" class=\"attachment-thumbnail size-thumbnail\" alt=\"\" loading=\"lazy\" \/><\/a>\n\t\t\t<\/dt><\/dl><br style=\"clear: both\" \/><dl class='gallery-item'>\n\t\t\t<dt class='gallery-icon landscape'>\n\t\t\t\t<a href='https:\/\/www.visit-ulcinj.com\/blog\/wp-content\/uploads\/2012\/04\/Karate-Champion-UlqinUlcinj-Grand-Prix-Podgorica-2012.3.jpg'><img width=\"150\" height=\"150\" src=\"https:\/\/www.visit-ulcinj.com\/blog\/wp-content\/uploads\/2012\/04\/Karate-Champion-UlqinUlcinj-Grand-Prix-Podgorica-2012.3-150x150.jpg\" class=\"attachment-thumbnail size-thumbnail\" alt=\"\" loading=\"lazy\" \/><\/a>\n\t\t\t<\/dt><\/dl><dl class='gallery-item'>\n\t\t\t<dt class='gallery-icon landscape'>\n\t\t\t\t<a href='https:\/\/www.visit-ulcinj.com\/blog\/wp-content\/uploads\/2012\/04\/Karate-Champion-UlqinUlcinj-Grand-Prix-Podgorica-2012.4.jpg'><img width=\"150\" height=\"150\" src=\"https:\/\/www.visit-ulcinj.com\/blog\/wp-content\/uploads\/2012\/04\/Karate-Champion-UlqinUlcinj-Grand-Prix-Podgorica-2012.4-150x150.jpg\" class=\"attachment-thumbnail size-thumbnail\" alt=\"\" loading=\"lazy\" \/><\/a>\n\t\t\t<\/dt><\/dl><dl class='gallery-item'>\n\t\t\t<dt class='gallery-icon landscape'>\n\t\t\t\t<a href='https:\/\/www.visit-ulcinj.com\/blog\/wp-content\/uploads\/2012\/04\/Karate-Champion-UlqinUlcinj-Grand-Prix-Podgorica-2012.5.jpg'><img width=\"150\" height=\"150\" src=\"https:\/\/www.visit-ulcinj.com\/blog\/wp-content\/uploads\/2012\/04\/Karate-Champion-UlqinUlcinj-Grand-Prix-Podgorica-2012.5-150x150.jpg\" class=\"attachment-thumbnail size-thumbnail\" alt=\"\" loading=\"lazy\" \/><\/a>\n\t\t\t<\/dt><\/dl><br style=\"clear: both\" \/><dl class='gallery-item'>\n\t\t\t<dt class='gallery-icon landscape'>\n\t\t\t\t<a href='https:\/\/www.visit-ulcinj.com\/blog\/wp-content\/uploads\/2012\/04\/Karate-Champion-UlqinUlcinj-Grand-Prix-Podgorica-2012.6.jpg'><img width=\"150\" height=\"150\" src=\"https:\/\/www.visit-ulcinj.com\/blog\/wp-content\/uploads\/2012\/04\/Karate-Champion-UlqinUlcinj-Grand-Prix-Podgorica-2012.6-150x150.jpg\" class=\"attachment-thumbnail size-thumbnail\" alt=\"\" loading=\"lazy\" \/><\/a>\n\t\t\t<\/dt><\/dl><dl class='gallery-item'>\n\t\t\t<dt class='gallery-icon landscape'>\n\t\t\t\t<a href='https:\/\/www.visit-ulcinj.com\/blog\/wp-content\/uploads\/2012\/04\/Karate-Champion-UlqinUlcinj-Grand-Prix-Podgorica-2012.7.jpg'><img width=\"150\" height=\"150\" src=\"https:\/\/www.visit-ulcinj.com\/blog\/wp-content\/uploads\/2012\/04\/Karate-Champion-UlqinUlcinj-Grand-Prix-Podgorica-2012.7-150x150.jpg\" class=\"attachment-thumbnail size-thumbnail\" alt=\"\" loading=\"lazy\" \/><\/a>\n\t\t\t<\/dt><\/dl><dl class='gallery-item'>\n\t\t\t<dt class='gallery-icon landscape'>\n\t\t\t\t<a href='https:\/\/www.visit-ulcinj.com\/blog\/wp-content\/uploads\/2012\/04\/Karate-Champion-UlqinUlcinj-Grand-Prix-Podgorica-2012.8.jpg'><img width=\"150\" height=\"150\" src=\"https:\/\/www.visit-ulcinj.com\/blog\/wp-content\/uploads\/2012\/04\/Karate-Champion-UlqinUlcinj-Grand-Prix-Podgorica-2012.8-150x150.jpg\" class=\"attachment-thumbnail size-thumbnail\" alt=\"\" loading=\"lazy\" \/><\/a>\n\t\t\t<\/dt><\/dl><br style=\"clear: both\" \/><dl class='gallery-item'>\n\t\t\t<dt class='gallery-icon landscape'>\n\t\t\t\t<a href='https:\/\/www.visit-ulcinj.com\/blog\/wp-content\/uploads\/2012\/04\/Karate-Champion-UlqinUlcinj-Grand-Prix-Podgorica-2012.9.jpg'><img width=\"150\" height=\"150\" src=\"https:\/\/www.visit-ulcinj.com\/blog\/wp-content\/uploads\/2012\/04\/Karate-Champion-UlqinUlcinj-Grand-Prix-Podgorica-2012.9-150x150.jpg\" class=\"attachment-thumbnail size-thumbnail\" alt=\"\" loading=\"lazy\" \/><\/a>\n\t\t\t<\/dt><\/dl>\n\t\t\t<br style='clear: both' \/>\n\t\t<\/div>\n\n<p>&nbsp;<\/p>\n","protected":false},"excerpt":{"rendered":"<p>Klubi i karatese \u201cChampion\u201d mori pjese ne turneun internacional te karatese\u201dGrand prix Podgorica\u201d qe u mbajt te shtunen,me 21 prill ne Podgorice.Ne kete turne u prezentuan 17 klube me rreth 400 garues nga Kroacia,Bosna dhe Hercegovina,Serbia dhe Mali i Zi.KK\u201dChampion\u201dduke marre pjese vetem 17 garues arriti te renditet ne vendin e trete ne renditjen e [&hellip;]<\/p>\n","protected":false},"author":1,"featured_media":0,"comment_status":"open","ping_status":"closed","sticky":false,"template":"","format":"standard","meta":{"spay_email":"","jetpack_publicize_message":"","jetpack_is_tweetstorm":false,"jetpack_publicize_feature_enabled":true},"categories":[3],"tags":[14276,19,200],"jetpack_publicize_connections":[],"yoast_head":"<!-- This site is optimized with the Yoast SEO plugin v19.1 - https:\/\/yoast.com\/wordpress\/plugins\/seo\/ -->\n<title>KK\u201dChampion\u201d renditet n\u00eb vendin e tret\u00eb,vet\u00ebm me 17 garues! - Lajme nga Ulqini<\/title>\n<meta name=\"description\" content=\"Klubi i karatese \u201cChampion\u201d mori pjese ne turneun internacional te karatese\u201dGrand prix Podgorica\u201d qe u mbajt te shtunen,me 21 prill ne Podgorice.Ne kete\" \/>\n<meta name=\"robots\" content=\"index, follow, max-snippet:-1, max-image-preview:large, max-video-preview:-1\" \/>\n<link rel=\"canonical\" href=\"https:\/\/www.visit-ulcinj.com\/blog\/2012\/04\/28\/kkchampion-renditet-ne-vendin-e-tretevetem-me-17-garues\/\" \/>\n<meta property=\"og:locale\" content=\"en_US\" \/>\n<meta property=\"og:type\" content=\"article\" \/>\n<meta property=\"og:title\" content=\"KK\u201dChampion\u201d renditet n\u00eb vendin e tret\u00eb,vet\u00ebm me 17 garues! - Lajme nga Ulqini\" \/>\n<meta property=\"og:description\" content=\"Klubi i karatese \u201cChampion\u201d mori pjese ne turneun internacional te karatese\u201dGrand prix Podgorica\u201d qe u mbajt te shtunen,me 21 prill ne Podgorice.Ne kete\" \/>\n<meta property=\"og:url\" content=\"https:\/\/www.visit-ulcinj.com\/blog\/2012\/04\/28\/kkchampion-renditet-ne-vendin-e-tretevetem-me-17-garues\/\" \/>\n<meta property=\"og:site_name\" content=\"Lajme nga Ulqini\" \/>\n<meta property=\"article:published_time\" content=\"2012-04-28T04:50:36+00:00\" \/>\n<meta property=\"article:modified_time\" content=\"2012-04-28T04:51:35+00:00\" \/>\n<meta property=\"og:image\" content=\"https:\/\/www.visit-ulcinj.com\/blog\/wp-content\/uploads\/2012\/04\/Karate-Champion-UlqinUlcinj-Grand-Prix-Podgorica-2012-150x150.jpg\" \/>\n<meta name=\"twitter:label1\" content=\"Written by\" \/>\n\t<meta name=\"twitter:data1\" content=\"ulqini\" \/>\n\t<meta name=\"twitter:label2\" content=\"Est. reading time\" \/>\n\t<meta name=\"twitter:data2\" content=\"2 minutes\" \/>\n<script type=\"application\/ld+json\" class=\"yoast-schema-graph\">{\"@context\":\"https:\/\/schema.org\",\"@graph\":[{\"@type\":\"WebSite\",\"@id\":\"https:\/\/www.visit-ulcinj.com\/blog\/#website\",\"url\":\"https:\/\/www.visit-ulcinj.com\/blog\/\",\"name\":\"Lajme nga Ulqini\",\"description\":\"Lajme,Vijesti,Ulqini,Ulqin,Crna Gora,Mali i Zi\",\"potentialAction\":[{\"@type\":\"SearchAction\",\"target\":{\"@type\":\"EntryPoint\",\"urlTemplate\":\"https:\/\/www.visit-ulcinj.com\/blog\/?s={search_term_string}\"},\"query-input\":\"required name=search_term_string\"}],\"inLanguage\":\"en-US\"},{\"@type\":\"ImageObject\",\"inLanguage\":\"en-US\",\"@id\":\"https:\/\/www.visit-ulcinj.com\/blog\/2012\/04\/28\/kkchampion-renditet-ne-vendin-e-tretevetem-me-17-garues\/#primaryimage\",\"url\":\"https:\/\/www.visit-ulcinj.com\/blog\/wp-content\/uploads\/2012\/04\/Karate-Champion-UlqinUlcinj-Grand-Prix-Podgorica-2012.jpg\",\"contentUrl\":\"https:\/\/www.visit-ulcinj.com\/blog\/wp-content\/uploads\/2012\/04\/Karate-Champion-UlqinUlcinj-Grand-Prix-Podgorica-2012.jpg\",\"width\":\"960\",\"height\":\"720\"},{\"@type\":\"WebPage\",\"@id\":\"https:\/\/www.visit-ulcinj.com\/blog\/2012\/04\/28\/kkchampion-renditet-ne-vendin-e-tretevetem-me-17-garues\/#webpage\",\"url\":\"https:\/\/www.visit-ulcinj.com\/blog\/2012\/04\/28\/kkchampion-renditet-ne-vendin-e-tretevetem-me-17-garues\/\",\"name\":\"KK\u201dChampion\u201d renditet n\u00eb vendin e tret\u00eb,vet\u00ebm me 17 garues! - Lajme nga Ulqini\",\"isPartOf\":{\"@id\":\"https:\/\/www.visit-ulcinj.com\/blog\/#website\"},\"primaryImageOfPage\":{\"@id\":\"https:\/\/www.visit-ulcinj.com\/blog\/2012\/04\/28\/kkchampion-renditet-ne-vendin-e-tretevetem-me-17-garues\/#primaryimage\"},\"datePublished\":\"2012-04-28T04:50:36+00:00\",\"dateModified\":\"2012-04-28T04:51:35+00:00\",\"author\":{\"@id\":\"https:\/\/www.visit-ulcinj.com\/blog\/#\/schema\/person\/dcab619c614d3038751c63bc2aadc06d\"},\"description\":\"Klubi i karatese \u201cChampion\u201d mori pjese ne turneun internacional te karatese\u201dGrand prix Podgorica\u201d qe u mbajt te shtunen,me 21 prill ne Podgorice.Ne kete\",\"breadcrumb\":{\"@id\":\"https:\/\/www.visit-ulcinj.com\/blog\/2012\/04\/28\/kkchampion-renditet-ne-vendin-e-tretevetem-me-17-garues\/#breadcrumb\"},\"inLanguage\":\"en-US\",\"potentialAction\":[{\"@type\":\"ReadAction\",\"target\":[\"https:\/\/www.visit-ulcinj.com\/blog\/2012\/04\/28\/kkchampion-renditet-ne-vendin-e-tretevetem-me-17-garues\/\"]}]},{\"@type\":\"BreadcrumbList\",\"@id\":\"https:\/\/www.visit-ulcinj.com\/blog\/2012\/04\/28\/kkchampion-renditet-ne-vendin-e-tretevetem-me-17-garues\/#breadcrumb\",\"itemListElement\":[{\"@type\":\"ListItem\",\"position\":1,\"name\":\"KK\u201dChampion\u201d renditet n\u00eb vendin e tret\u00eb,vet\u00ebm me 17 garues!\"}]},{\"@type\":\"Person\",\"@id\":\"https:\/\/www.visit-ulcinj.com\/blog\/#\/schema\/person\/dcab619c614d3038751c63bc2aadc06d\",\"name\":\"ulqini\",\"sameAs\":[\"http:\/\/www.visit-ulcinj.com\"],\"url\":\"https:\/\/www.visit-ulcinj.com\/blog\/author\/admin\/\"}]}<\/script>\n<!-- \/ Yoast SEO plugin. -->","yoast_head_json":{"title":"KK\u201dChampion\u201d renditet n\u00eb vendin e tret\u00eb,vet\u00ebm me 17 garues! - Lajme nga Ulqini","description":"Klubi i karatese \u201cChampion\u201d mori pjese ne turneun internacional te karatese\u201dGrand prix Podgorica\u201d qe u mbajt te shtunen,me 21 prill ne Podgorice.Ne kete","robots":{"index":"index","follow":"follow","max-snippet":"max-snippet:-1","max-image-preview":"max-image-preview:large","max-video-preview":"max-video-preview:-1"},"canonical":"https:\/\/www.visit-ulcinj.com\/blog\/2012\/04\/28\/kkchampion-renditet-ne-vendin-e-tretevetem-me-17-garues\/","og_locale":"en_US","og_type":"article","og_title":"KK\u201dChampion\u201d renditet n\u00eb vendin e tret\u00eb,vet\u00ebm me 17 garues! - Lajme nga Ulqini","og_description":"Klubi i karatese \u201cChampion\u201d mori pjese ne turneun internacional te karatese\u201dGrand prix Podgorica\u201d qe u mbajt te shtunen,me 21 prill ne Podgorice.Ne kete","og_url":"https:\/\/www.visit-ulcinj.com\/blog\/2012\/04\/28\/kkchampion-renditet-ne-vendin-e-tretevetem-me-17-garues\/","og_site_name":"Lajme nga Ulqini","article_published_time":"2012-04-28T04:50:36+00:00","article_modified_time":"2012-04-28T04:51:35+00:00","og_image":[{"url":"https:\/\/www.visit-ulcinj.com\/blog\/wp-content\/uploads\/2012\/04\/Karate-Champion-UlqinUlcinj-Grand-Prix-Podgorica-2012-150x150.jpg"}],"twitter_misc":{"Written by":"ulqini","Est. reading time":"2 minutes"},"schema":{"@context":"https:\/\/schema.org","@graph":[{"@type":"WebSite","@id":"https:\/\/www.visit-ulcinj.com\/blog\/#website","url":"https:\/\/www.visit-ulcinj.com\/blog\/","name":"Lajme nga Ulqini","description":"Lajme,Vijesti,Ulqini,Ulqin,Crna Gora,Mali i Zi","potentialAction":[{"@type":"SearchAction","target":{"@type":"EntryPoint","urlTemplate":"https:\/\/www.visit-ulcinj.com\/blog\/?s={search_term_string}"},"query-input":"required name=search_term_string"}],"inLanguage":"en-US"},{"@type":"ImageObject","inLanguage":"en-US","@id":"https:\/\/www.visit-ulcinj.com\/blog\/2012\/04\/28\/kkchampion-renditet-ne-vendin-e-tretevetem-me-17-garues\/#primaryimage","url":"https:\/\/www.visit-ulcinj.com\/blog\/wp-content\/uploads\/2012\/04\/Karate-Champion-UlqinUlcinj-Grand-Prix-Podgorica-2012.jpg","contentUrl":"https:\/\/www.visit-ulcinj.com\/blog\/wp-content\/uploads\/2012\/04\/Karate-Champion-UlqinUlcinj-Grand-Prix-Podgorica-2012.jpg","width":"960","height":"720"},{"@type":"WebPage","@id":"https:\/\/www.visit-ulcinj.com\/blog\/2012\/04\/28\/kkchampion-renditet-ne-vendin-e-tretevetem-me-17-garues\/#webpage","url":"https:\/\/www.visit-ulcinj.com\/blog\/2012\/04\/28\/kkchampion-renditet-ne-vendin-e-tretevetem-me-17-garues\/","name":"KK\u201dChampion\u201d renditet n\u00eb vendin e tret\u00eb,vet\u00ebm me 17 garues! - Lajme nga Ulqini","isPartOf":{"@id":"https:\/\/www.visit-ulcinj.com\/blog\/#website"},"primaryImageOfPage":{"@id":"https:\/\/www.visit-ulcinj.com\/blog\/2012\/04\/28\/kkchampion-renditet-ne-vendin-e-tretevetem-me-17-garues\/#primaryimage"},"datePublished":"2012-04-28T04:50:36+00:00","dateModified":"2012-04-28T04:51:35+00:00","author":{"@id":"https:\/\/www.visit-ulcinj.com\/blog\/#\/schema\/person\/dcab619c614d3038751c63bc2aadc06d"},"description":"Klubi i karatese \u201cChampion\u201d mori pjese ne turneun internacional te karatese\u201dGrand prix Podgorica\u201d qe u mbajt te shtunen,me 21 prill ne Podgorice.Ne kete","breadcrumb":{"@id":"https:\/\/www.visit-ulcinj.com\/blog\/2012\/04\/28\/kkchampion-renditet-ne-vendin-e-tretevetem-me-17-garues\/#breadcrumb"},"inLanguage":"en-US","potentialAction":[{"@type":"ReadAction","target":["https:\/\/www.visit-ulcinj.com\/blog\/2012\/04\/28\/kkchampion-renditet-ne-vendin-e-tretevetem-me-17-garues\/"]}]},{"@type":"BreadcrumbList","@id":"https:\/\/www.visit-ulcinj.com\/blog\/2012\/04\/28\/kkchampion-renditet-ne-vendin-e-tretevetem-me-17-garues\/#breadcrumb","itemListElement":[{"@type":"ListItem","position":1,"name":"KK\u201dChampion\u201d renditet n\u00eb vendin e tret\u00eb,vet\u00ebm me 17 garues!"}]},{"@type":"Person","@id":"https:\/\/www.visit-ulcinj.com\/blog\/#\/schema\/person\/dcab619c614d3038751c63bc2aadc06d","name":"ulqini","sameAs":["http:\/\/www.visit-ulcinj.com"],"url":"https:\/\/www.visit-ulcinj.com\/blog\/author\/admin\/"}]}},"jetpack_featured_media_url":"","jetpack_sharing_enabled":true,"jetpack_shortlink":"https:\/\/wp.me\/pe6lTn-fxQ","_links":{"self":[{"href":"https:\/\/www.visit-ulcinj.com\/blog\/wp-json\/wp\/v2\/posts\/59758"}],"collection":[{"href":"https:\/\/www.visit-ulcinj.com\/blog\/wp-json\/wp\/v2\/posts"}],"about":[{"href":"https:\/\/www.visit-ulcinj.com\/blog\/wp-json\/wp\/v2\/types\/post"}],"author":[{"embeddable":true,"href":"https:\/\/www.visit-ulcinj.com\/blog\/wp-json\/wp\/v2\/users\/1"}],"replies":[{"embeddable":true,"href":"https:\/\/www.visit-ulcinj.com\/blog\/wp-json\/wp\/v2\/comments?post=59758"}],"version-history":[{"count":2,"href":"https:\/\/www.visit-ulcinj.com\/blog\/wp-json\/wp\/v2\/posts\/59758\/revisions"}],"predecessor-version":[{"id":59770,"href":"https:\/\/www.visit-ulcinj.com\/blog\/wp-json\/wp\/v2\/posts\/59758\/revisions\/59770"}],"wp:attachment":[{"href":"https:\/\/www.visit-ulcinj.com\/blog\/wp-json\/wp\/v2\/media?parent=59758"}],"wp:term":[{"taxonomy":"category","embeddable":true,"href":"https:\/\/www.visit-ulcinj.com\/blog\/wp-json\/wp\/v2\/categories?post=59758"},{"taxonomy":"post_tag","embeddable":true,"href":"https:\/\/www.visit-ulcinj.com\/blog\/wp-json\/wp\/v2\/tags?post=59758"}],"curies":[{"name":"wp","href":"https:\/\/api.w.org\/{rel}","templated":true}]}}