{"id":59777,"date":"2012-04-28T16:52:03","date_gmt":"2012-04-28T15:52:03","guid":{"rendered":"http:\/\/www.visit-ulcinj.com\/blog\/?p=59777"},"modified":"2016-04-03T10:11:05","modified_gmt":"2016-04-03T09:11:05","slug":"perpunimi-shtepiak-i-djathit-te-dhive-bio-ne-kravare-video","status":"publish","type":"post","link":"https:\/\/www.visit-ulcinj.com\/blog\/2012\/04\/28\/perpunimi-shtepiak-i-djathit-te-dhive-bio-ne-kravare-video\/","title":{"rendered":"P\u00ebrpunimi sht\u00ebpiak i djathit t\u00eb dhive Bio n\u00eb Kravar\u00eb"},"content":{"rendered":"<p>Eko FARMA \u00ebsht\u00eb organizat\u00eb e themeluar qysh\u00eb n\u00eb vitin 2004 me seli n\u00eb Kravar\u00eb, cila me aktivitetet e saj angazhohet p\u00ebr zhvillimin rural, p\u00ebr krijimin e kushteve m\u00eb t\u00eb mira socio-ekonomike n\u00eb viset rurale, zvog\u00eblimin e papun\u00ebsis\u00eb dhe importit, prodhimin e ushqimit t\u00eb sh\u00ebndetsh\u00ebm, shfryt\u00ebzimin racional t\u00eb resurseve natyrore dhe mbrojtjen e ambientit n\u00eb An\u00eb t\u00eb Malit,komuna e Ulqinit.<br \/>\nQ\u00eb nga themelimi i saj, pronari i Eko Farmes z.Selatin Gjeloshi ka sh\u00ebrbyer si shembull i mir\u00eb p\u00ebr form\u00ebn e organizimit, p\u00ebrkushtimin dhe transparenc\u00ebn n\u00eb pun\u00eb duke ngritur vazhdimisht numrin e partner\u00ebve t\u00eb jasht\u00ebm, numrin e fermer\u00ebve p\u00ebrfitues dhe n\u00eb k\u00ebt\u00eb m\u00ebnyr\u00eb edhe shtimin e v\u00ebllimit t\u00eb pun\u00ebs e rritjen e numrit t\u00eb stafit professional,q\u00eb meren me ket\u00eb lami.<\/p>\n<p>Gjat\u00eb vitit 2011 Eko FARMA ka implementuar projektin e p\u00ebrmir\u00ebsimit t\u00eb kualitetit t\u00eb qum\u00ebshtit ku kan\u00eb qen\u00eb t\u00eb p\u00ebrfshir\u00eb fermer\u00eb nga fshatrat e An\u00ebs s\u00eb Malit, dhe n\u00eb k\u00ebt\u00eb projekt ka qen\u00eb i p\u00ebrfshir\u00eb edhe fermeri Selatin Gjeloshi. Fermeri n\u00eb fjal\u00eb me p\u00ebrpik\u00ebri ka ndjekur trajnimet dhe k\u00ebshillimet nga Eko FARMA dhe ka arritur t\u00eb p\u00ebrmir\u00ebsoj\u00eb kualitetin e qum\u00ebshtit, dhe t\u00eb kaloj n\u00eb ekstra klas\u00eb; dhe fal\u00eb menaxhimit te mir\u00eb te ferm\u00ebs ka arritur t\u00eb ngris\u00eb prodhimtarin\u00eb e qum\u00ebshtit e t\u00eb rris\u00eb t\u00eb hyrat ne ferm\u00ebn e tij.<br \/>\nSelatin Gjeloshi para fillimit t\u00eb projektit ,ka filluar edhe p\u00ebrmir\u00ebsimin e kualitetit te qum\u00ebshtit dhe prodhimit t\u00eb djathit BIO dhe gjithashtu mishit t\u00eb dhive klasit t\u00eb pare BIO.<br \/>\nKjo mb\u00ebshtetje p\u00ebr Selatin Gjeloshin ka qen\u00eb shum\u00eb e mir\u00ebseardhur dhe planet e tij p\u00ebr t\u00eb ardhmen jan\u00eb rritja e k\u00ebtij aktiviteti dhe p\u00ebrmir\u00ebsimi i kushteve p\u00ebr t\u00eb arritur rezultate sa m\u00eb t\u00eb larta.<br \/>\nSelatini \u00ebsht\u00eb shum\u00eb mir\u00ebnjoh\u00ebs ndaj stafit profesional t\u00eb Eko Farmes ,dhe p\u00ebr ndihm\u00ebn dhe mb\u00ebshtetjen e vazhdueshme e cila ka b\u00ebr\u00eb q\u00eb ai ta ndjej veten m\u00eb t\u00eb sigurt n\u00eb pun\u00ebn e tij.<\/p>\n<p>&nbsp;<\/p>\n<p>&nbsp;<\/p>\n","protected":false},"excerpt":{"rendered":"<p>Eko FARMA \u00ebsht\u00eb organizat\u00eb e themeluar qysh\u00eb n\u00eb vitin 2004 me seli n\u00eb Kravar\u00eb, cila me aktivitetet e saj angazhohet p\u00ebr zhvillimin rural, p\u00ebr krijimin e kushteve m\u00eb t\u00eb mira socio-ekonomike n\u00eb viset rurale, zvog\u00eblimin e papun\u00ebsis\u00eb dhe importit, prodhimin e ushqimit t\u00eb sh\u00ebndetsh\u00ebm, shfryt\u00ebzimin racional t\u00eb resurseve natyrore dhe mbrojtjen e ambientit n\u00eb An\u00eb [&hellip;]<\/p>\n","protected":false},"author":1,"featured_media":0,"comment_status":"open","ping_status":"closed","sticky":false,"template":"","format":"standard","meta":{"spay_email":"","jetpack_publicize_message":"","jetpack_is_tweetstorm":false,"jetpack_publicize_feature_enabled":true},"categories":[10,1],"tags":[212,20371,20369,20377,20402,20373,20374,20375,20376,20370,20399,20400,20372,16228,4629,16065,200,18,20401],"jetpack_publicize_connections":[],"yoast_head":"<!-- This site is optimized with the Yoast SEO plugin v19.1 - https:\/\/yoast.com\/wordpress\/plugins\/seo\/ -->\n<title>P\u00ebrpunimi sht\u00ebpiak i djathit t\u00eb dhive Bio n\u00eb Kravar\u00eb - Lajme nga Ulqini<\/title>\n<meta name=\"description\" content=\"Eko FARMA \u00ebsht\u00eb organizat\u00eb e themeluar qysh\u00eb n\u00eb vitin 2004 me seli n\u00eb Kravar\u00eb, cila me aktivitetet e saj angazhohet p\u00ebr zhvillimin rural, p\u00ebr krijimin e\" \/>\n<meta name=\"robots\" content=\"index, follow, max-snippet:-1, max-image-preview:large, max-video-preview:-1\" \/>\n<link rel=\"canonical\" href=\"https:\/\/www.visit-ulcinj.com\/blog\/2012\/04\/28\/perpunimi-shtepiak-i-djathit-te-dhive-bio-ne-kravare-video\/\" \/>\n<meta property=\"og:locale\" content=\"en_US\" \/>\n<meta property=\"og:type\" content=\"article\" \/>\n<meta property=\"og:title\" content=\"P\u00ebrpunimi sht\u00ebpiak i djathit t\u00eb dhive Bio n\u00eb Kravar\u00eb - Lajme nga Ulqini\" \/>\n<meta property=\"og:description\" content=\"Eko FARMA \u00ebsht\u00eb organizat\u00eb e themeluar qysh\u00eb n\u00eb vitin 2004 me seli n\u00eb Kravar\u00eb, cila me aktivitetet e saj angazhohet p\u00ebr zhvillimin rural, p\u00ebr krijimin e\" \/>\n<meta property=\"og:url\" content=\"https:\/\/www.visit-ulcinj.com\/blog\/2012\/04\/28\/perpunimi-shtepiak-i-djathit-te-dhive-bio-ne-kravare-video\/\" \/>\n<meta property=\"og:site_name\" content=\"Lajme nga Ulqini\" \/>\n<meta property=\"article:published_time\" content=\"2012-04-28T15:52:03+00:00\" \/>\n<meta property=\"article:modified_time\" content=\"2016-04-03T09:11:05+00:00\" \/>\n<meta name=\"twitter:label1\" content=\"Written by\" \/>\n\t<meta name=\"twitter:data1\" content=\"ulqini\" \/>\n\t<meta name=\"twitter:label2\" content=\"Est. reading time\" \/>\n\t<meta name=\"twitter:data2\" content=\"2 minutes\" \/>\n<script type=\"application\/ld+json\" class=\"yoast-schema-graph\">{\"@context\":\"https:\/\/schema.org\",\"@graph\":[{\"@type\":\"WebSite\",\"@id\":\"https:\/\/www.visit-ulcinj.com\/blog\/#website\",\"url\":\"https:\/\/www.visit-ulcinj.com\/blog\/\",\"name\":\"Lajme nga Ulqini\",\"description\":\"Lajme,Vijesti,Ulqini,Ulqin,Crna Gora,Mali i Zi\",\"potentialAction\":[{\"@type\":\"SearchAction\",\"target\":{\"@type\":\"EntryPoint\",\"urlTemplate\":\"https:\/\/www.visit-ulcinj.com\/blog\/?s={search_term_string}\"},\"query-input\":\"required name=search_term_string\"}],\"inLanguage\":\"en-US\"},{\"@type\":\"WebPage\",\"@id\":\"https:\/\/www.visit-ulcinj.com\/blog\/2012\/04\/28\/perpunimi-shtepiak-i-djathit-te-dhive-bio-ne-kravare-video\/#webpage\",\"url\":\"https:\/\/www.visit-ulcinj.com\/blog\/2012\/04\/28\/perpunimi-shtepiak-i-djathit-te-dhive-bio-ne-kravare-video\/\",\"name\":\"P\u00ebrpunimi sht\u00ebpiak i djathit t\u00eb dhive Bio n\u00eb Kravar\u00eb - Lajme nga Ulqini\",\"isPartOf\":{\"@id\":\"https:\/\/www.visit-ulcinj.com\/blog\/#website\"},\"datePublished\":\"2012-04-28T15:52:03+00:00\",\"dateModified\":\"2016-04-03T09:11:05+00:00\",\"author\":{\"@id\":\"https:\/\/www.visit-ulcinj.com\/blog\/#\/schema\/person\/dcab619c614d3038751c63bc2aadc06d\"},\"description\":\"Eko FARMA \u00ebsht\u00eb organizat\u00eb e themeluar qysh\u00eb n\u00eb vitin 2004 me seli n\u00eb Kravar\u00eb, cila me aktivitetet e saj angazhohet p\u00ebr zhvillimin rural, p\u00ebr krijimin e\",\"breadcrumb\":{\"@id\":\"https:\/\/www.visit-ulcinj.com\/blog\/2012\/04\/28\/perpunimi-shtepiak-i-djathit-te-dhive-bio-ne-kravare-video\/#breadcrumb\"},\"inLanguage\":\"en-US\",\"potentialAction\":[{\"@type\":\"ReadAction\",\"target\":[\"https:\/\/www.visit-ulcinj.com\/blog\/2012\/04\/28\/perpunimi-shtepiak-i-djathit-te-dhive-bio-ne-kravare-video\/\"]}]},{\"@type\":\"BreadcrumbList\",\"@id\":\"https:\/\/www.visit-ulcinj.com\/blog\/2012\/04\/28\/perpunimi-shtepiak-i-djathit-te-dhive-bio-ne-kravare-video\/#breadcrumb\",\"itemListElement\":[{\"@type\":\"ListItem\",\"position\":1,\"name\":\"P\u00ebrpunimi sht\u00ebpiak i djathit t\u00eb dhive Bio n\u00eb Kravar\u00eb\"}]},{\"@type\":\"Person\",\"@id\":\"https:\/\/www.visit-ulcinj.com\/blog\/#\/schema\/person\/dcab619c614d3038751c63bc2aadc06d\",\"name\":\"ulqini\",\"sameAs\":[\"http:\/\/www.visit-ulcinj.com\"],\"url\":\"https:\/\/www.visit-ulcinj.com\/blog\/author\/admin\/\"}]}<\/script>\n<!-- \/ Yoast SEO plugin. -->","yoast_head_json":{"title":"P\u00ebrpunimi sht\u00ebpiak i djathit t\u00eb dhive Bio n\u00eb Kravar\u00eb - Lajme nga Ulqini","description":"Eko FARMA \u00ebsht\u00eb organizat\u00eb e themeluar qysh\u00eb n\u00eb vitin 2004 me seli n\u00eb Kravar\u00eb, cila me aktivitetet e saj angazhohet p\u00ebr zhvillimin rural, p\u00ebr krijimin e","robots":{"index":"index","follow":"follow","max-snippet":"max-snippet:-1","max-image-preview":"max-image-preview:large","max-video-preview":"max-video-preview:-1"},"canonical":"https:\/\/www.visit-ulcinj.com\/blog\/2012\/04\/28\/perpunimi-shtepiak-i-djathit-te-dhive-bio-ne-kravare-video\/","og_locale":"en_US","og_type":"article","og_title":"P\u00ebrpunimi sht\u00ebpiak i djathit t\u00eb dhive Bio n\u00eb Kravar\u00eb - Lajme nga Ulqini","og_description":"Eko FARMA \u00ebsht\u00eb organizat\u00eb e themeluar qysh\u00eb n\u00eb vitin 2004 me seli n\u00eb Kravar\u00eb, cila me aktivitetet e saj angazhohet p\u00ebr zhvillimin rural, p\u00ebr krijimin e","og_url":"https:\/\/www.visit-ulcinj.com\/blog\/2012\/04\/28\/perpunimi-shtepiak-i-djathit-te-dhive-bio-ne-kravare-video\/","og_site_name":"Lajme nga Ulqini","article_published_time":"2012-04-28T15:52:03+00:00","article_modified_time":"2016-04-03T09:11:05+00:00","twitter_misc":{"Written by":"ulqini","Est. reading time":"2 minutes"},"schema":{"@context":"https:\/\/schema.org","@graph":[{"@type":"WebSite","@id":"https:\/\/www.visit-ulcinj.com\/blog\/#website","url":"https:\/\/www.visit-ulcinj.com\/blog\/","name":"Lajme nga Ulqini","description":"Lajme,Vijesti,Ulqini,Ulqin,Crna Gora,Mali i Zi","potentialAction":[{"@type":"SearchAction","target":{"@type":"EntryPoint","urlTemplate":"https:\/\/www.visit-ulcinj.com\/blog\/?s={search_term_string}"},"query-input":"required name=search_term_string"}],"inLanguage":"en-US"},{"@type":"WebPage","@id":"https:\/\/www.visit-ulcinj.com\/blog\/2012\/04\/28\/perpunimi-shtepiak-i-djathit-te-dhive-bio-ne-kravare-video\/#webpage","url":"https:\/\/www.visit-ulcinj.com\/blog\/2012\/04\/28\/perpunimi-shtepiak-i-djathit-te-dhive-bio-ne-kravare-video\/","name":"P\u00ebrpunimi sht\u00ebpiak i djathit t\u00eb dhive Bio n\u00eb Kravar\u00eb - Lajme nga Ulqini","isPartOf":{"@id":"https:\/\/www.visit-ulcinj.com\/blog\/#website"},"datePublished":"2012-04-28T15:52:03+00:00","dateModified":"2016-04-03T09:11:05+00:00","author":{"@id":"https:\/\/www.visit-ulcinj.com\/blog\/#\/schema\/person\/dcab619c614d3038751c63bc2aadc06d"},"description":"Eko FARMA \u00ebsht\u00eb organizat\u00eb e themeluar qysh\u00eb n\u00eb vitin 2004 me seli n\u00eb Kravar\u00eb, cila me aktivitetet e saj angazhohet p\u00ebr zhvillimin rural, p\u00ebr krijimin e","breadcrumb":{"@id":"https:\/\/www.visit-ulcinj.com\/blog\/2012\/04\/28\/perpunimi-shtepiak-i-djathit-te-dhive-bio-ne-kravare-video\/#breadcrumb"},"inLanguage":"en-US","potentialAction":[{"@type":"ReadAction","target":["https:\/\/www.visit-ulcinj.com\/blog\/2012\/04\/28\/perpunimi-shtepiak-i-djathit-te-dhive-bio-ne-kravare-video\/"]}]},{"@type":"BreadcrumbList","@id":"https:\/\/www.visit-ulcinj.com\/blog\/2012\/04\/28\/perpunimi-shtepiak-i-djathit-te-dhive-bio-ne-kravare-video\/#breadcrumb","itemListElement":[{"@type":"ListItem","position":1,"name":"P\u00ebrpunimi sht\u00ebpiak i djathit t\u00eb dhive Bio n\u00eb Kravar\u00eb"}]},{"@type":"Person","@id":"https:\/\/www.visit-ulcinj.com\/blog\/#\/schema\/person\/dcab619c614d3038751c63bc2aadc06d","name":"ulqini","sameAs":["http:\/\/www.visit-ulcinj.com"],"url":"https:\/\/www.visit-ulcinj.com\/blog\/author\/admin\/"}]}},"jetpack_featured_media_url":"","jetpack_sharing_enabled":true,"jetpack_shortlink":"https:\/\/wp.me\/pe6lTn-fy9","_links":{"self":[{"href":"https:\/\/www.visit-ulcinj.com\/blog\/wp-json\/wp\/v2\/posts\/59777"}],"collection":[{"href":"https:\/\/www.visit-ulcinj.com\/blog\/wp-json\/wp\/v2\/posts"}],"about":[{"href":"https:\/\/www.visit-ulcinj.com\/blog\/wp-json\/wp\/v2\/types\/post"}],"author":[{"embeddable":true,"href":"https:\/\/www.visit-ulcinj.com\/blog\/wp-json\/wp\/v2\/users\/1"}],"replies":[{"embeddable":true,"href":"https:\/\/www.visit-ulcinj.com\/blog\/wp-json\/wp\/v2\/comments?post=59777"}],"version-history":[{"count":14,"href":"https:\/\/www.visit-ulcinj.com\/blog\/wp-json\/wp\/v2\/posts\/59777\/revisions"}],"predecessor-version":[{"id":95846,"href":"https:\/\/www.visit-ulcinj.com\/blog\/wp-json\/wp\/v2\/posts\/59777\/revisions\/95846"}],"wp:attachment":[{"href":"https:\/\/www.visit-ulcinj.com\/blog\/wp-json\/wp\/v2\/media?parent=59777"}],"wp:term":[{"taxonomy":"category","embeddable":true,"href":"https:\/\/www.visit-ulcinj.com\/blog\/wp-json\/wp\/v2\/categories?post=59777"},{"taxonomy":"post_tag","embeddable":true,"href":"https:\/\/www.visit-ulcinj.com\/blog\/wp-json\/wp\/v2\/tags?post=59777"}],"curies":[{"name":"wp","href":"https:\/\/api.w.org\/{rel}","templated":true}]}}