{"id":59787,"date":"2012-04-28T18:43:00","date_gmt":"2012-04-28T17:43:00","guid":{"rendered":"http:\/\/www.visit-ulcinj.com\/blog\/?p=59787"},"modified":"2012-04-28T18:43:00","modified_gmt":"2012-04-28T17:43:00","slug":"cungu-pozvao-kosovare-da-ljetuju-u-ulcinju","status":"publish","type":"post","link":"https:\/\/www.visit-ulcinj.com\/blog\/2012\/04\/28\/cungu-pozvao-kosovare-da-ljetuju-u-ulcinju\/","title":{"rendered":"Cungu pozvao Kosovare da ljetuju u Ulcinju"},"content":{"rendered":"<p><a href=\"http:\/\/www.visit-ulcinj.com\/blog\/wp-content\/uploads\/2012\/04\/Nazif-Cungu-pozvao-Kosovare-da-ljetuju-u-Ulcinju.jpg\"><img loading=\"lazy\" class=\"alignleft  wp-image-59788\" title=\"Nazif Cungu pozvao Kosovare da ljetuju u Ulcinju\" src=\"http:\/\/www.visit-ulcinj.com\/blog\/wp-content\/uploads\/2012\/04\/Nazif-Cungu-pozvao-Kosovare-da-ljetuju-u-Ulcinju.jpg\" alt=\"\" width=\"508\" height=\"360\" \/><\/a>Gradona\u010delnik Ulcinja Nazif Cungu, u pratnji op\u0161tinskih zvani\u010dnika, direktora i vlasnika hotela u op\u0161tini Ulcinj, posjetio je 5. sajam turizma u Pri\u0161tini. Cungu je pozvao turiste s Kosova da ljetuju u Ulcinju, obe\u0107av\u0161i mnogo bolju infrastrukturu, puteve, redovno snabdijevanje vodom za pi\u0107e i apsolutnu \u010disto\u0107u za posjetioce.<br \/>\n\u2013Turisti s Kosova su na\u0161i tradicionalni gosti. Na osnovu istra\u017eivanja, u predstoje\u0107oj turisti\u010dkoj sezoni ima\u0107emo vi\u0161e turista s Kosova nego ranije. Ljudima na Kosovu ne treba predstavljati Ulcinj jer oni ve\u0107 znaju ljepote koje imamo i nudimo \u2013 rekao je gradona\u010delnik Ulcinja.<br \/>\nOn je dodao da se ove godine cijene ne\u0107e mijenjati i da \u0107e biti otprilike iste kao i pro\u0161logodi\u0161nje.<br \/>\n\u2013Razgovarao sam s vlasnicima hotela i privatnog smje\u0161taja i mi\u0161ljenja su da \u0107e cijene biti na pro\u0161logodi\u0161njem nivou, \u0161to zna\u010di da ne\u0107e biti nikakvih promjena u tom smislu \u2013 rekao je Cungu kosovskim medijima.<br \/>\nOn je tamo\u0161nje turisti\u010dke poslenike informisao o renoviranju puta koji s grani\u010dnog prelaza Sukobin vodi ka Ulcinju.<br \/>\n\u2013Radovi su po\u010deli, a odvija\u0107e se u fazama. Prva faza obuhvata du\u017einu od \u0161est i po kilometara, i bi\u0107e zavr\u0161ena prije turisti\u010dke sezone, tako da \u0107e taj dio puta biti na mnogo vi\u0161em nivou. Po\u0161to je turisti\u010dka sezona na pragu, radovi \u0107e se nastaviti poslije ljeta \u2013 objasnio je Cungu.<\/p>\n<p><strong><a href=\"http:\/\/www.dan.co.me\/?nivo=3&amp;rubrika=Regioni&amp;clanak=329437&amp;najdatum=2012-04-27&amp;datum=2012-04-28&amp;naslov=Cungu%20pozvao%20Kosovare\" target=\"_blank\">Izvor: DAN<\/a><\/strong><\/p>\n<!--YouTube Error: bad URL entered-->\n","protected":false},"excerpt":{"rendered":"<p>Gradona\u010delnik Ulcinja Nazif Cungu, u pratnji op\u0161tinskih zvani\u010dnika, direktora i vlasnika hotela u op\u0161tini Ulcinj, posjetio je 5. sajam turizma u Pri\u0161tini. Cungu je pozvao turiste s Kosova da ljetuju u Ulcinju, obe\u0107av\u0161i mnogo bolju infrastrukturu, puteve, redovno snabdijevanje vodom za pi\u0107e i apsolutnu \u010disto\u0107u za posjetioce. \u2013Turisti s Kosova su na\u0161i tradicionalni gosti. Na [&hellip;]<\/p>\n","protected":false},"author":1,"featured_media":0,"comment_status":"open","ping_status":"closed","sticky":false,"template":"","format":"standard","meta":{"spay_email":"","jetpack_publicize_message":"","jetpack_is_tweetstorm":false,"jetpack_publicize_feature_enabled":true},"categories":[8337],"tags":[13382,118,19],"jetpack_publicize_connections":[],"yoast_head":"<!-- This site is optimized with the Yoast SEO plugin v19.1 - https:\/\/yoast.com\/wordpress\/plugins\/seo\/ -->\n<title>Cungu pozvao Kosovare da ljetuju u Ulcinju - Lajme nga Ulqini<\/title>\n<meta name=\"description\" content=\"Gradona\u010delnik Ulcinja Nazif Cungu, u pratnji op\u0161tinskih zvani\u010dnika, direktora i vlasnika hotela u op\u0161tini Ulcinj, posjetio je 5. sajam turizma u Pri\u0161tini.\" \/>\n<meta name=\"robots\" content=\"index, follow, max-snippet:-1, max-image-preview:large, max-video-preview:-1\" \/>\n<link rel=\"canonical\" href=\"https:\/\/www.visit-ulcinj.com\/blog\/2012\/04\/28\/cungu-pozvao-kosovare-da-ljetuju-u-ulcinju\/\" \/>\n<meta property=\"og:locale\" content=\"en_US\" \/>\n<meta property=\"og:type\" content=\"article\" \/>\n<meta property=\"og:title\" content=\"Cungu pozvao Kosovare da ljetuju u Ulcinju - Lajme nga Ulqini\" \/>\n<meta property=\"og:description\" content=\"Gradona\u010delnik Ulcinja Nazif Cungu, u pratnji op\u0161tinskih zvani\u010dnika, direktora i vlasnika hotela u op\u0161tini Ulcinj, posjetio je 5. sajam turizma u Pri\u0161tini.\" \/>\n<meta property=\"og:url\" content=\"https:\/\/www.visit-ulcinj.com\/blog\/2012\/04\/28\/cungu-pozvao-kosovare-da-ljetuju-u-ulcinju\/\" \/>\n<meta property=\"og:site_name\" content=\"Lajme nga Ulqini\" \/>\n<meta property=\"article:published_time\" content=\"2012-04-28T17:43:00+00:00\" \/>\n<meta property=\"og:image\" content=\"http:\/\/www.visit-ulcinj.com\/blog\/wp-content\/uploads\/2012\/04\/Nazif-Cungu-pozvao-Kosovare-da-ljetuju-u-Ulcinju.jpg\" \/>\n<meta name=\"twitter:label1\" content=\"Written by\" \/>\n\t<meta name=\"twitter:data1\" content=\"ulqini\" \/>\n\t<meta name=\"twitter:label2\" content=\"Est. reading time\" \/>\n\t<meta name=\"twitter:data2\" content=\"1 minute\" \/>\n<script type=\"application\/ld+json\" class=\"yoast-schema-graph\">{\"@context\":\"https:\/\/schema.org\",\"@graph\":[{\"@type\":\"WebSite\",\"@id\":\"https:\/\/www.visit-ulcinj.com\/blog\/#website\",\"url\":\"https:\/\/www.visit-ulcinj.com\/blog\/\",\"name\":\"Lajme nga Ulqini\",\"description\":\"Lajme,Vijesti,Ulqini,Ulqin,Crna Gora,Mali i Zi\",\"potentialAction\":[{\"@type\":\"SearchAction\",\"target\":{\"@type\":\"EntryPoint\",\"urlTemplate\":\"https:\/\/www.visit-ulcinj.com\/blog\/?s={search_term_string}\"},\"query-input\":\"required name=search_term_string\"}],\"inLanguage\":\"en-US\"},{\"@type\":\"ImageObject\",\"inLanguage\":\"en-US\",\"@id\":\"https:\/\/www.visit-ulcinj.com\/blog\/2012\/04\/28\/cungu-pozvao-kosovare-da-ljetuju-u-ulcinju\/#primaryimage\",\"url\":\"https:\/\/www.visit-ulcinj.com\/blog\/wp-content\/uploads\/2012\/04\/Nazif-Cungu-pozvao-Kosovare-da-ljetuju-u-Ulcinju.jpg\",\"contentUrl\":\"https:\/\/www.visit-ulcinj.com\/blog\/wp-content\/uploads\/2012\/04\/Nazif-Cungu-pozvao-Kosovare-da-ljetuju-u-Ulcinju.jpg\",\"width\":\"640\",\"height\":\"408\"},{\"@type\":\"WebPage\",\"@id\":\"https:\/\/www.visit-ulcinj.com\/blog\/2012\/04\/28\/cungu-pozvao-kosovare-da-ljetuju-u-ulcinju\/#webpage\",\"url\":\"https:\/\/www.visit-ulcinj.com\/blog\/2012\/04\/28\/cungu-pozvao-kosovare-da-ljetuju-u-ulcinju\/\",\"name\":\"Cungu pozvao Kosovare da ljetuju u Ulcinju - Lajme nga Ulqini\",\"isPartOf\":{\"@id\":\"https:\/\/www.visit-ulcinj.com\/blog\/#website\"},\"primaryImageOfPage\":{\"@id\":\"https:\/\/www.visit-ulcinj.com\/blog\/2012\/04\/28\/cungu-pozvao-kosovare-da-ljetuju-u-ulcinju\/#primaryimage\"},\"datePublished\":\"2012-04-28T17:43:00+00:00\",\"dateModified\":\"2012-04-28T17:43:00+00:00\",\"author\":{\"@id\":\"https:\/\/www.visit-ulcinj.com\/blog\/#\/schema\/person\/dcab619c614d3038751c63bc2aadc06d\"},\"description\":\"Gradona\u010delnik Ulcinja Nazif Cungu, u pratnji op\u0161tinskih zvani\u010dnika, direktora i vlasnika hotela u op\u0161tini Ulcinj, posjetio je 5. sajam turizma u Pri\u0161tini.\",\"breadcrumb\":{\"@id\":\"https:\/\/www.visit-ulcinj.com\/blog\/2012\/04\/28\/cungu-pozvao-kosovare-da-ljetuju-u-ulcinju\/#breadcrumb\"},\"inLanguage\":\"en-US\",\"potentialAction\":[{\"@type\":\"ReadAction\",\"target\":[\"https:\/\/www.visit-ulcinj.com\/blog\/2012\/04\/28\/cungu-pozvao-kosovare-da-ljetuju-u-ulcinju\/\"]}]},{\"@type\":\"BreadcrumbList\",\"@id\":\"https:\/\/www.visit-ulcinj.com\/blog\/2012\/04\/28\/cungu-pozvao-kosovare-da-ljetuju-u-ulcinju\/#breadcrumb\",\"itemListElement\":[{\"@type\":\"ListItem\",\"position\":1,\"name\":\"Cungu pozvao Kosovare da ljetuju u Ulcinju\"}]},{\"@type\":\"Person\",\"@id\":\"https:\/\/www.visit-ulcinj.com\/blog\/#\/schema\/person\/dcab619c614d3038751c63bc2aadc06d\",\"name\":\"ulqini\",\"sameAs\":[\"http:\/\/www.visit-ulcinj.com\"],\"url\":\"https:\/\/www.visit-ulcinj.com\/blog\/author\/admin\/\"}]}<\/script>\n<!-- \/ Yoast SEO plugin. -->","yoast_head_json":{"title":"Cungu pozvao Kosovare da ljetuju u Ulcinju - Lajme nga Ulqini","description":"Gradona\u010delnik Ulcinja Nazif Cungu, u pratnji op\u0161tinskih zvani\u010dnika, direktora i vlasnika hotela u op\u0161tini Ulcinj, posjetio je 5. sajam turizma u Pri\u0161tini.","robots":{"index":"index","follow":"follow","max-snippet":"max-snippet:-1","max-image-preview":"max-image-preview:large","max-video-preview":"max-video-preview:-1"},"canonical":"https:\/\/www.visit-ulcinj.com\/blog\/2012\/04\/28\/cungu-pozvao-kosovare-da-ljetuju-u-ulcinju\/","og_locale":"en_US","og_type":"article","og_title":"Cungu pozvao Kosovare da ljetuju u Ulcinju - Lajme nga Ulqini","og_description":"Gradona\u010delnik Ulcinja Nazif Cungu, u pratnji op\u0161tinskih zvani\u010dnika, direktora i vlasnika hotela u op\u0161tini Ulcinj, posjetio je 5. sajam turizma u Pri\u0161tini.","og_url":"https:\/\/www.visit-ulcinj.com\/blog\/2012\/04\/28\/cungu-pozvao-kosovare-da-ljetuju-u-ulcinju\/","og_site_name":"Lajme nga Ulqini","article_published_time":"2012-04-28T17:43:00+00:00","og_image":[{"url":"http:\/\/www.visit-ulcinj.com\/blog\/wp-content\/uploads\/2012\/04\/Nazif-Cungu-pozvao-Kosovare-da-ljetuju-u-Ulcinju.jpg"}],"twitter_misc":{"Written by":"ulqini","Est. reading time":"1 minute"},"schema":{"@context":"https:\/\/schema.org","@graph":[{"@type":"WebSite","@id":"https:\/\/www.visit-ulcinj.com\/blog\/#website","url":"https:\/\/www.visit-ulcinj.com\/blog\/","name":"Lajme nga Ulqini","description":"Lajme,Vijesti,Ulqini,Ulqin,Crna Gora,Mali i Zi","potentialAction":[{"@type":"SearchAction","target":{"@type":"EntryPoint","urlTemplate":"https:\/\/www.visit-ulcinj.com\/blog\/?s={search_term_string}"},"query-input":"required name=search_term_string"}],"inLanguage":"en-US"},{"@type":"ImageObject","inLanguage":"en-US","@id":"https:\/\/www.visit-ulcinj.com\/blog\/2012\/04\/28\/cungu-pozvao-kosovare-da-ljetuju-u-ulcinju\/#primaryimage","url":"https:\/\/www.visit-ulcinj.com\/blog\/wp-content\/uploads\/2012\/04\/Nazif-Cungu-pozvao-Kosovare-da-ljetuju-u-Ulcinju.jpg","contentUrl":"https:\/\/www.visit-ulcinj.com\/blog\/wp-content\/uploads\/2012\/04\/Nazif-Cungu-pozvao-Kosovare-da-ljetuju-u-Ulcinju.jpg","width":"640","height":"408"},{"@type":"WebPage","@id":"https:\/\/www.visit-ulcinj.com\/blog\/2012\/04\/28\/cungu-pozvao-kosovare-da-ljetuju-u-ulcinju\/#webpage","url":"https:\/\/www.visit-ulcinj.com\/blog\/2012\/04\/28\/cungu-pozvao-kosovare-da-ljetuju-u-ulcinju\/","name":"Cungu pozvao Kosovare da ljetuju u Ulcinju - Lajme nga Ulqini","isPartOf":{"@id":"https:\/\/www.visit-ulcinj.com\/blog\/#website"},"primaryImageOfPage":{"@id":"https:\/\/www.visit-ulcinj.com\/blog\/2012\/04\/28\/cungu-pozvao-kosovare-da-ljetuju-u-ulcinju\/#primaryimage"},"datePublished":"2012-04-28T17:43:00+00:00","dateModified":"2012-04-28T17:43:00+00:00","author":{"@id":"https:\/\/www.visit-ulcinj.com\/blog\/#\/schema\/person\/dcab619c614d3038751c63bc2aadc06d"},"description":"Gradona\u010delnik Ulcinja Nazif Cungu, u pratnji op\u0161tinskih zvani\u010dnika, direktora i vlasnika hotela u op\u0161tini Ulcinj, posjetio je 5. sajam turizma u Pri\u0161tini.","breadcrumb":{"@id":"https:\/\/www.visit-ulcinj.com\/blog\/2012\/04\/28\/cungu-pozvao-kosovare-da-ljetuju-u-ulcinju\/#breadcrumb"},"inLanguage":"en-US","potentialAction":[{"@type":"ReadAction","target":["https:\/\/www.visit-ulcinj.com\/blog\/2012\/04\/28\/cungu-pozvao-kosovare-da-ljetuju-u-ulcinju\/"]}]},{"@type":"BreadcrumbList","@id":"https:\/\/www.visit-ulcinj.com\/blog\/2012\/04\/28\/cungu-pozvao-kosovare-da-ljetuju-u-ulcinju\/#breadcrumb","itemListElement":[{"@type":"ListItem","position":1,"name":"Cungu pozvao Kosovare da ljetuju u Ulcinju"}]},{"@type":"Person","@id":"https:\/\/www.visit-ulcinj.com\/blog\/#\/schema\/person\/dcab619c614d3038751c63bc2aadc06d","name":"ulqini","sameAs":["http:\/\/www.visit-ulcinj.com"],"url":"https:\/\/www.visit-ulcinj.com\/blog\/author\/admin\/"}]}},"jetpack_featured_media_url":"","jetpack_sharing_enabled":true,"jetpack_shortlink":"https:\/\/wp.me\/pe6lTn-fyj","_links":{"self":[{"href":"https:\/\/www.visit-ulcinj.com\/blog\/wp-json\/wp\/v2\/posts\/59787"}],"collection":[{"href":"https:\/\/www.visit-ulcinj.com\/blog\/wp-json\/wp\/v2\/posts"}],"about":[{"href":"https:\/\/www.visit-ulcinj.com\/blog\/wp-json\/wp\/v2\/types\/post"}],"author":[{"embeddable":true,"href":"https:\/\/www.visit-ulcinj.com\/blog\/wp-json\/wp\/v2\/users\/1"}],"replies":[{"embeddable":true,"href":"https:\/\/www.visit-ulcinj.com\/blog\/wp-json\/wp\/v2\/comments?post=59787"}],"version-history":[{"count":1,"href":"https:\/\/www.visit-ulcinj.com\/blog\/wp-json\/wp\/v2\/posts\/59787\/revisions"}],"predecessor-version":[{"id":59789,"href":"https:\/\/www.visit-ulcinj.com\/blog\/wp-json\/wp\/v2\/posts\/59787\/revisions\/59789"}],"wp:attachment":[{"href":"https:\/\/www.visit-ulcinj.com\/blog\/wp-json\/wp\/v2\/media?parent=59787"}],"wp:term":[{"taxonomy":"category","embeddable":true,"href":"https:\/\/www.visit-ulcinj.com\/blog\/wp-json\/wp\/v2\/categories?post=59787"},{"taxonomy":"post_tag","embeddable":true,"href":"https:\/\/www.visit-ulcinj.com\/blog\/wp-json\/wp\/v2\/tags?post=59787"}],"curies":[{"name":"wp","href":"https:\/\/api.w.org\/{rel}","templated":true}]}}