{"id":59798,"date":"2012-04-28T20:19:24","date_gmt":"2012-04-28T19:19:24","guid":{"rendered":"http:\/\/www.visit-ulcinj.com\/blog\/?p=59798"},"modified":"2012-04-28T20:19:24","modified_gmt":"2012-04-28T19:19:24","slug":"cfare-gabimesh-sduhet-bere-ulqini-ne-turizem","status":"publish","type":"post","link":"https:\/\/www.visit-ulcinj.com\/blog\/2012\/04\/28\/cfare-gabimesh-sduhet-bere-ulqini-ne-turizem\/","title":{"rendered":"\u00c7far\u00eb gabimesh sduhet bere Ulqini n\u00eb turiz\u00ebm"},"content":{"rendered":"<p><a href=\"http:\/\/www.visit-ulcinj.com\/blog\/wp-content\/uploads\/2012\/04\/hotel-service-ulqin-ulqini.jpg\"><img loading=\"lazy\" class=\"alignleft size-full wp-image-59799\" title=\"hotel-service -ulqin -ulqini\" src=\"http:\/\/www.visit-ulcinj.com\/blog\/wp-content\/uploads\/2012\/04\/hotel-service-ulqin-ulqini.jpg\" alt=\"\" width=\"380\" height=\"393\" srcset=\"https:\/\/www.visit-ulcinj.com\/blog\/wp-content\/uploads\/2012\/04\/hotel-service-ulqin-ulqini.jpg 380w, https:\/\/www.visit-ulcinj.com\/blog\/wp-content\/uploads\/2012\/04\/hotel-service-ulqin-ulqini-290x300.jpg 290w\" sizes=\"(max-width: 380px) 100vw, 380px\" \/><\/a>K\u00ebshilla m\u00eb e r\u00ebnd\u00ebsishme \u00ebsht\u00eb q\u00eb Ulqini t\u00eb ket\u00eb durim. Kjo s\u2019do t\u00eb thot\u00eb t\u00eb mos b\u00ebj\u00eb gj\u00eb, por t\u00eb mos pres\u00eb p\u00ebrfitime t\u00eb menj\u00ebhershme. Ulqini duhet t\u00eb investoj\u00eb dhe t\u00eb mos gaboj\u00eb e t\u00eb t\u00ebrheq\u00eb turiz\u00ebm t\u00eb lir\u00eb. Pasi t\u00eb krijohet imazhi i nj\u00eb vendi t\u00eb lir\u00eb, me operator\u00ebt q\u00eb u thon\u00eb klient\u00ebve se mund t\u00eb shkojn\u00eb n\u00eb Ulqin p\u00ebr pak para e t\u00eb k\u00ebnaqen, s\u2019do ta hiqte dot m\u00eb at\u00eb imazh. Ka shum\u00eb vende t\u00eb tjera q\u00eb e kan\u00eb b\u00ebr\u00eb at\u00eb gabim, dhe nuk di se kur do t\u00eb arrijn\u00eb ta ndryshojn\u00eb at\u00eb imazh.<\/p>\n<p>Pra, nd\u00ebrtoni nj\u00eb t\u00eb ardhme t\u00eb sigurt, t\u00eb bazuar n\u00eb sh\u00ebrbim t\u00eb mir\u00eb dhe n\u00eb njer\u00ebz t\u00eb mir\u00eb. Kjo i b\u00ebn nj\u00eb t\u00eb mir\u00eb shum\u00eb t\u00eb madhe brezit t\u00eb ri. U jep orientim dhe trajnim. \u00cbsht\u00eb e ardhmja e f\u00ebmij\u00ebve tuaj, ndaj mos e n\u00ebnvler\u00ebsoni r\u00ebnd\u00ebsin\u00eb. N\u00ebse e b\u00ebni dhe keni sukses, brezi i ri do t\u00eb q\u00ebndroj\u00eb n\u00eb vend dhe nuk do t\u00eb emigroj\u00eb jasht\u00eb Ulqinit. N\u00eb vend q\u00eb t\u00eb shohin barin m\u00eb t\u00eb gjelb\u00ebr te sht\u00ebpia e fqinjit, si\u00e7 thot\u00eb shprehja, do t\u00eb shohin t\u00eb mir\u00ebn e vendit t\u00eb tyre. Dhe k\u00ebtu ka shum\u00eb t\u00eb mira. Ulqini ka nj\u00eb natyr\u00eb fantastike, plazhe, brigje shk\u00ebmbore, ku mund t\u00eb mendohet p\u00ebr sporte ujore. Ka edhe male t\u00eb mrekullueshme, nj\u00eb ark\u00eb e v\u00ebrtet\u00eb thesari q\u00eb duhet hapur. Mos b\u00ebni gabim ta shkat\u00ebrroni. Ulqini \u00ebsht\u00eb vend i vog\u00ebl, dhe mos e prishni k\u00ebt\u00eb thesar q\u00eb keni. Mos toleroni n\u00ebse politikan\u00ebt dhe investuesit b\u00ebjn\u00eb gj\u00ebra q\u00eb nj\u00eb njeri i nd\u00ebrgjegjsh\u00ebm s\u2019do t\u2019i gjykonte si t\u00eb rinovueshme. Mendoni p\u00ebr t\u00eb nes\u00ebrmen, p\u00ebr brezin e ardhsh\u00ebm. Mendoni p\u00ebr natyr\u00ebn e brezin e ardhsh\u00eb, dhe Ulqini do t\u00eb ket\u00eb nj\u00eb t\u00eb ardhme t\u00eb shk\u00eblqyer.<\/p>\n<p>Ulqini ka nj\u00eb potencial t\u00eb madh.Ulqini\u00a0 \u00ebsht\u00eb di\u00e7ka ku ngroht\u00ebsia e njer\u00ebzve mund t\u00eb kombinohet me gjtih\u00e7ka q\u00eb gjendet n\u00eb turiz\u00ebm. Por gjithashtu, kam besim q\u00eb kjo duhet t\u00eb b\u00ebhet n\u00eb Ulqin, nga ju. Asnj\u00eb s\u2019mund ta marr\u00eb p\u00ebrsip\u00ebr k\u00ebt\u00eb detyr\u00eb nga jasht\u00eb, sepse vet\u00ebm ashtu do t\u00eb ishte nj\u00eb p\u00ebrvoj\u00eb origjinale turizmi, kur ju\u00a0 t\u00eb merrni p\u00ebrsip\u00ebr detyr\u00ebn q\u00eb ta shnd\u00ebrrojn\u00eb turizmin n\u00eb vendin e juve.Kjo \u00ebsht\u00eb detyra e juve,ose si t\u00eb thuash, detyrim i juve.<\/p>\n<p>N\u00eb k\u00ebt\u00eb kuptim, m\u00eb duket shum\u00eb e r\u00ebnd\u00ebsishme q\u00eb turizmi t\u2019i kthej\u00eb syt\u00eb nga brezat e rinj. Kjo do t\u00eb thot\u00eb investime n\u00eb arsimin e brezave t\u00eb rinj, por gjithashtu dhe q\u00eb m\u00eb t\u00eb moshuarit, ata me m\u00eb shum\u00eb p\u00ebrvoj\u00eb, duhet t\u00eb bashkohen me t\u00eb rinjt\u00eb, t\u00eb kombinojn\u00eb p\u00ebrvoj\u00ebn e tyre me freskin\u00eb e t\u00eb rinjve, dhe t\u00eb b\u00ebjn\u00eb p\u00ebrpara bashk\u00eb. Brezi i ardhsh\u00ebm do t\u00eb p\u00ebrfitonte shum\u00eb nga p\u00ebrvoja e tyre dhe nga energjia e fresk\u00ebt q\u00eb kan\u00eb kombinuar. T\u2019i p\u00ebrdorni burimet q\u00eb keni n\u00eb Ulqin,sidomos me f\u00ebmij\u00ebt q\u00eb po rriten, dhe bashk\u00eb me ata njer\u00ebz q\u00eb kan\u00eb p\u00ebrvoj\u00eb nd\u00ebrkomb\u00ebtare n\u00eb turiz\u00ebm. K\u00ebshtu do t\u2019i shihni frytet e pun\u00ebs suaj n\u00eb nj\u00eb dekad\u00eb.<\/p>\n<!--YouTube Error: bad URL entered-->\n","protected":false},"excerpt":{"rendered":"<p>K\u00ebshilla m\u00eb e r\u00ebnd\u00ebsishme \u00ebsht\u00eb q\u00eb Ulqini t\u00eb ket\u00eb durim. Kjo s\u2019do t\u00eb thot\u00eb t\u00eb mos b\u00ebj\u00eb gj\u00eb, por t\u00eb mos pres\u00eb p\u00ebrfitime t\u00eb menj\u00ebhershme. Ulqini duhet t\u00eb investoj\u00eb dhe t\u00eb mos gaboj\u00eb e t\u00eb t\u00ebrheq\u00eb turiz\u00ebm t\u00eb lir\u00eb. Pasi t\u00eb krijohet imazhi i nj\u00eb vendi t\u00eb lir\u00eb, me operator\u00ebt q\u00eb u thon\u00eb klient\u00ebve se [&hellip;]<\/p>\n","protected":false},"author":1,"featured_media":0,"comment_status":"open","ping_status":"closed","sticky":false,"template":"","format":"standard","meta":{"spay_email":"","jetpack_publicize_message":"","jetpack_is_tweetstorm":false,"jetpack_publicize_feature_enabled":true},"categories":[14249],"tags":[20350,3901,17282,14887,20381,2797],"jetpack_publicize_connections":[],"yoast_head":"<!-- This site is optimized with the Yoast SEO plugin v19.1 - https:\/\/yoast.com\/wordpress\/plugins\/seo\/ -->\n<title>\u00c7far\u00eb gabimesh sduhet bere Ulqini n\u00eb turiz\u00ebm - Lajme nga Ulqini<\/title>\n<meta name=\"description\" content=\"K\u00ebshilla m\u00eb e r\u00ebnd\u00ebsishme \u00ebsht\u00eb q\u00eb Ulqini t\u00eb ket\u00eb durim. Kjo s\u2019do t\u00eb thot\u00eb t\u00eb mos b\u00ebj\u00eb gj\u00eb, por t\u00eb mos pres\u00eb p\u00ebrfitime t\u00eb menj\u00ebhershme. Ulqini duhet t\u00eb\" \/>\n<meta name=\"robots\" content=\"index, follow, max-snippet:-1, max-image-preview:large, max-video-preview:-1\" \/>\n<link rel=\"canonical\" href=\"https:\/\/www.visit-ulcinj.com\/blog\/2012\/04\/28\/cfare-gabimesh-sduhet-bere-ulqini-ne-turizem\/\" \/>\n<meta property=\"og:locale\" content=\"en_US\" \/>\n<meta property=\"og:type\" content=\"article\" \/>\n<meta property=\"og:title\" content=\"\u00c7far\u00eb gabimesh sduhet bere Ulqini n\u00eb turiz\u00ebm - Lajme nga Ulqini\" \/>\n<meta property=\"og:description\" content=\"K\u00ebshilla m\u00eb e r\u00ebnd\u00ebsishme \u00ebsht\u00eb q\u00eb Ulqini t\u00eb ket\u00eb durim. Kjo s\u2019do t\u00eb thot\u00eb t\u00eb mos b\u00ebj\u00eb gj\u00eb, por t\u00eb mos pres\u00eb p\u00ebrfitime t\u00eb menj\u00ebhershme. Ulqini duhet t\u00eb\" \/>\n<meta property=\"og:url\" content=\"https:\/\/www.visit-ulcinj.com\/blog\/2012\/04\/28\/cfare-gabimesh-sduhet-bere-ulqini-ne-turizem\/\" \/>\n<meta property=\"og:site_name\" content=\"Lajme nga Ulqini\" \/>\n<meta property=\"article:published_time\" content=\"2012-04-28T19:19:24+00:00\" \/>\n<meta property=\"og:image\" content=\"http:\/\/www.visit-ulcinj.com\/blog\/wp-content\/uploads\/2012\/04\/hotel-service-ulqin-ulqini.jpg\" \/>\n<meta name=\"twitter:label1\" content=\"Written by\" \/>\n\t<meta name=\"twitter:data1\" content=\"ulqini\" \/>\n\t<meta name=\"twitter:label2\" content=\"Est. reading time\" \/>\n\t<meta name=\"twitter:data2\" content=\"3 minutes\" \/>\n<script type=\"application\/ld+json\" class=\"yoast-schema-graph\">{\"@context\":\"https:\/\/schema.org\",\"@graph\":[{\"@type\":\"WebSite\",\"@id\":\"https:\/\/www.visit-ulcinj.com\/blog\/#website\",\"url\":\"https:\/\/www.visit-ulcinj.com\/blog\/\",\"name\":\"Lajme nga Ulqini\",\"description\":\"Lajme,Vijesti,Ulqini,Ulqin,Crna Gora,Mali i Zi\",\"potentialAction\":[{\"@type\":\"SearchAction\",\"target\":{\"@type\":\"EntryPoint\",\"urlTemplate\":\"https:\/\/www.visit-ulcinj.com\/blog\/?s={search_term_string}\"},\"query-input\":\"required name=search_term_string\"}],\"inLanguage\":\"en-US\"},{\"@type\":\"ImageObject\",\"inLanguage\":\"en-US\",\"@id\":\"https:\/\/www.visit-ulcinj.com\/blog\/2012\/04\/28\/cfare-gabimesh-sduhet-bere-ulqini-ne-turizem\/#primaryimage\",\"url\":\"https:\/\/www.visit-ulcinj.com\/blog\/wp-content\/uploads\/2012\/04\/hotel-service-ulqin-ulqini.jpg\",\"contentUrl\":\"https:\/\/www.visit-ulcinj.com\/blog\/wp-content\/uploads\/2012\/04\/hotel-service-ulqin-ulqini.jpg\",\"width\":\"380\",\"height\":\"393\"},{\"@type\":\"WebPage\",\"@id\":\"https:\/\/www.visit-ulcinj.com\/blog\/2012\/04\/28\/cfare-gabimesh-sduhet-bere-ulqini-ne-turizem\/#webpage\",\"url\":\"https:\/\/www.visit-ulcinj.com\/blog\/2012\/04\/28\/cfare-gabimesh-sduhet-bere-ulqini-ne-turizem\/\",\"name\":\"\u00c7far\u00eb gabimesh sduhet bere Ulqini n\u00eb turiz\u00ebm - Lajme nga Ulqini\",\"isPartOf\":{\"@id\":\"https:\/\/www.visit-ulcinj.com\/blog\/#website\"},\"primaryImageOfPage\":{\"@id\":\"https:\/\/www.visit-ulcinj.com\/blog\/2012\/04\/28\/cfare-gabimesh-sduhet-bere-ulqini-ne-turizem\/#primaryimage\"},\"datePublished\":\"2012-04-28T19:19:24+00:00\",\"dateModified\":\"2012-04-28T19:19:24+00:00\",\"author\":{\"@id\":\"https:\/\/www.visit-ulcinj.com\/blog\/#\/schema\/person\/dcab619c614d3038751c63bc2aadc06d\"},\"description\":\"K\u00ebshilla m\u00eb e r\u00ebnd\u00ebsishme \u00ebsht\u00eb q\u00eb Ulqini t\u00eb ket\u00eb durim. Kjo s\u2019do t\u00eb thot\u00eb t\u00eb mos b\u00ebj\u00eb gj\u00eb, por t\u00eb mos pres\u00eb p\u00ebrfitime t\u00eb menj\u00ebhershme. Ulqini duhet t\u00eb\",\"breadcrumb\":{\"@id\":\"https:\/\/www.visit-ulcinj.com\/blog\/2012\/04\/28\/cfare-gabimesh-sduhet-bere-ulqini-ne-turizem\/#breadcrumb\"},\"inLanguage\":\"en-US\",\"potentialAction\":[{\"@type\":\"ReadAction\",\"target\":[\"https:\/\/www.visit-ulcinj.com\/blog\/2012\/04\/28\/cfare-gabimesh-sduhet-bere-ulqini-ne-turizem\/\"]}]},{\"@type\":\"BreadcrumbList\",\"@id\":\"https:\/\/www.visit-ulcinj.com\/blog\/2012\/04\/28\/cfare-gabimesh-sduhet-bere-ulqini-ne-turizem\/#breadcrumb\",\"itemListElement\":[{\"@type\":\"ListItem\",\"position\":1,\"name\":\"\u00c7far\u00eb gabimesh sduhet bere Ulqini n\u00eb turiz\u00ebm\"}]},{\"@type\":\"Person\",\"@id\":\"https:\/\/www.visit-ulcinj.com\/blog\/#\/schema\/person\/dcab619c614d3038751c63bc2aadc06d\",\"name\":\"ulqini\",\"sameAs\":[\"http:\/\/www.visit-ulcinj.com\"],\"url\":\"https:\/\/www.visit-ulcinj.com\/blog\/author\/admin\/\"}]}<\/script>\n<!-- \/ Yoast SEO plugin. -->","yoast_head_json":{"title":"\u00c7far\u00eb gabimesh sduhet bere Ulqini n\u00eb turiz\u00ebm - Lajme nga Ulqini","description":"K\u00ebshilla m\u00eb e r\u00ebnd\u00ebsishme \u00ebsht\u00eb q\u00eb Ulqini t\u00eb ket\u00eb durim. Kjo s\u2019do t\u00eb thot\u00eb t\u00eb mos b\u00ebj\u00eb gj\u00eb, por t\u00eb mos pres\u00eb p\u00ebrfitime t\u00eb menj\u00ebhershme. Ulqini duhet t\u00eb","robots":{"index":"index","follow":"follow","max-snippet":"max-snippet:-1","max-image-preview":"max-image-preview:large","max-video-preview":"max-video-preview:-1"},"canonical":"https:\/\/www.visit-ulcinj.com\/blog\/2012\/04\/28\/cfare-gabimesh-sduhet-bere-ulqini-ne-turizem\/","og_locale":"en_US","og_type":"article","og_title":"\u00c7far\u00eb gabimesh sduhet bere Ulqini n\u00eb turiz\u00ebm - Lajme nga Ulqini","og_description":"K\u00ebshilla m\u00eb e r\u00ebnd\u00ebsishme \u00ebsht\u00eb q\u00eb Ulqini t\u00eb ket\u00eb durim. Kjo s\u2019do t\u00eb thot\u00eb t\u00eb mos b\u00ebj\u00eb gj\u00eb, por t\u00eb mos pres\u00eb p\u00ebrfitime t\u00eb menj\u00ebhershme. Ulqini duhet t\u00eb","og_url":"https:\/\/www.visit-ulcinj.com\/blog\/2012\/04\/28\/cfare-gabimesh-sduhet-bere-ulqini-ne-turizem\/","og_site_name":"Lajme nga Ulqini","article_published_time":"2012-04-28T19:19:24+00:00","og_image":[{"url":"http:\/\/www.visit-ulcinj.com\/blog\/wp-content\/uploads\/2012\/04\/hotel-service-ulqin-ulqini.jpg"}],"twitter_misc":{"Written by":"ulqini","Est. reading time":"3 minutes"},"schema":{"@context":"https:\/\/schema.org","@graph":[{"@type":"WebSite","@id":"https:\/\/www.visit-ulcinj.com\/blog\/#website","url":"https:\/\/www.visit-ulcinj.com\/blog\/","name":"Lajme nga Ulqini","description":"Lajme,Vijesti,Ulqini,Ulqin,Crna Gora,Mali i Zi","potentialAction":[{"@type":"SearchAction","target":{"@type":"EntryPoint","urlTemplate":"https:\/\/www.visit-ulcinj.com\/blog\/?s={search_term_string}"},"query-input":"required name=search_term_string"}],"inLanguage":"en-US"},{"@type":"ImageObject","inLanguage":"en-US","@id":"https:\/\/www.visit-ulcinj.com\/blog\/2012\/04\/28\/cfare-gabimesh-sduhet-bere-ulqini-ne-turizem\/#primaryimage","url":"https:\/\/www.visit-ulcinj.com\/blog\/wp-content\/uploads\/2012\/04\/hotel-service-ulqin-ulqini.jpg","contentUrl":"https:\/\/www.visit-ulcinj.com\/blog\/wp-content\/uploads\/2012\/04\/hotel-service-ulqin-ulqini.jpg","width":"380","height":"393"},{"@type":"WebPage","@id":"https:\/\/www.visit-ulcinj.com\/blog\/2012\/04\/28\/cfare-gabimesh-sduhet-bere-ulqini-ne-turizem\/#webpage","url":"https:\/\/www.visit-ulcinj.com\/blog\/2012\/04\/28\/cfare-gabimesh-sduhet-bere-ulqini-ne-turizem\/","name":"\u00c7far\u00eb gabimesh sduhet bere Ulqini n\u00eb turiz\u00ebm - Lajme nga Ulqini","isPartOf":{"@id":"https:\/\/www.visit-ulcinj.com\/blog\/#website"},"primaryImageOfPage":{"@id":"https:\/\/www.visit-ulcinj.com\/blog\/2012\/04\/28\/cfare-gabimesh-sduhet-bere-ulqini-ne-turizem\/#primaryimage"},"datePublished":"2012-04-28T19:19:24+00:00","dateModified":"2012-04-28T19:19:24+00:00","author":{"@id":"https:\/\/www.visit-ulcinj.com\/blog\/#\/schema\/person\/dcab619c614d3038751c63bc2aadc06d"},"description":"K\u00ebshilla m\u00eb e r\u00ebnd\u00ebsishme \u00ebsht\u00eb q\u00eb Ulqini t\u00eb ket\u00eb durim. Kjo s\u2019do t\u00eb thot\u00eb t\u00eb mos b\u00ebj\u00eb gj\u00eb, por t\u00eb mos pres\u00eb p\u00ebrfitime t\u00eb menj\u00ebhershme. Ulqini duhet t\u00eb","breadcrumb":{"@id":"https:\/\/www.visit-ulcinj.com\/blog\/2012\/04\/28\/cfare-gabimesh-sduhet-bere-ulqini-ne-turizem\/#breadcrumb"},"inLanguage":"en-US","potentialAction":[{"@type":"ReadAction","target":["https:\/\/www.visit-ulcinj.com\/blog\/2012\/04\/28\/cfare-gabimesh-sduhet-bere-ulqini-ne-turizem\/"]}]},{"@type":"BreadcrumbList","@id":"https:\/\/www.visit-ulcinj.com\/blog\/2012\/04\/28\/cfare-gabimesh-sduhet-bere-ulqini-ne-turizem\/#breadcrumb","itemListElement":[{"@type":"ListItem","position":1,"name":"\u00c7far\u00eb gabimesh sduhet bere Ulqini n\u00eb turiz\u00ebm"}]},{"@type":"Person","@id":"https:\/\/www.visit-ulcinj.com\/blog\/#\/schema\/person\/dcab619c614d3038751c63bc2aadc06d","name":"ulqini","sameAs":["http:\/\/www.visit-ulcinj.com"],"url":"https:\/\/www.visit-ulcinj.com\/blog\/author\/admin\/"}]}},"jetpack_featured_media_url":"","jetpack_sharing_enabled":true,"jetpack_shortlink":"https:\/\/wp.me\/pe6lTn-fyu","_links":{"self":[{"href":"https:\/\/www.visit-ulcinj.com\/blog\/wp-json\/wp\/v2\/posts\/59798"}],"collection":[{"href":"https:\/\/www.visit-ulcinj.com\/blog\/wp-json\/wp\/v2\/posts"}],"about":[{"href":"https:\/\/www.visit-ulcinj.com\/blog\/wp-json\/wp\/v2\/types\/post"}],"author":[{"embeddable":true,"href":"https:\/\/www.visit-ulcinj.com\/blog\/wp-json\/wp\/v2\/users\/1"}],"replies":[{"embeddable":true,"href":"https:\/\/www.visit-ulcinj.com\/blog\/wp-json\/wp\/v2\/comments?post=59798"}],"version-history":[{"count":1,"href":"https:\/\/www.visit-ulcinj.com\/blog\/wp-json\/wp\/v2\/posts\/59798\/revisions"}],"predecessor-version":[{"id":59800,"href":"https:\/\/www.visit-ulcinj.com\/blog\/wp-json\/wp\/v2\/posts\/59798\/revisions\/59800"}],"wp:attachment":[{"href":"https:\/\/www.visit-ulcinj.com\/blog\/wp-json\/wp\/v2\/media?parent=59798"}],"wp:term":[{"taxonomy":"category","embeddable":true,"href":"https:\/\/www.visit-ulcinj.com\/blog\/wp-json\/wp\/v2\/categories?post=59798"},{"taxonomy":"post_tag","embeddable":true,"href":"https:\/\/www.visit-ulcinj.com\/blog\/wp-json\/wp\/v2\/tags?post=59798"}],"curies":[{"name":"wp","href":"https:\/\/api.w.org\/{rel}","templated":true}]}}