{"id":5981,"date":"2008-11-14T05:37:16","date_gmt":"2008-11-14T10:37:16","guid":{"rendered":"http:\/\/www.visit-ulcinj.com\/blog\/?p=5981"},"modified":"2008-11-14T05:37:16","modified_gmt":"2008-11-14T10:37:16","slug":"alarmantna-situacija-za-turizam","status":"publish","type":"post","link":"https:\/\/www.visit-ulcinj.com\/blog\/2008\/11\/14\/alarmantna-situacija-za-turizam\/","title":{"rendered":"Alarmantna situacija za turizam"},"content":{"rendered":"<p><a href=\"http:\/\/www.visit-ulcinj.com\/blog\/wp-content\/uploads\/2008\/11\/unwto-logo.png\"><img loading=\"lazy\" class=\"alignleft size-medium wp-image-5982\" title=\"unwto-logo\" src=\"http:\/\/www.visit-ulcinj.com\/blog\/wp-content\/uploads\/2008\/11\/unwto-logo-300x265.png\" alt=\"\" width=\"300\" height=\"265\" \/><\/a><strong>Ministarska konferencija u Londonu:<\/strong><br \/>\nMinistar turizma i \u017eivotne sredine Predrag Nenezi? u?estvovao je na Ministarskoj konferenciji u Londonu, na kojoj su svjetske organizacije iz sektora turizma i \u017eivotne sredine i ministri iz preko 50 zemalja razmotrili aktuelna pitanja koja danas uti?u na kretanja u ovim oblastima. Glavne teme konferencije bile su o uticaju globalne ekonomske i finansijske krize na sektor turizma, kao i uticaj klimatskih promjena i ostalih pitanja iz \u017eivotne sredine na ovu oblast.Prema saop\u0161tenju Ministarstva turizma, mi\u0161ljena u?esnika konferencije bila su nepodijeljena da ?e se ovogodi\u0161nja kriza reflektovati na najmanje dvije sljede?e turisti?ke godine.<br \/>\n&#8211; Bi?e potrebna tijesna saradnja izme?u javnog i privatnog sektora, mnogo intenzivinija nego u vremenima rasta svih parametara svjetske ekonomije, kako bi se adekvatno odgovorilo na izazove narednih godina. To se prije svega odnosi na stvaranje povoljnijeg ambijenta za poslovanje turisti?kih subjekata, kao i avio-kompanija i aerodroma, naro?ito u dr\u017eavama koje u znatnoj mjeri zavise od dostupnosti vazdu\u0161nim putem. Tako?e, kori\u0161?enje savremenih informaciono-komunikacionih tehnologija se name?e kao imeprativ u narednim godinama, prije svega u oblasti bukinga. O?ekivanja su da ?e posljedice sada\u0161nje krize najvi\u0161e pogoditi udaljenije destinacije od svjetskih centara, manje razvijene zemlje i one ?ija ponuda je orijentisana na turiste srednje i ni\u017ee plate\u017ene mo?i &#8211; navodi se u saop\u0161tenju.<br \/>\n<strong>Klimatske promjene su, tako?e, kako se navodi, vrlo va\u017ena tema, koja uti?e na dono\u0161enje odluka o investiranju u odre?ene projekte, ali i na budu?nost ?itavih ekonomija.<\/strong><br \/>\n&#8211; Zaklju?eno je da je stanje alarmantno i da se na globalnom nivou moraju preduzeti odlu?nije akcije ka suzbijanju uzroka za sve radikalnije klimatske promjene, a prije svega na smanjenje gasova koji stvaraju efekat staklene ba\u0161te. U tom smislu ?e i sektor turizma na globalnom nivou do prvog kvartala idu?e godine iza?i sa setom mjera koje ?e se preduzeti u ovoj va\u017enoj ekonomskoi grani, kao doprinos suzbijanju ove globalne opasnosti &#8211; navodi se u saop\u0161tenju.<strong><br \/>\nCrna Gora ?e se, kako je saop\u0161teno, suo?iti sa posljedicama i jedne i druge pojave.<\/strong><br \/>\n&#8211; Va\u017eno je \u0161to prije reagovati i poku\u0161ati se prilagoditi kako bi se zadr\u017eali pozitivni trendovi u ovoj oblasti. Svaka kriza je vremenski ograni?ena. Tako?e, u svakoj kriznoj situaciji postoje i odre?ene \u0161anse. Za Crnu Goru, kao malu ekonomiju, ukoliko zadr\u017ei odgovaraju?u dinamiku investicija i bude vodila mudru politiku kao turisti?ka destinacija u narednom periodu, postoji realna \u0161ansa da neo\u0161te?ena iza?e iz krize i ostvari odre?enu stopu rasta parametara. Svakako da to vrlo zavisi od tijesne saradnje svih ?inilaca turisti?ke ponude, od najkrupnijih do najsitnijih, adekvatne promocije, zatim sektora transporta, a prije svega avio-saobra?aja i javnog sektora, koji mora pokazati puno razumijevanje za potrebu pru\u017eanja podr\u0161ke ovoj osjetljivoj, ali vitalno va\u017enoj ekonomskoj grani &#8211; navedeno je u saop\u0161tenju.<br \/>\n<strong>Izvor \/ caffemontenegro.info<\/strong><\/p>\n<!--YouTube Error: bad URL entered-->\n","protected":false},"excerpt":{"rendered":"<p>Ministarska konferencija u Londonu: Ministar turizma i \u017eivotne sredine Predrag Nenezi? u?estvovao je na Ministarskoj konferenciji u Londonu, na kojoj su svjetske organizacije iz sektora turizma i \u017eivotne sredine i ministri iz preko 50 zemalja razmotrili aktuelna pitanja koja danas uti?u na kretanja u ovim oblastima. Glavne teme konferencije bile su o uticaju globalne ekonomske [&hellip;]<\/p>\n","protected":false},"author":1,"featured_media":0,"comment_status":"open","ping_status":"closed","sticky":false,"template":"","format":"standard","meta":{"spay_email":"","jetpack_publicize_message":"","jetpack_is_tweetstorm":false,"jetpack_publicize_feature_enabled":true},"categories":[10],"tags":[20],"jetpack_publicize_connections":[],"yoast_head":"<!-- This site is optimized with the Yoast SEO plugin v19.1 - https:\/\/yoast.com\/wordpress\/plugins\/seo\/ -->\n<title>Alarmantna situacija za turizam - Lajme nga Ulqini<\/title>\n<meta name=\"description\" content=\"Ministarska konferencija u Londonu: Ministar turizma i \u017eivotne sredine Predrag Nenezi? u?estvovao je na Ministarskoj konferenciji u Londonu, na kojoj su\" \/>\n<meta name=\"robots\" content=\"index, follow, max-snippet:-1, max-image-preview:large, max-video-preview:-1\" \/>\n<link rel=\"canonical\" href=\"https:\/\/www.visit-ulcinj.com\/blog\/2008\/11\/14\/alarmantna-situacija-za-turizam\/\" \/>\n<meta property=\"og:locale\" content=\"en_US\" \/>\n<meta property=\"og:type\" content=\"article\" \/>\n<meta property=\"og:title\" content=\"Alarmantna situacija za turizam - Lajme nga Ulqini\" \/>\n<meta property=\"og:description\" content=\"Ministarska konferencija u Londonu: Ministar turizma i \u017eivotne sredine Predrag Nenezi? u?estvovao je na Ministarskoj konferenciji u Londonu, na kojoj su\" \/>\n<meta property=\"og:url\" content=\"https:\/\/www.visit-ulcinj.com\/blog\/2008\/11\/14\/alarmantna-situacija-za-turizam\/\" \/>\n<meta property=\"og:site_name\" content=\"Lajme nga Ulqini\" \/>\n<meta property=\"article:published_time\" content=\"2008-11-14T10:37:16+00:00\" \/>\n<meta property=\"og:image\" content=\"http:\/\/www.visit-ulcinj.com\/blog\/wp-content\/uploads\/2008\/11\/unwto-logo-300x265.png\" \/>\n<meta name=\"twitter:label1\" content=\"Written by\" \/>\n\t<meta name=\"twitter:data1\" content=\"ulqini\" \/>\n\t<meta name=\"twitter:label2\" content=\"Est. reading time\" \/>\n\t<meta name=\"twitter:data2\" content=\"3 minutes\" \/>\n<script type=\"application\/ld+json\" class=\"yoast-schema-graph\">{\"@context\":\"https:\/\/schema.org\",\"@graph\":[{\"@type\":\"WebSite\",\"@id\":\"https:\/\/www.visit-ulcinj.com\/blog\/#website\",\"url\":\"https:\/\/www.visit-ulcinj.com\/blog\/\",\"name\":\"Lajme nga Ulqini\",\"description\":\"Lajme,Vijesti,Ulqini,Ulqin,Crna Gora,Mali i Zi\",\"potentialAction\":[{\"@type\":\"SearchAction\",\"target\":{\"@type\":\"EntryPoint\",\"urlTemplate\":\"https:\/\/www.visit-ulcinj.com\/blog\/?s={search_term_string}\"},\"query-input\":\"required name=search_term_string\"}],\"inLanguage\":\"en-US\"},{\"@type\":\"ImageObject\",\"inLanguage\":\"en-US\",\"@id\":\"https:\/\/www.visit-ulcinj.com\/blog\/2008\/11\/14\/alarmantna-situacija-za-turizam\/#primaryimage\",\"url\":\"http:\/\/www.visit-ulcinj.com\/blog\/wp-content\/uploads\/2008\/11\/unwto-logo-300x265.png\",\"contentUrl\":\"http:\/\/www.visit-ulcinj.com\/blog\/wp-content\/uploads\/2008\/11\/unwto-logo-300x265.png\"},{\"@type\":\"WebPage\",\"@id\":\"https:\/\/www.visit-ulcinj.com\/blog\/2008\/11\/14\/alarmantna-situacija-za-turizam\/#webpage\",\"url\":\"https:\/\/www.visit-ulcinj.com\/blog\/2008\/11\/14\/alarmantna-situacija-za-turizam\/\",\"name\":\"Alarmantna situacija za turizam - Lajme nga Ulqini\",\"isPartOf\":{\"@id\":\"https:\/\/www.visit-ulcinj.com\/blog\/#website\"},\"primaryImageOfPage\":{\"@id\":\"https:\/\/www.visit-ulcinj.com\/blog\/2008\/11\/14\/alarmantna-situacija-za-turizam\/#primaryimage\"},\"datePublished\":\"2008-11-14T10:37:16+00:00\",\"dateModified\":\"2008-11-14T10:37:16+00:00\",\"author\":{\"@id\":\"https:\/\/www.visit-ulcinj.com\/blog\/#\/schema\/person\/dcab619c614d3038751c63bc2aadc06d\"},\"description\":\"Ministarska konferencija u Londonu: Ministar turizma i \u017eivotne sredine Predrag Nenezi? u?estvovao je na Ministarskoj konferenciji u Londonu, na kojoj su\",\"breadcrumb\":{\"@id\":\"https:\/\/www.visit-ulcinj.com\/blog\/2008\/11\/14\/alarmantna-situacija-za-turizam\/#breadcrumb\"},\"inLanguage\":\"en-US\",\"potentialAction\":[{\"@type\":\"ReadAction\",\"target\":[\"https:\/\/www.visit-ulcinj.com\/blog\/2008\/11\/14\/alarmantna-situacija-za-turizam\/\"]}]},{\"@type\":\"BreadcrumbList\",\"@id\":\"https:\/\/www.visit-ulcinj.com\/blog\/2008\/11\/14\/alarmantna-situacija-za-turizam\/#breadcrumb\",\"itemListElement\":[{\"@type\":\"ListItem\",\"position\":1,\"name\":\"Alarmantna situacija za turizam\"}]},{\"@type\":\"Person\",\"@id\":\"https:\/\/www.visit-ulcinj.com\/blog\/#\/schema\/person\/dcab619c614d3038751c63bc2aadc06d\",\"name\":\"ulqini\",\"sameAs\":[\"http:\/\/www.visit-ulcinj.com\"],\"url\":\"https:\/\/www.visit-ulcinj.com\/blog\/author\/admin\/\"}]}<\/script>\n<!-- \/ Yoast SEO plugin. -->","yoast_head_json":{"title":"Alarmantna situacija za turizam - Lajme nga Ulqini","description":"Ministarska konferencija u Londonu: Ministar turizma i \u017eivotne sredine Predrag Nenezi? u?estvovao je na Ministarskoj konferenciji u Londonu, na kojoj su","robots":{"index":"index","follow":"follow","max-snippet":"max-snippet:-1","max-image-preview":"max-image-preview:large","max-video-preview":"max-video-preview:-1"},"canonical":"https:\/\/www.visit-ulcinj.com\/blog\/2008\/11\/14\/alarmantna-situacija-za-turizam\/","og_locale":"en_US","og_type":"article","og_title":"Alarmantna situacija za turizam - Lajme nga Ulqini","og_description":"Ministarska konferencija u Londonu: Ministar turizma i \u017eivotne sredine Predrag Nenezi? u?estvovao je na Ministarskoj konferenciji u Londonu, na kojoj su","og_url":"https:\/\/www.visit-ulcinj.com\/blog\/2008\/11\/14\/alarmantna-situacija-za-turizam\/","og_site_name":"Lajme nga Ulqini","article_published_time":"2008-11-14T10:37:16+00:00","og_image":[{"url":"http:\/\/www.visit-ulcinj.com\/blog\/wp-content\/uploads\/2008\/11\/unwto-logo-300x265.png"}],"twitter_misc":{"Written by":"ulqini","Est. reading time":"3 minutes"},"schema":{"@context":"https:\/\/schema.org","@graph":[{"@type":"WebSite","@id":"https:\/\/www.visit-ulcinj.com\/blog\/#website","url":"https:\/\/www.visit-ulcinj.com\/blog\/","name":"Lajme nga Ulqini","description":"Lajme,Vijesti,Ulqini,Ulqin,Crna Gora,Mali i Zi","potentialAction":[{"@type":"SearchAction","target":{"@type":"EntryPoint","urlTemplate":"https:\/\/www.visit-ulcinj.com\/blog\/?s={search_term_string}"},"query-input":"required name=search_term_string"}],"inLanguage":"en-US"},{"@type":"ImageObject","inLanguage":"en-US","@id":"https:\/\/www.visit-ulcinj.com\/blog\/2008\/11\/14\/alarmantna-situacija-za-turizam\/#primaryimage","url":"http:\/\/www.visit-ulcinj.com\/blog\/wp-content\/uploads\/2008\/11\/unwto-logo-300x265.png","contentUrl":"http:\/\/www.visit-ulcinj.com\/blog\/wp-content\/uploads\/2008\/11\/unwto-logo-300x265.png"},{"@type":"WebPage","@id":"https:\/\/www.visit-ulcinj.com\/blog\/2008\/11\/14\/alarmantna-situacija-za-turizam\/#webpage","url":"https:\/\/www.visit-ulcinj.com\/blog\/2008\/11\/14\/alarmantna-situacija-za-turizam\/","name":"Alarmantna situacija za turizam - Lajme nga Ulqini","isPartOf":{"@id":"https:\/\/www.visit-ulcinj.com\/blog\/#website"},"primaryImageOfPage":{"@id":"https:\/\/www.visit-ulcinj.com\/blog\/2008\/11\/14\/alarmantna-situacija-za-turizam\/#primaryimage"},"datePublished":"2008-11-14T10:37:16+00:00","dateModified":"2008-11-14T10:37:16+00:00","author":{"@id":"https:\/\/www.visit-ulcinj.com\/blog\/#\/schema\/person\/dcab619c614d3038751c63bc2aadc06d"},"description":"Ministarska konferencija u Londonu: Ministar turizma i \u017eivotne sredine Predrag Nenezi? u?estvovao je na Ministarskoj konferenciji u Londonu, na kojoj su","breadcrumb":{"@id":"https:\/\/www.visit-ulcinj.com\/blog\/2008\/11\/14\/alarmantna-situacija-za-turizam\/#breadcrumb"},"inLanguage":"en-US","potentialAction":[{"@type":"ReadAction","target":["https:\/\/www.visit-ulcinj.com\/blog\/2008\/11\/14\/alarmantna-situacija-za-turizam\/"]}]},{"@type":"BreadcrumbList","@id":"https:\/\/www.visit-ulcinj.com\/blog\/2008\/11\/14\/alarmantna-situacija-za-turizam\/#breadcrumb","itemListElement":[{"@type":"ListItem","position":1,"name":"Alarmantna situacija za turizam"}]},{"@type":"Person","@id":"https:\/\/www.visit-ulcinj.com\/blog\/#\/schema\/person\/dcab619c614d3038751c63bc2aadc06d","name":"ulqini","sameAs":["http:\/\/www.visit-ulcinj.com"],"url":"https:\/\/www.visit-ulcinj.com\/blog\/author\/admin\/"}]}},"jetpack_featured_media_url":"","jetpack_sharing_enabled":true,"jetpack_shortlink":"https:\/\/wp.me\/pe6lTn-1yt","_links":{"self":[{"href":"https:\/\/www.visit-ulcinj.com\/blog\/wp-json\/wp\/v2\/posts\/5981"}],"collection":[{"href":"https:\/\/www.visit-ulcinj.com\/blog\/wp-json\/wp\/v2\/posts"}],"about":[{"href":"https:\/\/www.visit-ulcinj.com\/blog\/wp-json\/wp\/v2\/types\/post"}],"author":[{"embeddable":true,"href":"https:\/\/www.visit-ulcinj.com\/blog\/wp-json\/wp\/v2\/users\/1"}],"replies":[{"embeddable":true,"href":"https:\/\/www.visit-ulcinj.com\/blog\/wp-json\/wp\/v2\/comments?post=5981"}],"version-history":[{"count":0,"href":"https:\/\/www.visit-ulcinj.com\/blog\/wp-json\/wp\/v2\/posts\/5981\/revisions"}],"wp:attachment":[{"href":"https:\/\/www.visit-ulcinj.com\/blog\/wp-json\/wp\/v2\/media?parent=5981"}],"wp:term":[{"taxonomy":"category","embeddable":true,"href":"https:\/\/www.visit-ulcinj.com\/blog\/wp-json\/wp\/v2\/categories?post=5981"},{"taxonomy":"post_tag","embeddable":true,"href":"https:\/\/www.visit-ulcinj.com\/blog\/wp-json\/wp\/v2\/tags?post=5981"}],"curies":[{"name":"wp","href":"https:\/\/api.w.org\/{rel}","templated":true}]}}