{"id":59818,"date":"2012-04-29T13:38:35","date_gmt":"2012-04-29T12:38:35","guid":{"rendered":"http:\/\/www.visit-ulcinj.com\/blog\/?p=59818"},"modified":"2012-05-01T08:57:03","modified_gmt":"2012-05-01T07:57:03","slug":"rezart-cungu-genc-selita-ne-turneun-e-tenisit-tirana-open","status":"publish","type":"post","link":"https:\/\/www.visit-ulcinj.com\/blog\/2012\/04\/29\/rezart-cungu-genc-selita-ne-turneun-e-tenisit-tirana-open\/","title":{"rendered":"Rezart Cungu &#038; Genc Selita n\u00eb Turneun e tenisit &#8220;Tirana Open&#8221;"},"content":{"rendered":"<p><a href=\"http:\/\/www.visit-ulcinj.com\/blog\/wp-content\/uploads\/2012\/04\/Rezart-Cungu-dhe-Genc-Selita-ne-Turneun-e-tenisit-Tirana-Open-2012.jpg\"><img loading=\"lazy\" class=\"alignleft  wp-image-59819\" title=\"Rezart Cungu dhe Genc Selita ne Turneun e tenisit Tirana Open 2012\" src=\"http:\/\/www.visit-ulcinj.com\/blog\/wp-content\/uploads\/2012\/04\/Rezart-Cungu-dhe-Genc-Selita-ne-Turneun-e-tenisit-Tirana-Open-2012.jpg\" alt=\"\" width=\"508\" height=\"350\" \/><\/a>Me daten 23.04.2012 ne Tirane, u mbajt turneu I tenisit Europian i kategoris deri ne 14 vjec.<\/p>\n<p>Ne ket turne, morren pjese nje numer i madh te lojtarve nga tegjitha shtet e Europes, por edhe nga Mali I Zi. Nga klubi I tenisit \u2018\u2019Bellevue\u2019\u2019 nga Ulqini, morren pjese Genc Selita dhe Rrezart Cungu.<\/p>\n<p>Rusia Valeria Jushcenko dhe greku Konstandinos Lazaridhis ishit fituesit e pare te turneut nd\u00ebrkomb\u00ebtar te tenisit meshkuj femra &#8220;Tirana Open&#8221; p\u00ebr moshat nen 14 vje\u00e7. Ky turne i cili u zhvillua nga datat 22 deri ne 28 prill ishte dhe i pari ne kalanderin e federat\u00ebs evropiane te tenisit p\u00ebr sa i p\u00ebrket turneve te zhvilluar ne Shqip\u00ebri. Ne kompeticion mor\u00ebn pjese sportiste nga me shume se 11 vende te evropiane duke i kthyer duelet ne nj\u00eb nivel shume te larte. Nd\u00ebrkoh\u00eb turneu i dysheve p\u00ebr femra u fitua nga lojtaret polake Pindelska dhe Szymczuch nder\u00ebsa ai i meshkujve nga qiprioti Neos dhe Stilianu.<\/p>\n<p><a href=\"http:\/\/www.visit-ulcinj.com\/blog\/wp-content\/uploads\/2012\/04\/Rrezarti-Cungu-dhe-Konstatini-ne-tirana-open-2012.jpg\"><img loading=\"lazy\" class=\"alignleft  wp-image-59821\" title=\"Rrezarti Cungu dhe Konstatini ne tirana open 2012\" src=\"http:\/\/www.visit-ulcinj.com\/blog\/wp-content\/uploads\/2012\/04\/Rrezarti-Cungu-dhe-Konstatini-ne-tirana-open-2012-1024x768.jpg\" alt=\"\" width=\"508\" height=\"300\" \/><\/a><\/p>\n<p>Genci ne xhiron e par ne single, ishte me I mir se Kris Lara nga Shqiperia me ruzultatin 6-3 6-2. Ne xhiron e dyte, Genci humbi nga Maqedoni Gjorgji POPOVSKI (6-3 6-0).<\/p>\n<p>Rrezart Cungu ne xhiron e par ne singel humbi nga Gjermani Niklas SCHELL (6-4 2-6 6-1). Ndeshja zgjati afer 2 ore e 20 minuta. Por ne fund, mbartesi i dyte i listes ne ket ndeshje triumfoi.<\/p>\n<p>Por Rrezarti ishte me I suksesshem ne dubel. Ai sebashku me partnerin e ti Grak Konstantinos LAZARIDIS, u shperblyen me vendin e tret ne ket turnej.<\/p>\n<p>Ne xhiron e pare u ndeshen me Italijanet Carlo DONATO dhe Gennaro ORAZZO me rezultatin 6-1 3-6 10-6.<\/p>\n<p><a href=\"http:\/\/www.visit-ulcinj.com\/blog\/wp-content\/uploads\/2012\/04\/Nicolo-CRESPI-dhe-Carlos-KELAIDIS-2.jpg\"><img loading=\"lazy\" class=\"alignleft  wp-image-59824\" title=\"Nicolo CRESPI dhe Carlos KELAIDIS-2\" src=\"http:\/\/www.visit-ulcinj.com\/blog\/wp-content\/uploads\/2012\/04\/Nicolo-CRESPI-dhe-Carlos-KELAIDIS-2-1024x768.jpg\" alt=\"\" width=\"508\" height=\"300\" \/><\/a><\/p>\n<p>Ne cerek-finale u ndeshen me Nicolo CRESPI dhe Carlos KELAIDIS. Rrezarti dhe Konstatinos triomfuan me rezultatin 6-3 6-1.<\/p>\n<p>Me Maqedonet, Ivan MANASOV dhe Gjorgji POPOVSKI u takuan ne gjysem-finale, ku edhe humben me rezultatin 4-6 6-3 10-8.<\/p>\n<!--YouTube Error: bad URL entered-->\n","protected":false},"excerpt":{"rendered":"<p>Me daten 23.04.2012 ne Tirane, u mbajt turneu I tenisit Europian i kategoris deri ne 14 vjec. Ne ket turne, morren pjese nje numer i madh te lojtarve nga tegjitha shtet e Europes, por edhe nga Mali I Zi. Nga klubi I tenisit \u2018\u2019Bellevue\u2019\u2019 nga Ulqini, morren pjese Genc Selita dhe Rrezart Cungu. Rusia Valeria [&hellip;]<\/p>\n","protected":false},"author":1,"featured_media":0,"comment_status":"open","ping_status":"closed","sticky":false,"template":"","format":"standard","meta":{"spay_email":"","jetpack_publicize_message":"","jetpack_is_tweetstorm":false,"jetpack_publicize_feature_enabled":true},"categories":[3],"tags":[15080,20404,20405,20403,200,18],"jetpack_publicize_connections":[],"yoast_head":"<!-- This site is optimized with the Yoast SEO plugin v19.1 - https:\/\/yoast.com\/wordpress\/plugins\/seo\/ -->\n<title>Rezart Cungu &amp; Genc Selita n\u00eb Turneun e tenisit &quot;Tirana Open&quot; - Lajme nga Ulqini<\/title>\n<meta name=\"description\" content=\"Me daten 23.04.2012 ne Tirane, u mbajt turneu I tenisit Europian i kategoris deri ne 14 vjec. Ne ket turne, morren pjese nje numer i madh te lojtarve nga\" \/>\n<meta name=\"robots\" content=\"index, follow, max-snippet:-1, max-image-preview:large, max-video-preview:-1\" \/>\n<link rel=\"canonical\" href=\"https:\/\/www.visit-ulcinj.com\/blog\/2012\/04\/29\/rezart-cungu-genc-selita-ne-turneun-e-tenisit-tirana-open\/\" \/>\n<meta property=\"og:locale\" content=\"en_US\" \/>\n<meta property=\"og:type\" content=\"article\" \/>\n<meta property=\"og:title\" content=\"Rezart Cungu &amp; Genc Selita n\u00eb Turneun e tenisit &quot;Tirana Open&quot; - Lajme nga Ulqini\" \/>\n<meta property=\"og:description\" content=\"Me daten 23.04.2012 ne Tirane, u mbajt turneu I tenisit Europian i kategoris deri ne 14 vjec. Ne ket turne, morren pjese nje numer i madh te lojtarve nga\" \/>\n<meta property=\"og:url\" content=\"https:\/\/www.visit-ulcinj.com\/blog\/2012\/04\/29\/rezart-cungu-genc-selita-ne-turneun-e-tenisit-tirana-open\/\" \/>\n<meta property=\"og:site_name\" content=\"Lajme nga Ulqini\" \/>\n<meta property=\"article:published_time\" content=\"2012-04-29T12:38:35+00:00\" \/>\n<meta property=\"article:modified_time\" content=\"2012-05-01T07:57:03+00:00\" \/>\n<meta property=\"og:image\" content=\"http:\/\/www.visit-ulcinj.com\/blog\/wp-content\/uploads\/2012\/04\/Rezart-Cungu-dhe-Genc-Selita-ne-Turneun-e-tenisit-Tirana-Open-2012.jpg\" \/>\n<meta name=\"twitter:label1\" content=\"Written by\" \/>\n\t<meta name=\"twitter:data1\" content=\"ulqini\" \/>\n\t<meta name=\"twitter:label2\" content=\"Est. reading time\" \/>\n\t<meta name=\"twitter:data2\" content=\"2 minutes\" \/>\n<script type=\"application\/ld+json\" class=\"yoast-schema-graph\">{\"@context\":\"https:\/\/schema.org\",\"@graph\":[{\"@type\":\"WebSite\",\"@id\":\"https:\/\/www.visit-ulcinj.com\/blog\/#website\",\"url\":\"https:\/\/www.visit-ulcinj.com\/blog\/\",\"name\":\"Lajme nga Ulqini\",\"description\":\"Lajme,Vijesti,Ulqini,Ulqin,Crna Gora,Mali i Zi\",\"potentialAction\":[{\"@type\":\"SearchAction\",\"target\":{\"@type\":\"EntryPoint\",\"urlTemplate\":\"https:\/\/www.visit-ulcinj.com\/blog\/?s={search_term_string}\"},\"query-input\":\"required name=search_term_string\"}],\"inLanguage\":\"en-US\"},{\"@type\":\"ImageObject\",\"inLanguage\":\"en-US\",\"@id\":\"https:\/\/www.visit-ulcinj.com\/blog\/2012\/04\/29\/rezart-cungu-genc-selita-ne-turneun-e-tenisit-tirana-open\/#primaryimage\",\"url\":\"https:\/\/www.visit-ulcinj.com\/blog\/wp-content\/uploads\/2012\/04\/Rezart-Cungu-dhe-Genc-Selita-ne-Turneun-e-tenisit-Tirana-Open-2012.jpg\",\"contentUrl\":\"https:\/\/www.visit-ulcinj.com\/blog\/wp-content\/uploads\/2012\/04\/Rezart-Cungu-dhe-Genc-Selita-ne-Turneun-e-tenisit-Tirana-Open-2012.jpg\",\"width\":\"1000\",\"height\":\"750\"},{\"@type\":\"WebPage\",\"@id\":\"https:\/\/www.visit-ulcinj.com\/blog\/2012\/04\/29\/rezart-cungu-genc-selita-ne-turneun-e-tenisit-tirana-open\/#webpage\",\"url\":\"https:\/\/www.visit-ulcinj.com\/blog\/2012\/04\/29\/rezart-cungu-genc-selita-ne-turneun-e-tenisit-tirana-open\/\",\"name\":\"Rezart Cungu & Genc Selita n\u00eb Turneun e tenisit \\\"Tirana Open\\\" - Lajme nga Ulqini\",\"isPartOf\":{\"@id\":\"https:\/\/www.visit-ulcinj.com\/blog\/#website\"},\"primaryImageOfPage\":{\"@id\":\"https:\/\/www.visit-ulcinj.com\/blog\/2012\/04\/29\/rezart-cungu-genc-selita-ne-turneun-e-tenisit-tirana-open\/#primaryimage\"},\"datePublished\":\"2012-04-29T12:38:35+00:00\",\"dateModified\":\"2012-05-01T07:57:03+00:00\",\"author\":{\"@id\":\"https:\/\/www.visit-ulcinj.com\/blog\/#\/schema\/person\/dcab619c614d3038751c63bc2aadc06d\"},\"description\":\"Me daten 23.04.2012 ne Tirane, u mbajt turneu I tenisit Europian i kategoris deri ne 14 vjec. Ne ket turne, morren pjese nje numer i madh te lojtarve nga\",\"breadcrumb\":{\"@id\":\"https:\/\/www.visit-ulcinj.com\/blog\/2012\/04\/29\/rezart-cungu-genc-selita-ne-turneun-e-tenisit-tirana-open\/#breadcrumb\"},\"inLanguage\":\"en-US\",\"potentialAction\":[{\"@type\":\"ReadAction\",\"target\":[\"https:\/\/www.visit-ulcinj.com\/blog\/2012\/04\/29\/rezart-cungu-genc-selita-ne-turneun-e-tenisit-tirana-open\/\"]}]},{\"@type\":\"BreadcrumbList\",\"@id\":\"https:\/\/www.visit-ulcinj.com\/blog\/2012\/04\/29\/rezart-cungu-genc-selita-ne-turneun-e-tenisit-tirana-open\/#breadcrumb\",\"itemListElement\":[{\"@type\":\"ListItem\",\"position\":1,\"name\":\"Rezart Cungu &#038; Genc Selita n\u00eb Turneun e tenisit &#8220;Tirana Open&#8221;\"}]},{\"@type\":\"Person\",\"@id\":\"https:\/\/www.visit-ulcinj.com\/blog\/#\/schema\/person\/dcab619c614d3038751c63bc2aadc06d\",\"name\":\"ulqini\",\"sameAs\":[\"http:\/\/www.visit-ulcinj.com\"],\"url\":\"https:\/\/www.visit-ulcinj.com\/blog\/author\/admin\/\"}]}<\/script>\n<!-- \/ Yoast SEO plugin. -->","yoast_head_json":{"title":"Rezart Cungu & Genc Selita n\u00eb Turneun e tenisit \"Tirana Open\" - Lajme nga Ulqini","description":"Me daten 23.04.2012 ne Tirane, u mbajt turneu I tenisit Europian i kategoris deri ne 14 vjec. Ne ket turne, morren pjese nje numer i madh te lojtarve nga","robots":{"index":"index","follow":"follow","max-snippet":"max-snippet:-1","max-image-preview":"max-image-preview:large","max-video-preview":"max-video-preview:-1"},"canonical":"https:\/\/www.visit-ulcinj.com\/blog\/2012\/04\/29\/rezart-cungu-genc-selita-ne-turneun-e-tenisit-tirana-open\/","og_locale":"en_US","og_type":"article","og_title":"Rezart Cungu & Genc Selita n\u00eb Turneun e tenisit \"Tirana Open\" - Lajme nga Ulqini","og_description":"Me daten 23.04.2012 ne Tirane, u mbajt turneu I tenisit Europian i kategoris deri ne 14 vjec. Ne ket turne, morren pjese nje numer i madh te lojtarve nga","og_url":"https:\/\/www.visit-ulcinj.com\/blog\/2012\/04\/29\/rezart-cungu-genc-selita-ne-turneun-e-tenisit-tirana-open\/","og_site_name":"Lajme nga Ulqini","article_published_time":"2012-04-29T12:38:35+00:00","article_modified_time":"2012-05-01T07:57:03+00:00","og_image":[{"url":"http:\/\/www.visit-ulcinj.com\/blog\/wp-content\/uploads\/2012\/04\/Rezart-Cungu-dhe-Genc-Selita-ne-Turneun-e-tenisit-Tirana-Open-2012.jpg"}],"twitter_misc":{"Written by":"ulqini","Est. reading time":"2 minutes"},"schema":{"@context":"https:\/\/schema.org","@graph":[{"@type":"WebSite","@id":"https:\/\/www.visit-ulcinj.com\/blog\/#website","url":"https:\/\/www.visit-ulcinj.com\/blog\/","name":"Lajme nga Ulqini","description":"Lajme,Vijesti,Ulqini,Ulqin,Crna Gora,Mali i Zi","potentialAction":[{"@type":"SearchAction","target":{"@type":"EntryPoint","urlTemplate":"https:\/\/www.visit-ulcinj.com\/blog\/?s={search_term_string}"},"query-input":"required name=search_term_string"}],"inLanguage":"en-US"},{"@type":"ImageObject","inLanguage":"en-US","@id":"https:\/\/www.visit-ulcinj.com\/blog\/2012\/04\/29\/rezart-cungu-genc-selita-ne-turneun-e-tenisit-tirana-open\/#primaryimage","url":"https:\/\/www.visit-ulcinj.com\/blog\/wp-content\/uploads\/2012\/04\/Rezart-Cungu-dhe-Genc-Selita-ne-Turneun-e-tenisit-Tirana-Open-2012.jpg","contentUrl":"https:\/\/www.visit-ulcinj.com\/blog\/wp-content\/uploads\/2012\/04\/Rezart-Cungu-dhe-Genc-Selita-ne-Turneun-e-tenisit-Tirana-Open-2012.jpg","width":"1000","height":"750"},{"@type":"WebPage","@id":"https:\/\/www.visit-ulcinj.com\/blog\/2012\/04\/29\/rezart-cungu-genc-selita-ne-turneun-e-tenisit-tirana-open\/#webpage","url":"https:\/\/www.visit-ulcinj.com\/blog\/2012\/04\/29\/rezart-cungu-genc-selita-ne-turneun-e-tenisit-tirana-open\/","name":"Rezart Cungu & Genc Selita n\u00eb Turneun e tenisit \"Tirana Open\" - Lajme nga Ulqini","isPartOf":{"@id":"https:\/\/www.visit-ulcinj.com\/blog\/#website"},"primaryImageOfPage":{"@id":"https:\/\/www.visit-ulcinj.com\/blog\/2012\/04\/29\/rezart-cungu-genc-selita-ne-turneun-e-tenisit-tirana-open\/#primaryimage"},"datePublished":"2012-04-29T12:38:35+00:00","dateModified":"2012-05-01T07:57:03+00:00","author":{"@id":"https:\/\/www.visit-ulcinj.com\/blog\/#\/schema\/person\/dcab619c614d3038751c63bc2aadc06d"},"description":"Me daten 23.04.2012 ne Tirane, u mbajt turneu I tenisit Europian i kategoris deri ne 14 vjec. Ne ket turne, morren pjese nje numer i madh te lojtarve nga","breadcrumb":{"@id":"https:\/\/www.visit-ulcinj.com\/blog\/2012\/04\/29\/rezart-cungu-genc-selita-ne-turneun-e-tenisit-tirana-open\/#breadcrumb"},"inLanguage":"en-US","potentialAction":[{"@type":"ReadAction","target":["https:\/\/www.visit-ulcinj.com\/blog\/2012\/04\/29\/rezart-cungu-genc-selita-ne-turneun-e-tenisit-tirana-open\/"]}]},{"@type":"BreadcrumbList","@id":"https:\/\/www.visit-ulcinj.com\/blog\/2012\/04\/29\/rezart-cungu-genc-selita-ne-turneun-e-tenisit-tirana-open\/#breadcrumb","itemListElement":[{"@type":"ListItem","position":1,"name":"Rezart Cungu &#038; Genc Selita n\u00eb Turneun e tenisit &#8220;Tirana Open&#8221;"}]},{"@type":"Person","@id":"https:\/\/www.visit-ulcinj.com\/blog\/#\/schema\/person\/dcab619c614d3038751c63bc2aadc06d","name":"ulqini","sameAs":["http:\/\/www.visit-ulcinj.com"],"url":"https:\/\/www.visit-ulcinj.com\/blog\/author\/admin\/"}]}},"jetpack_featured_media_url":"","jetpack_sharing_enabled":true,"jetpack_shortlink":"https:\/\/wp.me\/pe6lTn-fyO","_links":{"self":[{"href":"https:\/\/www.visit-ulcinj.com\/blog\/wp-json\/wp\/v2\/posts\/59818"}],"collection":[{"href":"https:\/\/www.visit-ulcinj.com\/blog\/wp-json\/wp\/v2\/posts"}],"about":[{"href":"https:\/\/www.visit-ulcinj.com\/blog\/wp-json\/wp\/v2\/types\/post"}],"author":[{"embeddable":true,"href":"https:\/\/www.visit-ulcinj.com\/blog\/wp-json\/wp\/v2\/users\/1"}],"replies":[{"embeddable":true,"href":"https:\/\/www.visit-ulcinj.com\/blog\/wp-json\/wp\/v2\/comments?post=59818"}],"version-history":[{"count":8,"href":"https:\/\/www.visit-ulcinj.com\/blog\/wp-json\/wp\/v2\/posts\/59818\/revisions"}],"predecessor-version":[{"id":59826,"href":"https:\/\/www.visit-ulcinj.com\/blog\/wp-json\/wp\/v2\/posts\/59818\/revisions\/59826"}],"wp:attachment":[{"href":"https:\/\/www.visit-ulcinj.com\/blog\/wp-json\/wp\/v2\/media?parent=59818"}],"wp:term":[{"taxonomy":"category","embeddable":true,"href":"https:\/\/www.visit-ulcinj.com\/blog\/wp-json\/wp\/v2\/categories?post=59818"},{"taxonomy":"post_tag","embeddable":true,"href":"https:\/\/www.visit-ulcinj.com\/blog\/wp-json\/wp\/v2\/tags?post=59818"}],"curies":[{"name":"wp","href":"https:\/\/api.w.org\/{rel}","templated":true}]}}