{"id":59840,"date":"2012-04-29T22:29:52","date_gmt":"2012-04-29T21:29:52","guid":{"rendered":"http:\/\/www.visit-ulcinj.com\/blog\/?p=59840"},"modified":"2012-04-29T22:30:34","modified_gmt":"2012-04-29T21:30:34","slug":"mali-i-zi-behet-anetar-i-obt-se","status":"publish","type":"post","link":"https:\/\/www.visit-ulcinj.com\/blog\/2012\/04\/29\/mali-i-zi-behet-anetar-i-obt-se\/","title":{"rendered":"Mali i Zi b\u00ebhet an\u00ebtar i OBT-s\u00eb"},"content":{"rendered":"<p><strong><a href=\"http:\/\/www.visit-ulcinj.com\/blog\/wp-content\/uploads\/2012\/04\/Montenegro-in-world-trade-organization.jpg\"><img loading=\"lazy\" class=\"alignleft  wp-image-59841\" title=\"Montenegro in world trade organization\" src=\"http:\/\/www.visit-ulcinj.com\/blog\/wp-content\/uploads\/2012\/04\/Montenegro-in-world-trade-organization.jpg\" alt=\"\" width=\"508\" height=\"265\" \/><\/a>i Zi u shnd\u00ebrrua t\u00eb diel\u00ebn n\u00eb nj\u00eb an\u00ebtar me t\u00eb drejta t\u00eb plota t\u00eb Organizat\u00ebs Bot\u00ebrore t\u00eb Treg\u00ebtis\u00eb (OBT), duke p\u00ebrmbushur k\u00ebshtu nj\u00eb prej prioriteteve kryesore t\u00eb vendosura nga Podgorica zyrtare. <\/strong><\/p>\n<p>Ishte Ministria Malazeze e Financave ajo q\u00eb b\u00ebri t\u00eb ditur t\u00eb diel\u00ebn se vendi ishte pranuar si an\u00ebtari i 154 i OBT-s\u00eb.<\/p>\n<p>Nj\u00eb protokoll p\u00ebr p\u00ebrfshirjen n\u00eb k\u00ebt\u00eb organizat\u00eb ishte n\u00ebnshkruar m\u00eb par\u00eb n\u00eb 17 maj 2011 dhe marr\u00ebveshja hyri n\u00eb fuqi me disa muaj vones\u00eb, deri n\u00eb zbatimin e disa anekseve t\u00eb saj.<\/p>\n<p>Sipas deklarat\u00ebs zyrtare, an\u00ebtar\u00ebsimi n\u00eb OBT do t\u00eb sjell\u00eb n\u00eb m\u00ebnyr\u00eb t\u00eb menj\u00ebhershme nj\u00eb reduktim t\u00eb kostos s\u00eb jetes\u00ebs, rritje t\u00eb volumit t\u00eb treg\u00ebtis\u00eb, rritje t\u00eb luft\u00ebs kund\u00ebr korrupsionit dhe m\u00eb shum\u00eb larmishm\u00ebri sh\u00ebrbimesh e t\u00eb mirash materiale q\u00eb do t\u2019i ofrohen popullsis\u00eb.<\/p>\n<p>\u201cAn\u00ebtar\u00ebsimi n\u00eb OBT \u00ebsht\u00eb nj\u00eb sinjal q\u00eb do t\u00eb inkuraroj\u00eb investimet e tuaja, pasi tashm\u00eb Mali i Zi njihet nd\u00ebrkomb\u00ebtarisht si nj\u00eb vend ku rregullat bot\u00ebrore t\u00eb treg\u00ebtis\u00eb respektohen si kudo\u201d, shkruhej n\u00eb komunikat\u00ebn e Podgoric\u00ebs zyrtare.<\/p>\n<p>Vendet e vetme t\u00eb Ballkanit q\u00eb nuk jan\u00eb ende pjes\u00eb e OBT-s\u00eb jan\u00eb Kosova, Serbia dhe Bosnje e Hercegovina. Shqip\u00ebria \u00ebsht\u00eb nj\u00eb an\u00ebtare e k\u00ebsaj organizate q\u00eb prej vitit 2000..<\/p>\n<p>Top Channel<\/p>\n","protected":false},"excerpt":{"rendered":"<p>i Zi u shnd\u00ebrrua t\u00eb diel\u00ebn n\u00eb nj\u00eb an\u00ebtar me t\u00eb drejta t\u00eb plota t\u00eb Organizat\u00ebs Bot\u00ebrore t\u00eb Treg\u00ebtis\u00eb (OBT), duke p\u00ebrmbushur k\u00ebshtu nj\u00eb prej prioriteteve kryesore t\u00eb vendosura nga Podgorica zyrtare. Ishte Ministria Malazeze e Financave ajo q\u00eb b\u00ebri t\u00eb ditur t\u00eb diel\u00ebn se vendi ishte pranuar si an\u00ebtari i 154 i OBT-s\u00eb. Nj\u00eb [&hellip;]<\/p>\n","protected":false},"author":1,"featured_media":0,"comment_status":"open","ping_status":"closed","sticky":false,"template":"","format":"standard","meta":{"spay_email":"","jetpack_publicize_message":"","jetpack_is_tweetstorm":false,"jetpack_publicize_feature_enabled":true},"categories":[7],"tags":[95,20406],"jetpack_publicize_connections":[],"yoast_head":"<!-- This site is optimized with the Yoast SEO plugin v19.1 - https:\/\/yoast.com\/wordpress\/plugins\/seo\/ -->\n<title>Mali i Zi b\u00ebhet an\u00ebtar i OBT-s\u00eb - Lajme nga Ulqini<\/title>\n<meta name=\"description\" content=\"i Zi u shnd\u00ebrrua t\u00eb diel\u00ebn n\u00eb nj\u00eb an\u00ebtar me t\u00eb drejta t\u00eb plota t\u00eb Organizat\u00ebs Bot\u00ebrore t\u00eb Treg\u00ebtis\u00eb (OBT), duke p\u00ebrmbushur k\u00ebshtu nj\u00eb prej prioriteteve\" \/>\n<meta name=\"robots\" content=\"index, follow, max-snippet:-1, max-image-preview:large, max-video-preview:-1\" \/>\n<link rel=\"canonical\" href=\"https:\/\/www.visit-ulcinj.com\/blog\/2012\/04\/29\/mali-i-zi-behet-anetar-i-obt-se\/\" \/>\n<meta property=\"og:locale\" content=\"en_US\" \/>\n<meta property=\"og:type\" content=\"article\" \/>\n<meta property=\"og:title\" content=\"Mali i Zi b\u00ebhet an\u00ebtar i OBT-s\u00eb - Lajme nga Ulqini\" \/>\n<meta property=\"og:description\" content=\"i Zi u shnd\u00ebrrua t\u00eb diel\u00ebn n\u00eb nj\u00eb an\u00ebtar me t\u00eb drejta t\u00eb plota t\u00eb Organizat\u00ebs Bot\u00ebrore t\u00eb Treg\u00ebtis\u00eb (OBT), duke p\u00ebrmbushur k\u00ebshtu nj\u00eb prej prioriteteve\" \/>\n<meta property=\"og:url\" content=\"https:\/\/www.visit-ulcinj.com\/blog\/2012\/04\/29\/mali-i-zi-behet-anetar-i-obt-se\/\" \/>\n<meta property=\"og:site_name\" content=\"Lajme nga Ulqini\" \/>\n<meta property=\"article:published_time\" content=\"2012-04-29T21:29:52+00:00\" \/>\n<meta property=\"article:modified_time\" content=\"2012-04-29T21:30:34+00:00\" \/>\n<meta property=\"og:image\" content=\"http:\/\/www.visit-ulcinj.com\/blog\/wp-content\/uploads\/2012\/04\/Montenegro-in-world-trade-organization.jpg\" \/>\n<meta name=\"twitter:label1\" content=\"Written by\" \/>\n\t<meta name=\"twitter:data1\" content=\"ulqini\" \/>\n\t<meta name=\"twitter:label2\" content=\"Est. reading time\" \/>\n\t<meta name=\"twitter:data2\" content=\"1 minute\" \/>\n<script type=\"application\/ld+json\" class=\"yoast-schema-graph\">{\"@context\":\"https:\/\/schema.org\",\"@graph\":[{\"@type\":\"WebSite\",\"@id\":\"https:\/\/www.visit-ulcinj.com\/blog\/#website\",\"url\":\"https:\/\/www.visit-ulcinj.com\/blog\/\",\"name\":\"Lajme nga Ulqini\",\"description\":\"Lajme,Vijesti,Ulqini,Ulqin,Crna Gora,Mali i Zi\",\"potentialAction\":[{\"@type\":\"SearchAction\",\"target\":{\"@type\":\"EntryPoint\",\"urlTemplate\":\"https:\/\/www.visit-ulcinj.com\/blog\/?s={search_term_string}\"},\"query-input\":\"required name=search_term_string\"}],\"inLanguage\":\"en-US\"},{\"@type\":\"ImageObject\",\"inLanguage\":\"en-US\",\"@id\":\"https:\/\/www.visit-ulcinj.com\/blog\/2012\/04\/29\/mali-i-zi-behet-anetar-i-obt-se\/#primaryimage\",\"url\":\"http:\/\/www.visit-ulcinj.com\/blog\/wp-content\/uploads\/2012\/04\/Montenegro-in-world-trade-organization.jpg\",\"contentUrl\":\"http:\/\/www.visit-ulcinj.com\/blog\/wp-content\/uploads\/2012\/04\/Montenegro-in-world-trade-organization.jpg\"},{\"@type\":\"WebPage\",\"@id\":\"https:\/\/www.visit-ulcinj.com\/blog\/2012\/04\/29\/mali-i-zi-behet-anetar-i-obt-se\/#webpage\",\"url\":\"https:\/\/www.visit-ulcinj.com\/blog\/2012\/04\/29\/mali-i-zi-behet-anetar-i-obt-se\/\",\"name\":\"Mali i Zi b\u00ebhet an\u00ebtar i OBT-s\u00eb - Lajme nga Ulqini\",\"isPartOf\":{\"@id\":\"https:\/\/www.visit-ulcinj.com\/blog\/#website\"},\"primaryImageOfPage\":{\"@id\":\"https:\/\/www.visit-ulcinj.com\/blog\/2012\/04\/29\/mali-i-zi-behet-anetar-i-obt-se\/#primaryimage\"},\"datePublished\":\"2012-04-29T21:29:52+00:00\",\"dateModified\":\"2012-04-29T21:30:34+00:00\",\"author\":{\"@id\":\"https:\/\/www.visit-ulcinj.com\/blog\/#\/schema\/person\/dcab619c614d3038751c63bc2aadc06d\"},\"description\":\"i Zi u shnd\u00ebrrua t\u00eb diel\u00ebn n\u00eb nj\u00eb an\u00ebtar me t\u00eb drejta t\u00eb plota t\u00eb Organizat\u00ebs Bot\u00ebrore t\u00eb Treg\u00ebtis\u00eb (OBT), duke p\u00ebrmbushur k\u00ebshtu nj\u00eb prej prioriteteve\",\"breadcrumb\":{\"@id\":\"https:\/\/www.visit-ulcinj.com\/blog\/2012\/04\/29\/mali-i-zi-behet-anetar-i-obt-se\/#breadcrumb\"},\"inLanguage\":\"en-US\",\"potentialAction\":[{\"@type\":\"ReadAction\",\"target\":[\"https:\/\/www.visit-ulcinj.com\/blog\/2012\/04\/29\/mali-i-zi-behet-anetar-i-obt-se\/\"]}]},{\"@type\":\"BreadcrumbList\",\"@id\":\"https:\/\/www.visit-ulcinj.com\/blog\/2012\/04\/29\/mali-i-zi-behet-anetar-i-obt-se\/#breadcrumb\",\"itemListElement\":[{\"@type\":\"ListItem\",\"position\":1,\"name\":\"Mali i Zi b\u00ebhet an\u00ebtar i OBT-s\u00eb\"}]},{\"@type\":\"Person\",\"@id\":\"https:\/\/www.visit-ulcinj.com\/blog\/#\/schema\/person\/dcab619c614d3038751c63bc2aadc06d\",\"name\":\"ulqini\",\"sameAs\":[\"http:\/\/www.visit-ulcinj.com\"],\"url\":\"https:\/\/www.visit-ulcinj.com\/blog\/author\/admin\/\"}]}<\/script>\n<!-- \/ Yoast SEO plugin. -->","yoast_head_json":{"title":"Mali i Zi b\u00ebhet an\u00ebtar i OBT-s\u00eb - Lajme nga Ulqini","description":"i Zi u shnd\u00ebrrua t\u00eb diel\u00ebn n\u00eb nj\u00eb an\u00ebtar me t\u00eb drejta t\u00eb plota t\u00eb Organizat\u00ebs Bot\u00ebrore t\u00eb Treg\u00ebtis\u00eb (OBT), duke p\u00ebrmbushur k\u00ebshtu nj\u00eb prej prioriteteve","robots":{"index":"index","follow":"follow","max-snippet":"max-snippet:-1","max-image-preview":"max-image-preview:large","max-video-preview":"max-video-preview:-1"},"canonical":"https:\/\/www.visit-ulcinj.com\/blog\/2012\/04\/29\/mali-i-zi-behet-anetar-i-obt-se\/","og_locale":"en_US","og_type":"article","og_title":"Mali i Zi b\u00ebhet an\u00ebtar i OBT-s\u00eb - Lajme nga Ulqini","og_description":"i Zi u shnd\u00ebrrua t\u00eb diel\u00ebn n\u00eb nj\u00eb an\u00ebtar me t\u00eb drejta t\u00eb plota t\u00eb Organizat\u00ebs Bot\u00ebrore t\u00eb Treg\u00ebtis\u00eb (OBT), duke p\u00ebrmbushur k\u00ebshtu nj\u00eb prej prioriteteve","og_url":"https:\/\/www.visit-ulcinj.com\/blog\/2012\/04\/29\/mali-i-zi-behet-anetar-i-obt-se\/","og_site_name":"Lajme nga Ulqini","article_published_time":"2012-04-29T21:29:52+00:00","article_modified_time":"2012-04-29T21:30:34+00:00","og_image":[{"url":"http:\/\/www.visit-ulcinj.com\/blog\/wp-content\/uploads\/2012\/04\/Montenegro-in-world-trade-organization.jpg"}],"twitter_misc":{"Written by":"ulqini","Est. reading time":"1 minute"},"schema":{"@context":"https:\/\/schema.org","@graph":[{"@type":"WebSite","@id":"https:\/\/www.visit-ulcinj.com\/blog\/#website","url":"https:\/\/www.visit-ulcinj.com\/blog\/","name":"Lajme nga Ulqini","description":"Lajme,Vijesti,Ulqini,Ulqin,Crna Gora,Mali i Zi","potentialAction":[{"@type":"SearchAction","target":{"@type":"EntryPoint","urlTemplate":"https:\/\/www.visit-ulcinj.com\/blog\/?s={search_term_string}"},"query-input":"required name=search_term_string"}],"inLanguage":"en-US"},{"@type":"ImageObject","inLanguage":"en-US","@id":"https:\/\/www.visit-ulcinj.com\/blog\/2012\/04\/29\/mali-i-zi-behet-anetar-i-obt-se\/#primaryimage","url":"http:\/\/www.visit-ulcinj.com\/blog\/wp-content\/uploads\/2012\/04\/Montenegro-in-world-trade-organization.jpg","contentUrl":"http:\/\/www.visit-ulcinj.com\/blog\/wp-content\/uploads\/2012\/04\/Montenegro-in-world-trade-organization.jpg"},{"@type":"WebPage","@id":"https:\/\/www.visit-ulcinj.com\/blog\/2012\/04\/29\/mali-i-zi-behet-anetar-i-obt-se\/#webpage","url":"https:\/\/www.visit-ulcinj.com\/blog\/2012\/04\/29\/mali-i-zi-behet-anetar-i-obt-se\/","name":"Mali i Zi b\u00ebhet an\u00ebtar i OBT-s\u00eb - Lajme nga Ulqini","isPartOf":{"@id":"https:\/\/www.visit-ulcinj.com\/blog\/#website"},"primaryImageOfPage":{"@id":"https:\/\/www.visit-ulcinj.com\/blog\/2012\/04\/29\/mali-i-zi-behet-anetar-i-obt-se\/#primaryimage"},"datePublished":"2012-04-29T21:29:52+00:00","dateModified":"2012-04-29T21:30:34+00:00","author":{"@id":"https:\/\/www.visit-ulcinj.com\/blog\/#\/schema\/person\/dcab619c614d3038751c63bc2aadc06d"},"description":"i Zi u shnd\u00ebrrua t\u00eb diel\u00ebn n\u00eb nj\u00eb an\u00ebtar me t\u00eb drejta t\u00eb plota t\u00eb Organizat\u00ebs Bot\u00ebrore t\u00eb Treg\u00ebtis\u00eb (OBT), duke p\u00ebrmbushur k\u00ebshtu nj\u00eb prej prioriteteve","breadcrumb":{"@id":"https:\/\/www.visit-ulcinj.com\/blog\/2012\/04\/29\/mali-i-zi-behet-anetar-i-obt-se\/#breadcrumb"},"inLanguage":"en-US","potentialAction":[{"@type":"ReadAction","target":["https:\/\/www.visit-ulcinj.com\/blog\/2012\/04\/29\/mali-i-zi-behet-anetar-i-obt-se\/"]}]},{"@type":"BreadcrumbList","@id":"https:\/\/www.visit-ulcinj.com\/blog\/2012\/04\/29\/mali-i-zi-behet-anetar-i-obt-se\/#breadcrumb","itemListElement":[{"@type":"ListItem","position":1,"name":"Mali i Zi b\u00ebhet an\u00ebtar i OBT-s\u00eb"}]},{"@type":"Person","@id":"https:\/\/www.visit-ulcinj.com\/blog\/#\/schema\/person\/dcab619c614d3038751c63bc2aadc06d","name":"ulqini","sameAs":["http:\/\/www.visit-ulcinj.com"],"url":"https:\/\/www.visit-ulcinj.com\/blog\/author\/admin\/"}]}},"jetpack_featured_media_url":"","jetpack_sharing_enabled":true,"jetpack_shortlink":"https:\/\/wp.me\/pe6lTn-fza","_links":{"self":[{"href":"https:\/\/www.visit-ulcinj.com\/blog\/wp-json\/wp\/v2\/posts\/59840"}],"collection":[{"href":"https:\/\/www.visit-ulcinj.com\/blog\/wp-json\/wp\/v2\/posts"}],"about":[{"href":"https:\/\/www.visit-ulcinj.com\/blog\/wp-json\/wp\/v2\/types\/post"}],"author":[{"embeddable":true,"href":"https:\/\/www.visit-ulcinj.com\/blog\/wp-json\/wp\/v2\/users\/1"}],"replies":[{"embeddable":true,"href":"https:\/\/www.visit-ulcinj.com\/blog\/wp-json\/wp\/v2\/comments?post=59840"}],"version-history":[{"count":3,"href":"https:\/\/www.visit-ulcinj.com\/blog\/wp-json\/wp\/v2\/posts\/59840\/revisions"}],"predecessor-version":[{"id":59844,"href":"https:\/\/www.visit-ulcinj.com\/blog\/wp-json\/wp\/v2\/posts\/59840\/revisions\/59844"}],"wp:attachment":[{"href":"https:\/\/www.visit-ulcinj.com\/blog\/wp-json\/wp\/v2\/media?parent=59840"}],"wp:term":[{"taxonomy":"category","embeddable":true,"href":"https:\/\/www.visit-ulcinj.com\/blog\/wp-json\/wp\/v2\/categories?post=59840"},{"taxonomy":"post_tag","embeddable":true,"href":"https:\/\/www.visit-ulcinj.com\/blog\/wp-json\/wp\/v2\/tags?post=59840"}],"curies":[{"name":"wp","href":"https:\/\/api.w.org\/{rel}","templated":true}]}}