{"id":59856,"date":"2012-04-30T00:21:45","date_gmt":"2012-04-29T23:21:45","guid":{"rendered":"http:\/\/www.visit-ulcinj.com\/blog\/?p=59856"},"modified":"2012-04-30T14:09:58","modified_gmt":"2012-04-30T13:09:58","slug":"sot-qe-fillimi-i-sezonit-turistik-ne-ulqin","status":"publish","type":"post","link":"https:\/\/www.visit-ulcinj.com\/blog\/2012\/04\/30\/sot-qe-fillimi-i-sezonit-turistik-ne-ulqin\/","title":{"rendered":"Sot qe fillimi i sezonit turistik n\u00eb Ulqin"},"content":{"rendered":"<div id=\"attachment_59857\" style=\"width: 518px\" class=\"wp-caption alignleft\"><a href=\"http:\/\/www.visit-ulcinj.com\/blog\/wp-content\/uploads\/2012\/04\/Sot-fillimi-i-sezonit-turistik-n\u00eb-Ulqin.jpg\"><img aria-describedby=\"caption-attachment-59857\" loading=\"lazy\" class=\" wp-image-59857\" title=\"Sot fillimi i sezonit turistik n\u00eb Ulqin\" src=\"http:\/\/www.visit-ulcinj.com\/blog\/wp-content\/uploads\/2012\/04\/Sot-fillimi-i-sezonit-turistik-n\u00eb-Ulqin.jpg\" alt=\"\" width=\"508\" height=\"360\" \/><\/a><p id=\"caption-attachment-59857\" class=\"wp-caption-text\">Foto: Merita Mena Dragovoja<\/p><\/div>\n<p>Me teperaturat e larta t\u00eb k\u00ebtyre dit\u00ebve Ulqini po p\u00ebrjeton fillimet e sezonit turistik veror 2012.Plazhi i vog\u00ebl i Ulqinit (e quajtur Rana) u frekuentua sot\u00eb nga qindra vizitor\u00eb dhe pushues nga rrethe t\u00eb ndryshme t\u00eb vendit, si dhe nga mjaft turist\u00eb t\u00eb huaj, kryesisht nga rajoni. Madje, nx\u00ebn\u00ebs t\u00eb shkollave t\u00eb mesme t\u00eb qytit t\u00eb Ulqinit \u00e7el\u00ebn edhe sezonin e plazhit p\u00ebr k\u00ebt\u00eb vit 2012, duke notuar n\u00eb ujin ende t\u00eb ftoht\u00eb 17 grad\u00eb celsius, n\u00eb plazhin e vog\u00ebl t\u00eb Ulqinit.<br \/>\n<a href=\"http:\/\/www.visit-ulcinj.com\/blog\/wp-content\/uploads\/2012\/04\/restorant-Holegro-Ulqin-ulqini.jpg\"><img loading=\"lazy\" class=\"alignleft  wp-image-59858\" title=\"restorant Holegro Ulqin-ulqini\" src=\"http:\/\/www.visit-ulcinj.com\/blog\/wp-content\/uploads\/2012\/04\/restorant-Holegro-Ulqin-ulqini.jpg\" alt=\"\" width=\"508\" height=\"300\" \/><\/a><\/p>\n<p>Lokalet tenda p\u00ebrgjat\u00eb bregdetit jan\u00eb mbushur me klient\u00eb. Ata jan\u00eb banor\u00eb vendas, por edhe nga qytete t\u00eb tjera,tha Hidajet Kollari dhe Edin Buzuku, si pronar\u00ebt aktual te restaurantit Holegro n\u00eb nj\u00eb nga lokalet me te njohur nga Ulqini, thot\u00eb se &#8220;kan\u00eb nisur t\u00eb vijn\u00eb pushues p\u00ebr t\u00eb kaluar nj\u00eb dit\u00eb n\u00eb plazhin e vogel. Ndryshe nga vitet e tjera, sivjet ka b\u00ebr\u00eb mot i keq dhe kjo ka ndikuar n\u00eb ardhjen e pushuesve.<\/p>\n<p>E diela e sotme, sh\u00ebnoi fillimin e v\u00ebrtet\u00eb t\u00eb sezonit turistik veror n\u00eb bregdetin e Ulqinit.<\/p>\n<p><strong>Lajme nga Ulqini<\/strong><br \/>\n<!--YouTube Error: bad URL entered--><\/p>\n<p>&nbsp;<\/p>\n","protected":false},"excerpt":{"rendered":"<p>Me teperaturat e larta t\u00eb k\u00ebtyre dit\u00ebve Ulqini po p\u00ebrjeton fillimet e sezonit turistik veror 2012.Plazhi i vog\u00ebl i Ulqinit (e quajtur Rana) u frekuentua sot\u00eb nga qindra vizitor\u00eb dhe pushues nga rrethe t\u00eb ndryshme t\u00eb vendit, si dhe nga mjaft turist\u00eb t\u00eb huaj, kryesisht nga rajoni. Madje, nx\u00ebn\u00ebs t\u00eb shkollave t\u00eb mesme t\u00eb qytit [&hellip;]<\/p>\n","protected":false},"author":1,"featured_media":0,"comment_status":"open","ping_status":"closed","sticky":false,"template":"","format":"standard","meta":{"spay_email":"","jetpack_publicize_message":"","jetpack_is_tweetstorm":false,"jetpack_publicize_feature_enabled":true},"categories":[1,15],"tags":[],"jetpack_publicize_connections":[],"yoast_head":"<!-- This site is optimized with the Yoast SEO plugin v19.1 - https:\/\/yoast.com\/wordpress\/plugins\/seo\/ -->\n<title>Sot qe fillimi i sezonit turistik n\u00eb Ulqin - Lajme nga Ulqini<\/title>\n<meta name=\"description\" content=\"Me teperaturat e larta t\u00eb k\u00ebtyre dit\u00ebve Ulqini po p\u00ebrjeton fillimet e sezonit turistik veror 2012.Plazhi i vog\u00ebl i Ulqinit (e quajtur Rana) u frekuentua\" \/>\n<meta name=\"robots\" content=\"index, follow, max-snippet:-1, max-image-preview:large, max-video-preview:-1\" \/>\n<link rel=\"canonical\" href=\"https:\/\/www.visit-ulcinj.com\/blog\/2012\/04\/30\/sot-qe-fillimi-i-sezonit-turistik-ne-ulqin\/\" \/>\n<meta property=\"og:locale\" content=\"en_US\" \/>\n<meta property=\"og:type\" content=\"article\" \/>\n<meta property=\"og:title\" content=\"Sot qe fillimi i sezonit turistik n\u00eb Ulqin - Lajme nga Ulqini\" \/>\n<meta property=\"og:description\" content=\"Me teperaturat e larta t\u00eb k\u00ebtyre dit\u00ebve Ulqini po p\u00ebrjeton fillimet e sezonit turistik veror 2012.Plazhi i vog\u00ebl i Ulqinit (e quajtur Rana) u frekuentua\" \/>\n<meta property=\"og:url\" content=\"https:\/\/www.visit-ulcinj.com\/blog\/2012\/04\/30\/sot-qe-fillimi-i-sezonit-turistik-ne-ulqin\/\" \/>\n<meta property=\"og:site_name\" content=\"Lajme nga Ulqini\" \/>\n<meta property=\"article:published_time\" content=\"2012-04-29T23:21:45+00:00\" \/>\n<meta property=\"article:modified_time\" content=\"2012-04-30T13:09:58+00:00\" \/>\n<meta property=\"og:image\" content=\"http:\/\/www.visit-ulcinj.com\/blog\/wp-content\/uploads\/2012\/04\/restorant-Holegro-Ulqin-ulqini.jpg\" \/>\n<meta name=\"twitter:label1\" content=\"Written by\" \/>\n\t<meta name=\"twitter:data1\" content=\"ulqini\" \/>\n\t<meta name=\"twitter:label2\" content=\"Est. reading time\" \/>\n\t<meta name=\"twitter:data2\" content=\"1 minute\" \/>\n<script type=\"application\/ld+json\" class=\"yoast-schema-graph\">{\"@context\":\"https:\/\/schema.org\",\"@graph\":[{\"@type\":\"WebSite\",\"@id\":\"https:\/\/www.visit-ulcinj.com\/blog\/#website\",\"url\":\"https:\/\/www.visit-ulcinj.com\/blog\/\",\"name\":\"Lajme nga Ulqini\",\"description\":\"Lajme,Vijesti,Ulqini,Ulqin,Crna Gora,Mali i Zi\",\"potentialAction\":[{\"@type\":\"SearchAction\",\"target\":{\"@type\":\"EntryPoint\",\"urlTemplate\":\"https:\/\/www.visit-ulcinj.com\/blog\/?s={search_term_string}\"},\"query-input\":\"required name=search_term_string\"}],\"inLanguage\":\"en-US\"},{\"@type\":\"ImageObject\",\"inLanguage\":\"en-US\",\"@id\":\"https:\/\/www.visit-ulcinj.com\/blog\/2012\/04\/30\/sot-qe-fillimi-i-sezonit-turistik-ne-ulqin\/#primaryimage\",\"url\":\"https:\/\/www.visit-ulcinj.com\/blog\/wp-content\/uploads\/2012\/04\/restorant-Holegro-Ulqin-ulqini.jpg\",\"contentUrl\":\"https:\/\/www.visit-ulcinj.com\/blog\/wp-content\/uploads\/2012\/04\/restorant-Holegro-Ulqin-ulqini.jpg\",\"width\":\"1000\",\"height\":\"667\"},{\"@type\":\"WebPage\",\"@id\":\"https:\/\/www.visit-ulcinj.com\/blog\/2012\/04\/30\/sot-qe-fillimi-i-sezonit-turistik-ne-ulqin\/#webpage\",\"url\":\"https:\/\/www.visit-ulcinj.com\/blog\/2012\/04\/30\/sot-qe-fillimi-i-sezonit-turistik-ne-ulqin\/\",\"name\":\"Sot qe fillimi i sezonit turistik n\u00eb Ulqin - Lajme nga Ulqini\",\"isPartOf\":{\"@id\":\"https:\/\/www.visit-ulcinj.com\/blog\/#website\"},\"primaryImageOfPage\":{\"@id\":\"https:\/\/www.visit-ulcinj.com\/blog\/2012\/04\/30\/sot-qe-fillimi-i-sezonit-turistik-ne-ulqin\/#primaryimage\"},\"datePublished\":\"2012-04-29T23:21:45+00:00\",\"dateModified\":\"2012-04-30T13:09:58+00:00\",\"author\":{\"@id\":\"https:\/\/www.visit-ulcinj.com\/blog\/#\/schema\/person\/dcab619c614d3038751c63bc2aadc06d\"},\"description\":\"Me teperaturat e larta t\u00eb k\u00ebtyre dit\u00ebve Ulqini po p\u00ebrjeton fillimet e sezonit turistik veror 2012.Plazhi i vog\u00ebl i Ulqinit (e quajtur Rana) u frekuentua\",\"breadcrumb\":{\"@id\":\"https:\/\/www.visit-ulcinj.com\/blog\/2012\/04\/30\/sot-qe-fillimi-i-sezonit-turistik-ne-ulqin\/#breadcrumb\"},\"inLanguage\":\"en-US\",\"potentialAction\":[{\"@type\":\"ReadAction\",\"target\":[\"https:\/\/www.visit-ulcinj.com\/blog\/2012\/04\/30\/sot-qe-fillimi-i-sezonit-turistik-ne-ulqin\/\"]}]},{\"@type\":\"BreadcrumbList\",\"@id\":\"https:\/\/www.visit-ulcinj.com\/blog\/2012\/04\/30\/sot-qe-fillimi-i-sezonit-turistik-ne-ulqin\/#breadcrumb\",\"itemListElement\":[{\"@type\":\"ListItem\",\"position\":1,\"name\":\"Sot qe fillimi i sezonit turistik n\u00eb Ulqin\"}]},{\"@type\":\"Person\",\"@id\":\"https:\/\/www.visit-ulcinj.com\/blog\/#\/schema\/person\/dcab619c614d3038751c63bc2aadc06d\",\"name\":\"ulqini\",\"sameAs\":[\"http:\/\/www.visit-ulcinj.com\"],\"url\":\"https:\/\/www.visit-ulcinj.com\/blog\/author\/admin\/\"}]}<\/script>\n<!-- \/ Yoast SEO plugin. -->","yoast_head_json":{"title":"Sot qe fillimi i sezonit turistik n\u00eb Ulqin - Lajme nga Ulqini","description":"Me teperaturat e larta t\u00eb k\u00ebtyre dit\u00ebve Ulqini po p\u00ebrjeton fillimet e sezonit turistik veror 2012.Plazhi i vog\u00ebl i Ulqinit (e quajtur Rana) u frekuentua","robots":{"index":"index","follow":"follow","max-snippet":"max-snippet:-1","max-image-preview":"max-image-preview:large","max-video-preview":"max-video-preview:-1"},"canonical":"https:\/\/www.visit-ulcinj.com\/blog\/2012\/04\/30\/sot-qe-fillimi-i-sezonit-turistik-ne-ulqin\/","og_locale":"en_US","og_type":"article","og_title":"Sot qe fillimi i sezonit turistik n\u00eb Ulqin - Lajme nga Ulqini","og_description":"Me teperaturat e larta t\u00eb k\u00ebtyre dit\u00ebve Ulqini po p\u00ebrjeton fillimet e sezonit turistik veror 2012.Plazhi i vog\u00ebl i Ulqinit (e quajtur Rana) u frekuentua","og_url":"https:\/\/www.visit-ulcinj.com\/blog\/2012\/04\/30\/sot-qe-fillimi-i-sezonit-turistik-ne-ulqin\/","og_site_name":"Lajme nga Ulqini","article_published_time":"2012-04-29T23:21:45+00:00","article_modified_time":"2012-04-30T13:09:58+00:00","og_image":[{"url":"http:\/\/www.visit-ulcinj.com\/blog\/wp-content\/uploads\/2012\/04\/restorant-Holegro-Ulqin-ulqini.jpg"}],"twitter_misc":{"Written by":"ulqini","Est. reading time":"1 minute"},"schema":{"@context":"https:\/\/schema.org","@graph":[{"@type":"WebSite","@id":"https:\/\/www.visit-ulcinj.com\/blog\/#website","url":"https:\/\/www.visit-ulcinj.com\/blog\/","name":"Lajme nga Ulqini","description":"Lajme,Vijesti,Ulqini,Ulqin,Crna Gora,Mali i Zi","potentialAction":[{"@type":"SearchAction","target":{"@type":"EntryPoint","urlTemplate":"https:\/\/www.visit-ulcinj.com\/blog\/?s={search_term_string}"},"query-input":"required name=search_term_string"}],"inLanguage":"en-US"},{"@type":"ImageObject","inLanguage":"en-US","@id":"https:\/\/www.visit-ulcinj.com\/blog\/2012\/04\/30\/sot-qe-fillimi-i-sezonit-turistik-ne-ulqin\/#primaryimage","url":"https:\/\/www.visit-ulcinj.com\/blog\/wp-content\/uploads\/2012\/04\/restorant-Holegro-Ulqin-ulqini.jpg","contentUrl":"https:\/\/www.visit-ulcinj.com\/blog\/wp-content\/uploads\/2012\/04\/restorant-Holegro-Ulqin-ulqini.jpg","width":"1000","height":"667"},{"@type":"WebPage","@id":"https:\/\/www.visit-ulcinj.com\/blog\/2012\/04\/30\/sot-qe-fillimi-i-sezonit-turistik-ne-ulqin\/#webpage","url":"https:\/\/www.visit-ulcinj.com\/blog\/2012\/04\/30\/sot-qe-fillimi-i-sezonit-turistik-ne-ulqin\/","name":"Sot qe fillimi i sezonit turistik n\u00eb Ulqin - Lajme nga Ulqini","isPartOf":{"@id":"https:\/\/www.visit-ulcinj.com\/blog\/#website"},"primaryImageOfPage":{"@id":"https:\/\/www.visit-ulcinj.com\/blog\/2012\/04\/30\/sot-qe-fillimi-i-sezonit-turistik-ne-ulqin\/#primaryimage"},"datePublished":"2012-04-29T23:21:45+00:00","dateModified":"2012-04-30T13:09:58+00:00","author":{"@id":"https:\/\/www.visit-ulcinj.com\/blog\/#\/schema\/person\/dcab619c614d3038751c63bc2aadc06d"},"description":"Me teperaturat e larta t\u00eb k\u00ebtyre dit\u00ebve Ulqini po p\u00ebrjeton fillimet e sezonit turistik veror 2012.Plazhi i vog\u00ebl i Ulqinit (e quajtur Rana) u frekuentua","breadcrumb":{"@id":"https:\/\/www.visit-ulcinj.com\/blog\/2012\/04\/30\/sot-qe-fillimi-i-sezonit-turistik-ne-ulqin\/#breadcrumb"},"inLanguage":"en-US","potentialAction":[{"@type":"ReadAction","target":["https:\/\/www.visit-ulcinj.com\/blog\/2012\/04\/30\/sot-qe-fillimi-i-sezonit-turistik-ne-ulqin\/"]}]},{"@type":"BreadcrumbList","@id":"https:\/\/www.visit-ulcinj.com\/blog\/2012\/04\/30\/sot-qe-fillimi-i-sezonit-turistik-ne-ulqin\/#breadcrumb","itemListElement":[{"@type":"ListItem","position":1,"name":"Sot qe fillimi i sezonit turistik n\u00eb Ulqin"}]},{"@type":"Person","@id":"https:\/\/www.visit-ulcinj.com\/blog\/#\/schema\/person\/dcab619c614d3038751c63bc2aadc06d","name":"ulqini","sameAs":["http:\/\/www.visit-ulcinj.com"],"url":"https:\/\/www.visit-ulcinj.com\/blog\/author\/admin\/"}]}},"jetpack_featured_media_url":"","jetpack_sharing_enabled":true,"jetpack_shortlink":"https:\/\/wp.me\/pe6lTn-fzq","_links":{"self":[{"href":"https:\/\/www.visit-ulcinj.com\/blog\/wp-json\/wp\/v2\/posts\/59856"}],"collection":[{"href":"https:\/\/www.visit-ulcinj.com\/blog\/wp-json\/wp\/v2\/posts"}],"about":[{"href":"https:\/\/www.visit-ulcinj.com\/blog\/wp-json\/wp\/v2\/types\/post"}],"author":[{"embeddable":true,"href":"https:\/\/www.visit-ulcinj.com\/blog\/wp-json\/wp\/v2\/users\/1"}],"replies":[{"embeddable":true,"href":"https:\/\/www.visit-ulcinj.com\/blog\/wp-json\/wp\/v2\/comments?post=59856"}],"version-history":[{"count":2,"href":"https:\/\/www.visit-ulcinj.com\/blog\/wp-json\/wp\/v2\/posts\/59856\/revisions"}],"predecessor-version":[{"id":59883,"href":"https:\/\/www.visit-ulcinj.com\/blog\/wp-json\/wp\/v2\/posts\/59856\/revisions\/59883"}],"wp:attachment":[{"href":"https:\/\/www.visit-ulcinj.com\/blog\/wp-json\/wp\/v2\/media?parent=59856"}],"wp:term":[{"taxonomy":"category","embeddable":true,"href":"https:\/\/www.visit-ulcinj.com\/blog\/wp-json\/wp\/v2\/categories?post=59856"},{"taxonomy":"post_tag","embeddable":true,"href":"https:\/\/www.visit-ulcinj.com\/blog\/wp-json\/wp\/v2\/tags?post=59856"}],"curies":[{"name":"wp","href":"https:\/\/api.w.org\/{rel}","templated":true}]}}