{"id":59866,"date":"2012-04-30T13:57:31","date_gmt":"2012-04-30T12:57:31","guid":{"rendered":"http:\/\/www.visit-ulcinj.com\/blog\/?p=59866"},"modified":"2012-05-02T17:25:25","modified_gmt":"2012-05-02T16:25:25","slug":"hotel-mediterani-mbushet-me-turiste","status":"publish","type":"post","link":"https:\/\/www.visit-ulcinj.com\/blog\/2012\/04\/30\/hotel-mediterani-mbushet-me-turiste\/","title":{"rendered":"Hotel Mediterani mbushet me turist\u00eb &#8211; Video"},"content":{"rendered":"<p><a href=\"http:\/\/www.visit-ulcinj.com\/blog\/wp-content\/uploads\/2012\/04\/Hotel-Mediterani-mbushet-me-turist\u00eb.jpg\"><img loading=\"lazy\" class=\"alignleft  wp-image-59867\" title=\"Hotel Mediterani mbushet me turist\u00eb\" src=\"http:\/\/www.visit-ulcinj.com\/blog\/wp-content\/uploads\/2012\/04\/Hotel-Mediterani-mbushet-me-turist\u00eb.jpg\" alt=\"\" width=\"508\" height=\"360\" \/><\/a>Hotel Mediteran n\u00eb Ulqin v\u00ebrshohet nga turist\u00ebt vendas dhe t\u00eb huaj. P\u00ebrmir\u00ebsimi i koh\u00ebs ka b\u00ebr\u00eb q\u00eb sot n\u00eb k\u00ebt\u00eb pik\u00eb turistike t\u00eb ket\u00eb num\u00ebr t\u00eb madh t\u00eb turist\u00ebve t\u00eb cil\u00ebt kryesisht vijn\u00eb nga Polonia dhe viset tjera t\u00eb rajonit,por nuk mungojn\u00eb edhe ata nga Kosova e Shqip\u00ebria. Shum\u00eb mir\u00eb sepse atmosfera esht\u00eb shum\u00eb mir\u00eb dhe njer\u00ebzit jan\u00eb t\u00eb mrekulluesh\u00ebm\u201dtha nj\u00eb turist,duke par\u00eb pritjen me nj\u00eb atmospfere shum\u00eb t\u00eb p\u00eblqyar nga musafir\u00ebt. \u201cAtmosfera m\u00eb p\u00eblqyeshme dhe\u00a0koha e mrekullueshme,b\u00ebri q\u00eb turist\u00ebt t\u00eb jen\u00eb t\u00eb knaqur duke ja ber\u00eb nj\u00eb mikpritje jashtzakonisht t\u00eb mir\u00eb nga personeli i hotelit.<br \/>\nMegjithat\u00eb, ky vit nuk \u00ebsht\u00eb si viti i kaluar.Mbasi kriza ekonomike persiston esht\u00eb menduar se k\u00ebtij\u00eb viti ka me pas m\u00eb pak turista,mirpo simbas menaxheres t\u00eb hotel Mediterani z.Kozinoviq ajo pretendon se hotel Mediterani esht\u00eb komplet dhe kjo ka b\u00ebr\u00eb q\u00eb numri i turist\u00ebve t\u00eb jet\u00eb n\u00eb nivelin e duhur . K\u00ebshtu, sipas informacionit p\u00ebr media t\u00eb menaxhueses s\u00eb marketingut pran\u00eb k\u00ebtij hoteli, Valentina Kozinoviq, tha se p\u00ebr datat 29 dhe 30 prill n\u00eb hotel nuk do t\u00eb ket\u00eb \u00a0vende t\u00eb lira kurse deri m\u00eb dat\u00ebn 3 maj hoteli do t\u00eb punoj\u00eb me mbi 50% t\u00eb kapacitetit. Mysafir\u00ebt e k\u00ebtij hoteli do t\u00eb jen\u00eb nga Kosova dhe Polonia.Ne jemi t\u00eb k\u00ebnaqur kemi mysafir nga, Shqip\u00ebria,Hungaria,Bosna&amp;Hercegovina dhe Turqia.<br \/>\n<a href=\"http:\/\/www.visit-ulcinj.com\/blog\/wp-content\/uploads\/2012\/04\/Hotel-Mediterani-mbushet-me-turist\u00eb.6.jpg\"><img loading=\"lazy\" class=\"alignleft  wp-image-59868\" title=\"Hotel Mediterani mbushet me turist\u00eb.6\" src=\"http:\/\/www.visit-ulcinj.com\/blog\/wp-content\/uploads\/2012\/04\/Hotel-Mediterani-mbushet-me-turist\u00eb.6.jpg\" alt=\"\" width=\"508\" height=\"300\" \/><\/a><\/p>\n<p>Drejtuesi i hotel Mediteranit z.Selatin Gjeloshi shprehen se sivjet sezoni \u00ebsht\u00eb m\u00eb i mire se vitin e \u00a0kaluar.Fakti q\u00eb \u00e7ka shikoni sot\u00eb flet m\u00eb s\u00eb miri p\u00ebr pun\u00ebn e mir\u00eb q\u00eb b\u00ebn\u00eb menaxhmenti i k\u00ebtij hoteli n\u00eb thithjen t\u00eb sa m\u00eb shum\u00eb mysafir\u00ebve nga ghitha viset e bot\u00ebs,sepse ne kemi ende \u00e7ka p\u00ebr t\u00eb ofruar tha ai.<\/p>\n<p>Duhet t\u00eb cekim q\u00eb p\u00ebr pritjen e turist\u00ebve nga u kujdesua dhe i b\u00ebri mikpritje dhe arg\u00ebtim\u00eb t\u00eb paharueshem folklori nga Ulqini,duke u veshur me tesha komb\u00ebtare.<\/p>\n<p><strong>Lajme nga Ulqini<\/strong><br \/>\n\n\t\t<style type=\"text\/css\">\n\t\t\t#gallery-1 {\n\t\t\t\tmargin: auto;\n\t\t\t}\n\t\t\t#gallery-1 .gallery-item {\n\t\t\t\tfloat: left;\n\t\t\t\tmargin-top: 10px;\n\t\t\t\ttext-align: center;\n\t\t\t\twidth: 33%;\n\t\t\t}\n\t\t\t#gallery-1 img {\n\t\t\t\tborder: 2px solid #cfcfcf;\n\t\t\t}\n\t\t\t#gallery-1 .gallery-caption {\n\t\t\t\tmargin-left: 0;\n\t\t\t}\n\t\t\t\/* see gallery_shortcode() in wp-includes\/media.php *\/\n\t\t<\/style>\n\t\t<div id='gallery-1' class='gallery galleryid-59866 gallery-columns-3 gallery-size-thumbnail'><dl class='gallery-item'>\n\t\t\t<dt class='gallery-icon landscape'>\n\t\t\t\t<a href='https:\/\/www.visit-ulcinj.com\/blog\/wp-content\/uploads\/2012\/04\/Hotel-Mediterani-mbushet-me-turist\u00eb.jpg'><img width=\"150\" height=\"150\" src=\"https:\/\/www.visit-ulcinj.com\/blog\/wp-content\/uploads\/2012\/04\/Hotel-Mediterani-mbushet-me-turist\u00eb-150x150.jpg\" class=\"attachment-thumbnail size-thumbnail\" alt=\"\" loading=\"lazy\" \/><\/a>\n\t\t\t<\/dt><\/dl><dl class='gallery-item'>\n\t\t\t<dt class='gallery-icon landscape'>\n\t\t\t\t<a href='https:\/\/www.visit-ulcinj.com\/blog\/wp-content\/uploads\/2012\/04\/Hotel-Mediterani-mbushet-me-turist\u00eb.6.jpg'><img width=\"150\" height=\"150\" src=\"https:\/\/www.visit-ulcinj.com\/blog\/wp-content\/uploads\/2012\/04\/Hotel-Mediterani-mbushet-me-turist\u00eb.6-150x150.jpg\" class=\"attachment-thumbnail size-thumbnail\" alt=\"\" loading=\"lazy\" \/><\/a>\n\t\t\t<\/dt><\/dl><dl class='gallery-item'>\n\t\t\t<dt class='gallery-icon landscape'>\n\t\t\t\t<a href='https:\/\/www.visit-ulcinj.com\/blog\/wp-content\/uploads\/2012\/04\/Hotel-Mediterani-mbushet-me-turist\u00eb.1.jpg'><img width=\"150\" height=\"150\" src=\"https:\/\/www.visit-ulcinj.com\/blog\/wp-content\/uploads\/2012\/04\/Hotel-Mediterani-mbushet-me-turist\u00eb.1-150x150.jpg\" class=\"attachment-thumbnail size-thumbnail\" alt=\"\" loading=\"lazy\" \/><\/a>\n\t\t\t<\/dt><\/dl><br style=\"clear: both\" \/><dl class='gallery-item'>\n\t\t\t<dt class='gallery-icon landscape'>\n\t\t\t\t<a href='https:\/\/www.visit-ulcinj.com\/blog\/wp-content\/uploads\/2012\/04\/Hotel-Mediterani-mbushet-me-turist\u00eb.2.jpg'><img width=\"150\" height=\"150\" src=\"https:\/\/www.visit-ulcinj.com\/blog\/wp-content\/uploads\/2012\/04\/Hotel-Mediterani-mbushet-me-turist\u00eb.2-150x150.jpg\" class=\"attachment-thumbnail size-thumbnail\" alt=\"\" loading=\"lazy\" \/><\/a>\n\t\t\t<\/dt><\/dl><dl class='gallery-item'>\n\t\t\t<dt class='gallery-icon landscape'>\n\t\t\t\t<a href='https:\/\/www.visit-ulcinj.com\/blog\/wp-content\/uploads\/2012\/04\/Hotel-Mediterani-mbushet-me-turist\u00eb.3.jpg'><img width=\"150\" height=\"150\" src=\"https:\/\/www.visit-ulcinj.com\/blog\/wp-content\/uploads\/2012\/04\/Hotel-Mediterani-mbushet-me-turist\u00eb.3-150x150.jpg\" class=\"attachment-thumbnail size-thumbnail\" alt=\"\" loading=\"lazy\" \/><\/a>\n\t\t\t<\/dt><\/dl><dl class='gallery-item'>\n\t\t\t<dt class='gallery-icon landscape'>\n\t\t\t\t<a href='https:\/\/www.visit-ulcinj.com\/blog\/wp-content\/uploads\/2012\/04\/Hotel-Mediterani-mbushet-me-turist\u00eb.4.jpg'><img width=\"150\" height=\"150\" src=\"https:\/\/www.visit-ulcinj.com\/blog\/wp-content\/uploads\/2012\/04\/Hotel-Mediterani-mbushet-me-turist\u00eb.4-150x150.jpg\" class=\"attachment-thumbnail size-thumbnail\" alt=\"\" loading=\"lazy\" \/><\/a>\n\t\t\t<\/dt><\/dl><br style=\"clear: both\" \/><dl class='gallery-item'>\n\t\t\t<dt class='gallery-icon landscape'>\n\t\t\t\t<a href='https:\/\/www.visit-ulcinj.com\/blog\/wp-content\/uploads\/2012\/04\/Hotel-Mediterani-mbushet-me-turist\u00eb.5.jpg'><img width=\"150\" height=\"150\" src=\"https:\/\/www.visit-ulcinj.com\/blog\/wp-content\/uploads\/2012\/04\/Hotel-Mediterani-mbushet-me-turist\u00eb.5-150x150.jpg\" class=\"attachment-thumbnail size-thumbnail\" alt=\"\" loading=\"lazy\" \/><\/a>\n\t\t\t<\/dt><\/dl><dl class='gallery-item'>\n\t\t\t<dt class='gallery-icon portrait'>\n\t\t\t\t<a href='https:\/\/www.visit-ulcinj.com\/blog\/wp-content\/uploads\/2012\/04\/Hotel-Mediterani-mbushet-me-turist\u00eb.7.jpg'><img width=\"150\" height=\"150\" src=\"https:\/\/www.visit-ulcinj.com\/blog\/wp-content\/uploads\/2012\/04\/Hotel-Mediterani-mbushet-me-turist\u00eb.7-150x150.jpg\" class=\"attachment-thumbnail size-thumbnail\" alt=\"\" loading=\"lazy\" \/><\/a>\n\t\t\t<\/dt><\/dl><dl class='gallery-item'>\n\t\t\t<dt class='gallery-icon landscape'>\n\t\t\t\t<a href='https:\/\/www.visit-ulcinj.com\/blog\/wp-content\/uploads\/2012\/04\/Hotel-Mediterani-mbushet-me-turist\u00eb.8.jpg'><img width=\"150\" height=\"150\" src=\"https:\/\/www.visit-ulcinj.com\/blog\/wp-content\/uploads\/2012\/04\/Hotel-Mediterani-mbushet-me-turist\u00eb.8-150x150.jpg\" class=\"attachment-thumbnail size-thumbnail\" alt=\"\" loading=\"lazy\" \/><\/a>\n\t\t\t<\/dt><\/dl><br style=\"clear: both\" \/>\n\t\t<\/div>\n<br \/>\n<!--YouTube Error: bad URL entered--><\/p>\n","protected":false},"excerpt":{"rendered":"<p>Hotel Mediteran n\u00eb Ulqin v\u00ebrshohet nga turist\u00ebt vendas dhe t\u00eb huaj. P\u00ebrmir\u00ebsimi i koh\u00ebs ka b\u00ebr\u00eb q\u00eb sot n\u00eb k\u00ebt\u00eb pik\u00eb turistike t\u00eb ket\u00eb num\u00ebr t\u00eb madh t\u00eb turist\u00ebve t\u00eb cil\u00ebt kryesisht vijn\u00eb nga Polonia dhe viset tjera t\u00eb rajonit,por nuk mungojn\u00eb edhe ata nga Kosova e Shqip\u00ebria. Shum\u00eb mir\u00eb sepse atmosfera esht\u00eb shum\u00eb mir\u00eb [&hellip;]<\/p>\n","protected":false},"author":1,"featured_media":0,"comment_status":"open","ping_status":"closed","sticky":false,"template":"","format":"standard","meta":{"spay_email":"","jetpack_publicize_message":"","jetpack_is_tweetstorm":false,"jetpack_publicize_feature_enabled":true},"categories":[1,11],"tags":[3901,8722,15892,20411,20410,17973,18503,18219,200,18],"jetpack_publicize_connections":[],"yoast_head":"<!-- This site is optimized with the Yoast SEO plugin v19.1 - https:\/\/yoast.com\/wordpress\/plugins\/seo\/ -->\n<title>Hotel Mediterani mbushet me turist\u00eb - Video - Lajme nga Ulqini<\/title>\n<meta name=\"description\" content=\"Hotel Mediteran n\u00eb Ulqin v\u00ebrshohet nga turist\u00ebt vendas dhe t\u00eb huaj. P\u00ebrmir\u00ebsimi i koh\u00ebs ka b\u00ebr\u00eb q\u00eb sot n\u00eb k\u00ebt\u00eb pik\u00eb turistike t\u00eb ket\u00eb num\u00ebr t\u00eb madh t\u00eb\" \/>\n<meta name=\"robots\" content=\"index, follow, max-snippet:-1, max-image-preview:large, max-video-preview:-1\" \/>\n<link rel=\"canonical\" href=\"https:\/\/www.visit-ulcinj.com\/blog\/2012\/04\/30\/hotel-mediterani-mbushet-me-turiste\/\" \/>\n<meta property=\"og:locale\" content=\"en_US\" \/>\n<meta property=\"og:type\" content=\"article\" \/>\n<meta property=\"og:title\" content=\"Hotel Mediterani mbushet me turist\u00eb - Video - Lajme nga Ulqini\" \/>\n<meta property=\"og:description\" content=\"Hotel Mediteran n\u00eb Ulqin v\u00ebrshohet nga turist\u00ebt vendas dhe t\u00eb huaj. P\u00ebrmir\u00ebsimi i koh\u00ebs ka b\u00ebr\u00eb q\u00eb sot n\u00eb k\u00ebt\u00eb pik\u00eb turistike t\u00eb ket\u00eb num\u00ebr t\u00eb madh t\u00eb\" \/>\n<meta property=\"og:url\" content=\"https:\/\/www.visit-ulcinj.com\/blog\/2012\/04\/30\/hotel-mediterani-mbushet-me-turiste\/\" \/>\n<meta property=\"og:site_name\" content=\"Lajme nga Ulqini\" \/>\n<meta property=\"article:published_time\" content=\"2012-04-30T12:57:31+00:00\" \/>\n<meta property=\"article:modified_time\" content=\"2012-05-02T16:25:25+00:00\" \/>\n<meta property=\"og:image\" content=\"https:\/\/www.visit-ulcinj.com\/blog\/wp-content\/uploads\/2012\/04\/Hotel-Mediterani-mbushet-me-turist\u00eb-150x150.jpg\" \/>\n<meta name=\"twitter:label1\" content=\"Written by\" \/>\n\t<meta name=\"twitter:data1\" content=\"ulqini\" \/>\n\t<meta name=\"twitter:label2\" content=\"Est. reading time\" \/>\n\t<meta name=\"twitter:data2\" content=\"2 minutes\" \/>\n<script type=\"application\/ld+json\" class=\"yoast-schema-graph\">{\"@context\":\"https:\/\/schema.org\",\"@graph\":[{\"@type\":\"WebSite\",\"@id\":\"https:\/\/www.visit-ulcinj.com\/blog\/#website\",\"url\":\"https:\/\/www.visit-ulcinj.com\/blog\/\",\"name\":\"Lajme nga Ulqini\",\"description\":\"Lajme,Vijesti,Ulqini,Ulqin,Crna Gora,Mali i Zi\",\"potentialAction\":[{\"@type\":\"SearchAction\",\"target\":{\"@type\":\"EntryPoint\",\"urlTemplate\":\"https:\/\/www.visit-ulcinj.com\/blog\/?s={search_term_string}\"},\"query-input\":\"required name=search_term_string\"}],\"inLanguage\":\"en-US\"},{\"@type\":\"WebPage\",\"@id\":\"https:\/\/www.visit-ulcinj.com\/blog\/2012\/04\/30\/hotel-mediterani-mbushet-me-turiste\/#webpage\",\"url\":\"https:\/\/www.visit-ulcinj.com\/blog\/2012\/04\/30\/hotel-mediterani-mbushet-me-turiste\/\",\"name\":\"Hotel Mediterani mbushet me turist\u00eb - Video - Lajme nga Ulqini\",\"isPartOf\":{\"@id\":\"https:\/\/www.visit-ulcinj.com\/blog\/#website\"},\"datePublished\":\"2012-04-30T12:57:31+00:00\",\"dateModified\":\"2012-05-02T16:25:25+00:00\",\"author\":{\"@id\":\"https:\/\/www.visit-ulcinj.com\/blog\/#\/schema\/person\/dcab619c614d3038751c63bc2aadc06d\"},\"description\":\"Hotel Mediteran n\u00eb Ulqin v\u00ebrshohet nga turist\u00ebt vendas dhe t\u00eb huaj. P\u00ebrmir\u00ebsimi i koh\u00ebs ka b\u00ebr\u00eb q\u00eb sot n\u00eb k\u00ebt\u00eb pik\u00eb turistike t\u00eb ket\u00eb num\u00ebr t\u00eb madh t\u00eb\",\"breadcrumb\":{\"@id\":\"https:\/\/www.visit-ulcinj.com\/blog\/2012\/04\/30\/hotel-mediterani-mbushet-me-turiste\/#breadcrumb\"},\"inLanguage\":\"en-US\",\"potentialAction\":[{\"@type\":\"ReadAction\",\"target\":[\"https:\/\/www.visit-ulcinj.com\/blog\/2012\/04\/30\/hotel-mediterani-mbushet-me-turiste\/\"]}]},{\"@type\":\"BreadcrumbList\",\"@id\":\"https:\/\/www.visit-ulcinj.com\/blog\/2012\/04\/30\/hotel-mediterani-mbushet-me-turiste\/#breadcrumb\",\"itemListElement\":[{\"@type\":\"ListItem\",\"position\":1,\"name\":\"Hotel Mediterani mbushet me turist\u00eb &#8211; Video\"}]},{\"@type\":\"Person\",\"@id\":\"https:\/\/www.visit-ulcinj.com\/blog\/#\/schema\/person\/dcab619c614d3038751c63bc2aadc06d\",\"name\":\"ulqini\",\"sameAs\":[\"http:\/\/www.visit-ulcinj.com\"],\"url\":\"https:\/\/www.visit-ulcinj.com\/blog\/author\/admin\/\"}]}<\/script>\n<!-- \/ Yoast SEO plugin. -->","yoast_head_json":{"title":"Hotel Mediterani mbushet me turist\u00eb - Video - Lajme nga Ulqini","description":"Hotel Mediteran n\u00eb Ulqin v\u00ebrshohet nga turist\u00ebt vendas dhe t\u00eb huaj. P\u00ebrmir\u00ebsimi i koh\u00ebs ka b\u00ebr\u00eb q\u00eb sot n\u00eb k\u00ebt\u00eb pik\u00eb turistike t\u00eb ket\u00eb num\u00ebr t\u00eb madh t\u00eb","robots":{"index":"index","follow":"follow","max-snippet":"max-snippet:-1","max-image-preview":"max-image-preview:large","max-video-preview":"max-video-preview:-1"},"canonical":"https:\/\/www.visit-ulcinj.com\/blog\/2012\/04\/30\/hotel-mediterani-mbushet-me-turiste\/","og_locale":"en_US","og_type":"article","og_title":"Hotel Mediterani mbushet me turist\u00eb - Video - Lajme nga Ulqini","og_description":"Hotel Mediteran n\u00eb Ulqin v\u00ebrshohet nga turist\u00ebt vendas dhe t\u00eb huaj. P\u00ebrmir\u00ebsimi i koh\u00ebs ka b\u00ebr\u00eb q\u00eb sot n\u00eb k\u00ebt\u00eb pik\u00eb turistike t\u00eb ket\u00eb num\u00ebr t\u00eb madh t\u00eb","og_url":"https:\/\/www.visit-ulcinj.com\/blog\/2012\/04\/30\/hotel-mediterani-mbushet-me-turiste\/","og_site_name":"Lajme nga Ulqini","article_published_time":"2012-04-30T12:57:31+00:00","article_modified_time":"2012-05-02T16:25:25+00:00","og_image":[{"url":"https:\/\/www.visit-ulcinj.com\/blog\/wp-content\/uploads\/2012\/04\/Hotel-Mediterani-mbushet-me-turist\u00eb-150x150.jpg"}],"twitter_misc":{"Written by":"ulqini","Est. reading time":"2 minutes"},"schema":{"@context":"https:\/\/schema.org","@graph":[{"@type":"WebSite","@id":"https:\/\/www.visit-ulcinj.com\/blog\/#website","url":"https:\/\/www.visit-ulcinj.com\/blog\/","name":"Lajme nga Ulqini","description":"Lajme,Vijesti,Ulqini,Ulqin,Crna Gora,Mali i Zi","potentialAction":[{"@type":"SearchAction","target":{"@type":"EntryPoint","urlTemplate":"https:\/\/www.visit-ulcinj.com\/blog\/?s={search_term_string}"},"query-input":"required name=search_term_string"}],"inLanguage":"en-US"},{"@type":"WebPage","@id":"https:\/\/www.visit-ulcinj.com\/blog\/2012\/04\/30\/hotel-mediterani-mbushet-me-turiste\/#webpage","url":"https:\/\/www.visit-ulcinj.com\/blog\/2012\/04\/30\/hotel-mediterani-mbushet-me-turiste\/","name":"Hotel Mediterani mbushet me turist\u00eb - Video - Lajme nga Ulqini","isPartOf":{"@id":"https:\/\/www.visit-ulcinj.com\/blog\/#website"},"datePublished":"2012-04-30T12:57:31+00:00","dateModified":"2012-05-02T16:25:25+00:00","author":{"@id":"https:\/\/www.visit-ulcinj.com\/blog\/#\/schema\/person\/dcab619c614d3038751c63bc2aadc06d"},"description":"Hotel Mediteran n\u00eb Ulqin v\u00ebrshohet nga turist\u00ebt vendas dhe t\u00eb huaj. P\u00ebrmir\u00ebsimi i koh\u00ebs ka b\u00ebr\u00eb q\u00eb sot n\u00eb k\u00ebt\u00eb pik\u00eb turistike t\u00eb ket\u00eb num\u00ebr t\u00eb madh t\u00eb","breadcrumb":{"@id":"https:\/\/www.visit-ulcinj.com\/blog\/2012\/04\/30\/hotel-mediterani-mbushet-me-turiste\/#breadcrumb"},"inLanguage":"en-US","potentialAction":[{"@type":"ReadAction","target":["https:\/\/www.visit-ulcinj.com\/blog\/2012\/04\/30\/hotel-mediterani-mbushet-me-turiste\/"]}]},{"@type":"BreadcrumbList","@id":"https:\/\/www.visit-ulcinj.com\/blog\/2012\/04\/30\/hotel-mediterani-mbushet-me-turiste\/#breadcrumb","itemListElement":[{"@type":"ListItem","position":1,"name":"Hotel Mediterani mbushet me turist\u00eb &#8211; Video"}]},{"@type":"Person","@id":"https:\/\/www.visit-ulcinj.com\/blog\/#\/schema\/person\/dcab619c614d3038751c63bc2aadc06d","name":"ulqini","sameAs":["http:\/\/www.visit-ulcinj.com"],"url":"https:\/\/www.visit-ulcinj.com\/blog\/author\/admin\/"}]}},"jetpack_featured_media_url":"","jetpack_sharing_enabled":true,"jetpack_shortlink":"https:\/\/wp.me\/pe6lTn-fzA","_links":{"self":[{"href":"https:\/\/www.visit-ulcinj.com\/blog\/wp-json\/wp\/v2\/posts\/59866"}],"collection":[{"href":"https:\/\/www.visit-ulcinj.com\/blog\/wp-json\/wp\/v2\/posts"}],"about":[{"href":"https:\/\/www.visit-ulcinj.com\/blog\/wp-json\/wp\/v2\/types\/post"}],"author":[{"embeddable":true,"href":"https:\/\/www.visit-ulcinj.com\/blog\/wp-json\/wp\/v2\/users\/1"}],"replies":[{"embeddable":true,"href":"https:\/\/www.visit-ulcinj.com\/blog\/wp-json\/wp\/v2\/comments?post=59866"}],"version-history":[{"count":8,"href":"https:\/\/www.visit-ulcinj.com\/blog\/wp-json\/wp\/v2\/posts\/59866\/revisions"}],"predecessor-version":[{"id":59879,"href":"https:\/\/www.visit-ulcinj.com\/blog\/wp-json\/wp\/v2\/posts\/59866\/revisions\/59879"}],"wp:attachment":[{"href":"https:\/\/www.visit-ulcinj.com\/blog\/wp-json\/wp\/v2\/media?parent=59866"}],"wp:term":[{"taxonomy":"category","embeddable":true,"href":"https:\/\/www.visit-ulcinj.com\/blog\/wp-json\/wp\/v2\/categories?post=59866"},{"taxonomy":"post_tag","embeddable":true,"href":"https:\/\/www.visit-ulcinj.com\/blog\/wp-json\/wp\/v2\/tags?post=59866"}],"curies":[{"name":"wp","href":"https:\/\/api.w.org\/{rel}","templated":true}]}}