{"id":59884,"date":"2012-04-30T20:35:04","date_gmt":"2012-04-30T19:35:04","guid":{"rendered":"http:\/\/www.visit-ulcinj.com\/blog\/?p=59884"},"modified":"2012-04-30T20:35:04","modified_gmt":"2012-04-30T19:35:04","slug":"edi-rama-viziton-ulqininkerkon-universitet-shqip-ne-mal-te-zi","status":"publish","type":"post","link":"https:\/\/www.visit-ulcinj.com\/blog\/2012\/04\/30\/edi-rama-viziton-ulqininkerkon-universitet-shqip-ne-mal-te-zi\/","title":{"rendered":"Edi Rama viziton Ulqinin,k\u00ebrkon Universitet shqip n\u00eb Mal t\u00eb Zi"},"content":{"rendered":"<p><a href=\"http:\/\/www.visit-ulcinj.com\/blog\/wp-content\/uploads\/2012\/04\/Nazif-Cungu-pret-ne-vizit-Edi-Ramen.jpg\"><img loading=\"lazy\" class=\"alignleft size-full wp-image-59886\" title=\"Nazif Cungu pret ne vizit Edi Ramen\" src=\"http:\/\/www.visit-ulcinj.com\/blog\/wp-content\/uploads\/2012\/04\/Nazif-Cungu-pret-ne-vizit-Edi-Ramen.jpg\" alt=\"\" width=\"478\" height=\"352\" srcset=\"https:\/\/www.visit-ulcinj.com\/blog\/wp-content\/uploads\/2012\/04\/Nazif-Cungu-pret-ne-vizit-Edi-Ramen.jpg 478w, https:\/\/www.visit-ulcinj.com\/blog\/wp-content\/uploads\/2012\/04\/Nazif-Cungu-pret-ne-vizit-Edi-Ramen-300x220.jpg 300w\" sizes=\"(max-width: 478px) 100vw, 478px\" \/><\/a>Kryetari i Partis\u00eb Socialiste Edi Rama, i shoq\u00ebruar nga deputet\u00ebt e Qarqeve t\u00eb Shkodr\u00ebs dhe Lezh\u00ebs zhvilloi nj\u00eb vizit\u00eb n\u00eb Malin e Zi. Gjat\u00eb k\u00ebsaj vizite, e para n\u00eb cil\u00ebsin\u00eb e kryetarit t\u00eb Partis\u00eb Socialiste, Edi Rama zhvilloi nj\u00eb num\u00ebr takimesh me p\u00ebrfaq\u00ebsues t\u00eb komunitetit shqiptar. Nd\u00ebr t\u00eb tjera ai u takua me kreun e komun\u00ebs s\u00eb Ulqini, z. Nazif Cungu, kryetar\u00ebt e t\u00eb pes\u00eb partive shqiptare n\u00eb Malin e Zi, si dhe deputetin e zon\u00ebs Genc Nimanbegun.<br \/>\nN\u00eb takime Rama propozoi nj\u00eb iniciativ\u00eb t\u00eb p\u00ebrbashk\u00ebt p\u00ebr t\u00eb k\u00ebrkuar ngritjen e nj\u00eb universiteti n\u00eb gjuh\u00ebn shqipe n\u00eb Malin e Zi p\u00ebr t\u00eb mund\u00ebsuar shkollim m\u00eb t\u00eb avancuar p\u00ebr t\u00eb rinjt\u00eb shqiptar\u00eb. Lideri i PS i inkurajoi partit\u00eb shqiptare t\u00eb bashk\u00ebpunonin n\u00eb zgjedhje me nj\u00ebra-tjetr\u00ebn p\u00ebr t\u00eb rritur pjes\u00ebmarrjen e tyre n\u00eb Parlamentin e Malit t\u00eb Zi si nj\u00eb mund\u00ebsi p\u00ebr t\u00eb avancuar t\u00eb drejtat e shqiptar\u00ebve n\u00eb Malin e Zi.<br \/>\nN\u00eb p\u00ebrfundim t\u00eb takimit Rama dhe Cungu fol\u00ebn p\u00ebr mediat. Kryetari i komun\u00ebs s\u00eb Ulqinit tha se n\u00eb takim \u00ebsht\u00eb diskutuar p\u00ebr mund\u00ebsit\u00eb e bashk\u00ebpunimit:<br \/>\n\u201cIshte nj\u00eb k\u00ebnaq\u00ebsi e ve\u00e7ant\u00eb p\u00ebr mua dhe p\u00ebr gjith\u00eb stafin e Komun\u00ebs s\u00eb Ulqinit dhe p\u00ebrfaq\u00ebsuesve t\u00eb partive politike q\u00eb sot kemi pasur n\u00eb vizit\u00eb kryetarin e Partis\u00eb Socialiste, Edi Ram\u00ebn dhe grupin e parlamentar\u00ebve t\u00eb partis\u00eb s\u00eb tij. Ne kemi shk\u00ebmbyer mendimet tona dhe kemi diskutuar p\u00ebr problemet e shumta, por edhe mund\u00ebsit\u00eb e bashk\u00ebpunimit. Me k\u00ebt\u00eb rast dua ta fal\u00ebnderoj edhe nj\u00ebher\u00eb zotin Rama q\u00eb gjeti koh\u00ebn dhe mund\u00ebsin\u00eb p\u00ebr vizit\u00eb n\u00eb Ulqin dhe Mal t\u00eb zi sepse ky \u00ebsht\u00eb nj\u00eb respekt p\u00ebr t\u00eb gjith\u00eb shqiptar\u00ebt n\u00eb Mal t\u00eb Zi. Kjo do t\u00eb ndihmoj\u00eb edhe n\u00eb bashk\u00ebpunimin m\u00eb t\u00eb thell\u00eb mes Malit t\u00eb Zi dhe Shqip\u00ebris\u00eb.\u201d<br \/>\nDuke fal\u00ebnderuar p\u00ebr mikpritjen, t\u00eb cil\u00ebn kreu i PS e cil\u00ebsoi v\u00ebllaz\u00ebrore, Rama tha se duhet b\u00ebr\u00eb m\u00eb shum\u00eb p\u00ebr shqiptar\u00ebt n\u00eb rajon:<br \/>\n\u201cDua t\u2019i fal\u00ebnderoj miqt\u00eb q\u00eb na rezervuan nj\u00eb mikpritje v\u00ebllaz\u00ebrore. T\u2019i falend\u00ebroj q\u00eb na dhan\u00eb mund\u00ebsin\u00eb q\u00eb t\u00eb kemi nj\u00eb bashk\u00ebbisedim shum\u00eb t\u00eb hapur p\u00ebr t\u00eb gjitha \u00e7\u00ebshtjet e shqet\u00ebsimit dhe interesit t\u00eb p\u00ebrbashk\u00ebt, q\u00eb nga \u00e7\u00ebshtjet e zhvillimit t\u00eb k\u00ebsaj komune me k\u00ebt\u00eb bukuri, t\u00eb falur bujarisht nga Zoti apo nga natyra, p\u00ebr k\u00eb nuk beson n\u00eb Zot, deri tek \u00e7\u00ebshtjet e cil\u00ebsis\u00eb s\u00eb jet\u00ebs s\u00eb shqiptar\u00ebve k\u00ebtu n\u00eb Mali t\u00eb Zi dhe kudo ku ndodhen n\u00eb rajonin ton\u00eb, sepse ka ende shum\u00eb p\u00ebr t\u00eb b\u00ebr\u00eb n\u00eb k\u00ebt\u00eb drejtim.\u201d<\/p>\n<p><a href=\"http:\/\/www.visit-ulcinj.com\/blog\/wp-content\/uploads\/2012\/04\/Edi-Rama-Viziton-Ulqinin.jpg\"><img loading=\"lazy\" class=\"alignleft  wp-image-59885\" title=\"Edi Rama Viziton Ulqinin\" src=\"http:\/\/www.visit-ulcinj.com\/blog\/wp-content\/uploads\/2012\/04\/Edi-Rama-Viziton-Ulqinin.jpg\" alt=\"\" width=\"508\" height=\"300\" \/><\/a><br \/>\nPas takimit me kryetarin e Komun\u00ebs s\u00eb Ulqinit dhe lider\u00ebt shqiptar\u00eb t\u00eb forcave politike t\u00eb Malit t\u00eb Zi, Edi Rama \u00ebsht\u00eb ndalur n\u00eb zon\u00ebn e Mal\u00ebsis\u00eb n\u00eb Tuz. N\u00eb qend\u00ebr ka qen\u00eb libri i Edi Ram\u00ebs \u201cKurban\u201d si nj\u00eb mund\u00ebsi p\u00ebr t\u00eb biseduar me shqiptar\u00ebt e Malit t\u00eb Zi p\u00ebr k\u00ebndv\u00ebshtrimin e Edi Ram\u00ebs dhe forc\u00ebs politike q\u00eb ai drejton lidhur me zhvillimin e turizmit, politik\u00ebn rajonale, ruajtjen e gjuh\u00ebs shqipe apo zhvillimin e q\u00ebndruesh\u00ebm. Kryetari i PS i \u00ebsht\u00eb referuar dhe takimit n\u00eb Preshev\u00eb, dhe ka theksuar propozimet q\u00eb gjenden n\u00eb programin e PS \u201cP\u00ebr nj\u00eb Rilindje Shqiptare\u201d si bursa p\u00ebr t\u00eb rinjt\u00eb shqiptar\u00eb n\u00eb rajon, unifikimi i teksteve shkollore, apo sh\u00ebrbimet e p\u00ebrbashk\u00ebta turistike, jan\u00eb nj\u00eb mund\u00ebsi reale e zhvillimit.<br \/>\n\u201cAtdheun jua kemi borxh f\u00ebmij\u00ebve tan\u00eb. T\u00eb gjith\u00eb jemi t\u00eb p\u00ebrkohsh\u00ebm n\u00eb k\u00ebt\u00eb tok\u00eb, por ajo \u00e7ka n\u00eb radh\u00eb t\u00eb par\u00eb ata q\u00eb merren me politik\u00eb, apo ata q\u00eb jan\u00eb aktiv\u00eb n\u00eb jet\u00ebn publike, nuk duhet ta harrojn\u00eb, \u00ebsht\u00eb se tek e fundit llogarit\u00eb b\u00ebhen me at\u00eb \u00e7ka l\u00eb pas. Me at\u00eb \u00e7ka u mbetet brezave q\u00eb vijn\u00eb. K\u00ebtu n\u00eb fakt ndahen edhe llogarit\u00eb e v\u00ebshtira t\u00eb diktator\u00ebve me llogarit\u00eb e sh\u00ebrb\u00ebtor\u00ebve t\u00eb popullit t\u00eb tyre,\u201d tha Rama duke iu p\u00ebrgjigjur interesit t\u00eb qindra shqiptar\u00ebve t\u00eb Mal\u00ebsis\u00eb n\u00eb Tuz.<br \/>\n\u201cN\u00eb Shqip\u00ebri ka mbi 1000 vende me interes turistik, t\u00eb bashkuara me ato t\u00eb trevave tona n\u00eb Maqedoni, Kosov\u00eb, Mal t\u00eb Zi e Lugin\u00eb t\u00eb Preshev\u00ebs \u2013 ne mund t\u2019i ofrojm\u00eb turist\u00ebve q\u00eb duan t\u00eb njohin bot\u00ebn shqiptare nj\u00eb koleksion t\u00eb p\u00ebrbashk\u00ebt t\u00eb k\u00ebtyre vlerave n\u00eb rajon,\u201d theksoi nd\u00ebr t\u00eb tjera kreu i PS.<br \/>\n\u201cBesoj q\u00eb kemi t\u00eb gjitha mund\u00ebsit\u00eb sot, n\u00eb k\u00ebt\u00eb koh\u00eb t\u00eb re, q\u00eb brezave t\u2019i l\u00ebm\u00eb pas nj\u00eb tok\u00eb mbi t\u00eb cil\u00ebn t\u00eb mund t\u00eb korren fryte t\u00eb dobishme dhe jo nj\u00eb tok\u00eb t\u00eb djegur ku nuk mbin e ardhmja, si\u00e7 ka ndodhur p\u00ebr shekuj e p\u00ebr dekada me radh\u00eb, fatkeq\u00ebsisht n\u00eb vendet e Ballkanit t\u00eb p\u00ebrv\u00ebluar nga konfliktet e brendshme, nga urrejtja, nga nacionalizmat e verb\u00ebr edhe nga mungesa e komunikimit me nj\u00ebri tjetrin,\u201d tha Rama.<\/p>\n<p><strong>Gazeta Tema<br \/>\n<!--YouTube Error: bad URL entered--><br \/>\n<\/strong><\/p>\n","protected":false},"excerpt":{"rendered":"<p>Kryetari i Partis\u00eb Socialiste Edi Rama, i shoq\u00ebruar nga deputet\u00ebt e Qarqeve t\u00eb Shkodr\u00ebs dhe Lezh\u00ebs zhvilloi nj\u00eb vizit\u00eb n\u00eb Malin e Zi. Gjat\u00eb k\u00ebsaj vizite, e para n\u00eb cil\u00ebsin\u00eb e kryetarit t\u00eb Partis\u00eb Socialiste, Edi Rama zhvilloi nj\u00eb num\u00ebr takimesh me p\u00ebrfaq\u00ebsues t\u00eb komunitetit shqiptar. Nd\u00ebr t\u00eb tjera ai u takua me kreun e [&hellip;]<\/p>\n","protected":false},"author":1,"featured_media":0,"comment_status":"open","ping_status":"closed","sticky":false,"template":"","format":"standard","meta":{"spay_email":"","jetpack_publicize_message":"","jetpack_is_tweetstorm":false,"jetpack_publicize_feature_enabled":true},"categories":[6],"tags":[16705,297,95,118,200,18],"jetpack_publicize_connections":[],"yoast_head":"<!-- This site is optimized with the Yoast SEO plugin v19.1 - https:\/\/yoast.com\/wordpress\/plugins\/seo\/ -->\n<title>Edi Rama viziton Ulqinin,k\u00ebrkon Universitet shqip n\u00eb Mal t\u00eb Zi - Lajme nga Ulqini<\/title>\n<meta name=\"description\" content=\"Kryetari i Partis\u00eb Socialiste Edi Rama, i shoq\u00ebruar nga deputet\u00ebt e Qarqeve t\u00eb Shkodr\u00ebs dhe Lezh\u00ebs zhvilloi nj\u00eb vizit\u00eb n\u00eb Malin e Zi. Gjat\u00eb k\u00ebsaj vizite,\" \/>\n<meta name=\"robots\" content=\"index, follow, max-snippet:-1, max-image-preview:large, max-video-preview:-1\" \/>\n<link rel=\"canonical\" href=\"https:\/\/www.visit-ulcinj.com\/blog\/2012\/04\/30\/edi-rama-viziton-ulqininkerkon-universitet-shqip-ne-mal-te-zi\/\" \/>\n<meta property=\"og:locale\" content=\"en_US\" \/>\n<meta property=\"og:type\" content=\"article\" \/>\n<meta property=\"og:title\" content=\"Edi Rama viziton Ulqinin,k\u00ebrkon Universitet shqip n\u00eb Mal t\u00eb Zi - Lajme nga Ulqini\" \/>\n<meta property=\"og:description\" content=\"Kryetari i Partis\u00eb Socialiste Edi Rama, i shoq\u00ebruar nga deputet\u00ebt e Qarqeve t\u00eb Shkodr\u00ebs dhe Lezh\u00ebs zhvilloi nj\u00eb vizit\u00eb n\u00eb Malin e Zi. Gjat\u00eb k\u00ebsaj vizite,\" \/>\n<meta property=\"og:url\" content=\"https:\/\/www.visit-ulcinj.com\/blog\/2012\/04\/30\/edi-rama-viziton-ulqininkerkon-universitet-shqip-ne-mal-te-zi\/\" \/>\n<meta property=\"og:site_name\" content=\"Lajme nga Ulqini\" \/>\n<meta property=\"article:published_time\" content=\"2012-04-30T19:35:04+00:00\" \/>\n<meta property=\"og:image\" content=\"http:\/\/www.visit-ulcinj.com\/blog\/wp-content\/uploads\/2012\/04\/Nazif-Cungu-pret-ne-vizit-Edi-Ramen.jpg\" \/>\n<meta name=\"twitter:label1\" content=\"Written by\" \/>\n\t<meta name=\"twitter:data1\" content=\"ulqini\" \/>\n\t<meta name=\"twitter:label2\" content=\"Est. reading time\" \/>\n\t<meta name=\"twitter:data2\" content=\"5 minutes\" \/>\n<script type=\"application\/ld+json\" class=\"yoast-schema-graph\">{\"@context\":\"https:\/\/schema.org\",\"@graph\":[{\"@type\":\"WebSite\",\"@id\":\"https:\/\/www.visit-ulcinj.com\/blog\/#website\",\"url\":\"https:\/\/www.visit-ulcinj.com\/blog\/\",\"name\":\"Lajme nga Ulqini\",\"description\":\"Lajme,Vijesti,Ulqini,Ulqin,Crna Gora,Mali i Zi\",\"potentialAction\":[{\"@type\":\"SearchAction\",\"target\":{\"@type\":\"EntryPoint\",\"urlTemplate\":\"https:\/\/www.visit-ulcinj.com\/blog\/?s={search_term_string}\"},\"query-input\":\"required name=search_term_string\"}],\"inLanguage\":\"en-US\"},{\"@type\":\"ImageObject\",\"inLanguage\":\"en-US\",\"@id\":\"https:\/\/www.visit-ulcinj.com\/blog\/2012\/04\/30\/edi-rama-viziton-ulqininkerkon-universitet-shqip-ne-mal-te-zi\/#primaryimage\",\"url\":\"https:\/\/www.visit-ulcinj.com\/blog\/wp-content\/uploads\/2012\/04\/Nazif-Cungu-pret-ne-vizit-Edi-Ramen.jpg\",\"contentUrl\":\"https:\/\/www.visit-ulcinj.com\/blog\/wp-content\/uploads\/2012\/04\/Nazif-Cungu-pret-ne-vizit-Edi-Ramen.jpg\",\"width\":\"478\",\"height\":\"352\"},{\"@type\":\"WebPage\",\"@id\":\"https:\/\/www.visit-ulcinj.com\/blog\/2012\/04\/30\/edi-rama-viziton-ulqininkerkon-universitet-shqip-ne-mal-te-zi\/#webpage\",\"url\":\"https:\/\/www.visit-ulcinj.com\/blog\/2012\/04\/30\/edi-rama-viziton-ulqininkerkon-universitet-shqip-ne-mal-te-zi\/\",\"name\":\"Edi Rama viziton Ulqinin,k\u00ebrkon Universitet shqip n\u00eb Mal t\u00eb Zi - Lajme nga Ulqini\",\"isPartOf\":{\"@id\":\"https:\/\/www.visit-ulcinj.com\/blog\/#website\"},\"primaryImageOfPage\":{\"@id\":\"https:\/\/www.visit-ulcinj.com\/blog\/2012\/04\/30\/edi-rama-viziton-ulqininkerkon-universitet-shqip-ne-mal-te-zi\/#primaryimage\"},\"datePublished\":\"2012-04-30T19:35:04+00:00\",\"dateModified\":\"2012-04-30T19:35:04+00:00\",\"author\":{\"@id\":\"https:\/\/www.visit-ulcinj.com\/blog\/#\/schema\/person\/dcab619c614d3038751c63bc2aadc06d\"},\"description\":\"Kryetari i Partis\u00eb Socialiste Edi Rama, i shoq\u00ebruar nga deputet\u00ebt e Qarqeve t\u00eb Shkodr\u00ebs dhe Lezh\u00ebs zhvilloi nj\u00eb vizit\u00eb n\u00eb Malin e Zi. Gjat\u00eb k\u00ebsaj vizite,\",\"breadcrumb\":{\"@id\":\"https:\/\/www.visit-ulcinj.com\/blog\/2012\/04\/30\/edi-rama-viziton-ulqininkerkon-universitet-shqip-ne-mal-te-zi\/#breadcrumb\"},\"inLanguage\":\"en-US\",\"potentialAction\":[{\"@type\":\"ReadAction\",\"target\":[\"https:\/\/www.visit-ulcinj.com\/blog\/2012\/04\/30\/edi-rama-viziton-ulqininkerkon-universitet-shqip-ne-mal-te-zi\/\"]}]},{\"@type\":\"BreadcrumbList\",\"@id\":\"https:\/\/www.visit-ulcinj.com\/blog\/2012\/04\/30\/edi-rama-viziton-ulqininkerkon-universitet-shqip-ne-mal-te-zi\/#breadcrumb\",\"itemListElement\":[{\"@type\":\"ListItem\",\"position\":1,\"name\":\"Edi Rama viziton Ulqinin,k\u00ebrkon Universitet shqip n\u00eb Mal t\u00eb Zi\"}]},{\"@type\":\"Person\",\"@id\":\"https:\/\/www.visit-ulcinj.com\/blog\/#\/schema\/person\/dcab619c614d3038751c63bc2aadc06d\",\"name\":\"ulqini\",\"sameAs\":[\"http:\/\/www.visit-ulcinj.com\"],\"url\":\"https:\/\/www.visit-ulcinj.com\/blog\/author\/admin\/\"}]}<\/script>\n<!-- \/ Yoast SEO plugin. -->","yoast_head_json":{"title":"Edi Rama viziton Ulqinin,k\u00ebrkon Universitet shqip n\u00eb Mal t\u00eb Zi - Lajme nga Ulqini","description":"Kryetari i Partis\u00eb Socialiste Edi Rama, i shoq\u00ebruar nga deputet\u00ebt e Qarqeve t\u00eb Shkodr\u00ebs dhe Lezh\u00ebs zhvilloi nj\u00eb vizit\u00eb n\u00eb Malin e Zi. Gjat\u00eb k\u00ebsaj vizite,","robots":{"index":"index","follow":"follow","max-snippet":"max-snippet:-1","max-image-preview":"max-image-preview:large","max-video-preview":"max-video-preview:-1"},"canonical":"https:\/\/www.visit-ulcinj.com\/blog\/2012\/04\/30\/edi-rama-viziton-ulqininkerkon-universitet-shqip-ne-mal-te-zi\/","og_locale":"en_US","og_type":"article","og_title":"Edi Rama viziton Ulqinin,k\u00ebrkon Universitet shqip n\u00eb Mal t\u00eb Zi - Lajme nga Ulqini","og_description":"Kryetari i Partis\u00eb Socialiste Edi Rama, i shoq\u00ebruar nga deputet\u00ebt e Qarqeve t\u00eb Shkodr\u00ebs dhe Lezh\u00ebs zhvilloi nj\u00eb vizit\u00eb n\u00eb Malin e Zi. Gjat\u00eb k\u00ebsaj vizite,","og_url":"https:\/\/www.visit-ulcinj.com\/blog\/2012\/04\/30\/edi-rama-viziton-ulqininkerkon-universitet-shqip-ne-mal-te-zi\/","og_site_name":"Lajme nga Ulqini","article_published_time":"2012-04-30T19:35:04+00:00","og_image":[{"url":"http:\/\/www.visit-ulcinj.com\/blog\/wp-content\/uploads\/2012\/04\/Nazif-Cungu-pret-ne-vizit-Edi-Ramen.jpg"}],"twitter_misc":{"Written by":"ulqini","Est. reading time":"5 minutes"},"schema":{"@context":"https:\/\/schema.org","@graph":[{"@type":"WebSite","@id":"https:\/\/www.visit-ulcinj.com\/blog\/#website","url":"https:\/\/www.visit-ulcinj.com\/blog\/","name":"Lajme nga Ulqini","description":"Lajme,Vijesti,Ulqini,Ulqin,Crna Gora,Mali i Zi","potentialAction":[{"@type":"SearchAction","target":{"@type":"EntryPoint","urlTemplate":"https:\/\/www.visit-ulcinj.com\/blog\/?s={search_term_string}"},"query-input":"required name=search_term_string"}],"inLanguage":"en-US"},{"@type":"ImageObject","inLanguage":"en-US","@id":"https:\/\/www.visit-ulcinj.com\/blog\/2012\/04\/30\/edi-rama-viziton-ulqininkerkon-universitet-shqip-ne-mal-te-zi\/#primaryimage","url":"https:\/\/www.visit-ulcinj.com\/blog\/wp-content\/uploads\/2012\/04\/Nazif-Cungu-pret-ne-vizit-Edi-Ramen.jpg","contentUrl":"https:\/\/www.visit-ulcinj.com\/blog\/wp-content\/uploads\/2012\/04\/Nazif-Cungu-pret-ne-vizit-Edi-Ramen.jpg","width":"478","height":"352"},{"@type":"WebPage","@id":"https:\/\/www.visit-ulcinj.com\/blog\/2012\/04\/30\/edi-rama-viziton-ulqininkerkon-universitet-shqip-ne-mal-te-zi\/#webpage","url":"https:\/\/www.visit-ulcinj.com\/blog\/2012\/04\/30\/edi-rama-viziton-ulqininkerkon-universitet-shqip-ne-mal-te-zi\/","name":"Edi Rama viziton Ulqinin,k\u00ebrkon Universitet shqip n\u00eb Mal t\u00eb Zi - Lajme nga Ulqini","isPartOf":{"@id":"https:\/\/www.visit-ulcinj.com\/blog\/#website"},"primaryImageOfPage":{"@id":"https:\/\/www.visit-ulcinj.com\/blog\/2012\/04\/30\/edi-rama-viziton-ulqininkerkon-universitet-shqip-ne-mal-te-zi\/#primaryimage"},"datePublished":"2012-04-30T19:35:04+00:00","dateModified":"2012-04-30T19:35:04+00:00","author":{"@id":"https:\/\/www.visit-ulcinj.com\/blog\/#\/schema\/person\/dcab619c614d3038751c63bc2aadc06d"},"description":"Kryetari i Partis\u00eb Socialiste Edi Rama, i shoq\u00ebruar nga deputet\u00ebt e Qarqeve t\u00eb Shkodr\u00ebs dhe Lezh\u00ebs zhvilloi nj\u00eb vizit\u00eb n\u00eb Malin e Zi. Gjat\u00eb k\u00ebsaj vizite,","breadcrumb":{"@id":"https:\/\/www.visit-ulcinj.com\/blog\/2012\/04\/30\/edi-rama-viziton-ulqininkerkon-universitet-shqip-ne-mal-te-zi\/#breadcrumb"},"inLanguage":"en-US","potentialAction":[{"@type":"ReadAction","target":["https:\/\/www.visit-ulcinj.com\/blog\/2012\/04\/30\/edi-rama-viziton-ulqininkerkon-universitet-shqip-ne-mal-te-zi\/"]}]},{"@type":"BreadcrumbList","@id":"https:\/\/www.visit-ulcinj.com\/blog\/2012\/04\/30\/edi-rama-viziton-ulqininkerkon-universitet-shqip-ne-mal-te-zi\/#breadcrumb","itemListElement":[{"@type":"ListItem","position":1,"name":"Edi Rama viziton Ulqinin,k\u00ebrkon Universitet shqip n\u00eb Mal t\u00eb Zi"}]},{"@type":"Person","@id":"https:\/\/www.visit-ulcinj.com\/blog\/#\/schema\/person\/dcab619c614d3038751c63bc2aadc06d","name":"ulqini","sameAs":["http:\/\/www.visit-ulcinj.com"],"url":"https:\/\/www.visit-ulcinj.com\/blog\/author\/admin\/"}]}},"jetpack_featured_media_url":"","jetpack_sharing_enabled":true,"jetpack_shortlink":"https:\/\/wp.me\/pe6lTn-fzS","_links":{"self":[{"href":"https:\/\/www.visit-ulcinj.com\/blog\/wp-json\/wp\/v2\/posts\/59884"}],"collection":[{"href":"https:\/\/www.visit-ulcinj.com\/blog\/wp-json\/wp\/v2\/posts"}],"about":[{"href":"https:\/\/www.visit-ulcinj.com\/blog\/wp-json\/wp\/v2\/types\/post"}],"author":[{"embeddable":true,"href":"https:\/\/www.visit-ulcinj.com\/blog\/wp-json\/wp\/v2\/users\/1"}],"replies":[{"embeddable":true,"href":"https:\/\/www.visit-ulcinj.com\/blog\/wp-json\/wp\/v2\/comments?post=59884"}],"version-history":[{"count":2,"href":"https:\/\/www.visit-ulcinj.com\/blog\/wp-json\/wp\/v2\/posts\/59884\/revisions"}],"predecessor-version":[{"id":59888,"href":"https:\/\/www.visit-ulcinj.com\/blog\/wp-json\/wp\/v2\/posts\/59884\/revisions\/59888"}],"wp:attachment":[{"href":"https:\/\/www.visit-ulcinj.com\/blog\/wp-json\/wp\/v2\/media?parent=59884"}],"wp:term":[{"taxonomy":"category","embeddable":true,"href":"https:\/\/www.visit-ulcinj.com\/blog\/wp-json\/wp\/v2\/categories?post=59884"},{"taxonomy":"post_tag","embeddable":true,"href":"https:\/\/www.visit-ulcinj.com\/blog\/wp-json\/wp\/v2\/tags?post=59884"}],"curies":[{"name":"wp","href":"https:\/\/api.w.org\/{rel}","templated":true}]}}