{"id":59889,"date":"2012-04-30T20:50:49","date_gmt":"2012-04-30T19:50:49","guid":{"rendered":"http:\/\/www.visit-ulcinj.com\/blog\/?p=59889"},"modified":"2012-04-30T21:25:43","modified_gmt":"2012-04-30T20:25:43","slug":"ogelsonte-muzik-live","status":"publish","type":"post","link":"https:\/\/www.visit-ulcinj.com\/blog\/2012\/04\/30\/ogelsonte-muzik-live\/","title":{"rendered":"Sonte muzik Live n\u00eb Ran\u00eb &#8211; Plazhin e Vog\u00ebl &#8211; Ulqin"},"content":{"rendered":"<p><a href=\"http:\/\/www.visit-ulcinj.com\/blog\/wp-content\/uploads\/2012\/04\/Sonte-muzik-Live-n\u00eb-Ran\u00eb-Plazhin-e-Vog\u00ebl-Ulqin.jpg\"><img loading=\"lazy\" class=\"alignleft size-full wp-image-59891\" title=\"Sonte muzik Live n\u00eb Ran\u00eb - Plazhin e Vog\u00ebl - Ulqin\" src=\"http:\/\/www.visit-ulcinj.com\/blog\/wp-content\/uploads\/2012\/04\/Sonte-muzik-Live-n\u00eb-Ran\u00eb-Plazhin-e-Vog\u00ebl-Ulqin.jpg\" alt=\"\" width=\"500\" height=\"603\" \/><\/a>Ne organizmimin e Komunes se Ulqinit dhe organizates turistike ,sonte organizohet tubim festiv ku do t\u00eb marrin pjes\u00eb Dino Zhygjeli,Galle,Kadrok ws.Millok,Rita Lulgjuraj,ZaTa,Tri Band,Dritan Maraj,dhe Cani Lazoja.<br \/>\nKy eshte koncert i cili behet dhe organizohet nga OTG turistike dhe komuna per fillimin e sezonit turistik dhe per hire te turisteve te shumte qe kan ardh ne Ulqin.<br \/>\nSpektakli i sot\u00ebm ve\u00e7 sa ja ka filluar,duke ju deshiruar gjth\u00ebve juve ta kaloni k\u00ebt nat\u00eb sa me bukur q\u00eb mundeni.<\/p>\n<!--YouTube Error: bad URL entered-->\n","protected":false},"excerpt":{"rendered":"<p>Ne organizmimin e Komunes se Ulqinit dhe organizates turistike ,sonte organizohet tubim festiv ku do t\u00eb marrin pjes\u00eb Dino Zhygjeli,Galle,Kadrok ws.Millok,Rita Lulgjuraj,ZaTa,Tri Band,Dritan Maraj,dhe Cani Lazoja. Ky eshte koncert i cili behet dhe organizohet nga OTG turistike dhe komuna per fillimin e sezonit turistik dhe per hire te turisteve te shumte qe kan ardh ne [&hellip;]<\/p>\n","protected":false},"author":1,"featured_media":0,"comment_status":"open","ping_status":"closed","sticky":false,"template":"","format":"standard","meta":{"spay_email":"","jetpack_publicize_message":"","jetpack_is_tweetstorm":false,"jetpack_publicize_feature_enabled":true},"categories":[4],"tags":[10074,20412,11216,18196,20413,20416,20415,16412,18192,20417,20414,200,18,18200],"jetpack_publicize_connections":[],"yoast_head":"<!-- This site is optimized with the Yoast SEO plugin v19.1 - https:\/\/yoast.com\/wordpress\/plugins\/seo\/ -->\n<title>Sonte muzik Live n\u00eb Ran\u00eb - Plazhin e Vog\u00ebl - Ulqin - Lajme nga Ulqini<\/title>\n<meta name=\"description\" content=\"Ne organizmimin e Komunes se Ulqinit dhe organizates turistike ,sonte organizohet tubim festiv ku do t\u00eb marrin pjes\u00eb Dino Zhygjeli,Galle,Kadrok\" \/>\n<meta name=\"robots\" content=\"index, follow, max-snippet:-1, max-image-preview:large, max-video-preview:-1\" \/>\n<link rel=\"canonical\" href=\"https:\/\/www.visit-ulcinj.com\/blog\/2012\/04\/30\/ogelsonte-muzik-live\/\" \/>\n<meta property=\"og:locale\" content=\"en_US\" \/>\n<meta property=\"og:type\" content=\"article\" \/>\n<meta property=\"og:title\" content=\"Sonte muzik Live n\u00eb Ran\u00eb - Plazhin e Vog\u00ebl - Ulqin - Lajme nga Ulqini\" \/>\n<meta property=\"og:description\" content=\"Ne organizmimin e Komunes se Ulqinit dhe organizates turistike ,sonte organizohet tubim festiv ku do t\u00eb marrin pjes\u00eb Dino Zhygjeli,Galle,Kadrok\" \/>\n<meta property=\"og:url\" content=\"https:\/\/www.visit-ulcinj.com\/blog\/2012\/04\/30\/ogelsonte-muzik-live\/\" \/>\n<meta property=\"og:site_name\" content=\"Lajme nga Ulqini\" \/>\n<meta property=\"article:published_time\" content=\"2012-04-30T19:50:49+00:00\" \/>\n<meta property=\"article:modified_time\" content=\"2012-04-30T20:25:43+00:00\" \/>\n<meta name=\"twitter:label1\" content=\"Written by\" \/>\n\t<meta name=\"twitter:data1\" content=\"ulqini\" \/>\n<script type=\"application\/ld+json\" class=\"yoast-schema-graph\">{\"@context\":\"https:\/\/schema.org\",\"@graph\":[{\"@type\":\"WebSite\",\"@id\":\"https:\/\/www.visit-ulcinj.com\/blog\/#website\",\"url\":\"https:\/\/www.visit-ulcinj.com\/blog\/\",\"name\":\"Lajme nga Ulqini\",\"description\":\"Lajme,Vijesti,Ulqini,Ulqin,Crna Gora,Mali i Zi\",\"potentialAction\":[{\"@type\":\"SearchAction\",\"target\":{\"@type\":\"EntryPoint\",\"urlTemplate\":\"https:\/\/www.visit-ulcinj.com\/blog\/?s={search_term_string}\"},\"query-input\":\"required name=search_term_string\"}],\"inLanguage\":\"en-US\"},{\"@type\":\"WebPage\",\"@id\":\"https:\/\/www.visit-ulcinj.com\/blog\/2012\/04\/30\/ogelsonte-muzik-live\/#webpage\",\"url\":\"https:\/\/www.visit-ulcinj.com\/blog\/2012\/04\/30\/ogelsonte-muzik-live\/\",\"name\":\"Sonte muzik Live n\u00eb Ran\u00eb - Plazhin e Vog\u00ebl - Ulqin - Lajme nga Ulqini\",\"isPartOf\":{\"@id\":\"https:\/\/www.visit-ulcinj.com\/blog\/#website\"},\"datePublished\":\"2012-04-30T19:50:49+00:00\",\"dateModified\":\"2012-04-30T20:25:43+00:00\",\"author\":{\"@id\":\"https:\/\/www.visit-ulcinj.com\/blog\/#\/schema\/person\/dcab619c614d3038751c63bc2aadc06d\"},\"description\":\"Ne organizmimin e Komunes se Ulqinit dhe organizates turistike ,sonte organizohet tubim festiv ku do t\u00eb marrin pjes\u00eb Dino Zhygjeli,Galle,Kadrok\",\"breadcrumb\":{\"@id\":\"https:\/\/www.visit-ulcinj.com\/blog\/2012\/04\/30\/ogelsonte-muzik-live\/#breadcrumb\"},\"inLanguage\":\"en-US\",\"potentialAction\":[{\"@type\":\"ReadAction\",\"target\":[\"https:\/\/www.visit-ulcinj.com\/blog\/2012\/04\/30\/ogelsonte-muzik-live\/\"]}]},{\"@type\":\"BreadcrumbList\",\"@id\":\"https:\/\/www.visit-ulcinj.com\/blog\/2012\/04\/30\/ogelsonte-muzik-live\/#breadcrumb\",\"itemListElement\":[{\"@type\":\"ListItem\",\"position\":1,\"name\":\"Sonte muzik Live n\u00eb Ran\u00eb &#8211; Plazhin e Vog\u00ebl &#8211; Ulqin\"}]},{\"@type\":\"Person\",\"@id\":\"https:\/\/www.visit-ulcinj.com\/blog\/#\/schema\/person\/dcab619c614d3038751c63bc2aadc06d\",\"name\":\"ulqini\",\"sameAs\":[\"http:\/\/www.visit-ulcinj.com\"],\"url\":\"https:\/\/www.visit-ulcinj.com\/blog\/author\/admin\/\"}]}<\/script>\n<!-- \/ Yoast SEO plugin. -->","yoast_head_json":{"title":"Sonte muzik Live n\u00eb Ran\u00eb - Plazhin e Vog\u00ebl - Ulqin - Lajme nga Ulqini","description":"Ne organizmimin e Komunes se Ulqinit dhe organizates turistike ,sonte organizohet tubim festiv ku do t\u00eb marrin pjes\u00eb Dino Zhygjeli,Galle,Kadrok","robots":{"index":"index","follow":"follow","max-snippet":"max-snippet:-1","max-image-preview":"max-image-preview:large","max-video-preview":"max-video-preview:-1"},"canonical":"https:\/\/www.visit-ulcinj.com\/blog\/2012\/04\/30\/ogelsonte-muzik-live\/","og_locale":"en_US","og_type":"article","og_title":"Sonte muzik Live n\u00eb Ran\u00eb - Plazhin e Vog\u00ebl - Ulqin - Lajme nga Ulqini","og_description":"Ne organizmimin e Komunes se Ulqinit dhe organizates turistike ,sonte organizohet tubim festiv ku do t\u00eb marrin pjes\u00eb Dino Zhygjeli,Galle,Kadrok","og_url":"https:\/\/www.visit-ulcinj.com\/blog\/2012\/04\/30\/ogelsonte-muzik-live\/","og_site_name":"Lajme nga Ulqini","article_published_time":"2012-04-30T19:50:49+00:00","article_modified_time":"2012-04-30T20:25:43+00:00","twitter_misc":{"Written by":"ulqini"},"schema":{"@context":"https:\/\/schema.org","@graph":[{"@type":"WebSite","@id":"https:\/\/www.visit-ulcinj.com\/blog\/#website","url":"https:\/\/www.visit-ulcinj.com\/blog\/","name":"Lajme nga Ulqini","description":"Lajme,Vijesti,Ulqini,Ulqin,Crna Gora,Mali i Zi","potentialAction":[{"@type":"SearchAction","target":{"@type":"EntryPoint","urlTemplate":"https:\/\/www.visit-ulcinj.com\/blog\/?s={search_term_string}"},"query-input":"required name=search_term_string"}],"inLanguage":"en-US"},{"@type":"WebPage","@id":"https:\/\/www.visit-ulcinj.com\/blog\/2012\/04\/30\/ogelsonte-muzik-live\/#webpage","url":"https:\/\/www.visit-ulcinj.com\/blog\/2012\/04\/30\/ogelsonte-muzik-live\/","name":"Sonte muzik Live n\u00eb Ran\u00eb - Plazhin e Vog\u00ebl - Ulqin - Lajme nga Ulqini","isPartOf":{"@id":"https:\/\/www.visit-ulcinj.com\/blog\/#website"},"datePublished":"2012-04-30T19:50:49+00:00","dateModified":"2012-04-30T20:25:43+00:00","author":{"@id":"https:\/\/www.visit-ulcinj.com\/blog\/#\/schema\/person\/dcab619c614d3038751c63bc2aadc06d"},"description":"Ne organizmimin e Komunes se Ulqinit dhe organizates turistike ,sonte organizohet tubim festiv ku do t\u00eb marrin pjes\u00eb Dino Zhygjeli,Galle,Kadrok","breadcrumb":{"@id":"https:\/\/www.visit-ulcinj.com\/blog\/2012\/04\/30\/ogelsonte-muzik-live\/#breadcrumb"},"inLanguage":"en-US","potentialAction":[{"@type":"ReadAction","target":["https:\/\/www.visit-ulcinj.com\/blog\/2012\/04\/30\/ogelsonte-muzik-live\/"]}]},{"@type":"BreadcrumbList","@id":"https:\/\/www.visit-ulcinj.com\/blog\/2012\/04\/30\/ogelsonte-muzik-live\/#breadcrumb","itemListElement":[{"@type":"ListItem","position":1,"name":"Sonte muzik Live n\u00eb Ran\u00eb &#8211; Plazhin e Vog\u00ebl &#8211; Ulqin"}]},{"@type":"Person","@id":"https:\/\/www.visit-ulcinj.com\/blog\/#\/schema\/person\/dcab619c614d3038751c63bc2aadc06d","name":"ulqini","sameAs":["http:\/\/www.visit-ulcinj.com"],"url":"https:\/\/www.visit-ulcinj.com\/blog\/author\/admin\/"}]}},"jetpack_featured_media_url":"","jetpack_sharing_enabled":true,"jetpack_shortlink":"https:\/\/wp.me\/pe6lTn-fzX","_links":{"self":[{"href":"https:\/\/www.visit-ulcinj.com\/blog\/wp-json\/wp\/v2\/posts\/59889"}],"collection":[{"href":"https:\/\/www.visit-ulcinj.com\/blog\/wp-json\/wp\/v2\/posts"}],"about":[{"href":"https:\/\/www.visit-ulcinj.com\/blog\/wp-json\/wp\/v2\/types\/post"}],"author":[{"embeddable":true,"href":"https:\/\/www.visit-ulcinj.com\/blog\/wp-json\/wp\/v2\/users\/1"}],"replies":[{"embeddable":true,"href":"https:\/\/www.visit-ulcinj.com\/blog\/wp-json\/wp\/v2\/comments?post=59889"}],"version-history":[{"count":8,"href":"https:\/\/www.visit-ulcinj.com\/blog\/wp-json\/wp\/v2\/posts\/59889\/revisions"}],"predecessor-version":[{"id":59899,"href":"https:\/\/www.visit-ulcinj.com\/blog\/wp-json\/wp\/v2\/posts\/59889\/revisions\/59899"}],"wp:attachment":[{"href":"https:\/\/www.visit-ulcinj.com\/blog\/wp-json\/wp\/v2\/media?parent=59889"}],"wp:term":[{"taxonomy":"category","embeddable":true,"href":"https:\/\/www.visit-ulcinj.com\/blog\/wp-json\/wp\/v2\/categories?post=59889"},{"taxonomy":"post_tag","embeddable":true,"href":"https:\/\/www.visit-ulcinj.com\/blog\/wp-json\/wp\/v2\/tags?post=59889"}],"curies":[{"name":"wp","href":"https:\/\/api.w.org\/{rel}","templated":true}]}}