{"id":599,"date":"2008-02-21T13:51:36","date_gmt":"2008-02-21T18:51:36","guid":{"rendered":"http:\/\/www.visit-ulcinj.com\/blog\/2008\/02\/21\/piktoret-ulqinake-rudi-goga-bilal-nikeziqi-dhe-naser-hasa-hapen-te-marten-ekspoziten-kolektive-ne-galerine-most-ne-podgorice\/"},"modified":"2009-05-08T13:42:51","modified_gmt":"2009-05-08T11:42:51","slug":"piktoret-ulqinake-rudi-goga-bilal-nikeziqi-dhe-naser-hasa-hapen-te-marten-ekspoziten-kolektive-ne-galerine-most-ne-podgorice","status":"publish","type":"post","link":"https:\/\/www.visit-ulcinj.com\/blog\/2008\/02\/21\/piktoret-ulqinake-rudi-goga-bilal-nikeziqi-dhe-naser-hasa-hapen-te-marten-ekspoziten-kolektive-ne-galerine-most-ne-podgorice\/","title":{"rendered":"Piktor\u00ebt ulqinak\u00eb Rudi Goga, Bilal Nikeziqi dhe Naser Hasa hapen t\u00eb mart\u00ebn ekspozit\u00ebn kolektive n\u00eb galerin\u00eb &#8220;most&#8221; n\u00eb podgoric\u00eb"},"content":{"rendered":"<p><a title=\"Naser Hasa-Bilal Nikeziqi\" rel=\"attachment wp-att-516\" href=\"http:\/\/www.visit-ulcinj.com\/blog\/2008\/02\/14\/izlozba-ulcinjskih-slikara-u-podgorickoj-galeriji-most\/naser-hasa-bilal-nikeziqi\/\"><img loading=\"lazy\" src=\"http:\/\/www.visit-ulcinj.com\/blog\/wp-content\/uploads\/2008\/02\/naser-hasa-bilal-nikeziqi.jpg\" alt=\"Naser Hasa-Bilal Nikeziqi\" width=\"240\" height=\"180\" align=\"left\" \/><\/a><strong>Arti krijohet edhe n\u00eb provinc\u00eb<\/strong><\/p>\n<p>Ekspozit\u00ebn e hapi piktori akademik Mihaillo Millo Pavlloviq, i cili theksoi se ndon\u00ebse n\u00eb Ulqin t\u00eb krijosh art \u00ebsht\u00eb v\u00ebshtir\u00eb, k\u00ebta artist\u00eb tregojn\u00eb se edhe larg qendrave t\u00eb m\u00ebdha, pa kushte t\u00eb mira mund t\u00eb krijohet art cil\u00ebsor.<\/p>\n<p>Piktor\u00ebt akademik\u00eb ulqinak\u00eb Rudi Goga, Bilal Nikeziqi dhe Naser Hasa hap\u00ebn t\u00eb mart\u00ebn n\u00eb Galerin\u00eb &#8220;Most&#8221; n\u00eb Podgoric\u00eb ekspozit\u00ebn e tyre. N\u00eb ekspozit\u00eb ata prezantohen me nga dhjet\u00eb punime t\u00eb punuara gjat\u00eb dy viteve t\u00eb fundit.<\/p>\n<p>Ekspozit\u00ebn e hapi piktori akademik Mihaillo Millo Pavlloviq, i cili theksoi se ndon\u00ebse n\u00eb Ulqin t\u00eb krijosh art \u00ebsht\u00eb v\u00ebshtir\u00eb, k\u00ebta artist\u00eb tregojn\u00eb se edhe larg qendrave t\u00eb m\u00ebdha, pa kushte t\u00eb mira mund t\u00eb krijohet art cil\u00ebsor.<\/p>\n<p>&#8220;T\u00eb jetosh dhe t\u00eb krijosh n\u00eb Podgoric\u00eb, Nikshiq dhe Cetin\u00eb, nuk \u00ebsht\u00eb nj\u00ebjt\u00eb si n\u00eb periferin\u00eb gjeografike t\u00eb Malit t\u00eb Zi. T\u00eb krijosh n\u00eb Ulqin \u00ebsht\u00eb v\u00ebshtir\u00eb. Larg qendrave t\u00eb m\u00ebdha kulturore, pa atelje, n\u00eb kushtet q\u00eb nuk jan\u00eb karakteristik\u00eb e koh\u00ebs dhe shekullit ton\u00eb. Por edhe p\u00ebrkund\u00ebr t\u00eb gjitha v\u00ebshtir\u00ebsive q\u00eb i kan\u00eb shoq\u00ebruar, rruga e krijimtaris\u00eb s\u00eb k\u00ebtyre artist\u00ebve \u00ebsht\u00eb shum\u00eb e ndershme, kuantitative dhe mbi t\u00eb gjitha cil\u00ebsore&#8221;, tha n\u00eb fjal\u00ebn e tij Pavlloviq.<\/p>\n<p>T\u00eb tre piktor\u00ebt ulqinak\u00eb kan\u00eb mbaruar Akademin\u00eb e Arteve n\u00eb Prishtin\u00eb. Goga dhe Hasa n\u00eb klas\u00ebn e profesorit Muslim Mulliqi, kurse Nikeziqi n\u00eb klas\u00ebn e profesorit Rexhep Ferri. Ata kan\u00eb pasur deri tani shum\u00eb ekspozita personale dhe kolektive, brenda dhe jasht\u00eb vendit.<\/p>\n<p><strong>(Kohapress)<\/strong><\/p>\n<p><strong><!--YouTube Error: bad URL entered--><br \/>\n<\/strong><\/p>\n","protected":false},"excerpt":{"rendered":"<p><img loading=\"lazy\" src=\"http:\/\/www.visit-ulcinj.com\/blog\/wp-content\/uploads\/2008\/02\/naser-hasa-bilal-nikeziqi.jpg\" alt=\"Naser Hasa-Bilal Nikeziqi\" align=\"left\" height=\"140\" width=\"140\" \/><\/p>\n","protected":false},"author":1,"featured_media":0,"comment_status":"open","ping_status":"closed","sticky":false,"template":"","format":"standard","meta":{"spay_email":"","jetpack_publicize_message":"","jetpack_is_tweetstorm":false,"jetpack_publicize_feature_enabled":true},"categories":[4],"tags":[1383,1307,1382,1809,505,1812,1306,1915,1808,195,1810,1308,200,37],"jetpack_publicize_connections":[],"yoast_head":"<!-- This site is optimized with the Yoast SEO plugin v19.1 - https:\/\/yoast.com\/wordpress\/plugins\/seo\/ -->\n<title>Piktor\u00ebt ulqinak\u00eb Rudi Goga, Bilal Nikeziqi dhe Naser Hasa hapen t\u00eb mart\u00ebn ekspozit\u00ebn kolektive n\u00eb galerin\u00eb &quot;most&quot; n\u00eb podgoric\u00eb - Lajme nga Ulqini<\/title>\n<meta name=\"robots\" content=\"index, follow, max-snippet:-1, max-image-preview:large, max-video-preview:-1\" \/>\n<link rel=\"canonical\" href=\"https:\/\/www.visit-ulcinj.com\/blog\/2008\/02\/21\/piktoret-ulqinake-rudi-goga-bilal-nikeziqi-dhe-naser-hasa-hapen-te-marten-ekspoziten-kolektive-ne-galerine-most-ne-podgorice\/\" \/>\n<meta property=\"og:locale\" content=\"en_US\" \/>\n<meta property=\"og:type\" content=\"article\" \/>\n<meta property=\"og:title\" content=\"Piktor\u00ebt ulqinak\u00eb Rudi Goga, Bilal Nikeziqi dhe Naser Hasa hapen t\u00eb mart\u00ebn ekspozit\u00ebn kolektive n\u00eb galerin\u00eb &quot;most&quot; n\u00eb podgoric\u00eb - Lajme nga Ulqini\" \/>\n<meta property=\"og:url\" content=\"https:\/\/www.visit-ulcinj.com\/blog\/2008\/02\/21\/piktoret-ulqinake-rudi-goga-bilal-nikeziqi-dhe-naser-hasa-hapen-te-marten-ekspoziten-kolektive-ne-galerine-most-ne-podgorice\/\" \/>\n<meta property=\"og:site_name\" content=\"Lajme nga Ulqini\" \/>\n<meta property=\"article:published_time\" content=\"2008-02-21T18:51:36+00:00\" \/>\n<meta property=\"article:modified_time\" content=\"2009-05-08T11:42:51+00:00\" \/>\n<meta property=\"og:image\" content=\"http:\/\/www.visit-ulcinj.com\/blog\/wp-content\/uploads\/2008\/02\/naser-hasa-bilal-nikeziqi.jpg\" \/>\n<meta name=\"twitter:label1\" content=\"Written by\" \/>\n\t<meta name=\"twitter:data1\" content=\"ulqini\" \/>\n\t<meta name=\"twitter:label2\" content=\"Est. reading time\" \/>\n\t<meta name=\"twitter:data2\" content=\"1 minute\" \/>\n<script type=\"application\/ld+json\" class=\"yoast-schema-graph\">{\"@context\":\"https:\/\/schema.org\",\"@graph\":[{\"@type\":\"WebSite\",\"@id\":\"https:\/\/www.visit-ulcinj.com\/blog\/#website\",\"url\":\"https:\/\/www.visit-ulcinj.com\/blog\/\",\"name\":\"Lajme nga Ulqini\",\"description\":\"Lajme,Vijesti,Ulqini,Ulqin,Crna Gora,Mali i Zi\",\"potentialAction\":[{\"@type\":\"SearchAction\",\"target\":{\"@type\":\"EntryPoint\",\"urlTemplate\":\"https:\/\/www.visit-ulcinj.com\/blog\/?s={search_term_string}\"},\"query-input\":\"required name=search_term_string\"}],\"inLanguage\":\"en-US\"},{\"@type\":\"ImageObject\",\"inLanguage\":\"en-US\",\"@id\":\"https:\/\/www.visit-ulcinj.com\/blog\/2008\/02\/21\/piktoret-ulqinake-rudi-goga-bilal-nikeziqi-dhe-naser-hasa-hapen-te-marten-ekspoziten-kolektive-ne-galerine-most-ne-podgorice\/#primaryimage\",\"url\":\"http:\/\/www.visit-ulcinj.com\/blog\/wp-content\/uploads\/2008\/02\/naser-hasa-bilal-nikeziqi.jpg\",\"contentUrl\":\"http:\/\/www.visit-ulcinj.com\/blog\/wp-content\/uploads\/2008\/02\/naser-hasa-bilal-nikeziqi.jpg\"},{\"@type\":\"WebPage\",\"@id\":\"https:\/\/www.visit-ulcinj.com\/blog\/2008\/02\/21\/piktoret-ulqinake-rudi-goga-bilal-nikeziqi-dhe-naser-hasa-hapen-te-marten-ekspoziten-kolektive-ne-galerine-most-ne-podgorice\/#webpage\",\"url\":\"https:\/\/www.visit-ulcinj.com\/blog\/2008\/02\/21\/piktoret-ulqinake-rudi-goga-bilal-nikeziqi-dhe-naser-hasa-hapen-te-marten-ekspoziten-kolektive-ne-galerine-most-ne-podgorice\/\",\"name\":\"Piktor\u00ebt ulqinak\u00eb Rudi Goga, Bilal Nikeziqi dhe Naser Hasa hapen t\u00eb mart\u00ebn ekspozit\u00ebn kolektive n\u00eb galerin\u00eb \\\"most\\\" n\u00eb podgoric\u00eb - Lajme nga Ulqini\",\"isPartOf\":{\"@id\":\"https:\/\/www.visit-ulcinj.com\/blog\/#website\"},\"primaryImageOfPage\":{\"@id\":\"https:\/\/www.visit-ulcinj.com\/blog\/2008\/02\/21\/piktoret-ulqinake-rudi-goga-bilal-nikeziqi-dhe-naser-hasa-hapen-te-marten-ekspoziten-kolektive-ne-galerine-most-ne-podgorice\/#primaryimage\"},\"datePublished\":\"2008-02-21T18:51:36+00:00\",\"dateModified\":\"2009-05-08T11:42:51+00:00\",\"author\":{\"@id\":\"https:\/\/www.visit-ulcinj.com\/blog\/#\/schema\/person\/dcab619c614d3038751c63bc2aadc06d\"},\"breadcrumb\":{\"@id\":\"https:\/\/www.visit-ulcinj.com\/blog\/2008\/02\/21\/piktoret-ulqinake-rudi-goga-bilal-nikeziqi-dhe-naser-hasa-hapen-te-marten-ekspoziten-kolektive-ne-galerine-most-ne-podgorice\/#breadcrumb\"},\"inLanguage\":\"en-US\",\"potentialAction\":[{\"@type\":\"ReadAction\",\"target\":[\"https:\/\/www.visit-ulcinj.com\/blog\/2008\/02\/21\/piktoret-ulqinake-rudi-goga-bilal-nikeziqi-dhe-naser-hasa-hapen-te-marten-ekspoziten-kolektive-ne-galerine-most-ne-podgorice\/\"]}]},{\"@type\":\"BreadcrumbList\",\"@id\":\"https:\/\/www.visit-ulcinj.com\/blog\/2008\/02\/21\/piktoret-ulqinake-rudi-goga-bilal-nikeziqi-dhe-naser-hasa-hapen-te-marten-ekspoziten-kolektive-ne-galerine-most-ne-podgorice\/#breadcrumb\",\"itemListElement\":[{\"@type\":\"ListItem\",\"position\":1,\"name\":\"Piktor\u00ebt ulqinak\u00eb Rudi Goga, Bilal Nikeziqi dhe Naser Hasa hapen t\u00eb mart\u00ebn ekspozit\u00ebn kolektive n\u00eb galerin\u00eb &#8220;most&#8221; n\u00eb podgoric\u00eb\"}]},{\"@type\":\"Person\",\"@id\":\"https:\/\/www.visit-ulcinj.com\/blog\/#\/schema\/person\/dcab619c614d3038751c63bc2aadc06d\",\"name\":\"ulqini\",\"sameAs\":[\"http:\/\/www.visit-ulcinj.com\"],\"url\":\"https:\/\/www.visit-ulcinj.com\/blog\/author\/admin\/\"}]}<\/script>\n<!-- \/ Yoast SEO plugin. -->","yoast_head_json":{"title":"Piktor\u00ebt ulqinak\u00eb Rudi Goga, Bilal Nikeziqi dhe Naser Hasa hapen t\u00eb mart\u00ebn ekspozit\u00ebn kolektive n\u00eb galerin\u00eb \"most\" n\u00eb podgoric\u00eb - Lajme nga Ulqini","robots":{"index":"index","follow":"follow","max-snippet":"max-snippet:-1","max-image-preview":"max-image-preview:large","max-video-preview":"max-video-preview:-1"},"canonical":"https:\/\/www.visit-ulcinj.com\/blog\/2008\/02\/21\/piktoret-ulqinake-rudi-goga-bilal-nikeziqi-dhe-naser-hasa-hapen-te-marten-ekspoziten-kolektive-ne-galerine-most-ne-podgorice\/","og_locale":"en_US","og_type":"article","og_title":"Piktor\u00ebt ulqinak\u00eb Rudi Goga, Bilal Nikeziqi dhe Naser Hasa hapen t\u00eb mart\u00ebn ekspozit\u00ebn kolektive n\u00eb galerin\u00eb \"most\" n\u00eb podgoric\u00eb - Lajme nga Ulqini","og_url":"https:\/\/www.visit-ulcinj.com\/blog\/2008\/02\/21\/piktoret-ulqinake-rudi-goga-bilal-nikeziqi-dhe-naser-hasa-hapen-te-marten-ekspoziten-kolektive-ne-galerine-most-ne-podgorice\/","og_site_name":"Lajme nga Ulqini","article_published_time":"2008-02-21T18:51:36+00:00","article_modified_time":"2009-05-08T11:42:51+00:00","og_image":[{"url":"http:\/\/www.visit-ulcinj.com\/blog\/wp-content\/uploads\/2008\/02\/naser-hasa-bilal-nikeziqi.jpg"}],"twitter_misc":{"Written by":"ulqini","Est. reading time":"1 minute"},"schema":{"@context":"https:\/\/schema.org","@graph":[{"@type":"WebSite","@id":"https:\/\/www.visit-ulcinj.com\/blog\/#website","url":"https:\/\/www.visit-ulcinj.com\/blog\/","name":"Lajme nga Ulqini","description":"Lajme,Vijesti,Ulqini,Ulqin,Crna Gora,Mali i Zi","potentialAction":[{"@type":"SearchAction","target":{"@type":"EntryPoint","urlTemplate":"https:\/\/www.visit-ulcinj.com\/blog\/?s={search_term_string}"},"query-input":"required name=search_term_string"}],"inLanguage":"en-US"},{"@type":"ImageObject","inLanguage":"en-US","@id":"https:\/\/www.visit-ulcinj.com\/blog\/2008\/02\/21\/piktoret-ulqinake-rudi-goga-bilal-nikeziqi-dhe-naser-hasa-hapen-te-marten-ekspoziten-kolektive-ne-galerine-most-ne-podgorice\/#primaryimage","url":"http:\/\/www.visit-ulcinj.com\/blog\/wp-content\/uploads\/2008\/02\/naser-hasa-bilal-nikeziqi.jpg","contentUrl":"http:\/\/www.visit-ulcinj.com\/blog\/wp-content\/uploads\/2008\/02\/naser-hasa-bilal-nikeziqi.jpg"},{"@type":"WebPage","@id":"https:\/\/www.visit-ulcinj.com\/blog\/2008\/02\/21\/piktoret-ulqinake-rudi-goga-bilal-nikeziqi-dhe-naser-hasa-hapen-te-marten-ekspoziten-kolektive-ne-galerine-most-ne-podgorice\/#webpage","url":"https:\/\/www.visit-ulcinj.com\/blog\/2008\/02\/21\/piktoret-ulqinake-rudi-goga-bilal-nikeziqi-dhe-naser-hasa-hapen-te-marten-ekspoziten-kolektive-ne-galerine-most-ne-podgorice\/","name":"Piktor\u00ebt ulqinak\u00eb Rudi Goga, Bilal Nikeziqi dhe Naser Hasa hapen t\u00eb mart\u00ebn ekspozit\u00ebn kolektive n\u00eb galerin\u00eb \"most\" n\u00eb podgoric\u00eb - Lajme nga Ulqini","isPartOf":{"@id":"https:\/\/www.visit-ulcinj.com\/blog\/#website"},"primaryImageOfPage":{"@id":"https:\/\/www.visit-ulcinj.com\/blog\/2008\/02\/21\/piktoret-ulqinake-rudi-goga-bilal-nikeziqi-dhe-naser-hasa-hapen-te-marten-ekspoziten-kolektive-ne-galerine-most-ne-podgorice\/#primaryimage"},"datePublished":"2008-02-21T18:51:36+00:00","dateModified":"2009-05-08T11:42:51+00:00","author":{"@id":"https:\/\/www.visit-ulcinj.com\/blog\/#\/schema\/person\/dcab619c614d3038751c63bc2aadc06d"},"breadcrumb":{"@id":"https:\/\/www.visit-ulcinj.com\/blog\/2008\/02\/21\/piktoret-ulqinake-rudi-goga-bilal-nikeziqi-dhe-naser-hasa-hapen-te-marten-ekspoziten-kolektive-ne-galerine-most-ne-podgorice\/#breadcrumb"},"inLanguage":"en-US","potentialAction":[{"@type":"ReadAction","target":["https:\/\/www.visit-ulcinj.com\/blog\/2008\/02\/21\/piktoret-ulqinake-rudi-goga-bilal-nikeziqi-dhe-naser-hasa-hapen-te-marten-ekspoziten-kolektive-ne-galerine-most-ne-podgorice\/"]}]},{"@type":"BreadcrumbList","@id":"https:\/\/www.visit-ulcinj.com\/blog\/2008\/02\/21\/piktoret-ulqinake-rudi-goga-bilal-nikeziqi-dhe-naser-hasa-hapen-te-marten-ekspoziten-kolektive-ne-galerine-most-ne-podgorice\/#breadcrumb","itemListElement":[{"@type":"ListItem","position":1,"name":"Piktor\u00ebt ulqinak\u00eb Rudi Goga, Bilal Nikeziqi dhe Naser Hasa hapen t\u00eb mart\u00ebn ekspozit\u00ebn kolektive n\u00eb galerin\u00eb &#8220;most&#8221; n\u00eb podgoric\u00eb"}]},{"@type":"Person","@id":"https:\/\/www.visit-ulcinj.com\/blog\/#\/schema\/person\/dcab619c614d3038751c63bc2aadc06d","name":"ulqini","sameAs":["http:\/\/www.visit-ulcinj.com"],"url":"https:\/\/www.visit-ulcinj.com\/blog\/author\/admin\/"}]}},"jetpack_featured_media_url":"","jetpack_sharing_enabled":true,"jetpack_shortlink":"https:\/\/wp.me\/pe6lTn-9F","_links":{"self":[{"href":"https:\/\/www.visit-ulcinj.com\/blog\/wp-json\/wp\/v2\/posts\/599"}],"collection":[{"href":"https:\/\/www.visit-ulcinj.com\/blog\/wp-json\/wp\/v2\/posts"}],"about":[{"href":"https:\/\/www.visit-ulcinj.com\/blog\/wp-json\/wp\/v2\/types\/post"}],"author":[{"embeddable":true,"href":"https:\/\/www.visit-ulcinj.com\/blog\/wp-json\/wp\/v2\/users\/1"}],"replies":[{"embeddable":true,"href":"https:\/\/www.visit-ulcinj.com\/blog\/wp-json\/wp\/v2\/comments?post=599"}],"version-history":[{"count":0,"href":"https:\/\/www.visit-ulcinj.com\/blog\/wp-json\/wp\/v2\/posts\/599\/revisions"}],"wp:attachment":[{"href":"https:\/\/www.visit-ulcinj.com\/blog\/wp-json\/wp\/v2\/media?parent=599"}],"wp:term":[{"taxonomy":"category","embeddable":true,"href":"https:\/\/www.visit-ulcinj.com\/blog\/wp-json\/wp\/v2\/categories?post=599"},{"taxonomy":"post_tag","embeddable":true,"href":"https:\/\/www.visit-ulcinj.com\/blog\/wp-json\/wp\/v2\/tags?post=599"}],"curies":[{"name":"wp","href":"https:\/\/api.w.org\/{rel}","templated":true}]}}