{"id":59900,"date":"2012-04-30T22:00:49","date_gmt":"2012-04-30T21:00:49","guid":{"rendered":"http:\/\/www.visit-ulcinj.com\/blog\/?p=59900"},"modified":"2012-04-30T22:02:10","modified_gmt":"2012-04-30T21:02:10","slug":"dzemal-perovic-nvo-mog-ul-zarobljeni-i-prostor-i-umovi","status":"publish","type":"post","link":"https:\/\/www.visit-ulcinj.com\/blog\/2012\/04\/30\/dzemal-perovic-nvo-mog-ul-zarobljeni-i-prostor-i-umovi\/","title":{"rendered":"D\u017eemal Perovi\u0107, NVO Mog-UL:  Zarobljeni i prostor i umovi"},"content":{"rendered":"<p><a href=\"http:\/\/www.visit-ulcinj.com\/blog\/wp-content\/uploads\/2012\/04\/Dzemal-Perovic-NVO-Mog-UL-valdanos_ulcinj_crna-gora.jpg\"><img loading=\"lazy\" class=\"alignleft size-full wp-image-59901\" title=\"Dzemal Perovic, NVO Mog-UL - valdanos_ulcinj_crna gora\" src=\"http:\/\/www.visit-ulcinj.com\/blog\/wp-content\/uploads\/2012\/04\/Dzemal-Perovic-NVO-Mog-UL-valdanos_ulcinj_crna-gora.jpg\" alt=\"\" width=\"508\" height=\"360\" \/><\/a><strong>MONITOR: Valdanos nije jedini problem jednog od nekad najbogatijih gradova na Crnogorskom primorju. Koji su najve\u0107i problemi sa kojima se suo\u010davaju Ulcinj i njegovi gra\u0111ani?<br \/>\n<\/strong><strong><br \/>\n<strong>PEROVI\u0106:<\/strong><\/strong> Naravno da nije jedini. Gdje god postdate, svaku privatizaciju, sve je samo zagrabljeno, promijenilo vlasnika, poru\u0161eno, istjerano s posla. I jo\u0161 nam se jugale kako Ulcinjani nijesu svjesni koje potencijale imaju za razvoj. Zarobljeni prostor i zarobljeni umovi. Ovo drugo je, ustvari, jedini problem i Ulcinja i cijele Crne Gore.<\/p>\n<p><strong>MONITOR: Kako gledate na proteste koji su u nedjelju odr\u017eani u Ulcinju i Bijelom Polju. Da li tre\u0107i protest u Podgorici mo\u017ee dovesti do promjena?<\/strong><\/p>\n<p><strong>PEROVI\u0106:<\/strong>Kao dokaz zarobljenosti uma. Toliko muke, a tako malo bunta. Do promjena \u0107e do\u0107i, ali ne ovakvim protestima. Da budem jasan, ja idem na svaki.<br \/>\n<strong><br \/>\nMONITOR: Kao \u010dlan LSCG &#8217;90-ih ste se aktivno bavili politikom. I tada i danas je na vlasti DPS. Mo\u017eete li povu\u0107i paralelu izme\u0111u tada\u0161njih i dana\u0161njih mehanizama vladanja i vidova otpora re\u017eimu?<\/strong><\/p>\n<p><strong>PEROVI\u0106: <\/strong>Nakon svih vratolomija (dovoljno je pogledati kako su raspore\u0111eni ljudi iz LSCG 90-ih danas), jedina paralela koja se mo\u017ee povu\u0107i je ljudska pohlepa. Za teritorijama, vla\u0161\u0107u, dominacijom, novcem. Naravno, ne samo u Crnoj Gori. Dok u otporu postoji bitna razlika. Tada je postojao dobro organizovan otpor i nalazio se u LSCG. Sada znam da je to bio jedini organizovani otpor. Sada postoji otpor gra\u0111ana, mo\u017eda i ja\u010di, barem sa vi\u0161e razloga da bude ujedinjen ali nije, na\u017ealost, dobro organizovan. Ili neiskren. A sve le\u017ei u dobroj organizaciji. I nepotkupljivosti.<\/p>\n<p><strong>MONITOR: Vidite li kraj re\u017eimu Mila \u0110ukanovi\u0107a?<\/strong><\/p>\n<p><strong>PEROVI\u0106:<\/strong><strong> Vidim, naravno. \u010cak jasnije nego ovu stvarnost, koja mi se \u010desto prika\u017ee kao nestvarna. Bi\u0107e to kraj koji \u0107e izazvati makar malo stida kod onih koji su pristajali i nekih koji ga danas tobo\u017ee ru\u0161e. E, sada, nijesam ba\u0161 siguran da \u0107u taj kraj i taj stid do\u010dekati, ali ja to onako, za sebe. Bi\u0107u zadovoljan ako ne do\u010dekam da sam ru\u0161io Dubrovnik i hapsio izbjeglice, privatizovao neki hotel i zorio se kroz \u010dar\u0161iju.<\/strong><\/p>\n<p><strong><a href=\"http:\/\/www.monitor.co.me\/index.php?option=com_content&amp;view=article&amp;id=2906:u-sve-dubljem-beznau-&amp;catid=133:novi-broj-tekstovi&amp;Itemid=1267\" target=\"_blank\">Predrag NIKOLI\u0106<br \/>\nMonitor.co.me<\/a><\/strong><\/p>\n","protected":false},"excerpt":{"rendered":"<p>MONITOR: Valdanos nije jedini problem jednog od nekad najbogatijih gradova na Crnogorskom primorju. Koji su najve\u0107i problemi sa kojima se suo\u010davaju Ulcinj i njegovi gra\u0111ani? PEROVI\u0106: Naravno da nije jedini. Gdje god postdate, svaku privatizaciju, sve je samo zagrabljeno, promijenilo vlasnika, poru\u0161eno, istjerano s posla. I jo\u0161 nam se jugale kako Ulcinjani nijesu svjesni koje [&hellip;]<\/p>\n","protected":false},"author":1,"featured_media":0,"comment_status":"open","ping_status":"closed","sticky":false,"template":"","format":"standard","meta":{"spay_email":"","jetpack_publicize_message":"","jetpack_is_tweetstorm":false,"jetpack_publicize_feature_enabled":true},"categories":[8337],"tags":[20,2367,17345,19,136],"jetpack_publicize_connections":[],"yoast_head":"<!-- This site is optimized with the Yoast SEO plugin v19.1 - https:\/\/yoast.com\/wordpress\/plugins\/seo\/ -->\n<title>D\u017eemal Perovi\u0107, NVO Mog-UL: Zarobljeni i prostor i umovi - Lajme nga Ulqini<\/title>\n<meta name=\"description\" content=\"MONITOR: Valdanos nije jedini problem jednog od nekad najbogatijih gradova na Crnogorskom primorju. Koji su najve\u0107i problemi sa kojima se suo\u010davaju Ulcinj\" \/>\n<meta name=\"robots\" content=\"index, follow, max-snippet:-1, max-image-preview:large, max-video-preview:-1\" \/>\n<link rel=\"canonical\" href=\"https:\/\/www.visit-ulcinj.com\/blog\/2012\/04\/30\/dzemal-perovic-nvo-mog-ul-zarobljeni-i-prostor-i-umovi\/\" \/>\n<meta property=\"og:locale\" content=\"en_US\" \/>\n<meta property=\"og:type\" content=\"article\" \/>\n<meta property=\"og:title\" content=\"D\u017eemal Perovi\u0107, NVO Mog-UL: Zarobljeni i prostor i umovi - Lajme nga Ulqini\" \/>\n<meta property=\"og:description\" content=\"MONITOR: Valdanos nije jedini problem jednog od nekad najbogatijih gradova na Crnogorskom primorju. Koji su najve\u0107i problemi sa kojima se suo\u010davaju Ulcinj\" \/>\n<meta property=\"og:url\" content=\"https:\/\/www.visit-ulcinj.com\/blog\/2012\/04\/30\/dzemal-perovic-nvo-mog-ul-zarobljeni-i-prostor-i-umovi\/\" \/>\n<meta property=\"og:site_name\" content=\"Lajme nga Ulqini\" \/>\n<meta property=\"article:published_time\" content=\"2012-04-30T21:00:49+00:00\" \/>\n<meta property=\"article:modified_time\" content=\"2012-04-30T21:02:10+00:00\" \/>\n<meta property=\"og:image\" content=\"http:\/\/www.visit-ulcinj.com\/blog\/wp-content\/uploads\/2012\/04\/Dzemal-Perovic-NVO-Mog-UL-valdanos_ulcinj_crna-gora.jpg\" \/>\n<meta name=\"twitter:label1\" content=\"Written by\" \/>\n\t<meta name=\"twitter:data1\" content=\"ulqini\" \/>\n\t<meta name=\"twitter:label2\" content=\"Est. reading time\" \/>\n\t<meta name=\"twitter:data2\" content=\"2 minutes\" \/>\n<script type=\"application\/ld+json\" class=\"yoast-schema-graph\">{\"@context\":\"https:\/\/schema.org\",\"@graph\":[{\"@type\":\"WebSite\",\"@id\":\"https:\/\/www.visit-ulcinj.com\/blog\/#website\",\"url\":\"https:\/\/www.visit-ulcinj.com\/blog\/\",\"name\":\"Lajme nga Ulqini\",\"description\":\"Lajme,Vijesti,Ulqini,Ulqin,Crna Gora,Mali i Zi\",\"potentialAction\":[{\"@type\":\"SearchAction\",\"target\":{\"@type\":\"EntryPoint\",\"urlTemplate\":\"https:\/\/www.visit-ulcinj.com\/blog\/?s={search_term_string}\"},\"query-input\":\"required name=search_term_string\"}],\"inLanguage\":\"en-US\"},{\"@type\":\"ImageObject\",\"inLanguage\":\"en-US\",\"@id\":\"https:\/\/www.visit-ulcinj.com\/blog\/2012\/04\/30\/dzemal-perovic-nvo-mog-ul-zarobljeni-i-prostor-i-umovi\/#primaryimage\",\"url\":\"https:\/\/www.visit-ulcinj.com\/blog\/wp-content\/uploads\/2012\/04\/Dzemal-Perovic-NVO-Mog-UL-valdanos_ulcinj_crna-gora.jpg\",\"contentUrl\":\"https:\/\/www.visit-ulcinj.com\/blog\/wp-content\/uploads\/2012\/04\/Dzemal-Perovic-NVO-Mog-UL-valdanos_ulcinj_crna-gora.jpg\",\"width\":\"960\",\"height\":\"643\"},{\"@type\":\"WebPage\",\"@id\":\"https:\/\/www.visit-ulcinj.com\/blog\/2012\/04\/30\/dzemal-perovic-nvo-mog-ul-zarobljeni-i-prostor-i-umovi\/#webpage\",\"url\":\"https:\/\/www.visit-ulcinj.com\/blog\/2012\/04\/30\/dzemal-perovic-nvo-mog-ul-zarobljeni-i-prostor-i-umovi\/\",\"name\":\"D\u017eemal Perovi\u0107, NVO Mog-UL: Zarobljeni i prostor i umovi - Lajme nga Ulqini\",\"isPartOf\":{\"@id\":\"https:\/\/www.visit-ulcinj.com\/blog\/#website\"},\"primaryImageOfPage\":{\"@id\":\"https:\/\/www.visit-ulcinj.com\/blog\/2012\/04\/30\/dzemal-perovic-nvo-mog-ul-zarobljeni-i-prostor-i-umovi\/#primaryimage\"},\"datePublished\":\"2012-04-30T21:00:49+00:00\",\"dateModified\":\"2012-04-30T21:02:10+00:00\",\"author\":{\"@id\":\"https:\/\/www.visit-ulcinj.com\/blog\/#\/schema\/person\/dcab619c614d3038751c63bc2aadc06d\"},\"description\":\"MONITOR: Valdanos nije jedini problem jednog od nekad najbogatijih gradova na Crnogorskom primorju. Koji su najve\u0107i problemi sa kojima se suo\u010davaju Ulcinj\",\"breadcrumb\":{\"@id\":\"https:\/\/www.visit-ulcinj.com\/blog\/2012\/04\/30\/dzemal-perovic-nvo-mog-ul-zarobljeni-i-prostor-i-umovi\/#breadcrumb\"},\"inLanguage\":\"en-US\",\"potentialAction\":[{\"@type\":\"ReadAction\",\"target\":[\"https:\/\/www.visit-ulcinj.com\/blog\/2012\/04\/30\/dzemal-perovic-nvo-mog-ul-zarobljeni-i-prostor-i-umovi\/\"]}]},{\"@type\":\"BreadcrumbList\",\"@id\":\"https:\/\/www.visit-ulcinj.com\/blog\/2012\/04\/30\/dzemal-perovic-nvo-mog-ul-zarobljeni-i-prostor-i-umovi\/#breadcrumb\",\"itemListElement\":[{\"@type\":\"ListItem\",\"position\":1,\"name\":\"D\u017eemal Perovi\u0107, NVO Mog-UL: Zarobljeni i prostor i umovi\"}]},{\"@type\":\"Person\",\"@id\":\"https:\/\/www.visit-ulcinj.com\/blog\/#\/schema\/person\/dcab619c614d3038751c63bc2aadc06d\",\"name\":\"ulqini\",\"sameAs\":[\"http:\/\/www.visit-ulcinj.com\"],\"url\":\"https:\/\/www.visit-ulcinj.com\/blog\/author\/admin\/\"}]}<\/script>\n<!-- \/ Yoast SEO plugin. -->","yoast_head_json":{"title":"D\u017eemal Perovi\u0107, NVO Mog-UL: Zarobljeni i prostor i umovi - Lajme nga Ulqini","description":"MONITOR: Valdanos nije jedini problem jednog od nekad najbogatijih gradova na Crnogorskom primorju. Koji su najve\u0107i problemi sa kojima se suo\u010davaju Ulcinj","robots":{"index":"index","follow":"follow","max-snippet":"max-snippet:-1","max-image-preview":"max-image-preview:large","max-video-preview":"max-video-preview:-1"},"canonical":"https:\/\/www.visit-ulcinj.com\/blog\/2012\/04\/30\/dzemal-perovic-nvo-mog-ul-zarobljeni-i-prostor-i-umovi\/","og_locale":"en_US","og_type":"article","og_title":"D\u017eemal Perovi\u0107, NVO Mog-UL: Zarobljeni i prostor i umovi - Lajme nga Ulqini","og_description":"MONITOR: Valdanos nije jedini problem jednog od nekad najbogatijih gradova na Crnogorskom primorju. Koji su najve\u0107i problemi sa kojima se suo\u010davaju Ulcinj","og_url":"https:\/\/www.visit-ulcinj.com\/blog\/2012\/04\/30\/dzemal-perovic-nvo-mog-ul-zarobljeni-i-prostor-i-umovi\/","og_site_name":"Lajme nga Ulqini","article_published_time":"2012-04-30T21:00:49+00:00","article_modified_time":"2012-04-30T21:02:10+00:00","og_image":[{"url":"http:\/\/www.visit-ulcinj.com\/blog\/wp-content\/uploads\/2012\/04\/Dzemal-Perovic-NVO-Mog-UL-valdanos_ulcinj_crna-gora.jpg"}],"twitter_misc":{"Written by":"ulqini","Est. reading time":"2 minutes"},"schema":{"@context":"https:\/\/schema.org","@graph":[{"@type":"WebSite","@id":"https:\/\/www.visit-ulcinj.com\/blog\/#website","url":"https:\/\/www.visit-ulcinj.com\/blog\/","name":"Lajme nga Ulqini","description":"Lajme,Vijesti,Ulqini,Ulqin,Crna Gora,Mali i Zi","potentialAction":[{"@type":"SearchAction","target":{"@type":"EntryPoint","urlTemplate":"https:\/\/www.visit-ulcinj.com\/blog\/?s={search_term_string}"},"query-input":"required name=search_term_string"}],"inLanguage":"en-US"},{"@type":"ImageObject","inLanguage":"en-US","@id":"https:\/\/www.visit-ulcinj.com\/blog\/2012\/04\/30\/dzemal-perovic-nvo-mog-ul-zarobljeni-i-prostor-i-umovi\/#primaryimage","url":"https:\/\/www.visit-ulcinj.com\/blog\/wp-content\/uploads\/2012\/04\/Dzemal-Perovic-NVO-Mog-UL-valdanos_ulcinj_crna-gora.jpg","contentUrl":"https:\/\/www.visit-ulcinj.com\/blog\/wp-content\/uploads\/2012\/04\/Dzemal-Perovic-NVO-Mog-UL-valdanos_ulcinj_crna-gora.jpg","width":"960","height":"643"},{"@type":"WebPage","@id":"https:\/\/www.visit-ulcinj.com\/blog\/2012\/04\/30\/dzemal-perovic-nvo-mog-ul-zarobljeni-i-prostor-i-umovi\/#webpage","url":"https:\/\/www.visit-ulcinj.com\/blog\/2012\/04\/30\/dzemal-perovic-nvo-mog-ul-zarobljeni-i-prostor-i-umovi\/","name":"D\u017eemal Perovi\u0107, NVO Mog-UL: Zarobljeni i prostor i umovi - Lajme nga Ulqini","isPartOf":{"@id":"https:\/\/www.visit-ulcinj.com\/blog\/#website"},"primaryImageOfPage":{"@id":"https:\/\/www.visit-ulcinj.com\/blog\/2012\/04\/30\/dzemal-perovic-nvo-mog-ul-zarobljeni-i-prostor-i-umovi\/#primaryimage"},"datePublished":"2012-04-30T21:00:49+00:00","dateModified":"2012-04-30T21:02:10+00:00","author":{"@id":"https:\/\/www.visit-ulcinj.com\/blog\/#\/schema\/person\/dcab619c614d3038751c63bc2aadc06d"},"description":"MONITOR: Valdanos nije jedini problem jednog od nekad najbogatijih gradova na Crnogorskom primorju. Koji su najve\u0107i problemi sa kojima se suo\u010davaju Ulcinj","breadcrumb":{"@id":"https:\/\/www.visit-ulcinj.com\/blog\/2012\/04\/30\/dzemal-perovic-nvo-mog-ul-zarobljeni-i-prostor-i-umovi\/#breadcrumb"},"inLanguage":"en-US","potentialAction":[{"@type":"ReadAction","target":["https:\/\/www.visit-ulcinj.com\/blog\/2012\/04\/30\/dzemal-perovic-nvo-mog-ul-zarobljeni-i-prostor-i-umovi\/"]}]},{"@type":"BreadcrumbList","@id":"https:\/\/www.visit-ulcinj.com\/blog\/2012\/04\/30\/dzemal-perovic-nvo-mog-ul-zarobljeni-i-prostor-i-umovi\/#breadcrumb","itemListElement":[{"@type":"ListItem","position":1,"name":"D\u017eemal Perovi\u0107, NVO Mog-UL: Zarobljeni i prostor i umovi"}]},{"@type":"Person","@id":"https:\/\/www.visit-ulcinj.com\/blog\/#\/schema\/person\/dcab619c614d3038751c63bc2aadc06d","name":"ulqini","sameAs":["http:\/\/www.visit-ulcinj.com"],"url":"https:\/\/www.visit-ulcinj.com\/blog\/author\/admin\/"}]}},"jetpack_featured_media_url":"","jetpack_sharing_enabled":true,"jetpack_shortlink":"https:\/\/wp.me\/pe6lTn-fA8","_links":{"self":[{"href":"https:\/\/www.visit-ulcinj.com\/blog\/wp-json\/wp\/v2\/posts\/59900"}],"collection":[{"href":"https:\/\/www.visit-ulcinj.com\/blog\/wp-json\/wp\/v2\/posts"}],"about":[{"href":"https:\/\/www.visit-ulcinj.com\/blog\/wp-json\/wp\/v2\/types\/post"}],"author":[{"embeddable":true,"href":"https:\/\/www.visit-ulcinj.com\/blog\/wp-json\/wp\/v2\/users\/1"}],"replies":[{"embeddable":true,"href":"https:\/\/www.visit-ulcinj.com\/blog\/wp-json\/wp\/v2\/comments?post=59900"}],"version-history":[{"count":4,"href":"https:\/\/www.visit-ulcinj.com\/blog\/wp-json\/wp\/v2\/posts\/59900\/revisions"}],"predecessor-version":[{"id":59905,"href":"https:\/\/www.visit-ulcinj.com\/blog\/wp-json\/wp\/v2\/posts\/59900\/revisions\/59905"}],"wp:attachment":[{"href":"https:\/\/www.visit-ulcinj.com\/blog\/wp-json\/wp\/v2\/media?parent=59900"}],"wp:term":[{"taxonomy":"category","embeddable":true,"href":"https:\/\/www.visit-ulcinj.com\/blog\/wp-json\/wp\/v2\/categories?post=59900"},{"taxonomy":"post_tag","embeddable":true,"href":"https:\/\/www.visit-ulcinj.com\/blog\/wp-json\/wp\/v2\/tags?post=59900"}],"curies":[{"name":"wp","href":"https:\/\/api.w.org\/{rel}","templated":true}]}}