{"id":59935,"date":"2012-05-02T07:53:36","date_gmt":"2012-05-02T06:53:36","guid":{"rendered":"http:\/\/www.visit-ulcinj.com\/blog\/?p=59935"},"modified":"2012-05-02T07:53:36","modified_gmt":"2012-05-02T06:53:36","slug":"in-memoriam-fuad-nimani","status":"publish","type":"post","link":"https:\/\/www.visit-ulcinj.com\/blog\/2012\/05\/02\/in-memoriam-fuad-nimani\/","title":{"rendered":"In Memoriam..Fuad NIMANI"},"content":{"rendered":"<p><a href=\"http:\/\/www.visit-ulcinj.com\/blog\/wp-content\/uploads\/2012\/05\/In-Memoriam..Fuad-NIMANI.jpg\"><img loading=\"lazy\" class=\"alignleft  wp-image-59936\" src=\"http:\/\/www.visit-ulcinj.com\/blog\/wp-content\/uploads\/2012\/05\/In-Memoriam..Fuad-NIMANI.jpg\" alt=\"\" width=\"508\" height=\"380\" \/><\/a>Te\u0161ko je opra\u0161tati se. Te\u0161ko je opra\u0161tati se od prijatelja, koji vas napu\u0161taju zauvijek. Te\u0161ko je na\u0107i prave rije\u010di, da bi ste izrazili bol i tugu, posebno kada se opra\u0161tate od prijatelja koji odlazi na put bez povratka. Fuad Nimani odlazi zauvijek. Te\u0161ka i neizlije\u010diva bolest je neumitno dobila bitku.<\/p>\n<p>Kako po\u010deti pisati o drugu i prijatelju sa kojim ste odrasli. \u00a0\u010cini mi se da su na\u0161a prijateljstva me\u0111u drevnim zidinama Starog grada bila nekako druga\u010dija. Bili smo vjerovatno, zbog sku\u010denog i posebnog prostora, nekako bli\u017ei, povezaniji. Blizina ku\u0107a, jedna te ista mjesta za igru, uske uli\u010dice i ru\u0161evine, davali su posebnu dra\u017e dru\u017eenju. Bili smo zajedno i danju i no\u0107u, i u igri i u \u0161koli&#8230; \u010dini mi se da smo dijelili&#8230; ba\u0161 sve.<\/p>\n<p>Bila su to neka druga vremena&#8230; I zato sa posebnim pijetetom, po\u0161tovanjem i ljubavlju pi\u0161em o mom prijatelju Fuadu Nimaniju. \u00a0Razmi\u0161ljam, kako da na\u0111em prave rije\u010di da izrazim sva osje\u0107anja koja naviru iz du\u0161e, danas kada ga vi\u0161e nema.<\/p>\n<p>U \u00a0moru telegrama sau\u010de\u0161\u0107a porodici povodom \u00a0negove prerane smrti, mo\u017eda je najbolju re\u010denicu napisao predsjednik Crne Gore g. Filip Vujanovi\u0107 u svom telegramu. Citiram, \u00a0\u00bbPlemenitost Va\u0161eg Fuada ispunjavala je i obilje\u017eavala njegov \u017eivot; ostao je vjeran gospodstvu Starog grada, svog \u017eivotnog \u00a0izvori\u0161ta od koga se nikada nije odvajao\u00ab. Namjerno sam izabrao ovu re\u010denicu, jer ho\u0107u da se slo\u017eim i sa gospodinom Vujanovi\u0107em i svima onima koji \u0107e jednoglasno potvrditi, da je \u00a0Fuad zaista bio pravi gospodin, u izvornom smislu te rije\u010di i zaista se nikada nije odvajao od \u00a0svog izvori\u0161ta.<br \/>\n<a href=\"http:\/\/www.visit-ulcinj.com\/blog\/?attachment_id=59937\" rel=\"attachment wp-att-59937\"><img loading=\"lazy\" class=\"alignleft  wp-image-59937\" src=\"http:\/\/www.visit-ulcinj.com\/blog\/wp-content\/uploads\/2012\/05\/In-Memoriam..Fuad-NIMANI.2.jpg\" alt=\"\" width=\"508\" height=\"300\" \/><\/a><\/p>\n<p>Jo\u0161 kao dje\u010dak izdvajao se po svojoj mirno\u0107i. \u00a0Uvijek je u \u0161koli bio mirniji od sviju nas ostalih i zbog toga smo ga svi mi, \u00a0\u010dini mi se vi\u0161e i voljeli, jer se nikada nije sva\u0111ao sa bilo kim od nas. \u00a0Takav je bio i u srednjoj \u0161koli, pa i kasnije, kada je postao nastavnik matematike. Uvijek je bio tih, miran i odmjeren. Rijetko je kada dizao ton, \u010dak i onda kada je radio u \u0161koli. A tamo morate imati \u010deli\u010dne \u017eivce, posebno kada predajete matematiku. Takav je bio Fuad. Ne znam da li sam uspio da makar malo opi\u0161em njegov karakter i njegov izuzetno blagi, tihi i markantni lik.<\/p>\n<p>Kasnije kada je pre\u0161ao u politiku malo smo se udaljili zbog specifi\u010dnosti posla kojim se bavio, ali se on u su\u0161tini nije promijenio. Uvijek je bio i ostao, tih miran i nenametljiv \u010dovjek, bez obzira \u0161to je bio na visokim partijskim i dr\u017eavnim funkcijama; uvijek je ostao sasvim obi\u010dan \u010dovjek. Siguran sam i mislim da se sa mojom konstatacijom sla\u017eu \u010dak i oni koji su imali druga\u010dije shvatanja i mi\u0161ljenja o mnogim problemima sa kojima su se on i oni bavili.<\/p>\n<p>Fuad je vi\u0161e od dvadesetak godina bio aktivan na politi\u010dkoj sceni Crne Gore. Jo\u0161 od po\u010detka vi\u0161epartijskog sistema bio je u prvim redovima. Borba za afirmaciju albanskog naroda u novim uslovima, ravnopravnost, me\u0111unacionalna i me\u0111ukonfesionalna tolerancija, uvijek \u00a0su bili njegov osnovni motiv i moto politi\u010dkog djelovanja. U svim tim te\u0161kim vremenima je bio konzistentan i nepokolebljiv.<\/p>\n<p>Jo\u0161 dok je biran za predsjednika partije, vidjelo se da je njegov cilj &#8211; ravnopravnost me\u0111u svim gra\u0111anima Crne Gore, ali i borba da se \u00a0Crna Gora ne uvu\u010de u rat i ratna razaranja koja su mogla biti pogubna za manjinske narode. Posebno je to bilo opasno za \u00a0albanski narod, koji je autohton \u00a0i domicilan na ovim prostorima.<\/p>\n<p>Njegova tolerancija u razvijanju me\u0111ukonfesionalnih i me\u0111uetni\u010dkih odnosa, \u00a0bila je veliki doprinos \u00a0sveukupne politi\u010dke borbe progresivnih snaga, koje su tada bile na vlasti, kako ne bi do\u0161lo do uvla\u010denja Crne Gore u rat i ratna razaranja, koja su razorili jednu veliku zemlju. Kasnije, kada je trebao biti biran za gradona\u010delnika Ulcinja, taj njegov odnos i doprinos takvoj politici je do\u0161ao do punog izra\u017eaja. Tada sam u jednoj reviji napisao da kona\u010dno na \u010delnu funkciju na\u0161eg grada dolazi jedan kosmopolita. Glasali su ga svi gra\u0111ani Ulcinja, nezavisno od politi\u010dke pripadnosti. Svi su htjeli \u010dovjeka plemenitog roda i \u0161irokog dijapazona znanja i tolerancije.<br \/>\n<a href=\"http:\/\/www.visit-ulcinj.com\/blog\/?attachment_id=59938\" rel=\"attachment wp-att-59938\"><img loading=\"lazy\" class=\"alignleft  wp-image-59938\" src=\"http:\/\/www.visit-ulcinj.com\/blog\/wp-content\/uploads\/2012\/05\/In-Memoriam..Fuad-NIMANI.1.jpg\" alt=\"\" width=\"508\" height=\"300\" \/><\/a><\/p>\n<p>Na\u0161em gradu u kojem vlada multikonfesionalni sklad i fantasti\u010dan su\u017eivot, zaista \u00a0je bio potreban gradona\u010delnik takvih svatanja i takvih pogleda. Ja sam to tada i napisao \u00a0u \u00bbBiltenu op\u0161tina Crne Gore\u00ab i ponosan sam \u00a0zbog toga. Kasnije su ti \u00a0stavovi i ti pogledi ugra\u0111eni \u00a0u nezavisnu dr\u017eavu Crnu Goru, u kojoj, \u00a0i za koju je Fuad, neosporno, dao svoj veliki doprinos, \u00a0i kao ministar i kao politi\u010dar, \u00a0a na samom kraju svog \u017eivota, i \u00a0kao savjetnik na najvi\u0161em nivou.<\/p>\n<p>\u0160ta re\u0107i dalje o ovom \u010dovjeku, \u010dovjeku koji je iznikao i izrastao me\u0111u drevnim zidinama Starog grada. Gra\u0111ani Starog grada su ponosni na njega i siguran sam da ga ne\u0107e nikada zaboraviti. U svima nama osta\u0107e urezan njegov \u0161irok osmjeh i dobrota koja je zra\u010dila na svakom koraku, u svakom njegovom pokretu. Svi mi, posebno njegovi drugovi, kom\u0161ije i prijatelji, sa posebnim pijetetom govorimo i sje\u0107amo se svih trenutaka koje je provodio me\u0111u nas. Fuad \u0107e ostati u sje\u0107anju kao jedan od prvih politi\u010dara na politi\u010dkoj sceni Crne Gore koji je svojim anga\u017eovanjem doprinio da se glas albanskog naroda i njegova pozicija u dru\u0161tvu, \u00a0posebno u nezavisnoj Dr\u017eavi Crnoj Gori, \u010duje mnogo dalje. Na to smo mu mi svi zahvalni \u00a0i ubije\u0111en sam da \u0107e zbog toga uvijek ostati upam\u0107en kao sinonim pravog borca za prava svoga naroda.\u00a0 \u00a0 \u00a0 \u00a0 Njegov ispra\u0107aj u \u00bbMeterizima\u00ab osta\u0107e upam\u0107en kao ispra\u0107aj \u010dovjeka i prijatelja svih gra\u0111ana Ulcinja i Crne Gore. Bi\u0107e upam\u0107en njegov lik humaniste i \u010dovjeka koji je volio sve ljude. \u010citav njegov relativno kratak \u017eivot je protekao u borbi za bolje sjutra svih nas. Zbog svega vje\u010dita zahvalnost svih nas, njegovih drugova i prijatelja, a vjerujem da ovu konstataciju mogu slobodno napisati i u ime svih gra\u0111ana Ulcinja i \u00a0Crne Gore.<\/p>\n<p>&nbsp;<\/p>\n<p>Ulcinj, aprila, 2012.<\/p>\n<p>Ismet \u00a0KARAMANAGA<\/p>\n","protected":false},"excerpt":{"rendered":"<p>Te\u0161ko je opra\u0161tati se. Te\u0161ko je opra\u0161tati se od prijatelja, koji vas napu\u0161taju zauvijek. Te\u0161ko je na\u0107i prave rije\u010di, da bi ste izrazili bol i tugu, posebno kada se opra\u0161tate od prijatelja koji odlazi na put bez povratka. Fuad Nimani odlazi zauvijek. Te\u0161ka i neizlije\u010diva bolest je neumitno dobila bitku. Kako po\u010deti pisati o drugu [&hellip;]<\/p>\n","protected":false},"author":6,"featured_media":0,"comment_status":"open","ping_status":"closed","sticky":false,"template":"","format":"standard","meta":{"spay_email":"","jetpack_publicize_message":"","jetpack_is_tweetstorm":false,"jetpack_publicize_feature_enabled":true},"categories":[8337],"tags":[20362,19],"jetpack_publicize_connections":[],"yoast_head":"<!-- This site is optimized with the Yoast SEO plugin v19.1 - https:\/\/yoast.com\/wordpress\/plugins\/seo\/ -->\n<title>In Memoriam..Fuad NIMANI - Lajme nga Ulqini<\/title>\n<meta name=\"description\" content=\"Te\u0161ko je opra\u0161tati se. Te\u0161ko je opra\u0161tati se od prijatelja, koji vas napu\u0161taju zauvijek. Te\u0161ko je na\u0107i prave rije\u010di, da bi ste izrazili bol i tugu,\" \/>\n<meta name=\"robots\" content=\"index, follow, max-snippet:-1, max-image-preview:large, max-video-preview:-1\" \/>\n<link rel=\"canonical\" href=\"https:\/\/www.visit-ulcinj.com\/blog\/2012\/05\/02\/in-memoriam-fuad-nimani\/\" \/>\n<meta property=\"og:locale\" content=\"en_US\" \/>\n<meta property=\"og:type\" content=\"article\" \/>\n<meta property=\"og:title\" content=\"In Memoriam..Fuad NIMANI - Lajme nga Ulqini\" \/>\n<meta property=\"og:description\" content=\"Te\u0161ko je opra\u0161tati se. Te\u0161ko je opra\u0161tati se od prijatelja, koji vas napu\u0161taju zauvijek. Te\u0161ko je na\u0107i prave rije\u010di, da bi ste izrazili bol i tugu,\" \/>\n<meta property=\"og:url\" content=\"https:\/\/www.visit-ulcinj.com\/blog\/2012\/05\/02\/in-memoriam-fuad-nimani\/\" \/>\n<meta property=\"og:site_name\" content=\"Lajme nga Ulqini\" \/>\n<meta property=\"article:published_time\" content=\"2012-05-02T06:53:36+00:00\" \/>\n<meta property=\"og:image\" content=\"http:\/\/www.visit-ulcinj.com\/blog\/wp-content\/uploads\/2012\/05\/In-Memoriam..Fuad-NIMANI.jpg\" \/>\n<meta name=\"twitter:label1\" content=\"Written by\" \/>\n\t<meta name=\"twitter:data1\" content=\"Ismet Karamanaga\" \/>\n\t<meta name=\"twitter:label2\" content=\"Est. reading time\" \/>\n\t<meta name=\"twitter:data2\" content=\"5 minutes\" \/>\n<script type=\"application\/ld+json\" class=\"yoast-schema-graph\">{\"@context\":\"https:\/\/schema.org\",\"@graph\":[{\"@type\":\"WebSite\",\"@id\":\"https:\/\/www.visit-ulcinj.com\/blog\/#website\",\"url\":\"https:\/\/www.visit-ulcinj.com\/blog\/\",\"name\":\"Lajme nga Ulqini\",\"description\":\"Lajme,Vijesti,Ulqini,Ulqin,Crna Gora,Mali i Zi\",\"potentialAction\":[{\"@type\":\"SearchAction\",\"target\":{\"@type\":\"EntryPoint\",\"urlTemplate\":\"https:\/\/www.visit-ulcinj.com\/blog\/?s={search_term_string}\"},\"query-input\":\"required name=search_term_string\"}],\"inLanguage\":\"en-US\"},{\"@type\":\"ImageObject\",\"inLanguage\":\"en-US\",\"@id\":\"https:\/\/www.visit-ulcinj.com\/blog\/2012\/05\/02\/in-memoriam-fuad-nimani\/#primaryimage\",\"url\":\"https:\/\/www.visit-ulcinj.com\/blog\/wp-content\/uploads\/2012\/05\/In-Memoriam..Fuad-NIMANI.jpg\",\"contentUrl\":\"https:\/\/www.visit-ulcinj.com\/blog\/wp-content\/uploads\/2012\/05\/In-Memoriam..Fuad-NIMANI.jpg\",\"width\":\"720\",\"height\":\"576\"},{\"@type\":\"WebPage\",\"@id\":\"https:\/\/www.visit-ulcinj.com\/blog\/2012\/05\/02\/in-memoriam-fuad-nimani\/#webpage\",\"url\":\"https:\/\/www.visit-ulcinj.com\/blog\/2012\/05\/02\/in-memoriam-fuad-nimani\/\",\"name\":\"In Memoriam..Fuad NIMANI - Lajme nga Ulqini\",\"isPartOf\":{\"@id\":\"https:\/\/www.visit-ulcinj.com\/blog\/#website\"},\"primaryImageOfPage\":{\"@id\":\"https:\/\/www.visit-ulcinj.com\/blog\/2012\/05\/02\/in-memoriam-fuad-nimani\/#primaryimage\"},\"datePublished\":\"2012-05-02T06:53:36+00:00\",\"dateModified\":\"2012-05-02T06:53:36+00:00\",\"author\":{\"@id\":\"https:\/\/www.visit-ulcinj.com\/blog\/#\/schema\/person\/54acbe73e5e40d103054a73871775f79\"},\"description\":\"Te\u0161ko je opra\u0161tati se. Te\u0161ko je opra\u0161tati se od prijatelja, koji vas napu\u0161taju zauvijek. Te\u0161ko je na\u0107i prave rije\u010di, da bi ste izrazili bol i tugu,\",\"breadcrumb\":{\"@id\":\"https:\/\/www.visit-ulcinj.com\/blog\/2012\/05\/02\/in-memoriam-fuad-nimani\/#breadcrumb\"},\"inLanguage\":\"en-US\",\"potentialAction\":[{\"@type\":\"ReadAction\",\"target\":[\"https:\/\/www.visit-ulcinj.com\/blog\/2012\/05\/02\/in-memoriam-fuad-nimani\/\"]}]},{\"@type\":\"BreadcrumbList\",\"@id\":\"https:\/\/www.visit-ulcinj.com\/blog\/2012\/05\/02\/in-memoriam-fuad-nimani\/#breadcrumb\",\"itemListElement\":[{\"@type\":\"ListItem\",\"position\":1,\"name\":\"In Memoriam..Fuad NIMANI\"}]},{\"@type\":\"Person\",\"@id\":\"https:\/\/www.visit-ulcinj.com\/blog\/#\/schema\/person\/54acbe73e5e40d103054a73871775f79\",\"name\":\"Ismet Karamanaga\",\"description\":\"Kam punuar si ciceron p\u00ebr shum\\\"agjensi turistike nga vendi dhe nga bota.\",\"url\":\"https:\/\/www.visit-ulcinj.com\/blog\/author\/ismet\/\"}]}<\/script>\n<!-- \/ Yoast SEO plugin. -->","yoast_head_json":{"title":"In Memoriam..Fuad NIMANI - Lajme nga Ulqini","description":"Te\u0161ko je opra\u0161tati se. Te\u0161ko je opra\u0161tati se od prijatelja, koji vas napu\u0161taju zauvijek. Te\u0161ko je na\u0107i prave rije\u010di, da bi ste izrazili bol i tugu,","robots":{"index":"index","follow":"follow","max-snippet":"max-snippet:-1","max-image-preview":"max-image-preview:large","max-video-preview":"max-video-preview:-1"},"canonical":"https:\/\/www.visit-ulcinj.com\/blog\/2012\/05\/02\/in-memoriam-fuad-nimani\/","og_locale":"en_US","og_type":"article","og_title":"In Memoriam..Fuad NIMANI - Lajme nga Ulqini","og_description":"Te\u0161ko je opra\u0161tati se. Te\u0161ko je opra\u0161tati se od prijatelja, koji vas napu\u0161taju zauvijek. Te\u0161ko je na\u0107i prave rije\u010di, da bi ste izrazili bol i tugu,","og_url":"https:\/\/www.visit-ulcinj.com\/blog\/2012\/05\/02\/in-memoriam-fuad-nimani\/","og_site_name":"Lajme nga Ulqini","article_published_time":"2012-05-02T06:53:36+00:00","og_image":[{"url":"http:\/\/www.visit-ulcinj.com\/blog\/wp-content\/uploads\/2012\/05\/In-Memoriam..Fuad-NIMANI.jpg"}],"twitter_misc":{"Written by":"Ismet Karamanaga","Est. reading time":"5 minutes"},"schema":{"@context":"https:\/\/schema.org","@graph":[{"@type":"WebSite","@id":"https:\/\/www.visit-ulcinj.com\/blog\/#website","url":"https:\/\/www.visit-ulcinj.com\/blog\/","name":"Lajme nga Ulqini","description":"Lajme,Vijesti,Ulqini,Ulqin,Crna Gora,Mali i Zi","potentialAction":[{"@type":"SearchAction","target":{"@type":"EntryPoint","urlTemplate":"https:\/\/www.visit-ulcinj.com\/blog\/?s={search_term_string}"},"query-input":"required name=search_term_string"}],"inLanguage":"en-US"},{"@type":"ImageObject","inLanguage":"en-US","@id":"https:\/\/www.visit-ulcinj.com\/blog\/2012\/05\/02\/in-memoriam-fuad-nimani\/#primaryimage","url":"https:\/\/www.visit-ulcinj.com\/blog\/wp-content\/uploads\/2012\/05\/In-Memoriam..Fuad-NIMANI.jpg","contentUrl":"https:\/\/www.visit-ulcinj.com\/blog\/wp-content\/uploads\/2012\/05\/In-Memoriam..Fuad-NIMANI.jpg","width":"720","height":"576"},{"@type":"WebPage","@id":"https:\/\/www.visit-ulcinj.com\/blog\/2012\/05\/02\/in-memoriam-fuad-nimani\/#webpage","url":"https:\/\/www.visit-ulcinj.com\/blog\/2012\/05\/02\/in-memoriam-fuad-nimani\/","name":"In Memoriam..Fuad NIMANI - Lajme nga Ulqini","isPartOf":{"@id":"https:\/\/www.visit-ulcinj.com\/blog\/#website"},"primaryImageOfPage":{"@id":"https:\/\/www.visit-ulcinj.com\/blog\/2012\/05\/02\/in-memoriam-fuad-nimani\/#primaryimage"},"datePublished":"2012-05-02T06:53:36+00:00","dateModified":"2012-05-02T06:53:36+00:00","author":{"@id":"https:\/\/www.visit-ulcinj.com\/blog\/#\/schema\/person\/54acbe73e5e40d103054a73871775f79"},"description":"Te\u0161ko je opra\u0161tati se. Te\u0161ko je opra\u0161tati se od prijatelja, koji vas napu\u0161taju zauvijek. Te\u0161ko je na\u0107i prave rije\u010di, da bi ste izrazili bol i tugu,","breadcrumb":{"@id":"https:\/\/www.visit-ulcinj.com\/blog\/2012\/05\/02\/in-memoriam-fuad-nimani\/#breadcrumb"},"inLanguage":"en-US","potentialAction":[{"@type":"ReadAction","target":["https:\/\/www.visit-ulcinj.com\/blog\/2012\/05\/02\/in-memoriam-fuad-nimani\/"]}]},{"@type":"BreadcrumbList","@id":"https:\/\/www.visit-ulcinj.com\/blog\/2012\/05\/02\/in-memoriam-fuad-nimani\/#breadcrumb","itemListElement":[{"@type":"ListItem","position":1,"name":"In Memoriam..Fuad NIMANI"}]},{"@type":"Person","@id":"https:\/\/www.visit-ulcinj.com\/blog\/#\/schema\/person\/54acbe73e5e40d103054a73871775f79","name":"Ismet Karamanaga","description":"Kam punuar si ciceron p\u00ebr shum\"agjensi turistike nga vendi dhe nga bota.","url":"https:\/\/www.visit-ulcinj.com\/blog\/author\/ismet\/"}]}},"jetpack_featured_media_url":"","jetpack_sharing_enabled":true,"jetpack_shortlink":"https:\/\/wp.me\/pe6lTn-fAH","_links":{"self":[{"href":"https:\/\/www.visit-ulcinj.com\/blog\/wp-json\/wp\/v2\/posts\/59935"}],"collection":[{"href":"https:\/\/www.visit-ulcinj.com\/blog\/wp-json\/wp\/v2\/posts"}],"about":[{"href":"https:\/\/www.visit-ulcinj.com\/blog\/wp-json\/wp\/v2\/types\/post"}],"author":[{"embeddable":true,"href":"https:\/\/www.visit-ulcinj.com\/blog\/wp-json\/wp\/v2\/users\/6"}],"replies":[{"embeddable":true,"href":"https:\/\/www.visit-ulcinj.com\/blog\/wp-json\/wp\/v2\/comments?post=59935"}],"version-history":[{"count":1,"href":"https:\/\/www.visit-ulcinj.com\/blog\/wp-json\/wp\/v2\/posts\/59935\/revisions"}],"predecessor-version":[{"id":59939,"href":"https:\/\/www.visit-ulcinj.com\/blog\/wp-json\/wp\/v2\/posts\/59935\/revisions\/59939"}],"wp:attachment":[{"href":"https:\/\/www.visit-ulcinj.com\/blog\/wp-json\/wp\/v2\/media?parent=59935"}],"wp:term":[{"taxonomy":"category","embeddable":true,"href":"https:\/\/www.visit-ulcinj.com\/blog\/wp-json\/wp\/v2\/categories?post=59935"},{"taxonomy":"post_tag","embeddable":true,"href":"https:\/\/www.visit-ulcinj.com\/blog\/wp-json\/wp\/v2\/tags?post=59935"}],"curies":[{"name":"wp","href":"https:\/\/api.w.org\/{rel}","templated":true}]}}