{"id":59940,"date":"2012-05-02T09:05:13","date_gmt":"2012-05-02T08:05:13","guid":{"rendered":"http:\/\/www.visit-ulcinj.com\/blog\/?p=59940"},"modified":"2012-05-02T15:07:38","modified_gmt":"2012-05-02T14:07:38","slug":"in-memoriam-fuad-nimani-2","status":"publish","type":"post","link":"https:\/\/www.visit-ulcinj.com\/blog\/2012\/05\/02\/in-memoriam-fuad-nimani-2\/","title":{"rendered":"In Memoriam       Fuad NIMANI"},"content":{"rendered":"<p align=\"center\"><strong><br \/>\n<\/strong><\/p>\n<p style=\"text-align: center\">\u00a0<img loading=\"lazy\" class=\"aligncenter\" src=\"http:\/\/a2.sphotos.ak.fbcdn.net\/hphotos-ak-prn1\/s720x720\/538462_3867895300080_1359492972_33442503_1092003212_n.jpg\" alt=\"\" width=\"432\" height=\"324\" \/><!--[if gte vml 1]&gt;--><\/p>\n<p>&nbsp;<\/p>\n<p>&nbsp;<\/p>\n<p align=\"center\"><strong>In\u00a0 Memoriam&#8230;<\/strong><\/p>\n<p><strong>Fuad Nimani<\/strong><\/p>\n<p><strong><br \/>\n<\/strong><\/p>\n<p>Te\u0161ko je opra\u0161tati se. Te\u0161ko je opra\u0161tati se od prijatelja, koji vas napu\u0161taju zauvijek. Te\u0161ko je na\u0107i prave rije\u010di, da bi ste izrazili bol i tugu, posebno kada se opra\u0161tate od prijatelja koji odlazi na put bez povratka. Fuad Nimani odlazi zauvijek. Te\u0161ka i neizlije\u010diva bolest je neumitno dobila bitku.<\/p>\n<p>Kako po\u010deti pisati o drugu i prijatelju sa kojim ste odrasli.\u00a0 \u010cini mi se da su na\u0161a prijateljstva me\u0111u drevnim zidinama Starog grada bila nekako druga\u010dija. Bili smo vjerovatno, zbog sku\u010denog i posebnog prostora, nekako bli\u017ei, povezaniji. Blizina ku\u0107a, jedna te ista mjesta za igru, uske uli\u010dice i ru\u0161evine, davali su posebnu dra\u017e dru\u017eenju. Bili smo zajedno i danju i no\u0107u, i u igri i u \u0161koli&#8230; \u010dini mi se da smo dijelili&#8230; ba\u0161 sve. Bila su to neka druga vremena&#8230; I zato sa posebnim pijetetom, po\u0161tovanjem i ljubavlju pi\u0161em o mom prijatelju Fuadu Nimaniju.\u00a0 Razmi\u0161ljam, kako da na\u0111em prave rije\u010di da izrazim sva osje\u0107anja koja naviru iz du\u0161e, danas kada ga vi\u0161e nema.<\/p>\n<p><img loading=\"lazy\" class=\"alignleft\" src=\"http:\/\/www.visit-ulcinj.com\/blog\/wp-content\/uploads\/2012\/05\/In-Memoriam..Fuad-NIMANI.2.jpg\" alt=\"\" width=\"346\" height=\"259\" \/>\u00a0\u00a0U\u00a0 moru telegrama sau\u010de\u0161\u0107a porodici povodom\u00a0 negove prerane smrti, mo\u017eda je najbolju re\u010denicu napisao predsjednik Crne Gore g. Filip Vujanovi\u0107 u svom telegramu. Citiram, \u00a0\u00bb<strong>Plemenitost Va\u0161eg Fuada ispunjavala je i obilje\u017eavala njegov \u017eivot; ostao je vjeran gospodstvu Starog grada, svog \u017eivotnog\u00a0 izvori\u0161ta od koga se nikada<\/strong> <strong>nije odvajao\u00ab. <\/strong>Namjerno sam izabrao ovu re\u010denicu, jer ho\u0107u da se slo\u017eim i sa gospodinom Vujanovi\u0107em i svima onima koji \u0107e jednoglasno potvrditi, da je\u00a0 Fuad zaista bio pravi gospodin, u izvornom smislu te rije\u010di i zaista se nikada nije odvajao od\u00a0 svog izvori\u0161ta.<\/p>\n<p>Jo\u0161 kao dje\u010dak izdvajao se po svojoj mirno\u0107i.\u00a0 Uvijek je u \u0161koli bio mirniji od sviju nas ostalih i zbog toga smo ga svi mi, \u00a0\u010dini mi se vi\u0161e i voljeli, jer se nikada nije sva\u0111ao sa bilo kim od nas.\u00a0 Takav je bio i u srednjoj \u0161koli, pa i kasnije, kada je postao nastavnik matematike. Uvijek je bio tih, miran i odmjeren. Rijetko je kada dizao ton, \u010dak i onda kada je radio u \u0161koli. A tamo morate imati \u010deli\u010dne \u017eivce, <strong>posebno kada predajete matematiku<\/strong>.<strong> <\/strong>Takav je bio Fuad. Ne znam da li sam uspio da makar malo opi\u0161em njegov karakter i njegov izuzetno blagi, tihi i markantni lik.<\/p>\n<p>Kasnije kada je pre\u0161ao u politiku malo smo se udaljili zbog specifi\u010dnosti posla kojim se bavio, ali se on u su\u0161tini nije promijenio. Uvijek je bio i ostao, tih miran i nenametljiv \u010dovjek, bez obzira \u0161to je bio na visokim partijskim i dr\u017eavnim funkcijama; uvijek je ostao sasvim obi\u010dan \u010dovjek. Siguran sam i mislim da se sa mojom konstatacijom sla\u017eu \u010dak i oni koji su imali druga\u010dije shvatanja i mi\u0161ljenja o mnogim problemima sa kojima su se on i oni bavili.<\/p>\n<p>Fuad je vi\u0161e od dvadesetak godina bio aktivan na politi\u010dkoj sceni Crne Gore. Jo\u0161 od po\u010detka vi\u0161epartijskog sistema bio je u prvim redovima. <strong>Borba za afirmaciju albanskog naroda<\/strong> u novim uslovima, ravnopravnost, me\u0111unacionalna i me\u0111ukonfesionalna tolerancija, uvijek\u00a0 su bili njegov osnovni motiv i moto politi\u010dkog djelovanja. U svim tim te\u0161kim vremenima je bio konzistentan i nepokolebljiv. Jo\u0161 dok je biran za predsjednika partije, vidjelo se da je njegov cilj &#8211; ravnopravnost me\u0111u svim gra\u0111anima Crne Gore, ali i borba da se\u00a0 Crna Gora ne uvu\u010de u rat i ratna razaranja koja su mogla biti pogubna za manjinske narode. Posebno je to bilo opasno za\u00a0 albanski narod, koji je autohton \u00a0i domicilan na ovim prostorima.<\/p>\n<p>Njegova tolerancija u razvijanju me\u0111ukonfesionalnih i me\u0111uetni\u010dkih odnosa,\u00a0 bila je veliki doprinos\u00a0 sveukupne politi\u010dke borbe progresivnih snaga, koje su tada bile na vlasti, kako ne bi do\u0161lo do uvla\u010denja Crne Gore u rat i ratna razaranja, koja su razorili jednu veliku zemlju. Kasnije, kada je trebao biti biran za gradona\u010delnika Ulcinja, taj njegov odnos i doprinos takvoj politici je do\u0161ao do punog izra\u017eaja. Tada sam u jednoj reviji napisao da kona\u010dno na \u010delnu funkciju na\u0161eg grada dolazi jedan kosmopolita. Glasali su ga svi gra\u0111ani Ulcinja, nezavisno od politi\u010dke pripadnosti. Svi su htjeli \u010dovjeka plemenitog roda i \u0161irokog dijapazona znanja i tolerancije.<\/p>\n<p>Na\u0161em gradu u kojem vlada multikonfesionalni sklad i fantasti\u010dan su\u017eivot, zaista\u00a0 je bio potreban gradona\u010delnik takvih svatanja i takvih pogleda. Ja sam to tada i napisao \u00a0u \u00bbBiltenu op\u0161tina Crne Gore\u00ab i ponosan sam \u00a0zbog toga. Kasnije su ti\u00a0 stavovi i ti pogledi ugra\u0111eni\u00a0 u nezavisnu dr\u017eavu Crnu Goru, u kojoj, \u00a0i za koju je Fuad, neosporno, dao svoj veliki doprinos, \u00a0i kao ministar i kao politi\u010dar, \u00a0a na samom kraju svog \u017eivota, i \u00a0kao savjetnik na najvi\u0161em nivou.<\/p>\n<p>\u0160ta re\u0107i dalje o ovom \u010dovjeku, \u010dovjeku koji je iznikao i izrastao me\u0111u drevnim zidinama Starog grada. Gra\u0111ani Starog grada su ponosni na njega i siguran sam da ga ne\u0107e nikada zaboraviti. U svima nama osta\u0107e urezan njegov \u0161irok osmjeh i dobrota koja je zra\u010dila na svakom koraku, u svakom njegovom pokretu. Svi mi, posebno njegovi drugovi, kom\u0161ije i prijatelji, sa posebnim pijetetom govorimo i sje\u0107amo se svih trenutaka koje je provodio me\u0111u nas. Fuad \u0107e ostati u sje\u0107anju kao jedan od prvih politi\u010dara na politi\u010dkoj sceni Crne Gore koji je svojim anga\u017eovanjem doprinio da se glas albanskog naroda i njegova pozicija u dru\u0161tvu,\u00a0 posebno u nezavisnoj Dr\u017eavi Crnoj Gori, \u010duje mnogo dalje. Na to smo mu mi svi zahvalni\u00a0 i ubije\u0111en sam da \u0107e zbog toga uvijek ostati upam\u0107en kao sinonim pravog borca za prava svoga naroda.<\/p>\n<p>Njegov ispra\u0107aj u \u00bbMeterizima\u00ab osta\u0107e upam\u0107en kao ispra\u0107aj \u010dovjeka i prijatelja svih gra\u0111ana Ulcinja i Crne Gore. Bi\u0107e upam\u0107en njegov lik humaniste i \u010dovjeka koji je volio sve ljude. \u010citav njegov relativno kratak \u017eivot je protekao u borbi za bolje sjutra svih nas. Zbog svega vje\u010dita zahvalnost svih nas, njegovih drugova i prijatelja, a vjerujem da ovu konstataciju mogu slobodno napisati i u ime svih gra\u0111ana Ulcinja i\u00a0 Crne Gore.<\/p>\n<p>&nbsp;<\/p>\n<p><strong>Ulcinj, Aprila, 2012. \u00a0 \u00a0 \u00a0 \u00a0 \u00a0 \u00a0 \u00a0 \u00a0 \u00a0 \u00a0 \u00a0 \u00a0 \u00a0 \u00a0 \u00a0 \u00a0 \u00a0 \u00a0 \u00a0 \u00a0 \u00a0 \u00a0 \u00a0 \u00a0 \u00a0 \u00a0 \u00a0Ismet\u00a0 KARAMANAGA<\/strong><\/p>\n","protected":false},"excerpt":{"rendered":"<p>\u00a0 &nbsp; &nbsp; In\u00a0 Memoriam&#8230; Fuad Nimani Te\u0161ko je opra\u0161tati se. Te\u0161ko je opra\u0161tati se od prijatelja, koji vas napu\u0161taju zauvijek. Te\u0161ko je na\u0107i prave rije\u010di, da bi ste izrazili bol i tugu, posebno kada se opra\u0161tate od prijatelja koji odlazi na put bez povratka. Fuad Nimani odlazi zauvijek. Te\u0161ka i neizlije\u010diva bolest je neumitno [&hellip;]<\/p>\n","protected":false},"author":6,"featured_media":0,"comment_status":"open","ping_status":"closed","sticky":false,"template":"","format":"standard","meta":{"spay_email":"","jetpack_publicize_message":"","jetpack_is_tweetstorm":false,"jetpack_publicize_feature_enabled":true},"categories":[8],"tags":[],"jetpack_publicize_connections":[],"yoast_head":"<!-- This site is optimized with the Yoast SEO plugin v19.1 - https:\/\/yoast.com\/wordpress\/plugins\/seo\/ -->\n<title>In Memoriam    Fuad NIMANI - Lajme nga Ulqini<\/title>\n<meta name=\"description\" content=\"\u00a0 &nbsp; &nbsp; In\u00a0 Memoriam... Fuad Nimani Te\u0161ko je opra\u0161tati se. Te\u0161ko je opra\u0161tati se od prijatelja, koji vas napu\u0161taju zauvijek. Te\u0161ko je na\u0107i prave\" \/>\n<meta name=\"robots\" content=\"index, follow, max-snippet:-1, max-image-preview:large, max-video-preview:-1\" \/>\n<link rel=\"canonical\" href=\"https:\/\/www.visit-ulcinj.com\/blog\/2012\/05\/02\/in-memoriam-fuad-nimani-2\/\" \/>\n<meta property=\"og:locale\" content=\"en_US\" \/>\n<meta property=\"og:type\" content=\"article\" \/>\n<meta property=\"og:title\" content=\"In Memoriam    Fuad NIMANI - Lajme nga Ulqini\" \/>\n<meta property=\"og:description\" content=\"\u00a0 &nbsp; &nbsp; In\u00a0 Memoriam... Fuad Nimani Te\u0161ko je opra\u0161tati se. Te\u0161ko je opra\u0161tati se od prijatelja, koji vas napu\u0161taju zauvijek. Te\u0161ko je na\u0107i prave\" \/>\n<meta property=\"og:url\" content=\"https:\/\/www.visit-ulcinj.com\/blog\/2012\/05\/02\/in-memoriam-fuad-nimani-2\/\" \/>\n<meta property=\"og:site_name\" content=\"Lajme nga Ulqini\" \/>\n<meta property=\"article:published_time\" content=\"2012-05-02T08:05:13+00:00\" \/>\n<meta property=\"article:modified_time\" content=\"2012-05-02T14:07:38+00:00\" \/>\n<meta property=\"og:image\" content=\"http:\/\/a2.sphotos.ak.fbcdn.net\/hphotos-ak-prn1\/s720x720\/538462_3867895300080_1359492972_33442503_1092003212_n.jpg\" \/>\n<meta name=\"twitter:label1\" content=\"Written by\" \/>\n\t<meta name=\"twitter:data1\" content=\"Ismet Karamanaga\" \/>\n\t<meta name=\"twitter:label2\" content=\"Est. reading time\" \/>\n\t<meta name=\"twitter:data2\" content=\"5 minutes\" \/>\n<script type=\"application\/ld+json\" class=\"yoast-schema-graph\">{\"@context\":\"https:\/\/schema.org\",\"@graph\":[{\"@type\":\"WebSite\",\"@id\":\"https:\/\/www.visit-ulcinj.com\/blog\/#website\",\"url\":\"https:\/\/www.visit-ulcinj.com\/blog\/\",\"name\":\"Lajme nga Ulqini\",\"description\":\"Lajme,Vijesti,Ulqini,Ulqin,Crna Gora,Mali i Zi\",\"potentialAction\":[{\"@type\":\"SearchAction\",\"target\":{\"@type\":\"EntryPoint\",\"urlTemplate\":\"https:\/\/www.visit-ulcinj.com\/blog\/?s={search_term_string}\"},\"query-input\":\"required name=search_term_string\"}],\"inLanguage\":\"en-US\"},{\"@type\":\"ImageObject\",\"inLanguage\":\"en-US\",\"@id\":\"https:\/\/www.visit-ulcinj.com\/blog\/2012\/05\/02\/in-memoriam-fuad-nimani-2\/#primaryimage\",\"url\":\"http:\/\/a2.sphotos.ak.fbcdn.net\/hphotos-ak-prn1\/s720x720\/538462_3867895300080_1359492972_33442503_1092003212_n.jpg\",\"contentUrl\":\"http:\/\/a2.sphotos.ak.fbcdn.net\/hphotos-ak-prn1\/s720x720\/538462_3867895300080_1359492972_33442503_1092003212_n.jpg\"},{\"@type\":\"WebPage\",\"@id\":\"https:\/\/www.visit-ulcinj.com\/blog\/2012\/05\/02\/in-memoriam-fuad-nimani-2\/#webpage\",\"url\":\"https:\/\/www.visit-ulcinj.com\/blog\/2012\/05\/02\/in-memoriam-fuad-nimani-2\/\",\"name\":\"In Memoriam Fuad NIMANI - Lajme nga Ulqini\",\"isPartOf\":{\"@id\":\"https:\/\/www.visit-ulcinj.com\/blog\/#website\"},\"primaryImageOfPage\":{\"@id\":\"https:\/\/www.visit-ulcinj.com\/blog\/2012\/05\/02\/in-memoriam-fuad-nimani-2\/#primaryimage\"},\"datePublished\":\"2012-05-02T08:05:13+00:00\",\"dateModified\":\"2012-05-02T14:07:38+00:00\",\"author\":{\"@id\":\"https:\/\/www.visit-ulcinj.com\/blog\/#\/schema\/person\/54acbe73e5e40d103054a73871775f79\"},\"description\":\"\u00a0 &nbsp; &nbsp; In\u00a0 Memoriam... Fuad Nimani Te\u0161ko je opra\u0161tati se. Te\u0161ko je opra\u0161tati se od prijatelja, koji vas napu\u0161taju zauvijek. Te\u0161ko je na\u0107i prave\",\"breadcrumb\":{\"@id\":\"https:\/\/www.visit-ulcinj.com\/blog\/2012\/05\/02\/in-memoriam-fuad-nimani-2\/#breadcrumb\"},\"inLanguage\":\"en-US\",\"potentialAction\":[{\"@type\":\"ReadAction\",\"target\":[\"https:\/\/www.visit-ulcinj.com\/blog\/2012\/05\/02\/in-memoriam-fuad-nimani-2\/\"]}]},{\"@type\":\"BreadcrumbList\",\"@id\":\"https:\/\/www.visit-ulcinj.com\/blog\/2012\/05\/02\/in-memoriam-fuad-nimani-2\/#breadcrumb\",\"itemListElement\":[{\"@type\":\"ListItem\",\"position\":1,\"name\":\"In Memoriam Fuad NIMANI\"}]},{\"@type\":\"Person\",\"@id\":\"https:\/\/www.visit-ulcinj.com\/blog\/#\/schema\/person\/54acbe73e5e40d103054a73871775f79\",\"name\":\"Ismet Karamanaga\",\"description\":\"Kam punuar si ciceron p\u00ebr shum\\\"agjensi turistike nga vendi dhe nga bota.\",\"url\":\"https:\/\/www.visit-ulcinj.com\/blog\/author\/ismet\/\"}]}<\/script>\n<!-- \/ Yoast SEO plugin. -->","yoast_head_json":{"title":"In Memoriam    Fuad NIMANI - Lajme nga Ulqini","description":"\u00a0 &nbsp; &nbsp; In\u00a0 Memoriam... Fuad Nimani Te\u0161ko je opra\u0161tati se. Te\u0161ko je opra\u0161tati se od prijatelja, koji vas napu\u0161taju zauvijek. Te\u0161ko je na\u0107i prave","robots":{"index":"index","follow":"follow","max-snippet":"max-snippet:-1","max-image-preview":"max-image-preview:large","max-video-preview":"max-video-preview:-1"},"canonical":"https:\/\/www.visit-ulcinj.com\/blog\/2012\/05\/02\/in-memoriam-fuad-nimani-2\/","og_locale":"en_US","og_type":"article","og_title":"In Memoriam    Fuad NIMANI - Lajme nga Ulqini","og_description":"\u00a0 &nbsp; &nbsp; In\u00a0 Memoriam... Fuad Nimani Te\u0161ko je opra\u0161tati se. Te\u0161ko je opra\u0161tati se od prijatelja, koji vas napu\u0161taju zauvijek. Te\u0161ko je na\u0107i prave","og_url":"https:\/\/www.visit-ulcinj.com\/blog\/2012\/05\/02\/in-memoriam-fuad-nimani-2\/","og_site_name":"Lajme nga Ulqini","article_published_time":"2012-05-02T08:05:13+00:00","article_modified_time":"2012-05-02T14:07:38+00:00","og_image":[{"url":"http:\/\/a2.sphotos.ak.fbcdn.net\/hphotos-ak-prn1\/s720x720\/538462_3867895300080_1359492972_33442503_1092003212_n.jpg"}],"twitter_misc":{"Written by":"Ismet Karamanaga","Est. reading time":"5 minutes"},"schema":{"@context":"https:\/\/schema.org","@graph":[{"@type":"WebSite","@id":"https:\/\/www.visit-ulcinj.com\/blog\/#website","url":"https:\/\/www.visit-ulcinj.com\/blog\/","name":"Lajme nga Ulqini","description":"Lajme,Vijesti,Ulqini,Ulqin,Crna Gora,Mali i Zi","potentialAction":[{"@type":"SearchAction","target":{"@type":"EntryPoint","urlTemplate":"https:\/\/www.visit-ulcinj.com\/blog\/?s={search_term_string}"},"query-input":"required name=search_term_string"}],"inLanguage":"en-US"},{"@type":"ImageObject","inLanguage":"en-US","@id":"https:\/\/www.visit-ulcinj.com\/blog\/2012\/05\/02\/in-memoriam-fuad-nimani-2\/#primaryimage","url":"http:\/\/a2.sphotos.ak.fbcdn.net\/hphotos-ak-prn1\/s720x720\/538462_3867895300080_1359492972_33442503_1092003212_n.jpg","contentUrl":"http:\/\/a2.sphotos.ak.fbcdn.net\/hphotos-ak-prn1\/s720x720\/538462_3867895300080_1359492972_33442503_1092003212_n.jpg"},{"@type":"WebPage","@id":"https:\/\/www.visit-ulcinj.com\/blog\/2012\/05\/02\/in-memoriam-fuad-nimani-2\/#webpage","url":"https:\/\/www.visit-ulcinj.com\/blog\/2012\/05\/02\/in-memoriam-fuad-nimani-2\/","name":"In Memoriam Fuad NIMANI - Lajme nga Ulqini","isPartOf":{"@id":"https:\/\/www.visit-ulcinj.com\/blog\/#website"},"primaryImageOfPage":{"@id":"https:\/\/www.visit-ulcinj.com\/blog\/2012\/05\/02\/in-memoriam-fuad-nimani-2\/#primaryimage"},"datePublished":"2012-05-02T08:05:13+00:00","dateModified":"2012-05-02T14:07:38+00:00","author":{"@id":"https:\/\/www.visit-ulcinj.com\/blog\/#\/schema\/person\/54acbe73e5e40d103054a73871775f79"},"description":"\u00a0 &nbsp; &nbsp; In\u00a0 Memoriam... Fuad Nimani Te\u0161ko je opra\u0161tati se. Te\u0161ko je opra\u0161tati se od prijatelja, koji vas napu\u0161taju zauvijek. Te\u0161ko je na\u0107i prave","breadcrumb":{"@id":"https:\/\/www.visit-ulcinj.com\/blog\/2012\/05\/02\/in-memoriam-fuad-nimani-2\/#breadcrumb"},"inLanguage":"en-US","potentialAction":[{"@type":"ReadAction","target":["https:\/\/www.visit-ulcinj.com\/blog\/2012\/05\/02\/in-memoriam-fuad-nimani-2\/"]}]},{"@type":"BreadcrumbList","@id":"https:\/\/www.visit-ulcinj.com\/blog\/2012\/05\/02\/in-memoriam-fuad-nimani-2\/#breadcrumb","itemListElement":[{"@type":"ListItem","position":1,"name":"In Memoriam Fuad NIMANI"}]},{"@type":"Person","@id":"https:\/\/www.visit-ulcinj.com\/blog\/#\/schema\/person\/54acbe73e5e40d103054a73871775f79","name":"Ismet Karamanaga","description":"Kam punuar si ciceron p\u00ebr shum\"agjensi turistike nga vendi dhe nga bota.","url":"https:\/\/www.visit-ulcinj.com\/blog\/author\/ismet\/"}]}},"jetpack_featured_media_url":"","jetpack_sharing_enabled":true,"jetpack_shortlink":"https:\/\/wp.me\/pe6lTn-fAM","_links":{"self":[{"href":"https:\/\/www.visit-ulcinj.com\/blog\/wp-json\/wp\/v2\/posts\/59940"}],"collection":[{"href":"https:\/\/www.visit-ulcinj.com\/blog\/wp-json\/wp\/v2\/posts"}],"about":[{"href":"https:\/\/www.visit-ulcinj.com\/blog\/wp-json\/wp\/v2\/types\/post"}],"author":[{"embeddable":true,"href":"https:\/\/www.visit-ulcinj.com\/blog\/wp-json\/wp\/v2\/users\/6"}],"replies":[{"embeddable":true,"href":"https:\/\/www.visit-ulcinj.com\/blog\/wp-json\/wp\/v2\/comments?post=59940"}],"version-history":[{"count":21,"href":"https:\/\/www.visit-ulcinj.com\/blog\/wp-json\/wp\/v2\/posts\/59940\/revisions"}],"predecessor-version":[{"id":59960,"href":"https:\/\/www.visit-ulcinj.com\/blog\/wp-json\/wp\/v2\/posts\/59940\/revisions\/59960"}],"wp:attachment":[{"href":"https:\/\/www.visit-ulcinj.com\/blog\/wp-json\/wp\/v2\/media?parent=59940"}],"wp:term":[{"taxonomy":"category","embeddable":true,"href":"https:\/\/www.visit-ulcinj.com\/blog\/wp-json\/wp\/v2\/categories?post=59940"},{"taxonomy":"post_tag","embeddable":true,"href":"https:\/\/www.visit-ulcinj.com\/blog\/wp-json\/wp\/v2\/tags?post=59940"}],"curies":[{"name":"wp","href":"https:\/\/api.w.org\/{rel}","templated":true}]}}