{"id":5995,"date":"2008-11-14T16:08:03","date_gmt":"2008-11-14T21:08:03","guid":{"rendered":"http:\/\/www.visit-ulcinj.com\/blog\/?p=5995"},"modified":"2008-11-14T16:08:03","modified_gmt":"2008-11-14T21:08:03","slug":"ryva-kajtazi-realizon-videoklipin-e-ri","status":"publish","type":"post","link":"https:\/\/www.visit-ulcinj.com\/blog\/2008\/11\/14\/ryva-kajtazi-realizon-videoklipin-e-ri\/","title":{"rendered":"Ryva Kajtazi realizon videoklipin e ri"},"content":{"rendered":"<p><a href=\"http:\/\/www.visit-ulcinj.com\/blog\/wp-content\/uploads\/2008\/11\/ryva-kajtazi.jpg\"><img loading=\"lazy\" class=\"alignleft size-medium wp-image-5996\" title=\"ryva-kajtazi\" src=\"http:\/\/www.visit-ulcinj.com\/blog\/wp-content\/uploads\/2008\/11\/ryva-kajtazi-191x300.jpg\" alt=\"\" width=\"222\" height=\"300\" \/><\/a>K\u00ebng\u00ebtarja Ryva Kajtazi ka p\u00ebrfunduar xhirimet e videoklipit t\u00eb saj m\u00eb t\u00eb ri \u201cBarnatorja\u201d, i cili menj\u00ebher\u00eb pasi q\u00eb t\u00eb p\u00ebrfundoj\u00eb faza e post-produksionit do t\u00eb filloj\u00eb s\u00eb shfaquri n\u00ebp\u00ebr televizione.<br \/>\nMe muzik\u00eb t\u00eb Armend Rexhepagiqit dhe tekst t\u00eb Aida Barakut, k\u00ebnga \u00ebsht\u00eb aranzhuar nga Florent Boshnjaku.<br \/>\nPo ashtu me k\u00ebt\u00eb k\u00ebng\u00eb duhet cekur se Ryva mori pjes\u00eb n\u00eb edicionin e fundit t\u00eb festivalit t\u00eb muzik\u00ebs moderne shqiptare \u201cTop Fest\u201d.<br \/>\n\u201cK\u00ebnga \u00ebsht\u00eb balad\u00eb dhe besoj se do t\u00eb p\u00eblqehet nga publiku\u201d, ka th\u00ebn\u00eb Ryva p\u00ebr \u201cExpress Live\u201d.<br \/>\nVideoklipi \u00ebsht\u00eb realizuar nga Puntort Social. P\u00ebrve\u00e7 videoklipit, \u201cRyva\u201d \u00ebsht\u00eb angazhuar s\u00eb fundi t\u00eb portretizoj\u00eb Parashqevi Qiriazin n\u00eb shfaqjen \u201cLule Shkronjat\u201d.<br \/>\nPremiera e k\u00ebsaj shfaqjeje do t\u00eb jepet n\u00eb Teatrin Dodona, nd\u00ebrsa regjin\u00eb e kan\u00eb b\u00ebr\u00eb Agron G\u00ebrguri dhe Agim Selimi.<br \/>\n<strong><br \/>\nKoha Vizion<\/strong><\/p>\n<!--YouTube Error: bad URL entered-->\n","protected":false},"excerpt":{"rendered":"<p>K\u00ebng\u00ebtarja Ryva Kajtazi ka p\u00ebrfunduar xhirimet e videoklipit t\u00eb saj m\u00eb t\u00eb ri \u201cBarnatorja\u201d, i cili menj\u00ebher\u00eb pasi q\u00eb t\u00eb p\u00ebrfundoj\u00eb faza e post-produksionit do t\u00eb filloj\u00eb s\u00eb shfaquri n\u00ebp\u00ebr televizione. Me muzik\u00eb t\u00eb Armend Rexhepagiqit dhe tekst t\u00eb Aida Barakut, k\u00ebnga \u00ebsht\u00eb aranzhuar nga Florent Boshnjaku. Po ashtu me k\u00ebt\u00eb k\u00ebng\u00eb duhet cekur se [&hellip;]<\/p>\n","protected":false},"author":1,"featured_media":0,"comment_status":"open","ping_status":"closed","sticky":false,"template":"","format":"standard","meta":{"spay_email":"","jetpack_publicize_message":"","jetpack_is_tweetstorm":false,"jetpack_publicize_feature_enabled":true},"categories":[1],"tags":[5022],"jetpack_publicize_connections":[],"yoast_head":"<!-- This site is optimized with the Yoast SEO plugin v19.1 - https:\/\/yoast.com\/wordpress\/plugins\/seo\/ -->\n<title>Ryva Kajtazi realizon videoklipin e ri - Lajme nga Ulqini<\/title>\n<meta name=\"description\" content=\"K\u00ebng\u00ebtarja Ryva Kajtazi ka p\u00ebrfunduar xhirimet e videoklipit t\u00eb saj m\u00eb t\u00eb ri \u201cBarnatorja\u201d, i cili menj\u00ebher\u00eb pasi q\u00eb t\u00eb p\u00ebrfundoj\u00eb faza e post-produksionit\" \/>\n<meta name=\"robots\" content=\"index, follow, max-snippet:-1, max-image-preview:large, max-video-preview:-1\" \/>\n<link rel=\"canonical\" href=\"https:\/\/www.visit-ulcinj.com\/blog\/2008\/11\/14\/ryva-kajtazi-realizon-videoklipin-e-ri\/\" \/>\n<meta property=\"og:locale\" content=\"en_US\" \/>\n<meta property=\"og:type\" content=\"article\" \/>\n<meta property=\"og:title\" content=\"Ryva Kajtazi realizon videoklipin e ri - Lajme nga Ulqini\" \/>\n<meta property=\"og:description\" content=\"K\u00ebng\u00ebtarja Ryva Kajtazi ka p\u00ebrfunduar xhirimet e videoklipit t\u00eb saj m\u00eb t\u00eb ri \u201cBarnatorja\u201d, i cili menj\u00ebher\u00eb pasi q\u00eb t\u00eb p\u00ebrfundoj\u00eb faza e post-produksionit\" \/>\n<meta property=\"og:url\" content=\"https:\/\/www.visit-ulcinj.com\/blog\/2008\/11\/14\/ryva-kajtazi-realizon-videoklipin-e-ri\/\" \/>\n<meta property=\"og:site_name\" content=\"Lajme nga Ulqini\" \/>\n<meta property=\"article:published_time\" content=\"2008-11-14T21:08:03+00:00\" \/>\n<meta property=\"og:image\" content=\"http:\/\/www.visit-ulcinj.com\/blog\/wp-content\/uploads\/2008\/11\/ryva-kajtazi-191x300.jpg\" \/>\n<meta name=\"twitter:label1\" content=\"Written by\" \/>\n\t<meta name=\"twitter:data1\" content=\"ulqini\" \/>\n\t<meta name=\"twitter:label2\" content=\"Est. reading time\" \/>\n\t<meta name=\"twitter:data2\" content=\"1 minute\" \/>\n<script type=\"application\/ld+json\" class=\"yoast-schema-graph\">{\"@context\":\"https:\/\/schema.org\",\"@graph\":[{\"@type\":\"WebSite\",\"@id\":\"https:\/\/www.visit-ulcinj.com\/blog\/#website\",\"url\":\"https:\/\/www.visit-ulcinj.com\/blog\/\",\"name\":\"Lajme nga Ulqini\",\"description\":\"Lajme,Vijesti,Ulqini,Ulqin,Crna Gora,Mali i Zi\",\"potentialAction\":[{\"@type\":\"SearchAction\",\"target\":{\"@type\":\"EntryPoint\",\"urlTemplate\":\"https:\/\/www.visit-ulcinj.com\/blog\/?s={search_term_string}\"},\"query-input\":\"required name=search_term_string\"}],\"inLanguage\":\"en-US\"},{\"@type\":\"ImageObject\",\"inLanguage\":\"en-US\",\"@id\":\"https:\/\/www.visit-ulcinj.com\/blog\/2008\/11\/14\/ryva-kajtazi-realizon-videoklipin-e-ri\/#primaryimage\",\"url\":\"http:\/\/www.visit-ulcinj.com\/blog\/wp-content\/uploads\/2008\/11\/ryva-kajtazi-191x300.jpg\",\"contentUrl\":\"http:\/\/www.visit-ulcinj.com\/blog\/wp-content\/uploads\/2008\/11\/ryva-kajtazi-191x300.jpg\"},{\"@type\":\"WebPage\",\"@id\":\"https:\/\/www.visit-ulcinj.com\/blog\/2008\/11\/14\/ryva-kajtazi-realizon-videoklipin-e-ri\/#webpage\",\"url\":\"https:\/\/www.visit-ulcinj.com\/blog\/2008\/11\/14\/ryva-kajtazi-realizon-videoklipin-e-ri\/\",\"name\":\"Ryva Kajtazi realizon videoklipin e ri - Lajme nga Ulqini\",\"isPartOf\":{\"@id\":\"https:\/\/www.visit-ulcinj.com\/blog\/#website\"},\"primaryImageOfPage\":{\"@id\":\"https:\/\/www.visit-ulcinj.com\/blog\/2008\/11\/14\/ryva-kajtazi-realizon-videoklipin-e-ri\/#primaryimage\"},\"datePublished\":\"2008-11-14T21:08:03+00:00\",\"dateModified\":\"2008-11-14T21:08:03+00:00\",\"author\":{\"@id\":\"https:\/\/www.visit-ulcinj.com\/blog\/#\/schema\/person\/dcab619c614d3038751c63bc2aadc06d\"},\"description\":\"K\u00ebng\u00ebtarja Ryva Kajtazi ka p\u00ebrfunduar xhirimet e videoklipit t\u00eb saj m\u00eb t\u00eb ri \u201cBarnatorja\u201d, i cili menj\u00ebher\u00eb pasi q\u00eb t\u00eb p\u00ebrfundoj\u00eb faza e post-produksionit\",\"breadcrumb\":{\"@id\":\"https:\/\/www.visit-ulcinj.com\/blog\/2008\/11\/14\/ryva-kajtazi-realizon-videoklipin-e-ri\/#breadcrumb\"},\"inLanguage\":\"en-US\",\"potentialAction\":[{\"@type\":\"ReadAction\",\"target\":[\"https:\/\/www.visit-ulcinj.com\/blog\/2008\/11\/14\/ryva-kajtazi-realizon-videoklipin-e-ri\/\"]}]},{\"@type\":\"BreadcrumbList\",\"@id\":\"https:\/\/www.visit-ulcinj.com\/blog\/2008\/11\/14\/ryva-kajtazi-realizon-videoklipin-e-ri\/#breadcrumb\",\"itemListElement\":[{\"@type\":\"ListItem\",\"position\":1,\"name\":\"Ryva Kajtazi realizon videoklipin e ri\"}]},{\"@type\":\"Person\",\"@id\":\"https:\/\/www.visit-ulcinj.com\/blog\/#\/schema\/person\/dcab619c614d3038751c63bc2aadc06d\",\"name\":\"ulqini\",\"sameAs\":[\"http:\/\/www.visit-ulcinj.com\"],\"url\":\"https:\/\/www.visit-ulcinj.com\/blog\/author\/admin\/\"}]}<\/script>\n<!-- \/ Yoast SEO plugin. -->","yoast_head_json":{"title":"Ryva Kajtazi realizon videoklipin e ri - Lajme nga Ulqini","description":"K\u00ebng\u00ebtarja Ryva Kajtazi ka p\u00ebrfunduar xhirimet e videoklipit t\u00eb saj m\u00eb t\u00eb ri \u201cBarnatorja\u201d, i cili menj\u00ebher\u00eb pasi q\u00eb t\u00eb p\u00ebrfundoj\u00eb faza e post-produksionit","robots":{"index":"index","follow":"follow","max-snippet":"max-snippet:-1","max-image-preview":"max-image-preview:large","max-video-preview":"max-video-preview:-1"},"canonical":"https:\/\/www.visit-ulcinj.com\/blog\/2008\/11\/14\/ryva-kajtazi-realizon-videoklipin-e-ri\/","og_locale":"en_US","og_type":"article","og_title":"Ryva Kajtazi realizon videoklipin e ri - Lajme nga Ulqini","og_description":"K\u00ebng\u00ebtarja Ryva Kajtazi ka p\u00ebrfunduar xhirimet e videoklipit t\u00eb saj m\u00eb t\u00eb ri \u201cBarnatorja\u201d, i cili menj\u00ebher\u00eb pasi q\u00eb t\u00eb p\u00ebrfundoj\u00eb faza e post-produksionit","og_url":"https:\/\/www.visit-ulcinj.com\/blog\/2008\/11\/14\/ryva-kajtazi-realizon-videoklipin-e-ri\/","og_site_name":"Lajme nga Ulqini","article_published_time":"2008-11-14T21:08:03+00:00","og_image":[{"url":"http:\/\/www.visit-ulcinj.com\/blog\/wp-content\/uploads\/2008\/11\/ryva-kajtazi-191x300.jpg"}],"twitter_misc":{"Written by":"ulqini","Est. reading time":"1 minute"},"schema":{"@context":"https:\/\/schema.org","@graph":[{"@type":"WebSite","@id":"https:\/\/www.visit-ulcinj.com\/blog\/#website","url":"https:\/\/www.visit-ulcinj.com\/blog\/","name":"Lajme nga Ulqini","description":"Lajme,Vijesti,Ulqini,Ulqin,Crna Gora,Mali i Zi","potentialAction":[{"@type":"SearchAction","target":{"@type":"EntryPoint","urlTemplate":"https:\/\/www.visit-ulcinj.com\/blog\/?s={search_term_string}"},"query-input":"required name=search_term_string"}],"inLanguage":"en-US"},{"@type":"ImageObject","inLanguage":"en-US","@id":"https:\/\/www.visit-ulcinj.com\/blog\/2008\/11\/14\/ryva-kajtazi-realizon-videoklipin-e-ri\/#primaryimage","url":"http:\/\/www.visit-ulcinj.com\/blog\/wp-content\/uploads\/2008\/11\/ryva-kajtazi-191x300.jpg","contentUrl":"http:\/\/www.visit-ulcinj.com\/blog\/wp-content\/uploads\/2008\/11\/ryva-kajtazi-191x300.jpg"},{"@type":"WebPage","@id":"https:\/\/www.visit-ulcinj.com\/blog\/2008\/11\/14\/ryva-kajtazi-realizon-videoklipin-e-ri\/#webpage","url":"https:\/\/www.visit-ulcinj.com\/blog\/2008\/11\/14\/ryva-kajtazi-realizon-videoklipin-e-ri\/","name":"Ryva Kajtazi realizon videoklipin e ri - Lajme nga Ulqini","isPartOf":{"@id":"https:\/\/www.visit-ulcinj.com\/blog\/#website"},"primaryImageOfPage":{"@id":"https:\/\/www.visit-ulcinj.com\/blog\/2008\/11\/14\/ryva-kajtazi-realizon-videoklipin-e-ri\/#primaryimage"},"datePublished":"2008-11-14T21:08:03+00:00","dateModified":"2008-11-14T21:08:03+00:00","author":{"@id":"https:\/\/www.visit-ulcinj.com\/blog\/#\/schema\/person\/dcab619c614d3038751c63bc2aadc06d"},"description":"K\u00ebng\u00ebtarja Ryva Kajtazi ka p\u00ebrfunduar xhirimet e videoklipit t\u00eb saj m\u00eb t\u00eb ri \u201cBarnatorja\u201d, i cili menj\u00ebher\u00eb pasi q\u00eb t\u00eb p\u00ebrfundoj\u00eb faza e post-produksionit","breadcrumb":{"@id":"https:\/\/www.visit-ulcinj.com\/blog\/2008\/11\/14\/ryva-kajtazi-realizon-videoklipin-e-ri\/#breadcrumb"},"inLanguage":"en-US","potentialAction":[{"@type":"ReadAction","target":["https:\/\/www.visit-ulcinj.com\/blog\/2008\/11\/14\/ryva-kajtazi-realizon-videoklipin-e-ri\/"]}]},{"@type":"BreadcrumbList","@id":"https:\/\/www.visit-ulcinj.com\/blog\/2008\/11\/14\/ryva-kajtazi-realizon-videoklipin-e-ri\/#breadcrumb","itemListElement":[{"@type":"ListItem","position":1,"name":"Ryva Kajtazi realizon videoklipin e ri"}]},{"@type":"Person","@id":"https:\/\/www.visit-ulcinj.com\/blog\/#\/schema\/person\/dcab619c614d3038751c63bc2aadc06d","name":"ulqini","sameAs":["http:\/\/www.visit-ulcinj.com"],"url":"https:\/\/www.visit-ulcinj.com\/blog\/author\/admin\/"}]}},"jetpack_featured_media_url":"","jetpack_sharing_enabled":true,"jetpack_shortlink":"https:\/\/wp.me\/pe6lTn-1yH","_links":{"self":[{"href":"https:\/\/www.visit-ulcinj.com\/blog\/wp-json\/wp\/v2\/posts\/5995"}],"collection":[{"href":"https:\/\/www.visit-ulcinj.com\/blog\/wp-json\/wp\/v2\/posts"}],"about":[{"href":"https:\/\/www.visit-ulcinj.com\/blog\/wp-json\/wp\/v2\/types\/post"}],"author":[{"embeddable":true,"href":"https:\/\/www.visit-ulcinj.com\/blog\/wp-json\/wp\/v2\/users\/1"}],"replies":[{"embeddable":true,"href":"https:\/\/www.visit-ulcinj.com\/blog\/wp-json\/wp\/v2\/comments?post=5995"}],"version-history":[{"count":0,"href":"https:\/\/www.visit-ulcinj.com\/blog\/wp-json\/wp\/v2\/posts\/5995\/revisions"}],"wp:attachment":[{"href":"https:\/\/www.visit-ulcinj.com\/blog\/wp-json\/wp\/v2\/media?parent=5995"}],"wp:term":[{"taxonomy":"category","embeddable":true,"href":"https:\/\/www.visit-ulcinj.com\/blog\/wp-json\/wp\/v2\/categories?post=5995"},{"taxonomy":"post_tag","embeddable":true,"href":"https:\/\/www.visit-ulcinj.com\/blog\/wp-json\/wp\/v2\/tags?post=5995"}],"curies":[{"name":"wp","href":"https:\/\/api.w.org\/{rel}","templated":true}]}}