{"id":59962,"date":"2012-05-02T17:22:36","date_gmt":"2012-05-02T16:22:36","guid":{"rendered":"http:\/\/www.visit-ulcinj.com\/blog\/?p=59962"},"modified":"2012-05-04T10:45:45","modified_gmt":"2012-05-04T09:45:45","slug":"piknik-party-ne-valdanos-ulqin-me-1-maj-foto","status":"publish","type":"post","link":"https:\/\/www.visit-ulcinj.com\/blog\/2012\/05\/02\/piknik-party-ne-valdanos-ulqin-me-1-maj-foto\/","title":{"rendered":"Piknik Party n\u00eb Valdanos &#8211; Ulqin m\u00eb 1 maj &#8211; Foto"},"content":{"rendered":"<p><a href=\"http:\/\/www.visit-ulcinj.com\/blog\/wp-content\/uploads\/2012\/05\/Piknik-Party-n\u00eb-Valdanos-Ulqin-m\u00eb-1-maj.jpg\"><img loading=\"lazy\" class=\"alignleft  wp-image-59964\" title=\"Piknik Party n\u00eb Valdanos - Ulqin m\u00eb 1 maj\" src=\"http:\/\/www.visit-ulcinj.com\/blog\/wp-content\/uploads\/2012\/05\/Piknik-Party-n\u00eb-Valdanos-Ulqin-m\u00eb-1-maj.jpg\" alt=\"\" width=\"508\" height=\"380\" srcset=\"https:\/\/www.visit-ulcinj.com\/blog\/wp-content\/uploads\/2012\/05\/Piknik-Party-n\u00eb-Valdanos-Ulqin-m\u00eb-1-maj.jpg 960w, https:\/\/www.visit-ulcinj.com\/blog\/wp-content\/uploads\/2012\/05\/Piknik-Party-n\u00eb-Valdanos-Ulqin-m\u00eb-1-maj-300x225.jpg 300w\" sizes=\"(max-width: 508px) 100vw, 508px\" \/><\/a>Dje m\u00eb 1 maj simbas paralajm\u00ebrimeve nga organizata joqeveritare MOGUL, \u00a0ulqinaket\u00a0 kaloven momente te bukura n\u00eb Valdanos. Simbas njoftimimeve nep\u00ebr media, ato i b\u00ebn\u00eb thirrje t\u00eb gjith\u00eb qytetareve q\u00eb dit\u00ebn e marte, me 1 maj, t\u00eb jen\u00eb t\u00eb gjith\u00eb n\u00eb gjirin e Valdanosit p\u00ebr t\u00eb bere piknik.<br \/>\nDuhet cekur se edhe k\u00ebsaj here qytetar\u00ebt e Ulqinit iu\u00a0 p\u00ebrgjegjegj\u00ebn ftes\u00ebs s\u00eb thirjes t\u00eb organizat\u00ebs joqeveritare Mogul.<\/p>\n<p>N\u00eb k\u00ebt\u00eb manifestim piknik t\u00eb 1 majit morr\u00ebn pjes\u00eb edhe p\u00ebrfaqsuesit nga Komuna e Ulqinit e nj\u00ebri nd\u00ebr kto ishte edhe kryetari i Ulqinit z.Nazif Cungu. T\u00eb pranish\u00ebm n\u00eb k\u00ebt\u00eb piknik solemn ishin edhe nj\u00eb num\u00ebr i madh\u00eb njerizish si dhe figura t\u00eb njohura intelektuale nga Ulqini,sikurse Bahri Brisku,dhe t\u00eb tjer\u00ebt.<\/p>\n<p>Manifestimi filloi \u00a0prej 12h dhe zgjati deri n\u00eb 16h.<br \/>\n<a href=\"http:\/\/www.visit-ulcinj.com\/blog\/wp-content\/uploads\/2012\/05\/Piknik-Party-n\u00eb-Valdanos-Ulqin-m\u00eb-1-maj.1.jpg\"><img loading=\"lazy\" class=\"alignleft  wp-image-59965\" title=\"Piknik Party n\u00eb Valdanos - Ulqin m\u00eb 1 maj.1\" src=\"http:\/\/www.visit-ulcinj.com\/blog\/wp-content\/uploads\/2012\/05\/Piknik-Party-n\u00eb-Valdanos-Ulqin-m\u00eb-1-maj.1.jpg\" alt=\"\" width=\"508\" height=\"300\" \/><\/a><\/p>\n<p>Organiozator\u00ebt e k\u00ebtij\u00eb pikniku dhe nj\u00ebri nder to z.Xhemal Peroviqi,falenderoi t\u00eb gjith\u00eb qytetaret q\u00eb i&#8217;u p\u00ebrgjigjet thirrjes s\u00eb MOGUL-it duke i th\u00ebne q\u00eb t\u00eb jen\u00eb p\u00ebrs\u00ebri k\u00ebtu \u00a0kur do t\u00eb shprehet nevoja.<\/p>\n<p>Xhemal Peroviqi si nj\u00ebri nga organizatoret e k\u00ebtij pikniku u shpreh para kamerave t\u00eb Tv Teuta se q\u00ebllimi k\u00ebtij pikniku nuk ishte q\u00eb vet\u00ebm \u00a0t\u00eb hyhet n\u00eb Valdanos por kjo t\u00eb jet\u00eb e mundur \u00e7do her\u00eb dhe nga kushdo duke siguruar t\u00eb drejt\u00ebn elementare t\u00eb l\u00ebvizjes s\u00eb lir\u00eb n\u00eb t\u00ebre teritorin e gjirit t\u00eb Valdanosit.Evenimente si kjo, jan\u00eb d\u00ebshmi se ulqinak\u00ebt jan\u00eb njerez q\u00eb e ruajn\u00eb tok\u00ebn,kulturen dhe traditen e tyre, dhe le t\u00eb mbesin si t\u00eb tilla p\u00ebr gjeneratat q\u00eb vin\u00eb.<\/p>\n<p>Ju ftojm\u00eb t\u00eb shikoni fotografit nga pikniku n\u00eb gjirin e Valdanosit.<\/p>\n<p><strong>Lajme nga Ulqini<\/strong><\/p>\n\n\t\t<style type=\"text\/css\">\n\t\t\t#gallery-1 {\n\t\t\t\tmargin: auto;\n\t\t\t}\n\t\t\t#gallery-1 .gallery-item {\n\t\t\t\tfloat: left;\n\t\t\t\tmargin-top: 10px;\n\t\t\t\ttext-align: center;\n\t\t\t\twidth: 33%;\n\t\t\t}\n\t\t\t#gallery-1 img {\n\t\t\t\tborder: 2px solid #cfcfcf;\n\t\t\t}\n\t\t\t#gallery-1 .gallery-caption {\n\t\t\t\tmargin-left: 0;\n\t\t\t}\n\t\t\t\/* see gallery_shortcode() in wp-includes\/media.php *\/\n\t\t<\/style>\n\t\t<div id='gallery-1' class='gallery galleryid-59962 gallery-columns-3 gallery-size-thumbnail'><dl class='gallery-item'>\n\t\t\t<dt class='gallery-icon landscape'>\n\t\t\t\t<a href='https:\/\/www.visit-ulcinj.com\/blog\/wp-content\/uploads\/2012\/05\/Piknik-Party-n\u00eb-Valdanos-Ulqin-m\u00eb-1-maj.jpg'><img width=\"150\" height=\"150\" src=\"https:\/\/www.visit-ulcinj.com\/blog\/wp-content\/uploads\/2012\/05\/Piknik-Party-n\u00eb-Valdanos-Ulqin-m\u00eb-1-maj-150x150.jpg\" class=\"attachment-thumbnail size-thumbnail\" alt=\"\" loading=\"lazy\" \/><\/a>\n\t\t\t<\/dt><\/dl><dl class='gallery-item'>\n\t\t\t<dt class='gallery-icon landscape'>\n\t\t\t\t<a href='https:\/\/www.visit-ulcinj.com\/blog\/wp-content\/uploads\/2012\/05\/Piknik-Party-n\u00eb-Valdanos-Ulqin-m\u00eb-1-maj.1.jpg'><img width=\"150\" height=\"150\" src=\"https:\/\/www.visit-ulcinj.com\/blog\/wp-content\/uploads\/2012\/05\/Piknik-Party-n\u00eb-Valdanos-Ulqin-m\u00eb-1-maj.1-150x150.jpg\" class=\"attachment-thumbnail size-thumbnail\" alt=\"\" loading=\"lazy\" \/><\/a>\n\t\t\t<\/dt><\/dl><dl class='gallery-item'>\n\t\t\t<dt class='gallery-icon landscape'>\n\t\t\t\t<a href='https:\/\/www.visit-ulcinj.com\/blog\/wp-content\/uploads\/2012\/05\/Piknik-Party-n\u00eb-Valdanos-Ulqin-m\u00eb-1-maj.2.jpg'><img width=\"150\" height=\"150\" src=\"https:\/\/www.visit-ulcinj.com\/blog\/wp-content\/uploads\/2012\/05\/Piknik-Party-n\u00eb-Valdanos-Ulqin-m\u00eb-1-maj.2-150x150.jpg\" class=\"attachment-thumbnail size-thumbnail\" alt=\"\" loading=\"lazy\" \/><\/a>\n\t\t\t<\/dt><\/dl><br style=\"clear: both\" \/><dl class='gallery-item'>\n\t\t\t<dt class='gallery-icon landscape'>\n\t\t\t\t<a href='https:\/\/www.visit-ulcinj.com\/blog\/wp-content\/uploads\/2012\/05\/Piknik-Party-n\u00eb-Valdanos-Ulqin-m\u00eb-1-maj.3.jpg'><img width=\"150\" height=\"150\" src=\"https:\/\/www.visit-ulcinj.com\/blog\/wp-content\/uploads\/2012\/05\/Piknik-Party-n\u00eb-Valdanos-Ulqin-m\u00eb-1-maj.3-150x150.jpg\" class=\"attachment-thumbnail size-thumbnail\" alt=\"\" loading=\"lazy\" \/><\/a>\n\t\t\t<\/dt><\/dl><dl class='gallery-item'>\n\t\t\t<dt class='gallery-icon landscape'>\n\t\t\t\t<a href='https:\/\/www.visit-ulcinj.com\/blog\/wp-content\/uploads\/2012\/05\/Piknik-Party-n\u00eb-Valdanos-Ulqin-m\u00eb-1-maj.4.jpg'><img width=\"150\" height=\"150\" src=\"https:\/\/www.visit-ulcinj.com\/blog\/wp-content\/uploads\/2012\/05\/Piknik-Party-n\u00eb-Valdanos-Ulqin-m\u00eb-1-maj.4-150x150.jpg\" class=\"attachment-thumbnail size-thumbnail\" alt=\"\" loading=\"lazy\" \/><\/a>\n\t\t\t<\/dt><\/dl><dl class='gallery-item'>\n\t\t\t<dt class='gallery-icon landscape'>\n\t\t\t\t<a href='https:\/\/www.visit-ulcinj.com\/blog\/wp-content\/uploads\/2012\/05\/Piknik-Party-n\u00eb-Valdanos-Ulqin-m\u00eb-1-maj.5.jpg'><img width=\"150\" height=\"150\" src=\"https:\/\/www.visit-ulcinj.com\/blog\/wp-content\/uploads\/2012\/05\/Piknik-Party-n\u00eb-Valdanos-Ulqin-m\u00eb-1-maj.5-150x150.jpg\" class=\"attachment-thumbnail size-thumbnail\" alt=\"\" loading=\"lazy\" \/><\/a>\n\t\t\t<\/dt><\/dl><br style=\"clear: both\" \/><dl class='gallery-item'>\n\t\t\t<dt class='gallery-icon landscape'>\n\t\t\t\t<a href='https:\/\/www.visit-ulcinj.com\/blog\/wp-content\/uploads\/2012\/05\/Piknik-Party-n\u00eb-Valdanos-Ulqin-m\u00eb-1-maj.6.jpg'><img width=\"150\" height=\"150\" src=\"https:\/\/www.visit-ulcinj.com\/blog\/wp-content\/uploads\/2012\/05\/Piknik-Party-n\u00eb-Valdanos-Ulqin-m\u00eb-1-maj.6-150x150.jpg\" class=\"attachment-thumbnail size-thumbnail\" alt=\"\" loading=\"lazy\" \/><\/a>\n\t\t\t<\/dt><\/dl><dl class='gallery-item'>\n\t\t\t<dt class='gallery-icon landscape'>\n\t\t\t\t<a href='https:\/\/www.visit-ulcinj.com\/blog\/wp-content\/uploads\/2012\/05\/Piknik-Party-n\u00eb-Valdanos-Ulqin-m\u00eb-1-maj.7.jpg'><img width=\"150\" height=\"150\" src=\"https:\/\/www.visit-ulcinj.com\/blog\/wp-content\/uploads\/2012\/05\/Piknik-Party-n\u00eb-Valdanos-Ulqin-m\u00eb-1-maj.7-150x150.jpg\" class=\"attachment-thumbnail size-thumbnail\" alt=\"\" loading=\"lazy\" \/><\/a>\n\t\t\t<\/dt><\/dl><dl class='gallery-item'>\n\t\t\t<dt class='gallery-icon landscape'>\n\t\t\t\t<a href='https:\/\/www.visit-ulcinj.com\/blog\/wp-content\/uploads\/2012\/05\/Piknik-Party-n\u00eb-Valdanos-Ulqin-m\u00eb-1-maj.8.jpg'><img width=\"150\" height=\"150\" src=\"https:\/\/www.visit-ulcinj.com\/blog\/wp-content\/uploads\/2012\/05\/Piknik-Party-n\u00eb-Valdanos-Ulqin-m\u00eb-1-maj.8-150x150.jpg\" class=\"attachment-thumbnail size-thumbnail\" alt=\"\" loading=\"lazy\" \/><\/a>\n\t\t\t<\/dt><\/dl><br style=\"clear: both\" \/><dl class='gallery-item'>\n\t\t\t<dt class='gallery-icon landscape'>\n\t\t\t\t<a href='https:\/\/www.visit-ulcinj.com\/blog\/wp-content\/uploads\/2012\/05\/Piknik-Party-n\u00eb-Valdanos-Ulqin-m\u00eb-1-maj.9.jpg'><img width=\"150\" height=\"150\" src=\"https:\/\/www.visit-ulcinj.com\/blog\/wp-content\/uploads\/2012\/05\/Piknik-Party-n\u00eb-Valdanos-Ulqin-m\u00eb-1-maj.9-150x150.jpg\" class=\"attachment-thumbnail size-thumbnail\" alt=\"\" loading=\"lazy\" \/><\/a>\n\t\t\t<\/dt><\/dl><dl class='gallery-item'>\n\t\t\t<dt class='gallery-icon landscape'>\n\t\t\t\t<a href='https:\/\/www.visit-ulcinj.com\/blog\/wp-content\/uploads\/2012\/05\/Piknik-Party-n\u00eb-Valdanos-Ulqin-m\u00eb-1-maj.10.jpg'><img width=\"150\" height=\"150\" src=\"https:\/\/www.visit-ulcinj.com\/blog\/wp-content\/uploads\/2012\/05\/Piknik-Party-n\u00eb-Valdanos-Ulqin-m\u00eb-1-maj.10-150x150.jpg\" class=\"attachment-thumbnail size-thumbnail\" alt=\"\" loading=\"lazy\" \/><\/a>\n\t\t\t<\/dt><\/dl><dl class='gallery-item'>\n\t\t\t<dt class='gallery-icon landscape'>\n\t\t\t\t<a href='https:\/\/www.visit-ulcinj.com\/blog\/wp-content\/uploads\/2012\/05\/Piknik-Party-n\u00eb-Valdanos-Ulqin-m\u00eb-1-maj.11.jpg'><img width=\"150\" height=\"150\" src=\"https:\/\/www.visit-ulcinj.com\/blog\/wp-content\/uploads\/2012\/05\/Piknik-Party-n\u00eb-Valdanos-Ulqin-m\u00eb-1-maj.11-150x150.jpg\" class=\"attachment-thumbnail size-thumbnail\" alt=\"\" loading=\"lazy\" \/><\/a>\n\t\t\t<\/dt><\/dl><br style=\"clear: both\" \/><dl class='gallery-item'>\n\t\t\t<dt class='gallery-icon landscape'>\n\t\t\t\t<a href='https:\/\/www.visit-ulcinj.com\/blog\/wp-content\/uploads\/2012\/05\/Piknik-Party-n\u00eb-Valdanos-Ulqin-m\u00eb-1-maj.12.jpg'><img width=\"150\" height=\"150\" src=\"https:\/\/www.visit-ulcinj.com\/blog\/wp-content\/uploads\/2012\/05\/Piknik-Party-n\u00eb-Valdanos-Ulqin-m\u00eb-1-maj.12-150x150.jpg\" class=\"attachment-thumbnail size-thumbnail\" alt=\"\" loading=\"lazy\" \/><\/a>\n\t\t\t<\/dt><\/dl><dl class='gallery-item'>\n\t\t\t<dt class='gallery-icon landscape'>\n\t\t\t\t<a href='https:\/\/www.visit-ulcinj.com\/blog\/wp-content\/uploads\/2012\/05\/Piknik-Party-n\u00eb-Valdanos-Ulqin-m\u00eb-1-maj.13.jpg'><img width=\"150\" height=\"150\" src=\"https:\/\/www.visit-ulcinj.com\/blog\/wp-content\/uploads\/2012\/05\/Piknik-Party-n\u00eb-Valdanos-Ulqin-m\u00eb-1-maj.13-150x150.jpg\" class=\"attachment-thumbnail size-thumbnail\" alt=\"\" loading=\"lazy\" \/><\/a>\n\t\t\t<\/dt><\/dl><dl class='gallery-item'>\n\t\t\t<dt class='gallery-icon landscape'>\n\t\t\t\t<a href='https:\/\/www.visit-ulcinj.com\/blog\/wp-content\/uploads\/2012\/05\/Piknik-Party-n\u00eb-Valdanos-Ulqin-m\u00eb-1-maj.14.jpg'><img width=\"150\" height=\"150\" src=\"https:\/\/www.visit-ulcinj.com\/blog\/wp-content\/uploads\/2012\/05\/Piknik-Party-n\u00eb-Valdanos-Ulqin-m\u00eb-1-maj.14-150x150.jpg\" class=\"attachment-thumbnail size-thumbnail\" alt=\"\" loading=\"lazy\" \/><\/a>\n\t\t\t<\/dt><\/dl><br style=\"clear: both\" \/><dl class='gallery-item'>\n\t\t\t<dt class='gallery-icon landscape'>\n\t\t\t\t<a href='https:\/\/www.visit-ulcinj.com\/blog\/wp-content\/uploads\/2012\/05\/Piknik-Party-n\u00eb-Valdanos-Ulqin-m\u00eb-1-maj.15.jpg'><img width=\"150\" height=\"150\" src=\"https:\/\/www.visit-ulcinj.com\/blog\/wp-content\/uploads\/2012\/05\/Piknik-Party-n\u00eb-Valdanos-Ulqin-m\u00eb-1-maj.15-150x150.jpg\" class=\"attachment-thumbnail size-thumbnail\" alt=\"\" loading=\"lazy\" \/><\/a>\n\t\t\t<\/dt><\/dl><dl class='gallery-item'>\n\t\t\t<dt class='gallery-icon landscape'>\n\t\t\t\t<a href='https:\/\/www.visit-ulcinj.com\/blog\/wp-content\/uploads\/2012\/05\/Piknik-Party-n\u00eb-Valdanos-Ulqin-m\u00eb-1-maj.16.jpg'><img width=\"150\" height=\"150\" src=\"https:\/\/www.visit-ulcinj.com\/blog\/wp-content\/uploads\/2012\/05\/Piknik-Party-n\u00eb-Valdanos-Ulqin-m\u00eb-1-maj.16-150x150.jpg\" class=\"attachment-thumbnail size-thumbnail\" alt=\"\" loading=\"lazy\" \/><\/a>\n\t\t\t<\/dt><\/dl><dl class='gallery-item'>\n\t\t\t<dt class='gallery-icon landscape'>\n\t\t\t\t<a href='https:\/\/www.visit-ulcinj.com\/blog\/wp-content\/uploads\/2012\/05\/Piknik-Party-n\u00eb-Valdanos-Ulqin-m\u00eb-1-maj.17.jpg'><img width=\"150\" height=\"150\" src=\"https:\/\/www.visit-ulcinj.com\/blog\/wp-content\/uploads\/2012\/05\/Piknik-Party-n\u00eb-Valdanos-Ulqin-m\u00eb-1-maj.17-150x150.jpg\" class=\"attachment-thumbnail size-thumbnail\" alt=\"\" loading=\"lazy\" \/><\/a>\n\t\t\t<\/dt><\/dl><br style=\"clear: both\" \/>\n\t\t<\/div>\n\n<p>&nbsp;<\/p>\n","protected":false},"excerpt":{"rendered":"<p>Dje m\u00eb 1 maj simbas paralajm\u00ebrimeve nga organizata joqeveritare MOGUL, \u00a0ulqinaket\u00a0 kaloven momente te bukura n\u00eb Valdanos. Simbas njoftimimeve nep\u00ebr media, ato i b\u00ebn\u00eb thirrje t\u00eb gjith\u00eb qytetareve q\u00eb dit\u00ebn e marte, me 1 maj, t\u00eb jen\u00eb t\u00eb gjith\u00eb n\u00eb gjirin e Valdanosit p\u00ebr t\u00eb bere piknik. Duhet cekur se edhe k\u00ebsaj here qytetar\u00ebt e [&hellip;]<\/p>\n","protected":false},"author":1,"featured_media":0,"comment_status":"open","ping_status":"closed","sticky":false,"template":"","format":"standard","meta":{"spay_email":"","jetpack_publicize_message":"","jetpack_is_tweetstorm":false,"jetpack_publicize_feature_enabled":true},"categories":[4,1],"tags":[564,17345,20419,20422,19,200,18,136,4265],"jetpack_publicize_connections":[],"yoast_head":"<!-- This site is optimized with the Yoast SEO plugin v19.1 - https:\/\/yoast.com\/wordpress\/plugins\/seo\/ -->\n<title>Piknik Party n\u00eb Valdanos - Ulqin m\u00eb 1 maj - Foto - Lajme nga Ulqini<\/title>\n<meta name=\"description\" content=\"Dje m\u00eb 1 maj simbas paralajm\u00ebrimeve nga organizata joqeveritare MOGUL, \u00a0ulqinaket\u00a0 kaloven momente te bukura n\u00eb Valdanos. Simbas njoftimimeve nep\u00ebr media,\" \/>\n<meta name=\"robots\" content=\"index, follow, max-snippet:-1, max-image-preview:large, max-video-preview:-1\" \/>\n<link rel=\"canonical\" href=\"https:\/\/www.visit-ulcinj.com\/blog\/2012\/05\/02\/piknik-party-ne-valdanos-ulqin-me-1-maj-foto\/\" \/>\n<meta property=\"og:locale\" content=\"en_US\" \/>\n<meta property=\"og:type\" content=\"article\" \/>\n<meta property=\"og:title\" content=\"Piknik Party n\u00eb Valdanos - Ulqin m\u00eb 1 maj - Foto - Lajme nga Ulqini\" \/>\n<meta property=\"og:description\" content=\"Dje m\u00eb 1 maj simbas paralajm\u00ebrimeve nga organizata joqeveritare MOGUL, \u00a0ulqinaket\u00a0 kaloven momente te bukura n\u00eb Valdanos. Simbas njoftimimeve nep\u00ebr media,\" \/>\n<meta property=\"og:url\" content=\"https:\/\/www.visit-ulcinj.com\/blog\/2012\/05\/02\/piknik-party-ne-valdanos-ulqin-me-1-maj-foto\/\" \/>\n<meta property=\"og:site_name\" content=\"Lajme nga Ulqini\" \/>\n<meta property=\"article:published_time\" content=\"2012-05-02T16:22:36+00:00\" \/>\n<meta property=\"article:modified_time\" content=\"2012-05-04T09:45:45+00:00\" \/>\n<meta property=\"og:image\" content=\"https:\/\/www.visit-ulcinj.com\/blog\/wp-content\/uploads\/2012\/05\/Piknik-Party-n\u00eb-Valdanos-Ulqin-m\u00eb-1-maj-150x150.jpg\" \/>\n<meta name=\"twitter:label1\" content=\"Written by\" \/>\n\t<meta name=\"twitter:data1\" content=\"ulqini\" \/>\n\t<meta name=\"twitter:label2\" content=\"Est. reading time\" \/>\n\t<meta name=\"twitter:data2\" content=\"2 minutes\" \/>\n<script type=\"application\/ld+json\" class=\"yoast-schema-graph\">{\"@context\":\"https:\/\/schema.org\",\"@graph\":[{\"@type\":\"WebSite\",\"@id\":\"https:\/\/www.visit-ulcinj.com\/blog\/#website\",\"url\":\"https:\/\/www.visit-ulcinj.com\/blog\/\",\"name\":\"Lajme nga Ulqini\",\"description\":\"Lajme,Vijesti,Ulqini,Ulqin,Crna Gora,Mali i Zi\",\"potentialAction\":[{\"@type\":\"SearchAction\",\"target\":{\"@type\":\"EntryPoint\",\"urlTemplate\":\"https:\/\/www.visit-ulcinj.com\/blog\/?s={search_term_string}\"},\"query-input\":\"required name=search_term_string\"}],\"inLanguage\":\"en-US\"},{\"@type\":\"WebPage\",\"@id\":\"https:\/\/www.visit-ulcinj.com\/blog\/2012\/05\/02\/piknik-party-ne-valdanos-ulqin-me-1-maj-foto\/#webpage\",\"url\":\"https:\/\/www.visit-ulcinj.com\/blog\/2012\/05\/02\/piknik-party-ne-valdanos-ulqin-me-1-maj-foto\/\",\"name\":\"Piknik Party n\u00eb Valdanos - Ulqin m\u00eb 1 maj - Foto - Lajme nga Ulqini\",\"isPartOf\":{\"@id\":\"https:\/\/www.visit-ulcinj.com\/blog\/#website\"},\"datePublished\":\"2012-05-02T16:22:36+00:00\",\"dateModified\":\"2012-05-04T09:45:45+00:00\",\"author\":{\"@id\":\"https:\/\/www.visit-ulcinj.com\/blog\/#\/schema\/person\/dcab619c614d3038751c63bc2aadc06d\"},\"description\":\"Dje m\u00eb 1 maj simbas paralajm\u00ebrimeve nga organizata joqeveritare MOGUL, \u00a0ulqinaket\u00a0 kaloven momente te bukura n\u00eb Valdanos. Simbas njoftimimeve nep\u00ebr media,\",\"breadcrumb\":{\"@id\":\"https:\/\/www.visit-ulcinj.com\/blog\/2012\/05\/02\/piknik-party-ne-valdanos-ulqin-me-1-maj-foto\/#breadcrumb\"},\"inLanguage\":\"en-US\",\"potentialAction\":[{\"@type\":\"ReadAction\",\"target\":[\"https:\/\/www.visit-ulcinj.com\/blog\/2012\/05\/02\/piknik-party-ne-valdanos-ulqin-me-1-maj-foto\/\"]}]},{\"@type\":\"BreadcrumbList\",\"@id\":\"https:\/\/www.visit-ulcinj.com\/blog\/2012\/05\/02\/piknik-party-ne-valdanos-ulqin-me-1-maj-foto\/#breadcrumb\",\"itemListElement\":[{\"@type\":\"ListItem\",\"position\":1,\"name\":\"Piknik Party n\u00eb Valdanos &#8211; Ulqin m\u00eb 1 maj &#8211; Foto\"}]},{\"@type\":\"Person\",\"@id\":\"https:\/\/www.visit-ulcinj.com\/blog\/#\/schema\/person\/dcab619c614d3038751c63bc2aadc06d\",\"name\":\"ulqini\",\"sameAs\":[\"http:\/\/www.visit-ulcinj.com\"],\"url\":\"https:\/\/www.visit-ulcinj.com\/blog\/author\/admin\/\"}]}<\/script>\n<!-- \/ Yoast SEO plugin. -->","yoast_head_json":{"title":"Piknik Party n\u00eb Valdanos - Ulqin m\u00eb 1 maj - Foto - Lajme nga Ulqini","description":"Dje m\u00eb 1 maj simbas paralajm\u00ebrimeve nga organizata joqeveritare MOGUL, \u00a0ulqinaket\u00a0 kaloven momente te bukura n\u00eb Valdanos. Simbas njoftimimeve nep\u00ebr media,","robots":{"index":"index","follow":"follow","max-snippet":"max-snippet:-1","max-image-preview":"max-image-preview:large","max-video-preview":"max-video-preview:-1"},"canonical":"https:\/\/www.visit-ulcinj.com\/blog\/2012\/05\/02\/piknik-party-ne-valdanos-ulqin-me-1-maj-foto\/","og_locale":"en_US","og_type":"article","og_title":"Piknik Party n\u00eb Valdanos - Ulqin m\u00eb 1 maj - Foto - Lajme nga Ulqini","og_description":"Dje m\u00eb 1 maj simbas paralajm\u00ebrimeve nga organizata joqeveritare MOGUL, \u00a0ulqinaket\u00a0 kaloven momente te bukura n\u00eb Valdanos. Simbas njoftimimeve nep\u00ebr media,","og_url":"https:\/\/www.visit-ulcinj.com\/blog\/2012\/05\/02\/piknik-party-ne-valdanos-ulqin-me-1-maj-foto\/","og_site_name":"Lajme nga Ulqini","article_published_time":"2012-05-02T16:22:36+00:00","article_modified_time":"2012-05-04T09:45:45+00:00","og_image":[{"url":"https:\/\/www.visit-ulcinj.com\/blog\/wp-content\/uploads\/2012\/05\/Piknik-Party-n\u00eb-Valdanos-Ulqin-m\u00eb-1-maj-150x150.jpg"}],"twitter_misc":{"Written by":"ulqini","Est. reading time":"2 minutes"},"schema":{"@context":"https:\/\/schema.org","@graph":[{"@type":"WebSite","@id":"https:\/\/www.visit-ulcinj.com\/blog\/#website","url":"https:\/\/www.visit-ulcinj.com\/blog\/","name":"Lajme nga Ulqini","description":"Lajme,Vijesti,Ulqini,Ulqin,Crna Gora,Mali i Zi","potentialAction":[{"@type":"SearchAction","target":{"@type":"EntryPoint","urlTemplate":"https:\/\/www.visit-ulcinj.com\/blog\/?s={search_term_string}"},"query-input":"required name=search_term_string"}],"inLanguage":"en-US"},{"@type":"WebPage","@id":"https:\/\/www.visit-ulcinj.com\/blog\/2012\/05\/02\/piknik-party-ne-valdanos-ulqin-me-1-maj-foto\/#webpage","url":"https:\/\/www.visit-ulcinj.com\/blog\/2012\/05\/02\/piknik-party-ne-valdanos-ulqin-me-1-maj-foto\/","name":"Piknik Party n\u00eb Valdanos - Ulqin m\u00eb 1 maj - Foto - Lajme nga Ulqini","isPartOf":{"@id":"https:\/\/www.visit-ulcinj.com\/blog\/#website"},"datePublished":"2012-05-02T16:22:36+00:00","dateModified":"2012-05-04T09:45:45+00:00","author":{"@id":"https:\/\/www.visit-ulcinj.com\/blog\/#\/schema\/person\/dcab619c614d3038751c63bc2aadc06d"},"description":"Dje m\u00eb 1 maj simbas paralajm\u00ebrimeve nga organizata joqeveritare MOGUL, \u00a0ulqinaket\u00a0 kaloven momente te bukura n\u00eb Valdanos. Simbas njoftimimeve nep\u00ebr media,","breadcrumb":{"@id":"https:\/\/www.visit-ulcinj.com\/blog\/2012\/05\/02\/piknik-party-ne-valdanos-ulqin-me-1-maj-foto\/#breadcrumb"},"inLanguage":"en-US","potentialAction":[{"@type":"ReadAction","target":["https:\/\/www.visit-ulcinj.com\/blog\/2012\/05\/02\/piknik-party-ne-valdanos-ulqin-me-1-maj-foto\/"]}]},{"@type":"BreadcrumbList","@id":"https:\/\/www.visit-ulcinj.com\/blog\/2012\/05\/02\/piknik-party-ne-valdanos-ulqin-me-1-maj-foto\/#breadcrumb","itemListElement":[{"@type":"ListItem","position":1,"name":"Piknik Party n\u00eb Valdanos &#8211; Ulqin m\u00eb 1 maj &#8211; Foto"}]},{"@type":"Person","@id":"https:\/\/www.visit-ulcinj.com\/blog\/#\/schema\/person\/dcab619c614d3038751c63bc2aadc06d","name":"ulqini","sameAs":["http:\/\/www.visit-ulcinj.com"],"url":"https:\/\/www.visit-ulcinj.com\/blog\/author\/admin\/"}]}},"jetpack_featured_media_url":"","jetpack_sharing_enabled":true,"jetpack_shortlink":"https:\/\/wp.me\/pe6lTn-fB8","_links":{"self":[{"href":"https:\/\/www.visit-ulcinj.com\/blog\/wp-json\/wp\/v2\/posts\/59962"}],"collection":[{"href":"https:\/\/www.visit-ulcinj.com\/blog\/wp-json\/wp\/v2\/posts"}],"about":[{"href":"https:\/\/www.visit-ulcinj.com\/blog\/wp-json\/wp\/v2\/types\/post"}],"author":[{"embeddable":true,"href":"https:\/\/www.visit-ulcinj.com\/blog\/wp-json\/wp\/v2\/users\/1"}],"replies":[{"embeddable":true,"href":"https:\/\/www.visit-ulcinj.com\/blog\/wp-json\/wp\/v2\/comments?post=59962"}],"version-history":[{"count":5,"href":"https:\/\/www.visit-ulcinj.com\/blog\/wp-json\/wp\/v2\/posts\/59962\/revisions"}],"predecessor-version":[{"id":60053,"href":"https:\/\/www.visit-ulcinj.com\/blog\/wp-json\/wp\/v2\/posts\/59962\/revisions\/60053"}],"wp:attachment":[{"href":"https:\/\/www.visit-ulcinj.com\/blog\/wp-json\/wp\/v2\/media?parent=59962"}],"wp:term":[{"taxonomy":"category","embeddable":true,"href":"https:\/\/www.visit-ulcinj.com\/blog\/wp-json\/wp\/v2\/categories?post=59962"},{"taxonomy":"post_tag","embeddable":true,"href":"https:\/\/www.visit-ulcinj.com\/blog\/wp-json\/wp\/v2\/tags?post=59962"}],"curies":[{"name":"wp","href":"https:\/\/api.w.org\/{rel}","templated":true}]}}