{"id":5998,"date":"2008-11-14T16:34:21","date_gmt":"2008-11-14T21:34:21","guid":{"rendered":"http:\/\/www.visit-ulcinj.com\/blog\/?p=5998"},"modified":"2008-11-14T16:53:50","modified_gmt":"2008-11-14T21:53:50","slug":"be15-vende-te-zones-se-euros-ne-recesion","status":"publish","type":"post","link":"https:\/\/www.visit-ulcinj.com\/blog\/2008\/11\/14\/be15-vende-te-zones-se-euros-ne-recesion\/","title":{"rendered":"BE:15 vende t\u00eb zon\u00ebs s\u00eb Euros n\u00eb recesion"},"content":{"rendered":"<p><a href=\"http:\/\/www.visit-ulcinj.com\/blog\/wp-content\/uploads\/2008\/11\/eu-flag.jpg\"><img loading=\"lazy\" class=\"alignleft size-medium wp-image-5999\" title=\"eu-flag\" src=\"http:\/\/www.visit-ulcinj.com\/blog\/wp-content\/uploads\/2008\/11\/eu-flag-300x177.jpg\" alt=\"\" width=\"300\" height=\"177\" srcset=\"https:\/\/www.visit-ulcinj.com\/blog\/wp-content\/uploads\/2008\/11\/eu-flag-300x177.jpg 300w, https:\/\/www.visit-ulcinj.com\/blog\/wp-content\/uploads\/2008\/11\/eu-flag.jpg 775w\" sizes=\"(max-width: 300px) 100vw, 300px\" \/><\/a>Bashkimi Evropian tha se 15 vende, q\u00eb p\u00ebrdorin Euron, jan\u00eb n\u00eb recesion, nd\u00ebrkoh\u00eb q\u00eb udh\u00ebheq\u00ebsit bot\u00ebror\u00eb mblidhen n\u00eb Uashington p\u00ebr t\u00eb diskutuar rreth kriz\u00ebs financiare n\u00eb bot\u00eb.<br \/>\nBashkimi Evropian tha se rritja ekonomike n\u00eb zon\u00ebn ku p\u00ebrdoret Euroja ra me 0,2 p\u00ebr qind n\u00eb 3-mujorin e tret\u00eb t\u00eb vitit, pas nj\u00eb r\u00ebnie t\u00eb ngjashme n\u00eb 3-mujorin e m\u00ebparsh\u00ebm.<br \/>\nN\u00eb k\u00ebt\u00eb zon\u00eb, Gjermania dhe Italia jan\u00eb n\u00eb recesion bashk\u00eb me Spanj\u00ebn dhe Irland\u00ebn.<br \/>\nNd\u00ebrkoh\u00eb, Franca publikoi sot statiskikat ekonomike, duke v\u00ebn\u00eb n\u00eb dukje se ekonomia e saj u rrit me 0,1 p\u00ebr qind gjat\u00eb 3-mujorit t\u00eb tret\u00eb t\u00eb vitit. Hong Kongu njoftoi se ka r\u00ebn\u00eb n\u00eb recesion gjat\u00eb 3-mujorit t\u00eb tret\u00eb.<br \/>\nDrejtori i Bank\u00ebs Q\u00ebndrore t\u00eb Shteteve t\u00eb Bashkuara, Ben Bernanke, tha se jan\u00eb b\u00ebr\u00eb tentativa t\u00eb shumta p\u00ebr p\u00ebrmir\u00ebsimin e sistemit financiar global, por ai vazhdon t\u00eb jet\u00eb n\u00eb gjendje tep\u00ebr t\u00eb v\u00ebshtir\u00eb. Ai tha se bankjer\u00ebt kryesor\u00eb n\u00eb gjith\u00eb bot\u00ebn jan\u00eb n\u00eb kontakt t\u00eb vazhduesh\u00ebm, duke ndjekur me kujdes zhvillimet dhe gati p\u00ebr t\u00eb marr\u00eb masa shtes\u00eb n\u00eb rast nevoje.<br \/>\nNd\u00ebrkoh\u00eb, udh\u00ebheq\u00ebs nga 20 vendet m\u00eb t\u00eb industrializuara t\u00eb bot\u00ebs dhe vendeve me rritje t\u00eb shpejt\u00eb ekonomike mblidhen k\u00ebtu n\u00eb Uashington p\u00ebr t\u00eb diskutuar rreth kriz\u00ebs financiare. Presidenti George Bush do t\u2019i pres\u00eb k\u00ebta udh\u00ebheq\u00ebs sonte p\u00ebr dark\u00eb n\u00eb Shtp\u00ebin\u00eb e Bardh\u00eb. Nes\u00ebr ata zhvillojn\u00eb nj\u00eb takim zyrtar p\u00ebr t\u00eb diskutuar mbim\u00ebnyrat p\u00ebr kap\u00ebrcimin e kriz\u00ebs.<br \/>\nDje, Organizata p\u00ebr Bashk\u00ebpunim dhe Zhvillim Ekonomik, tha n\u00eb nj\u00eb raport t\u00eb fundit se aktiviteti ekonomik vitin e ardhsh\u00ebm do t\u00eb tkuren me nj\u00eb p\u00ebr qind n\u00eb vendet, q\u00eb p\u00ebrdorin Euron, dhe me 0,9 p\u00ebrqind n\u00eb Shtetet e Bashkuara<br \/>\n<strong>Burimi \/ VOA <\/strong><\/p>\n<p>[quicktime]http:\/\/www.voanews.com\/mediaassets\/albanian\/2008_11\/Video\/wmv\/[\/quicktime]<\/p>\n","protected":false},"excerpt":{"rendered":"<p>Bashkimi Evropian tha se 15 vende, q\u00eb p\u00ebrdorin Euron, jan\u00eb n\u00eb recesion, nd\u00ebrkoh\u00eb q\u00eb udh\u00ebheq\u00ebsit bot\u00ebror\u00eb mblidhen n\u00eb Uashington p\u00ebr t\u00eb diskutuar rreth kriz\u00ebs financiare n\u00eb bot\u00eb. Bashkimi Evropian tha se rritja ekonomike n\u00eb zon\u00ebn ku p\u00ebrdoret Euroja ra me 0,2 p\u00ebr qind n\u00eb 3-mujorin e tret\u00eb t\u00eb vitit, pas nj\u00eb r\u00ebnie t\u00eb ngjashme n\u00eb [&hellip;]<\/p>\n","protected":false},"author":1,"featured_media":0,"comment_status":"open","ping_status":"closed","sticky":false,"template":"","format":"standard","meta":{"spay_email":"","jetpack_publicize_message":"","jetpack_is_tweetstorm":false,"jetpack_publicize_feature_enabled":true},"categories":[7],"tags":[4124],"jetpack_publicize_connections":[],"yoast_head":"<!-- This site is optimized with the Yoast SEO plugin v19.1 - https:\/\/yoast.com\/wordpress\/plugins\/seo\/ -->\n<title>BE:15 vende t\u00eb zon\u00ebs s\u00eb Euros n\u00eb recesion - Lajme nga Ulqini<\/title>\n<meta name=\"description\" content=\"Bashkimi Evropian tha se 15 vende, q\u00eb p\u00ebrdorin Euron, jan\u00eb n\u00eb recesion, nd\u00ebrkoh\u00eb q\u00eb udh\u00ebheq\u00ebsit bot\u00ebror\u00eb mblidhen n\u00eb Uashington p\u00ebr t\u00eb diskutuar rreth\" \/>\n<meta name=\"robots\" content=\"index, follow, max-snippet:-1, max-image-preview:large, max-video-preview:-1\" \/>\n<link rel=\"canonical\" href=\"https:\/\/www.visit-ulcinj.com\/blog\/2008\/11\/14\/be15-vende-te-zones-se-euros-ne-recesion\/\" \/>\n<meta property=\"og:locale\" content=\"en_US\" \/>\n<meta property=\"og:type\" content=\"article\" \/>\n<meta property=\"og:title\" content=\"BE:15 vende t\u00eb zon\u00ebs s\u00eb Euros n\u00eb recesion - Lajme nga Ulqini\" \/>\n<meta property=\"og:description\" content=\"Bashkimi Evropian tha se 15 vende, q\u00eb p\u00ebrdorin Euron, jan\u00eb n\u00eb recesion, nd\u00ebrkoh\u00eb q\u00eb udh\u00ebheq\u00ebsit bot\u00ebror\u00eb mblidhen n\u00eb Uashington p\u00ebr t\u00eb diskutuar rreth\" \/>\n<meta property=\"og:url\" content=\"https:\/\/www.visit-ulcinj.com\/blog\/2008\/11\/14\/be15-vende-te-zones-se-euros-ne-recesion\/\" \/>\n<meta property=\"og:site_name\" content=\"Lajme nga Ulqini\" \/>\n<meta property=\"article:published_time\" content=\"2008-11-14T21:34:21+00:00\" \/>\n<meta property=\"article:modified_time\" content=\"2008-11-14T21:53:50+00:00\" \/>\n<meta property=\"og:image\" content=\"http:\/\/www.visit-ulcinj.com\/blog\/wp-content\/uploads\/2008\/11\/eu-flag-300x177.jpg\" \/>\n<meta name=\"twitter:label1\" content=\"Written by\" \/>\n\t<meta name=\"twitter:data1\" content=\"ulqini\" \/>\n\t<meta name=\"twitter:label2\" content=\"Est. reading time\" \/>\n\t<meta name=\"twitter:data2\" content=\"2 minutes\" \/>\n<script type=\"application\/ld+json\" class=\"yoast-schema-graph\">{\"@context\":\"https:\/\/schema.org\",\"@graph\":[{\"@type\":\"WebSite\",\"@id\":\"https:\/\/www.visit-ulcinj.com\/blog\/#website\",\"url\":\"https:\/\/www.visit-ulcinj.com\/blog\/\",\"name\":\"Lajme nga Ulqini\",\"description\":\"Lajme,Vijesti,Ulqini,Ulqin,Crna Gora,Mali i Zi\",\"potentialAction\":[{\"@type\":\"SearchAction\",\"target\":{\"@type\":\"EntryPoint\",\"urlTemplate\":\"https:\/\/www.visit-ulcinj.com\/blog\/?s={search_term_string}\"},\"query-input\":\"required name=search_term_string\"}],\"inLanguage\":\"en-US\"},{\"@type\":\"ImageObject\",\"inLanguage\":\"en-US\",\"@id\":\"https:\/\/www.visit-ulcinj.com\/blog\/2008\/11\/14\/be15-vende-te-zones-se-euros-ne-recesion\/#primaryimage\",\"url\":\"http:\/\/www.visit-ulcinj.com\/blog\/wp-content\/uploads\/2008\/11\/eu-flag-300x177.jpg\",\"contentUrl\":\"http:\/\/www.visit-ulcinj.com\/blog\/wp-content\/uploads\/2008\/11\/eu-flag-300x177.jpg\"},{\"@type\":\"WebPage\",\"@id\":\"https:\/\/www.visit-ulcinj.com\/blog\/2008\/11\/14\/be15-vende-te-zones-se-euros-ne-recesion\/#webpage\",\"url\":\"https:\/\/www.visit-ulcinj.com\/blog\/2008\/11\/14\/be15-vende-te-zones-se-euros-ne-recesion\/\",\"name\":\"BE:15 vende t\u00eb zon\u00ebs s\u00eb Euros n\u00eb recesion - Lajme nga Ulqini\",\"isPartOf\":{\"@id\":\"https:\/\/www.visit-ulcinj.com\/blog\/#website\"},\"primaryImageOfPage\":{\"@id\":\"https:\/\/www.visit-ulcinj.com\/blog\/2008\/11\/14\/be15-vende-te-zones-se-euros-ne-recesion\/#primaryimage\"},\"datePublished\":\"2008-11-14T21:34:21+00:00\",\"dateModified\":\"2008-11-14T21:53:50+00:00\",\"author\":{\"@id\":\"https:\/\/www.visit-ulcinj.com\/blog\/#\/schema\/person\/dcab619c614d3038751c63bc2aadc06d\"},\"description\":\"Bashkimi Evropian tha se 15 vende, q\u00eb p\u00ebrdorin Euron, jan\u00eb n\u00eb recesion, nd\u00ebrkoh\u00eb q\u00eb udh\u00ebheq\u00ebsit bot\u00ebror\u00eb mblidhen n\u00eb Uashington p\u00ebr t\u00eb diskutuar rreth\",\"breadcrumb\":{\"@id\":\"https:\/\/www.visit-ulcinj.com\/blog\/2008\/11\/14\/be15-vende-te-zones-se-euros-ne-recesion\/#breadcrumb\"},\"inLanguage\":\"en-US\",\"potentialAction\":[{\"@type\":\"ReadAction\",\"target\":[\"https:\/\/www.visit-ulcinj.com\/blog\/2008\/11\/14\/be15-vende-te-zones-se-euros-ne-recesion\/\"]}]},{\"@type\":\"BreadcrumbList\",\"@id\":\"https:\/\/www.visit-ulcinj.com\/blog\/2008\/11\/14\/be15-vende-te-zones-se-euros-ne-recesion\/#breadcrumb\",\"itemListElement\":[{\"@type\":\"ListItem\",\"position\":1,\"name\":\"BE:15 vende t\u00eb zon\u00ebs s\u00eb Euros n\u00eb recesion\"}]},{\"@type\":\"Person\",\"@id\":\"https:\/\/www.visit-ulcinj.com\/blog\/#\/schema\/person\/dcab619c614d3038751c63bc2aadc06d\",\"name\":\"ulqini\",\"sameAs\":[\"http:\/\/www.visit-ulcinj.com\"],\"url\":\"https:\/\/www.visit-ulcinj.com\/blog\/author\/admin\/\"}]}<\/script>\n<!-- \/ Yoast SEO plugin. -->","yoast_head_json":{"title":"BE:15 vende t\u00eb zon\u00ebs s\u00eb Euros n\u00eb recesion - Lajme nga Ulqini","description":"Bashkimi Evropian tha se 15 vende, q\u00eb p\u00ebrdorin Euron, jan\u00eb n\u00eb recesion, nd\u00ebrkoh\u00eb q\u00eb udh\u00ebheq\u00ebsit bot\u00ebror\u00eb mblidhen n\u00eb Uashington p\u00ebr t\u00eb diskutuar rreth","robots":{"index":"index","follow":"follow","max-snippet":"max-snippet:-1","max-image-preview":"max-image-preview:large","max-video-preview":"max-video-preview:-1"},"canonical":"https:\/\/www.visit-ulcinj.com\/blog\/2008\/11\/14\/be15-vende-te-zones-se-euros-ne-recesion\/","og_locale":"en_US","og_type":"article","og_title":"BE:15 vende t\u00eb zon\u00ebs s\u00eb Euros n\u00eb recesion - Lajme nga Ulqini","og_description":"Bashkimi Evropian tha se 15 vende, q\u00eb p\u00ebrdorin Euron, jan\u00eb n\u00eb recesion, nd\u00ebrkoh\u00eb q\u00eb udh\u00ebheq\u00ebsit bot\u00ebror\u00eb mblidhen n\u00eb Uashington p\u00ebr t\u00eb diskutuar rreth","og_url":"https:\/\/www.visit-ulcinj.com\/blog\/2008\/11\/14\/be15-vende-te-zones-se-euros-ne-recesion\/","og_site_name":"Lajme nga Ulqini","article_published_time":"2008-11-14T21:34:21+00:00","article_modified_time":"2008-11-14T21:53:50+00:00","og_image":[{"url":"http:\/\/www.visit-ulcinj.com\/blog\/wp-content\/uploads\/2008\/11\/eu-flag-300x177.jpg"}],"twitter_misc":{"Written by":"ulqini","Est. reading time":"2 minutes"},"schema":{"@context":"https:\/\/schema.org","@graph":[{"@type":"WebSite","@id":"https:\/\/www.visit-ulcinj.com\/blog\/#website","url":"https:\/\/www.visit-ulcinj.com\/blog\/","name":"Lajme nga Ulqini","description":"Lajme,Vijesti,Ulqini,Ulqin,Crna Gora,Mali i Zi","potentialAction":[{"@type":"SearchAction","target":{"@type":"EntryPoint","urlTemplate":"https:\/\/www.visit-ulcinj.com\/blog\/?s={search_term_string}"},"query-input":"required name=search_term_string"}],"inLanguage":"en-US"},{"@type":"ImageObject","inLanguage":"en-US","@id":"https:\/\/www.visit-ulcinj.com\/blog\/2008\/11\/14\/be15-vende-te-zones-se-euros-ne-recesion\/#primaryimage","url":"http:\/\/www.visit-ulcinj.com\/blog\/wp-content\/uploads\/2008\/11\/eu-flag-300x177.jpg","contentUrl":"http:\/\/www.visit-ulcinj.com\/blog\/wp-content\/uploads\/2008\/11\/eu-flag-300x177.jpg"},{"@type":"WebPage","@id":"https:\/\/www.visit-ulcinj.com\/blog\/2008\/11\/14\/be15-vende-te-zones-se-euros-ne-recesion\/#webpage","url":"https:\/\/www.visit-ulcinj.com\/blog\/2008\/11\/14\/be15-vende-te-zones-se-euros-ne-recesion\/","name":"BE:15 vende t\u00eb zon\u00ebs s\u00eb Euros n\u00eb recesion - Lajme nga Ulqini","isPartOf":{"@id":"https:\/\/www.visit-ulcinj.com\/blog\/#website"},"primaryImageOfPage":{"@id":"https:\/\/www.visit-ulcinj.com\/blog\/2008\/11\/14\/be15-vende-te-zones-se-euros-ne-recesion\/#primaryimage"},"datePublished":"2008-11-14T21:34:21+00:00","dateModified":"2008-11-14T21:53:50+00:00","author":{"@id":"https:\/\/www.visit-ulcinj.com\/blog\/#\/schema\/person\/dcab619c614d3038751c63bc2aadc06d"},"description":"Bashkimi Evropian tha se 15 vende, q\u00eb p\u00ebrdorin Euron, jan\u00eb n\u00eb recesion, nd\u00ebrkoh\u00eb q\u00eb udh\u00ebheq\u00ebsit bot\u00ebror\u00eb mblidhen n\u00eb Uashington p\u00ebr t\u00eb diskutuar rreth","breadcrumb":{"@id":"https:\/\/www.visit-ulcinj.com\/blog\/2008\/11\/14\/be15-vende-te-zones-se-euros-ne-recesion\/#breadcrumb"},"inLanguage":"en-US","potentialAction":[{"@type":"ReadAction","target":["https:\/\/www.visit-ulcinj.com\/blog\/2008\/11\/14\/be15-vende-te-zones-se-euros-ne-recesion\/"]}]},{"@type":"BreadcrumbList","@id":"https:\/\/www.visit-ulcinj.com\/blog\/2008\/11\/14\/be15-vende-te-zones-se-euros-ne-recesion\/#breadcrumb","itemListElement":[{"@type":"ListItem","position":1,"name":"BE:15 vende t\u00eb zon\u00ebs s\u00eb Euros n\u00eb recesion"}]},{"@type":"Person","@id":"https:\/\/www.visit-ulcinj.com\/blog\/#\/schema\/person\/dcab619c614d3038751c63bc2aadc06d","name":"ulqini","sameAs":["http:\/\/www.visit-ulcinj.com"],"url":"https:\/\/www.visit-ulcinj.com\/blog\/author\/admin\/"}]}},"jetpack_featured_media_url":"","jetpack_sharing_enabled":true,"jetpack_shortlink":"https:\/\/wp.me\/pe6lTn-1yK","_links":{"self":[{"href":"https:\/\/www.visit-ulcinj.com\/blog\/wp-json\/wp\/v2\/posts\/5998"}],"collection":[{"href":"https:\/\/www.visit-ulcinj.com\/blog\/wp-json\/wp\/v2\/posts"}],"about":[{"href":"https:\/\/www.visit-ulcinj.com\/blog\/wp-json\/wp\/v2\/types\/post"}],"author":[{"embeddable":true,"href":"https:\/\/www.visit-ulcinj.com\/blog\/wp-json\/wp\/v2\/users\/1"}],"replies":[{"embeddable":true,"href":"https:\/\/www.visit-ulcinj.com\/blog\/wp-json\/wp\/v2\/comments?post=5998"}],"version-history":[{"count":0,"href":"https:\/\/www.visit-ulcinj.com\/blog\/wp-json\/wp\/v2\/posts\/5998\/revisions"}],"wp:attachment":[{"href":"https:\/\/www.visit-ulcinj.com\/blog\/wp-json\/wp\/v2\/media?parent=5998"}],"wp:term":[{"taxonomy":"category","embeddable":true,"href":"https:\/\/www.visit-ulcinj.com\/blog\/wp-json\/wp\/v2\/categories?post=5998"},{"taxonomy":"post_tag","embeddable":true,"href":"https:\/\/www.visit-ulcinj.com\/blog\/wp-json\/wp\/v2\/tags?post=5998"}],"curies":[{"name":"wp","href":"https:\/\/api.w.org\/{rel}","templated":true}]}}