{"id":59986,"date":"2012-05-03T17:45:19","date_gmt":"2012-05-03T16:45:19","guid":{"rendered":"http:\/\/www.visit-ulcinj.com\/blog\/?p=59986"},"modified":"2012-05-03T17:45:19","modified_gmt":"2012-05-03T16:45:19","slug":"kkchampion-perseri-nder-klubet-me-te-suksesshem","status":"publish","type":"post","link":"https:\/\/www.visit-ulcinj.com\/blog\/2012\/05\/03\/kkchampion-perseri-nder-klubet-me-te-suksesshem\/","title":{"rendered":"KK&#8221;Champion&#8221;- p\u00ebrs\u00ebri nd\u00ebr klubet m\u00eb t\u00eb suksessh\u00ebm"},"content":{"rendered":"<p><a href=\"http:\/\/www.visit-ulcinj.com\/blog\/wp-content\/uploads\/2012\/05\/Karate-Klub-Champion-Podgorica-Open-2012.jpg\"><img loading=\"lazy\" class=\"alignleft  wp-image-59987\" title=\"Karate Klub Champion - Podgorica Open 2012\" src=\"http:\/\/www.visit-ulcinj.com\/blog\/wp-content\/uploads\/2012\/05\/Karate-Klub-Champion-Podgorica-Open-2012.jpg\" alt=\"\" width=\"508\" height=\"380\" srcset=\"https:\/\/www.visit-ulcinj.com\/blog\/wp-content\/uploads\/2012\/05\/Karate-Klub-Champion-Podgorica-Open-2012.jpg 640w, https:\/\/www.visit-ulcinj.com\/blog\/wp-content\/uploads\/2012\/05\/Karate-Klub-Champion-Podgorica-Open-2012-300x225.jpg 300w\" sizes=\"(max-width: 508px) 100vw, 508px\" \/><\/a>Te dielen,me 29 prill \u201912 ne Podgorice,u mbajt turneu i karatese\u201dPodgorica Open 2012\u201d,organizuar nga klubi i karatese \u201cSeiken\u201d nga Podgorica.Ky turne mblodhi mbi 300 garues te 18 klubeve nga Mali i Zi.Ne renditjen e pergjithshme,vendi i pare i takoi KK\u201dOmladinac\u201dnga Podgorica,vendi i dyte KK\u201dOnogosht\u201di Nikshiqit,vendi i trete KK\u201dChampion\u201dnga Ulqini.Derisa vendi i katert KK\u201dGorshtak\u201di Kollashinit dhe vendi i peste KK\u201dUlqini\u201dnga Ulqini. Klubi i karatese \u201cChampion\u201du prezentua ne disiplinat individuale dhe ekipore me 13 nxenes (3 fatosa,4 pionier,3 shpresa,2 kadet dhe 1 junior) te cilet arriten te fitojne 6 medalje te arta,5 argjendi,5 bronzi si dhe nje kupe per vendin e trete ne renditje.<br \/>\n-\u201cRezultati i arrire ne kete gare ishte deshmi e sukseseve te vazhdueshme te klubit tone,sukses i cili beri qe edhe kete rralle te renditemi nder klubet me te suksesshme.Poashtu pergezojme edhe klubin tjeter nga Ulqini i cili u rendit ne vend te peste ne renditjen e pergjithshme\u201d-thuhet ne deklaraten e KK\u201dChampion\u201d.Ne kata individuale me medalje te arta u kurorezuan:Elvir Deljanin,Daniel Margjonoviq.Argjendi :Leona Markiq,Eliza Markiq.Me medalje bronzi:Ermir Kurtovic,Admir Sella,Milica Bundallo,Ervin Deljanin,Nikolla Margjonoviq.Ndersa ne kata ekipore me medalje te arte ekipi:Eliza Markiq,Andrea Dragojeviq,Milica Bundallo.Me medalje argjendi,ekipi:Ermir Kurtoviq,Admir Sella,Elvir Deljanin.Dhe me medalje te arte ekipi I junioreve:Shaban Muratoviq,Eldin Muratoviq,Ermin Coroviq.Ne luftra individuale me medalje te arta u kurorezuan Shaban Muratovic (kadet-63kg)dhe Ermin Coroviq(junior-55kg).Medalje argjendi poashtu ne luftra individuale fituan:Andrea Dragojeviq(pioniere+35kg) dhe Elvir Deljanin(pionier-35kg).<\/p>\n\n\t\t<style type=\"text\/css\">\n\t\t\t#gallery-1 {\n\t\t\t\tmargin: auto;\n\t\t\t}\n\t\t\t#gallery-1 .gallery-item {\n\t\t\t\tfloat: left;\n\t\t\t\tmargin-top: 10px;\n\t\t\t\ttext-align: center;\n\t\t\t\twidth: 33%;\n\t\t\t}\n\t\t\t#gallery-1 img {\n\t\t\t\tborder: 2px solid #cfcfcf;\n\t\t\t}\n\t\t\t#gallery-1 .gallery-caption {\n\t\t\t\tmargin-left: 0;\n\t\t\t}\n\t\t\t\/* see gallery_shortcode() in wp-includes\/media.php *\/\n\t\t<\/style>\n\t\t<div id='gallery-1' class='gallery galleryid-59986 gallery-columns-3 gallery-size-thumbnail'><dl class='gallery-item'>\n\t\t\t<dt class='gallery-icon landscape'>\n\t\t\t\t<a href='https:\/\/www.visit-ulcinj.com\/blog\/wp-content\/uploads\/2012\/05\/Karate-Klub-Champion-Podgorica-Open-2012.jpg'><img width=\"150\" height=\"150\" src=\"https:\/\/www.visit-ulcinj.com\/blog\/wp-content\/uploads\/2012\/05\/Karate-Klub-Champion-Podgorica-Open-2012-150x150.jpg\" class=\"attachment-thumbnail size-thumbnail\" alt=\"\" loading=\"lazy\" \/><\/a>\n\t\t\t<\/dt><\/dl><dl class='gallery-item'>\n\t\t\t<dt class='gallery-icon landscape'>\n\t\t\t\t<a href='https:\/\/www.visit-ulcinj.com\/blog\/wp-content\/uploads\/2012\/05\/Karate-Klub-Champion-Podgorica-Open-2012.1.jpg'><img width=\"150\" height=\"150\" src=\"https:\/\/www.visit-ulcinj.com\/blog\/wp-content\/uploads\/2012\/05\/Karate-Klub-Champion-Podgorica-Open-2012.1-150x150.jpg\" class=\"attachment-thumbnail size-thumbnail\" alt=\"\" loading=\"lazy\" \/><\/a>\n\t\t\t<\/dt><\/dl><dl class='gallery-item'>\n\t\t\t<dt class='gallery-icon landscape'>\n\t\t\t\t<a href='https:\/\/www.visit-ulcinj.com\/blog\/wp-content\/uploads\/2012\/05\/Karate-Klub-Champion-Podgorica-Open-2012.2.jpg'><img width=\"150\" height=\"150\" src=\"https:\/\/www.visit-ulcinj.com\/blog\/wp-content\/uploads\/2012\/05\/Karate-Klub-Champion-Podgorica-Open-2012.2-150x150.jpg\" class=\"attachment-thumbnail size-thumbnail\" alt=\"\" loading=\"lazy\" \/><\/a>\n\t\t\t<\/dt><\/dl><br style=\"clear: both\" \/><dl class='gallery-item'>\n\t\t\t<dt class='gallery-icon landscape'>\n\t\t\t\t<a href='https:\/\/www.visit-ulcinj.com\/blog\/wp-content\/uploads\/2012\/05\/Karate-Klub-Champion-Podgorica-Open-2012.3.jpg'><img width=\"150\" height=\"150\" src=\"https:\/\/www.visit-ulcinj.com\/blog\/wp-content\/uploads\/2012\/05\/Karate-Klub-Champion-Podgorica-Open-2012.3-150x150.jpg\" class=\"attachment-thumbnail size-thumbnail\" alt=\"\" loading=\"lazy\" \/><\/a>\n\t\t\t<\/dt><\/dl><dl class='gallery-item'>\n\t\t\t<dt class='gallery-icon landscape'>\n\t\t\t\t<a href='https:\/\/www.visit-ulcinj.com\/blog\/wp-content\/uploads\/2012\/05\/Karate-Klub-Champion-Podgorica-Open-2012.4.jpg'><img width=\"150\" height=\"150\" src=\"https:\/\/www.visit-ulcinj.com\/blog\/wp-content\/uploads\/2012\/05\/Karate-Klub-Champion-Podgorica-Open-2012.4-150x150.jpg\" class=\"attachment-thumbnail size-thumbnail\" alt=\"\" loading=\"lazy\" \/><\/a>\n\t\t\t<\/dt><\/dl><dl class='gallery-item'>\n\t\t\t<dt class='gallery-icon landscape'>\n\t\t\t\t<a href='https:\/\/www.visit-ulcinj.com\/blog\/wp-content\/uploads\/2012\/05\/Karate-Klub-Champion-Podgorica-Open-2012.5.jpg'><img width=\"150\" height=\"150\" src=\"https:\/\/www.visit-ulcinj.com\/blog\/wp-content\/uploads\/2012\/05\/Karate-Klub-Champion-Podgorica-Open-2012.5-150x150.jpg\" class=\"attachment-thumbnail size-thumbnail\" alt=\"\" loading=\"lazy\" \/><\/a>\n\t\t\t<\/dt><\/dl><br style=\"clear: both\" \/><dl class='gallery-item'>\n\t\t\t<dt class='gallery-icon landscape'>\n\t\t\t\t<a href='https:\/\/www.visit-ulcinj.com\/blog\/wp-content\/uploads\/2012\/05\/Karate-Klub-Champion-Podgorica-Open-2012.6.jpg'><img width=\"150\" height=\"150\" src=\"https:\/\/www.visit-ulcinj.com\/blog\/wp-content\/uploads\/2012\/05\/Karate-Klub-Champion-Podgorica-Open-2012.6-150x150.jpg\" class=\"attachment-thumbnail size-thumbnail\" alt=\"\" loading=\"lazy\" \/><\/a>\n\t\t\t<\/dt><\/dl><dl class='gallery-item'>\n\t\t\t<dt class='gallery-icon landscape'>\n\t\t\t\t<a href='https:\/\/www.visit-ulcinj.com\/blog\/wp-content\/uploads\/2012\/05\/Karate-Klub-Champion-Podgorica-Open-2012.7.jpg'><img width=\"150\" height=\"150\" src=\"https:\/\/www.visit-ulcinj.com\/blog\/wp-content\/uploads\/2012\/05\/Karate-Klub-Champion-Podgorica-Open-2012.7-150x150.jpg\" class=\"attachment-thumbnail size-thumbnail\" alt=\"\" loading=\"lazy\" \/><\/a>\n\t\t\t<\/dt><\/dl><dl class='gallery-item'>\n\t\t\t<dt class='gallery-icon landscape'>\n\t\t\t\t<a href='https:\/\/www.visit-ulcinj.com\/blog\/wp-content\/uploads\/2012\/05\/Karate-Klub-Champion-Podgorica-Open-2012.8.jpg'><img width=\"150\" height=\"150\" src=\"https:\/\/www.visit-ulcinj.com\/blog\/wp-content\/uploads\/2012\/05\/Karate-Klub-Champion-Podgorica-Open-2012.8-150x150.jpg\" class=\"attachment-thumbnail size-thumbnail\" alt=\"\" loading=\"lazy\" \/><\/a>\n\t\t\t<\/dt><\/dl><br style=\"clear: both\" \/><dl class='gallery-item'>\n\t\t\t<dt class='gallery-icon landscape'>\n\t\t\t\t<a href='https:\/\/www.visit-ulcinj.com\/blog\/wp-content\/uploads\/2012\/05\/Karate-Klub-Champion-Podgorica-Open-2012.9.jpg'><img width=\"150\" height=\"150\" src=\"https:\/\/www.visit-ulcinj.com\/blog\/wp-content\/uploads\/2012\/05\/Karate-Klub-Champion-Podgorica-Open-2012.9-150x150.jpg\" class=\"attachment-thumbnail size-thumbnail\" alt=\"\" loading=\"lazy\" \/><\/a>\n\t\t\t<\/dt><\/dl><dl class='gallery-item'>\n\t\t\t<dt class='gallery-icon portrait'>\n\t\t\t\t<a href='https:\/\/www.visit-ulcinj.com\/blog\/wp-content\/uploads\/2012\/05\/Karate-Klub-Champion-Podgorica-Open-2012.10.jpg'><img width=\"150\" height=\"150\" src=\"https:\/\/www.visit-ulcinj.com\/blog\/wp-content\/uploads\/2012\/05\/Karate-Klub-Champion-Podgorica-Open-2012.10-150x150.jpg\" class=\"attachment-thumbnail size-thumbnail\" alt=\"\" loading=\"lazy\" \/><\/a>\n\t\t\t<\/dt><\/dl><dl class='gallery-item'>\n\t\t\t<dt class='gallery-icon landscape'>\n\t\t\t\t<a href='https:\/\/www.visit-ulcinj.com\/blog\/wp-content\/uploads\/2012\/05\/Karate-Klub-Champion-Podgorica-Open-2012.11.jpg'><img width=\"150\" height=\"150\" src=\"https:\/\/www.visit-ulcinj.com\/blog\/wp-content\/uploads\/2012\/05\/Karate-Klub-Champion-Podgorica-Open-2012.11-150x150.jpg\" class=\"attachment-thumbnail size-thumbnail\" alt=\"\" loading=\"lazy\" \/><\/a>\n\t\t\t<\/dt><\/dl><br style=\"clear: both\" \/>\n\t\t<\/div>\n\n","protected":false},"excerpt":{"rendered":"<p>Te dielen,me 29 prill \u201912 ne Podgorice,u mbajt turneu i karatese\u201dPodgorica Open 2012\u201d,organizuar nga klubi i karatese \u201cSeiken\u201d nga Podgorica.Ky turne mblodhi mbi 300 garues te 18 klubeve nga Mali i Zi.Ne renditjen e pergjithshme,vendi i pare i takoi KK\u201dOmladinac\u201dnga Podgorica,vendi i dyte KK\u201dOnogosht\u201di Nikshiqit,vendi i trete KK\u201dChampion\u201dnga Ulqini.Derisa vendi i katert KK\u201dGorshtak\u201di Kollashinit dhe [&hellip;]<\/p>\n","protected":false},"author":1,"featured_media":0,"comment_status":"open","ping_status":"closed","sticky":false,"template":"","format":"standard","meta":{"spay_email":"","jetpack_publicize_message":"","jetpack_is_tweetstorm":false,"jetpack_publicize_feature_enabled":true},"categories":[3],"tags":[17843],"jetpack_publicize_connections":[],"yoast_head":"<!-- This site is optimized with the Yoast SEO plugin v19.1 - https:\/\/yoast.com\/wordpress\/plugins\/seo\/ -->\n<title>KK&#039;&#039;Champion&#039;&#039;- p\u00ebrs\u00ebri nd\u00ebr klubet m\u00eb t\u00eb suksessh\u00ebm - Lajme nga Ulqini<\/title>\n<meta name=\"description\" content=\"Te dielen,me 29 prill \u201912 ne Podgorice,u mbajt turneu i karatese\u201dPodgorica Open 2012\u201d,organizuar nga klubi i karatese \u201cSeiken\u201d nga Podgorica.Ky turne\" \/>\n<meta name=\"robots\" content=\"index, follow, max-snippet:-1, max-image-preview:large, max-video-preview:-1\" \/>\n<link rel=\"canonical\" href=\"https:\/\/www.visit-ulcinj.com\/blog\/2012\/05\/03\/kkchampion-perseri-nder-klubet-me-te-suksesshem\/\" \/>\n<meta property=\"og:locale\" content=\"en_US\" \/>\n<meta property=\"og:type\" content=\"article\" \/>\n<meta property=\"og:title\" content=\"KK&#039;&#039;Champion&#039;&#039;- p\u00ebrs\u00ebri nd\u00ebr klubet m\u00eb t\u00eb suksessh\u00ebm - Lajme nga Ulqini\" \/>\n<meta property=\"og:description\" content=\"Te dielen,me 29 prill \u201912 ne Podgorice,u mbajt turneu i karatese\u201dPodgorica Open 2012\u201d,organizuar nga klubi i karatese \u201cSeiken\u201d nga Podgorica.Ky turne\" \/>\n<meta property=\"og:url\" content=\"https:\/\/www.visit-ulcinj.com\/blog\/2012\/05\/03\/kkchampion-perseri-nder-klubet-me-te-suksesshem\/\" \/>\n<meta property=\"og:site_name\" content=\"Lajme nga Ulqini\" \/>\n<meta property=\"article:published_time\" content=\"2012-05-03T16:45:19+00:00\" \/>\n<meta property=\"og:image\" content=\"https:\/\/www.visit-ulcinj.com\/blog\/wp-content\/uploads\/2012\/05\/Karate-Klub-Champion-Podgorica-Open-2012-150x150.jpg\" \/>\n<meta name=\"twitter:label1\" content=\"Written by\" \/>\n\t<meta name=\"twitter:data1\" content=\"ulqini\" \/>\n\t<meta name=\"twitter:label2\" content=\"Est. reading time\" \/>\n\t<meta name=\"twitter:data2\" content=\"1 minute\" \/>\n<script type=\"application\/ld+json\" class=\"yoast-schema-graph\">{\"@context\":\"https:\/\/schema.org\",\"@graph\":[{\"@type\":\"WebSite\",\"@id\":\"https:\/\/www.visit-ulcinj.com\/blog\/#website\",\"url\":\"https:\/\/www.visit-ulcinj.com\/blog\/\",\"name\":\"Lajme nga Ulqini\",\"description\":\"Lajme,Vijesti,Ulqini,Ulqin,Crna Gora,Mali i Zi\",\"potentialAction\":[{\"@type\":\"SearchAction\",\"target\":{\"@type\":\"EntryPoint\",\"urlTemplate\":\"https:\/\/www.visit-ulcinj.com\/blog\/?s={search_term_string}\"},\"query-input\":\"required name=search_term_string\"}],\"inLanguage\":\"en-US\"},{\"@type\":\"ImageObject\",\"inLanguage\":\"en-US\",\"@id\":\"https:\/\/www.visit-ulcinj.com\/blog\/2012\/05\/03\/kkchampion-perseri-nder-klubet-me-te-suksesshem\/#primaryimage\",\"url\":\"https:\/\/www.visit-ulcinj.com\/blog\/wp-content\/uploads\/2012\/05\/Karate-Klub-Champion-Podgorica-Open-2012.jpg\",\"contentUrl\":\"https:\/\/www.visit-ulcinj.com\/blog\/wp-content\/uploads\/2012\/05\/Karate-Klub-Champion-Podgorica-Open-2012.jpg\",\"width\":\"640\",\"height\":\"480\"},{\"@type\":\"WebPage\",\"@id\":\"https:\/\/www.visit-ulcinj.com\/blog\/2012\/05\/03\/kkchampion-perseri-nder-klubet-me-te-suksesshem\/#webpage\",\"url\":\"https:\/\/www.visit-ulcinj.com\/blog\/2012\/05\/03\/kkchampion-perseri-nder-klubet-me-te-suksesshem\/\",\"name\":\"KK''Champion''- p\u00ebrs\u00ebri nd\u00ebr klubet m\u00eb t\u00eb suksessh\u00ebm - Lajme nga Ulqini\",\"isPartOf\":{\"@id\":\"https:\/\/www.visit-ulcinj.com\/blog\/#website\"},\"primaryImageOfPage\":{\"@id\":\"https:\/\/www.visit-ulcinj.com\/blog\/2012\/05\/03\/kkchampion-perseri-nder-klubet-me-te-suksesshem\/#primaryimage\"},\"datePublished\":\"2012-05-03T16:45:19+00:00\",\"dateModified\":\"2012-05-03T16:45:19+00:00\",\"author\":{\"@id\":\"https:\/\/www.visit-ulcinj.com\/blog\/#\/schema\/person\/dcab619c614d3038751c63bc2aadc06d\"},\"description\":\"Te dielen,me 29 prill \u201912 ne Podgorice,u mbajt turneu i karatese\u201dPodgorica Open 2012\u201d,organizuar nga klubi i karatese \u201cSeiken\u201d nga Podgorica.Ky turne\",\"breadcrumb\":{\"@id\":\"https:\/\/www.visit-ulcinj.com\/blog\/2012\/05\/03\/kkchampion-perseri-nder-klubet-me-te-suksesshem\/#breadcrumb\"},\"inLanguage\":\"en-US\",\"potentialAction\":[{\"@type\":\"ReadAction\",\"target\":[\"https:\/\/www.visit-ulcinj.com\/blog\/2012\/05\/03\/kkchampion-perseri-nder-klubet-me-te-suksesshem\/\"]}]},{\"@type\":\"BreadcrumbList\",\"@id\":\"https:\/\/www.visit-ulcinj.com\/blog\/2012\/05\/03\/kkchampion-perseri-nder-klubet-me-te-suksesshem\/#breadcrumb\",\"itemListElement\":[{\"@type\":\"ListItem\",\"position\":1,\"name\":\"KK&#8221;Champion&#8221;- p\u00ebrs\u00ebri nd\u00ebr klubet m\u00eb t\u00eb suksessh\u00ebm\"}]},{\"@type\":\"Person\",\"@id\":\"https:\/\/www.visit-ulcinj.com\/blog\/#\/schema\/person\/dcab619c614d3038751c63bc2aadc06d\",\"name\":\"ulqini\",\"sameAs\":[\"http:\/\/www.visit-ulcinj.com\"],\"url\":\"https:\/\/www.visit-ulcinj.com\/blog\/author\/admin\/\"}]}<\/script>\n<!-- \/ Yoast SEO plugin. -->","yoast_head_json":{"title":"KK''Champion''- p\u00ebrs\u00ebri nd\u00ebr klubet m\u00eb t\u00eb suksessh\u00ebm - Lajme nga Ulqini","description":"Te dielen,me 29 prill \u201912 ne Podgorice,u mbajt turneu i karatese\u201dPodgorica Open 2012\u201d,organizuar nga klubi i karatese \u201cSeiken\u201d nga Podgorica.Ky turne","robots":{"index":"index","follow":"follow","max-snippet":"max-snippet:-1","max-image-preview":"max-image-preview:large","max-video-preview":"max-video-preview:-1"},"canonical":"https:\/\/www.visit-ulcinj.com\/blog\/2012\/05\/03\/kkchampion-perseri-nder-klubet-me-te-suksesshem\/","og_locale":"en_US","og_type":"article","og_title":"KK''Champion''- p\u00ebrs\u00ebri nd\u00ebr klubet m\u00eb t\u00eb suksessh\u00ebm - Lajme nga Ulqini","og_description":"Te dielen,me 29 prill \u201912 ne Podgorice,u mbajt turneu i karatese\u201dPodgorica Open 2012\u201d,organizuar nga klubi i karatese \u201cSeiken\u201d nga Podgorica.Ky turne","og_url":"https:\/\/www.visit-ulcinj.com\/blog\/2012\/05\/03\/kkchampion-perseri-nder-klubet-me-te-suksesshem\/","og_site_name":"Lajme nga Ulqini","article_published_time":"2012-05-03T16:45:19+00:00","og_image":[{"url":"https:\/\/www.visit-ulcinj.com\/blog\/wp-content\/uploads\/2012\/05\/Karate-Klub-Champion-Podgorica-Open-2012-150x150.jpg"}],"twitter_misc":{"Written by":"ulqini","Est. reading time":"1 minute"},"schema":{"@context":"https:\/\/schema.org","@graph":[{"@type":"WebSite","@id":"https:\/\/www.visit-ulcinj.com\/blog\/#website","url":"https:\/\/www.visit-ulcinj.com\/blog\/","name":"Lajme nga Ulqini","description":"Lajme,Vijesti,Ulqini,Ulqin,Crna Gora,Mali i Zi","potentialAction":[{"@type":"SearchAction","target":{"@type":"EntryPoint","urlTemplate":"https:\/\/www.visit-ulcinj.com\/blog\/?s={search_term_string}"},"query-input":"required name=search_term_string"}],"inLanguage":"en-US"},{"@type":"ImageObject","inLanguage":"en-US","@id":"https:\/\/www.visit-ulcinj.com\/blog\/2012\/05\/03\/kkchampion-perseri-nder-klubet-me-te-suksesshem\/#primaryimage","url":"https:\/\/www.visit-ulcinj.com\/blog\/wp-content\/uploads\/2012\/05\/Karate-Klub-Champion-Podgorica-Open-2012.jpg","contentUrl":"https:\/\/www.visit-ulcinj.com\/blog\/wp-content\/uploads\/2012\/05\/Karate-Klub-Champion-Podgorica-Open-2012.jpg","width":"640","height":"480"},{"@type":"WebPage","@id":"https:\/\/www.visit-ulcinj.com\/blog\/2012\/05\/03\/kkchampion-perseri-nder-klubet-me-te-suksesshem\/#webpage","url":"https:\/\/www.visit-ulcinj.com\/blog\/2012\/05\/03\/kkchampion-perseri-nder-klubet-me-te-suksesshem\/","name":"KK''Champion''- p\u00ebrs\u00ebri nd\u00ebr klubet m\u00eb t\u00eb suksessh\u00ebm - Lajme nga Ulqini","isPartOf":{"@id":"https:\/\/www.visit-ulcinj.com\/blog\/#website"},"primaryImageOfPage":{"@id":"https:\/\/www.visit-ulcinj.com\/blog\/2012\/05\/03\/kkchampion-perseri-nder-klubet-me-te-suksesshem\/#primaryimage"},"datePublished":"2012-05-03T16:45:19+00:00","dateModified":"2012-05-03T16:45:19+00:00","author":{"@id":"https:\/\/www.visit-ulcinj.com\/blog\/#\/schema\/person\/dcab619c614d3038751c63bc2aadc06d"},"description":"Te dielen,me 29 prill \u201912 ne Podgorice,u mbajt turneu i karatese\u201dPodgorica Open 2012\u201d,organizuar nga klubi i karatese \u201cSeiken\u201d nga Podgorica.Ky turne","breadcrumb":{"@id":"https:\/\/www.visit-ulcinj.com\/blog\/2012\/05\/03\/kkchampion-perseri-nder-klubet-me-te-suksesshem\/#breadcrumb"},"inLanguage":"en-US","potentialAction":[{"@type":"ReadAction","target":["https:\/\/www.visit-ulcinj.com\/blog\/2012\/05\/03\/kkchampion-perseri-nder-klubet-me-te-suksesshem\/"]}]},{"@type":"BreadcrumbList","@id":"https:\/\/www.visit-ulcinj.com\/blog\/2012\/05\/03\/kkchampion-perseri-nder-klubet-me-te-suksesshem\/#breadcrumb","itemListElement":[{"@type":"ListItem","position":1,"name":"KK&#8221;Champion&#8221;- p\u00ebrs\u00ebri nd\u00ebr klubet m\u00eb t\u00eb suksessh\u00ebm"}]},{"@type":"Person","@id":"https:\/\/www.visit-ulcinj.com\/blog\/#\/schema\/person\/dcab619c614d3038751c63bc2aadc06d","name":"ulqini","sameAs":["http:\/\/www.visit-ulcinj.com"],"url":"https:\/\/www.visit-ulcinj.com\/blog\/author\/admin\/"}]}},"jetpack_featured_media_url":"","jetpack_sharing_enabled":true,"jetpack_shortlink":"https:\/\/wp.me\/pe6lTn-fBw","_links":{"self":[{"href":"https:\/\/www.visit-ulcinj.com\/blog\/wp-json\/wp\/v2\/posts\/59986"}],"collection":[{"href":"https:\/\/www.visit-ulcinj.com\/blog\/wp-json\/wp\/v2\/posts"}],"about":[{"href":"https:\/\/www.visit-ulcinj.com\/blog\/wp-json\/wp\/v2\/types\/post"}],"author":[{"embeddable":true,"href":"https:\/\/www.visit-ulcinj.com\/blog\/wp-json\/wp\/v2\/users\/1"}],"replies":[{"embeddable":true,"href":"https:\/\/www.visit-ulcinj.com\/blog\/wp-json\/wp\/v2\/comments?post=59986"}],"version-history":[{"count":1,"href":"https:\/\/www.visit-ulcinj.com\/blog\/wp-json\/wp\/v2\/posts\/59986\/revisions"}],"predecessor-version":[{"id":59999,"href":"https:\/\/www.visit-ulcinj.com\/blog\/wp-json\/wp\/v2\/posts\/59986\/revisions\/59999"}],"wp:attachment":[{"href":"https:\/\/www.visit-ulcinj.com\/blog\/wp-json\/wp\/v2\/media?parent=59986"}],"wp:term":[{"taxonomy":"category","embeddable":true,"href":"https:\/\/www.visit-ulcinj.com\/blog\/wp-json\/wp\/v2\/categories?post=59986"},{"taxonomy":"post_tag","embeddable":true,"href":"https:\/\/www.visit-ulcinj.com\/blog\/wp-json\/wp\/v2\/tags?post=59986"}],"curies":[{"name":"wp","href":"https:\/\/api.w.org\/{rel}","templated":true}]}}