{"id":6,"date":"2008-01-02T11:42:38","date_gmt":"2008-01-02T16:42:38","guid":{"rendered":"http:\/\/www.visit-ulcinj.com\/blog\/?p=6"},"modified":"2008-02-12T17:55:09","modified_gmt":"2008-02-12T22:55:09","slug":"ulcinj-juce-dobio-znacajnu-kulturno-obrazovnu-instituciju","status":"publish","type":"post","link":"https:\/\/www.visit-ulcinj.com\/blog\/2008\/01\/02\/ulcinj-juce-dobio-znacajnu-kulturno-obrazovnu-instituciju\/","title":{"rendered":"U Ulcinj otvorena \u0161kola italijanskog jezika"},"content":{"rendered":"<p align=\"left\"><a href=\"http:\/\/images.google.fr\/imgres?imgurl=http:\/\/www.gaudio.org\/lezioni\/dante\/dante.jpg&amp;imgrefurl=http:\/\/www.gaudio.org\/lezioni\/dante\/index.htm&amp;h=300&amp;w=300&amp;sz=22&amp;hl=fr&amp;start=100&amp;um=1&amp;tbnid=J72-EJ6Har1slM:&amp;tbnh=116&amp;tbnw=116&amp;prev=\/images%3Fq%3DDante%2BAlighieri%26start%3D80%26ndsp%3D20%26svnum%3D10%26um%3D1%26hl%3Dfr%26rlz%3D1T4GGIH_frCH223CH223%26sa%3DN\"><img loading=\"lazy\" src=\"http:\/\/tbn0.google.com\/images?q=tbn:J72-EJ6Har1slM:http:\/\/www.gaudio.org\/lezioni\/dante\/dante.jpg\" style=\"border: 1px solid \" height=\"116\" width=\"116\" \/><\/a><\/p>\n<p align=\"justify\"><font style=\"font-size: 8pt; font-family: Arial\">Ulcinj, 8. decembra- Ulcinj je danas dobio jednu zna?ajnu kulturno- obrazovnu instituciju. U centru ovog grada, pored Doma kulture, sve?ano je otvorena \u0161kola italijanskog jezika &#8220;Dante Aligijeri&#8221;. To je rezultat inicijative Rotari kluba Ulcinj i Crnogorsko italijanskog kulturnog udru\u017eenja &#8220;Dante Aligijeri&#8221;, koji su, sa prijateljima iz Rima, realizovali ovaj zna?ajan projekat.<br \/>\n-Rotori klub je pokrenuo inicijativu sa svojim prijateljima iz Italije za<\/font><!--more--><font style=\"font-size: 8pt; font-family: Arial\"> otvaranje ove \u0161kole, nose?i se pritom jednim od osnovnih postulata u Rotariju, &#8220;njeguju?i prijateljstvo kao priliku da se poka\u017eemo korisni drugima&#8221;, rekao je Gani Resulbegovi?, prvi predsjednik Rotari kluba Ulcinj i predsjednik Savjeta novootvorene \u0161kole. Geografska blizina, kao i veliki broj italijanskih turista, poslovnih ljudi koji dolaze u na\u0161 grad, posebno je podstakla potrebu da na\u0161im gra?anima pru\u017eimo mogu?nost u?enjem italijanskog jezika. U tome smo nai\u0161li na izuzetnu podr\u0161ku na\u0161ih prijatelja iz Italije i danas smo svi zajedno sre?ni i zadovoljni \u0161to otvaramo \u0161kolu, koja ?e biti jedina institucija u Ulcinju, koja ?e polaznicima izdavati sertifikate, koji ?e biti zvani?no priznati, naglasio je Resulbegovi?.<br \/>\nNa dana\u0161njoj sve?anosti, kojoj su prisustvovali predstavnici italijanske Ambasade u CG, gospodin Gvido Roteli sa suprugom, gosti iz Rima, prof. dr Evgenije Verder i prof. dr Danijele Auguano, Rifat Rastoder, potpredsjednik Skup\u0161tine Crne Gore, Fuad Nimani, ministar u Vladi CG i \u017deljko Stamatovi?, direktor Direkcije za konzularne poslove u MIP-u Crne Gore, prisutne je pozdravio gradona?elnik Ulcinja, Gzim Hajdinaga, koji je sve?ano otvorio \u0161kolu.<br \/>\n-Zadovoljstvo je biti u ovakvoj ulozi danas u na\u0161em gradu, za koji je ovo veliki kulturni praznik. U \u017eelji da se kulturna i svaka druga saradnja Ulcinja i Crne Gore sa susjednom Italijom sve ja?e razvija, posebno se zahvaljujem ?lanovima Rotori kluba Ulcinj, koji su, sa svojim prijateljima iz Rima, ovo inicirali i realizovali. Otvaranje ove \u0161kole nas ?ini sre?nim, jer to je jo\u0161 jedan prijateljski most izme?u na\u0161e dvije dr\u017eave, kazao je Hajdinaga.<br \/>\nDoma?ini su izrazili zahvalnost donatorima, a posebno gospo?i Roteli, koja je svojim velikim anga\u017eovanjem doprinijela da u Udru\u017eenje &#8220;Dante Aligijeri&#8221; iz Ulcinja na?e mjesto me?u 400 komintenata istoimene renomirene institucije iz Rima.<\/font><\/p>\n<p align=\"justify\">http:\/\/www.pobjeda.co.yu\/<\/p>\n<p><font style=\"font-size: 8pt; font-family: Arial\"><br \/>\n<\/font><\/p>\n<p align=\"right\"><font style=\"font-size: 8pt; font-family: Arial\"><em>N. Perkovi?<\/em><\/font><\/p>\n","protected":false},"excerpt":{"rendered":"<p><img src=\"http:\/\/tbn0.google.com\/images?q=tbn:J72-EJ6Har1slM:http:\/\/www.gaudio.org\/lezioni\/dante\/dante.jpg\" alt=\"Dante\" witdh=\"140\" height=\"140\" \/><\/p>\n","protected":false},"author":1,"featured_media":0,"comment_status":"open","ping_status":"closed","sticky":false,"template":"","format":"standard","meta":{"spay_email":"","jetpack_publicize_message":"","jetpack_is_tweetstorm":false,"jetpack_publicize_feature_enabled":true},"categories":[4],"tags":[1154,173,170,171,106,172,140,169,362,174,176,19,359,175,168],"jetpack_publicize_connections":[],"yoast_head":"<!-- This site is optimized with the Yoast SEO plugin v19.1 - https:\/\/yoast.com\/wordpress\/plugins\/seo\/ -->\n<title>U Ulcinj otvorena \u0161kola italijanskog jezika - Lajme nga Ulqini<\/title>\n<meta name=\"robots\" content=\"index, follow, max-snippet:-1, max-image-preview:large, max-video-preview:-1\" \/>\n<link rel=\"canonical\" href=\"https:\/\/www.visit-ulcinj.com\/blog\/2008\/01\/02\/ulcinj-juce-dobio-znacajnu-kulturno-obrazovnu-instituciju\/\" \/>\n<meta property=\"og:locale\" content=\"en_US\" \/>\n<meta property=\"og:type\" content=\"article\" \/>\n<meta property=\"og:title\" content=\"U Ulcinj otvorena \u0161kola italijanskog jezika - Lajme nga Ulqini\" \/>\n<meta property=\"og:url\" content=\"https:\/\/www.visit-ulcinj.com\/blog\/2008\/01\/02\/ulcinj-juce-dobio-znacajnu-kulturno-obrazovnu-instituciju\/\" \/>\n<meta property=\"og:site_name\" content=\"Lajme nga Ulqini\" \/>\n<meta property=\"article:published_time\" content=\"2008-01-02T16:42:38+00:00\" \/>\n<meta property=\"article:modified_time\" content=\"2008-02-12T22:55:09+00:00\" \/>\n<meta property=\"og:image\" content=\"http:\/\/tbn0.google.com\/images?q=tbn:J72-EJ6Har1slM:http:\/\/www.gaudio.org\/lezioni\/dante\/dante.jpg\" \/>\n<meta name=\"twitter:label1\" content=\"Written by\" \/>\n\t<meta name=\"twitter:data1\" content=\"ulqini\" \/>\n\t<meta name=\"twitter:label2\" content=\"Est. reading time\" \/>\n\t<meta name=\"twitter:data2\" content=\"2 minutes\" \/>\n<script type=\"application\/ld+json\" class=\"yoast-schema-graph\">{\"@context\":\"https:\/\/schema.org\",\"@graph\":[{\"@type\":\"WebSite\",\"@id\":\"https:\/\/www.visit-ulcinj.com\/blog\/#website\",\"url\":\"https:\/\/www.visit-ulcinj.com\/blog\/\",\"name\":\"Lajme nga Ulqini\",\"description\":\"Lajme,Vijesti,Ulqini,Ulqin,Crna Gora,Mali i Zi\",\"potentialAction\":[{\"@type\":\"SearchAction\",\"target\":{\"@type\":\"EntryPoint\",\"urlTemplate\":\"https:\/\/www.visit-ulcinj.com\/blog\/?s={search_term_string}\"},\"query-input\":\"required name=search_term_string\"}],\"inLanguage\":\"en-US\"},{\"@type\":\"ImageObject\",\"inLanguage\":\"en-US\",\"@id\":\"https:\/\/www.visit-ulcinj.com\/blog\/2008\/01\/02\/ulcinj-juce-dobio-znacajnu-kulturno-obrazovnu-instituciju\/#primaryimage\",\"url\":\"http:\/\/tbn0.google.com\/images?q=tbn:J72-EJ6Har1slM:http:\/\/www.gaudio.org\/lezioni\/dante\/dante.jpg\",\"contentUrl\":\"http:\/\/tbn0.google.com\/images?q=tbn:J72-EJ6Har1slM:http:\/\/www.gaudio.org\/lezioni\/dante\/dante.jpg\"},{\"@type\":\"WebPage\",\"@id\":\"https:\/\/www.visit-ulcinj.com\/blog\/2008\/01\/02\/ulcinj-juce-dobio-znacajnu-kulturno-obrazovnu-instituciju\/#webpage\",\"url\":\"https:\/\/www.visit-ulcinj.com\/blog\/2008\/01\/02\/ulcinj-juce-dobio-znacajnu-kulturno-obrazovnu-instituciju\/\",\"name\":\"U Ulcinj otvorena \u0161kola italijanskog jezika - Lajme nga Ulqini\",\"isPartOf\":{\"@id\":\"https:\/\/www.visit-ulcinj.com\/blog\/#website\"},\"primaryImageOfPage\":{\"@id\":\"https:\/\/www.visit-ulcinj.com\/blog\/2008\/01\/02\/ulcinj-juce-dobio-znacajnu-kulturno-obrazovnu-instituciju\/#primaryimage\"},\"datePublished\":\"2008-01-02T16:42:38+00:00\",\"dateModified\":\"2008-02-12T22:55:09+00:00\",\"author\":{\"@id\":\"https:\/\/www.visit-ulcinj.com\/blog\/#\/schema\/person\/dcab619c614d3038751c63bc2aadc06d\"},\"breadcrumb\":{\"@id\":\"https:\/\/www.visit-ulcinj.com\/blog\/2008\/01\/02\/ulcinj-juce-dobio-znacajnu-kulturno-obrazovnu-instituciju\/#breadcrumb\"},\"inLanguage\":\"en-US\",\"potentialAction\":[{\"@type\":\"ReadAction\",\"target\":[\"https:\/\/www.visit-ulcinj.com\/blog\/2008\/01\/02\/ulcinj-juce-dobio-znacajnu-kulturno-obrazovnu-instituciju\/\"]}]},{\"@type\":\"BreadcrumbList\",\"@id\":\"https:\/\/www.visit-ulcinj.com\/blog\/2008\/01\/02\/ulcinj-juce-dobio-znacajnu-kulturno-obrazovnu-instituciju\/#breadcrumb\",\"itemListElement\":[{\"@type\":\"ListItem\",\"position\":1,\"name\":\"U Ulcinj otvorena \u0161kola italijanskog jezika\"}]},{\"@type\":\"Person\",\"@id\":\"https:\/\/www.visit-ulcinj.com\/blog\/#\/schema\/person\/dcab619c614d3038751c63bc2aadc06d\",\"name\":\"ulqini\",\"sameAs\":[\"http:\/\/www.visit-ulcinj.com\"],\"url\":\"https:\/\/www.visit-ulcinj.com\/blog\/author\/admin\/\"}]}<\/script>\n<!-- \/ Yoast SEO plugin. -->","yoast_head_json":{"title":"U Ulcinj otvorena \u0161kola italijanskog jezika - Lajme nga Ulqini","robots":{"index":"index","follow":"follow","max-snippet":"max-snippet:-1","max-image-preview":"max-image-preview:large","max-video-preview":"max-video-preview:-1"},"canonical":"https:\/\/www.visit-ulcinj.com\/blog\/2008\/01\/02\/ulcinj-juce-dobio-znacajnu-kulturno-obrazovnu-instituciju\/","og_locale":"en_US","og_type":"article","og_title":"U Ulcinj otvorena \u0161kola italijanskog jezika - Lajme nga Ulqini","og_url":"https:\/\/www.visit-ulcinj.com\/blog\/2008\/01\/02\/ulcinj-juce-dobio-znacajnu-kulturno-obrazovnu-instituciju\/","og_site_name":"Lajme nga Ulqini","article_published_time":"2008-01-02T16:42:38+00:00","article_modified_time":"2008-02-12T22:55:09+00:00","og_image":[{"url":"http:\/\/tbn0.google.com\/images?q=tbn:J72-EJ6Har1slM:http:\/\/www.gaudio.org\/lezioni\/dante\/dante.jpg"}],"twitter_misc":{"Written by":"ulqini","Est. reading time":"2 minutes"},"schema":{"@context":"https:\/\/schema.org","@graph":[{"@type":"WebSite","@id":"https:\/\/www.visit-ulcinj.com\/blog\/#website","url":"https:\/\/www.visit-ulcinj.com\/blog\/","name":"Lajme nga Ulqini","description":"Lajme,Vijesti,Ulqini,Ulqin,Crna Gora,Mali i Zi","potentialAction":[{"@type":"SearchAction","target":{"@type":"EntryPoint","urlTemplate":"https:\/\/www.visit-ulcinj.com\/blog\/?s={search_term_string}"},"query-input":"required name=search_term_string"}],"inLanguage":"en-US"},{"@type":"ImageObject","inLanguage":"en-US","@id":"https:\/\/www.visit-ulcinj.com\/blog\/2008\/01\/02\/ulcinj-juce-dobio-znacajnu-kulturno-obrazovnu-instituciju\/#primaryimage","url":"http:\/\/tbn0.google.com\/images?q=tbn:J72-EJ6Har1slM:http:\/\/www.gaudio.org\/lezioni\/dante\/dante.jpg","contentUrl":"http:\/\/tbn0.google.com\/images?q=tbn:J72-EJ6Har1slM:http:\/\/www.gaudio.org\/lezioni\/dante\/dante.jpg"},{"@type":"WebPage","@id":"https:\/\/www.visit-ulcinj.com\/blog\/2008\/01\/02\/ulcinj-juce-dobio-znacajnu-kulturno-obrazovnu-instituciju\/#webpage","url":"https:\/\/www.visit-ulcinj.com\/blog\/2008\/01\/02\/ulcinj-juce-dobio-znacajnu-kulturno-obrazovnu-instituciju\/","name":"U Ulcinj otvorena \u0161kola italijanskog jezika - Lajme nga Ulqini","isPartOf":{"@id":"https:\/\/www.visit-ulcinj.com\/blog\/#website"},"primaryImageOfPage":{"@id":"https:\/\/www.visit-ulcinj.com\/blog\/2008\/01\/02\/ulcinj-juce-dobio-znacajnu-kulturno-obrazovnu-instituciju\/#primaryimage"},"datePublished":"2008-01-02T16:42:38+00:00","dateModified":"2008-02-12T22:55:09+00:00","author":{"@id":"https:\/\/www.visit-ulcinj.com\/blog\/#\/schema\/person\/dcab619c614d3038751c63bc2aadc06d"},"breadcrumb":{"@id":"https:\/\/www.visit-ulcinj.com\/blog\/2008\/01\/02\/ulcinj-juce-dobio-znacajnu-kulturno-obrazovnu-instituciju\/#breadcrumb"},"inLanguage":"en-US","potentialAction":[{"@type":"ReadAction","target":["https:\/\/www.visit-ulcinj.com\/blog\/2008\/01\/02\/ulcinj-juce-dobio-znacajnu-kulturno-obrazovnu-instituciju\/"]}]},{"@type":"BreadcrumbList","@id":"https:\/\/www.visit-ulcinj.com\/blog\/2008\/01\/02\/ulcinj-juce-dobio-znacajnu-kulturno-obrazovnu-instituciju\/#breadcrumb","itemListElement":[{"@type":"ListItem","position":1,"name":"U Ulcinj otvorena \u0161kola italijanskog jezika"}]},{"@type":"Person","@id":"https:\/\/www.visit-ulcinj.com\/blog\/#\/schema\/person\/dcab619c614d3038751c63bc2aadc06d","name":"ulqini","sameAs":["http:\/\/www.visit-ulcinj.com"],"url":"https:\/\/www.visit-ulcinj.com\/blog\/author\/admin\/"}]}},"jetpack_featured_media_url":"","jetpack_sharing_enabled":true,"jetpack_shortlink":"https:\/\/wp.me\/pe6lTn-6","_links":{"self":[{"href":"https:\/\/www.visit-ulcinj.com\/blog\/wp-json\/wp\/v2\/posts\/6"}],"collection":[{"href":"https:\/\/www.visit-ulcinj.com\/blog\/wp-json\/wp\/v2\/posts"}],"about":[{"href":"https:\/\/www.visit-ulcinj.com\/blog\/wp-json\/wp\/v2\/types\/post"}],"author":[{"embeddable":true,"href":"https:\/\/www.visit-ulcinj.com\/blog\/wp-json\/wp\/v2\/users\/1"}],"replies":[{"embeddable":true,"href":"https:\/\/www.visit-ulcinj.com\/blog\/wp-json\/wp\/v2\/comments?post=6"}],"version-history":[{"count":0,"href":"https:\/\/www.visit-ulcinj.com\/blog\/wp-json\/wp\/v2\/posts\/6\/revisions"}],"wp:attachment":[{"href":"https:\/\/www.visit-ulcinj.com\/blog\/wp-json\/wp\/v2\/media?parent=6"}],"wp:term":[{"taxonomy":"category","embeddable":true,"href":"https:\/\/www.visit-ulcinj.com\/blog\/wp-json\/wp\/v2\/categories?post=6"},{"taxonomy":"post_tag","embeddable":true,"href":"https:\/\/www.visit-ulcinj.com\/blog\/wp-json\/wp\/v2\/tags?post=6"}],"curies":[{"name":"wp","href":"https:\/\/api.w.org\/{rel}","templated":true}]}}