{"id":60,"date":"2008-01-06T13:40:04","date_gmt":"2008-01-06T18:40:04","guid":{"rendered":"http:\/\/www.visit-ulcinj.com\/blog\/2008\/01\/06\/interviste-me-ismet-karamanagenkryetar-i-shoqates-se-miqve-te-kalase\/"},"modified":"2008-02-12T18:12:58","modified_gmt":"2008-02-12T23:12:58","slug":"interviste-me-ismet-karamanagenkryetar-i-shoqates-se-miqve-te-kalase","status":"publish","type":"post","link":"https:\/\/www.visit-ulcinj.com\/blog\/2008\/01\/06\/interviste-me-ismet-karamanagenkryetar-i-shoqates-se-miqve-te-kalase\/","title":{"rendered":"Intervist\u00eb me Ismet Karamanag\u00ebn,kryetar i shoqat\u00ebs s\u00eb miqve t\u00eb kalas"},"content":{"rendered":"<p><strong><img loading=\"lazy\" src=\"http:\/\/www.visit-ulcinj.com\/blog\/wp-content\/uploads\/2008\/01\/ismet-karamanaga.thumbnail.jpg\" align=\"left\" border=\"0\" height=\"115\" hspace=\"2\" vspace=\"2\" width=\"128\" \/>Kalaja e Ulqinit e ka vendin n\u00eb UNESCO<\/strong><\/p>\n<p><strong>Koha javore:<\/strong> Z. Karamanaga, \u00e7far\u00eb ka b\u00ebr\u00eb deri tani Shoqata &#8220;Kalaja&#8221; n\u00eb mbrojtjen, ruajtjen dhe prezantimin e vlerave t\u00eb Kalas\u00eb s\u00eb Ulqinit?<br \/>\n<strong>I. Karamanaga:<\/strong> Q\u00eb n\u00eb vitin 1995 kur e kemi themeluar k\u00ebt\u00eb shoqat\u00eb multietnike, shum\u00ebkonfesionale, me nj\u00eb q\u00ebndrim kosmopolit, q\u00ebllimi yn\u00eb kryesor ka qen\u00eb ruajtja dhe<!--more--> mbrojtja e Kalas\u00eb ton\u00eb, si dhe futja e saj n\u00ebn mbrojtje t\u00eb UNESCO-s, d.m.th. si nj\u00eb vler\u00eb universale p\u00ebr t\u00ebr\u00eb njer\u00ebzimin. Ne mendojm\u00eb se pa dyshim Kalaja jon\u00eb e ka vendin aty, sepse ajo \u00ebsht\u00eb nj\u00eb nd\u00ebr kalat\u00eb m\u00eb t\u00eb vjetra dhe m\u00eb t\u00eb bukura n\u00eb Mesdhe. K\u00ebshtu thot\u00eb Plini Plaku, por edhe shum\u00eb personalitete t\u00eb tjera q\u00eb kan\u00eb jetuar n\u00eb k\u00ebto treva.<br \/>\nKalaja jon\u00eb \u00ebsht\u00eb vler\u00eb universale, nj\u00eb kombinim prej shk\u00ebmbit dhe gurit, d.m.th. di\u00e7ka \u00e7far\u00eb dora e njeriut e ka punuar n\u00eb m\u00ebnyr\u00eb t\u00eb mrekullueshme duke filluar prej atyre muranave apo mureve ilire, t\u00eb cilat un\u00eb nuk i quaj greko-ilire, por ashtu si\u00e7 jan\u00eb, pra ilire, sepse grek\u00ebt kan\u00eb punuar p\u00ebr ilir\u00ebt. K\u00ebto mure i p\u00ebrshkruan edhe Plini Plak, i cili thot\u00eb se Kalaja jon\u00eb \u00ebsht\u00eb nd\u00ebrtuar n\u00eb shekullin V p.e.s.<br \/>\nNe mundohemi ta ngrisim nivelin e jetes\u00ebs dhe qytet\u00ebrimit n\u00eb Kala, ashtu si\u00e7 ka qen\u00eb dikur dhe mundohemi tzia kthejm\u00eb vlerat universale t\u00eb cilat i ka pasur Kalaja shekuj me radh\u00eb.<\/p>\n<p><strong>Koha javore:<\/strong> Megjithat\u00eb \u00ebsht\u00eb fakt se Kalaja e Ulqinit ndodhet sot shum\u00eb larg hyrjes n\u00eb UNESCO, ndoshta edhe m\u00eb larg se\u00e7 ishte n\u00eb vitin 1995, pra n\u00eb koh\u00ebn e themelimit t\u00eb Shoqat\u00ebs &#8220;Kalaja&#8221;?<br \/>\n<strong>I. Karamanaga:<\/strong> Ne jemi munduar dhe e kemi fituar prej t\u00eb gjitha institucioneve relevante p\u00ebrkrahjen q\u00eb ta radhisim Kalan\u00eb ton\u00eb n\u00ebn mbrojtjen e UNESCO-s. Mir\u00ebpo, ka kaluar nj\u00eb koh\u00eb e gjat\u00eb dhe ne nuk mund t\u00eb radhitemi n\u00ebn mbrojtjen e UNESCO-s, sepse ne nuk kemi t\u00eb holla. P\u00ebr tzu radhitur n\u00ebn mbrojtjen e UNESCO-s duhet t\u00eb kandidoheni. Neve na mungojn\u00eb planet, hartat, mungon nj\u00eb monografi e k\u00ebtij qyteti, mungojn\u00eb shum\u00eb gj\u00ebra t\u00eb cilat na frenojn\u00eb ne, na largojn\u00eb prej UNESCO-s.<br \/>\nP\u00ebr hir t\u00eb v\u00ebrtet\u00ebs dua t\u00eb them se edhe ne si kalalinj kemi ndikuar q\u00eb t\u00eb jemi sa m\u00eb larg UNESCO-s, duke p\u00ebrdorur plastik\u00ebn, duke nd\u00ebrtuar dritaret e m\u00ebdha, ashtu si\u00e7 nuk e lejon ligji, dhe duke mos respektuar Ligjin Republikan p\u00ebr mbrojtjen e monumenteve t\u00eb kultur\u00ebs. Un\u00eb nuk i faj\u00ebsoj vet\u00ebm qytetar\u00ebt t\u00eb cil\u00ebt punojn\u00eb n\u00eb m\u00ebnyr\u00eb stihike, por edhe institucionet p\u00ebrkat\u00ebse t\u00eb cilat duhet t\u00eb ken\u00eb kontroll n\u00eb Kala, duke filluar q\u00eb nga institucionet Republikane si Enti p\u00ebr Mbrojtjen e Monumenteve nga Cetina, pastaj Komuna e Ulqinit. Ne jemi me t\u00eb v\u00ebrtet\u00eb n\u00ebn mbrojtjen e Entit p\u00ebr Mbrojtjen e Monumenteve nga Cetina, por Kalaja i takon Ulqinit.<br \/>\nUn\u00eb kam k\u00ebrkuar shpesh ndihm\u00eb nga inspeksionet, sepse n\u00eb Kala nd\u00ebrtohen sht\u00ebpi me tulla, n\u00eb \u00e7do hap p\u00ebrdoret betoni, suvatohen muret dhe p\u00ebrdoret plastika, por edhe shum\u00eb gj\u00ebra t\u00eb tjera q\u00eb jan\u00eb n\u00eb kund\u00ebrshtim me ligjin. Ligjet ekzistojn\u00eb, por ne nuk i respektojm\u00eb. N\u00eb fush\u00ebn legjislative, ne i kemi t\u00eb gjitha ato \u00e7far\u00eb i k\u00ebrkon bota, por ne nuk kemi disiplin\u00eb. Kjo \u00ebsht\u00eb ajo \u00e7far\u00eb na mungon edhe neve n\u00eb Kala.<br \/>\n<strong><br \/>\nKoha javore:<\/strong> Si e shihni daljen nga kjo gjendje? \u00c7far\u00eb hapash duhet nd\u00ebrmarr\u00eb p\u00ebr t\u00eb realizuar synimin kryesor, futjen e Kalas\u00eb s\u00eb Ulqinit n\u00ebn mbrojtjen e UNESCO-s?<br \/>\n<strong>I. Karamanaga:<\/strong> Nd\u00ebr hapat kryesor\u00eb \u00ebsht\u00eb q\u00eb pushteti vendor t\u00eb vendos\u00eb n\u00eb buxhetin e komun\u00ebs nj\u00eb z\u00eb, ku duhet t\u00eb caktohet nj\u00eb shum\u00eb e t\u00eb hollave p\u00ebr revitalizimin, restaurimin e Kalas\u00eb, ashtu si\u00e7 jan\u00eb restauruar Kalaja e Budv\u00ebs, Kotorrit e edhe ajo e Tivarit. M\u00eb duhet ta pranoj se pushteti vendor ka dh\u00ebn\u00eb k\u00ebt\u00eb vit nj\u00eb kontribut t\u00eb madh n\u00eb p\u00ebrmir\u00ebsimin e infrastruktur\u00ebs. Ne kemi tani drita, muret jan\u00eb pastruar nga nj\u00eb grup nga Nikshiqi, k\u00ebshtu q\u00eb Kalaja nuk ka m\u00eb mbeturina t\u00eb cilat i kemi hedhur ne pas bedeneve, sepse nuk i ka sjellur askush nga jasht\u00eb. Bedenet tani jan\u00eb t\u00eb pastra e edhe Kalaja sot \u00ebsht\u00eb e past\u00ebr.<br \/>\nPor ne nuk jemi t\u00eb k\u00ebnaqur me at\u00eb \u00e7far\u00eb b\u00ebn Komuna n\u00eb k\u00ebt\u00eb pik\u00ebpamje, sepse si\u00e7 e thash\u00eb, Kalas\u00eb i nevojiten mjete.<br \/>\nPra, ajo \u00e7far\u00eb mungon \u00ebsht\u00eb kandidimi n\u00ebn mbrojtjen e UNESCO-s. P\u00ebr k\u00ebt\u00eb q\u00ebllim duhet t\u00eb hartohen harta, monografi, si dhe duhet t\u00eb b\u00ebhen edhe mjaft gj\u00ebra t\u00eb tjera, sepse p\u00ebrndryshe nuk mund t\u00eb kandidoni.<br \/>\nT\u00eb gjith\u00eb duhet pasur parasysh faktin se n\u00eb qoft\u00eb se Kalaja e Ulqinit hyn n\u00ebn mbrojtjen e UNESCO-s, do t\u00eb ket\u00eb dobi Ulqini por edhe Mali i Zi n\u00eb p\u00ebrgjith\u00ebsi.<\/p>\n<p><strong>Koha javore: <\/strong>Cilat jan\u00eb projektet m\u00eb t\u00eb r\u00ebnd\u00ebsishme q\u00eb ka realizuar deri tani Shoqata &#8220;Kalaja&#8221;?<br \/>\n<strong>I. Karamanaga:<\/strong> Projekti m\u00eb i madh \u00ebsht\u00eb pa dyshim kalldr\u00ebmimi i rrug\u00ebs s\u00eb hyrjes s\u00eb sip\u00ebrme t\u00eb Kalas\u00eb dhe nj\u00eb pjese t\u00eb rrug\u00ebve t\u00eb Kalas\u00eb deri te Sheshi i Servantesit. Ndihmes\u00eb t\u00eb madhe n\u00eb k\u00ebt\u00eb projekt ka dh\u00ebn\u00eb IRD-ja, kurse ne si qytetar\u00eb kemi kontribuar me 6 600 euro. Por projekti nuk \u00ebsht\u00eb p\u00ebrfunduar t\u00ebr\u00ebsisht pasi q\u00eb nuk \u00ebsht\u00eb mbaruar hyrja te porta e Kalas\u00eb. P\u00ebr k\u00ebt\u00eb arsye, projekti nuk \u00ebsht\u00eb pranuar teknikisht. Ky \u00ebsht\u00eb projekt madh\u00ebshtor t\u00eb cilin e kemi realizuar ne dhe p\u00ebr k\u00ebt\u00eb jemi shum\u00eb krenar\u00eb.<br \/>\nNe kemi realizuar edhe disa projekte t\u00eb tjera. Nj\u00ebri prej tyre \u00ebsht\u00eb nd\u00ebrtimi i mureve n\u00eb an\u00ebn jugore tek Pallati i Venedikut.<br \/>\nNj\u00eb projekt tjet\u00ebr me r\u00ebnd\u00ebsi \u00ebsht\u00eb publikimi i udh\u00ebrr\u00ebfyesit p\u00ebr mysafir\u00eb.<\/p>\n<p><strong>Koha javore: <\/strong>Pik\u00ebrisht kur flasim p\u00ebr k\u00ebt\u00eb, shpesh her\u00eb ndodh t\u00eb shtremb\u00ebrohen faktet apo t\u00eb dh\u00ebnat historike sa i p\u00ebrket prezantimit t\u00eb Kalas\u00eb. \u00c7far\u00eb mendoni se duhet b\u00ebr\u00eb p\u00ebr prezantimin e historis\u00eb s\u00eb v\u00ebrtet\u00eb t\u00eb Kalas\u00eb dhe sa do t\u00eb ndikoj\u00eb ky udh\u00ebrr\u00ebfyes n\u00eb k\u00ebt\u00eb drejtim?<br \/>\n<strong>I. Karamanaga: <\/strong>\u00cbsht\u00eb e v\u00ebrtet\u00eb se neve na vijn\u00eb grupe me ciceron\u00eb nga Budva apo Podgorica, t\u00eb cil\u00ebt flasin n\u00eb m\u00ebnyr\u00eb negative apo ashtu si\u00e7 nuk \u00ebsht\u00eb p\u00ebr historin\u00eb ton\u00eb. Ne duhet t\u00eb flasim historin\u00eb e v\u00ebrtet\u00eb dhe jo historin\u00eb t\u00eb cil\u00ebn e shkruan politika e p\u00ebrditshme.<br \/>\nP\u00ebr k\u00ebt\u00eb arsye edhe nuk jam i k\u00ebnaqur me pun\u00ebn e Muzeut, ku flitet p\u00ebr k\u00ebt\u00eb histori.<br \/>\nNga ana tjet\u00ebr, mendoj se Muzeu duhet t\u00eb reformohet dhe t\u00eb ndahet prej Qendr\u00ebs s\u00eb Kultur\u00ebs. Duhet t\u00eb jet\u00eb nj\u00ebsi e posa\u00e7me, kurse emrat e eksponateve duhet t\u00eb shkruhen edhe n\u00eb gjuh\u00ebn angleze. Ai \u00ebsht\u00eb nj\u00eb muze shum\u00eb i bukur sikur t\u00eb kishte kush ta udh\u00ebhiqte dhe duhet t\u00eb jet\u00eb natyrisht n\u00eb nj\u00eb nivel m\u00eb t\u00eb lart\u00eb sepse vizituesit do ta vizitonin sikur t\u00eb kishte kush tzua shpjegonte historin\u00eb.<br \/>\nDua t\u00eb them edhe di\u00e7ka tjet\u00ebr lidhur me Muzeun. Pjesa e Muzeut ku gjendet Kalaja, si\u00e7 e quajm\u00eb ne, \u00ebsht\u00eb e paprekur. Ajo pjes\u00eb mund t\u00eb radhitet n\u00ebn mbrojtjen e UNESCO-s.<\/p>\n<p><strong>Koha javore:<\/strong> Dhe nj\u00eb pyetje e fundit lidhur me turizmin pasi q\u00eb jeni pun\u00ebtor i vjet\u00ebr i turizmit. Cili \u00ebsht\u00eb vler\u00ebsimi Juaj rreth sezonit t\u00eb sivjetsh\u00ebm turistik?<br \/>\n<strong>I. Karamanaga:<\/strong> Un\u00eb nuk jam i k\u00ebnaqur sepse ky \u00ebsht\u00eb nj\u00eb sezon i shkurt\u00ebr. Po ashtu ne duhet t\u00eb luftojm\u00eb p\u00ebr nj\u00eb turiz\u00ebm kualitativ, jo kuantitativ.<br \/>\nN\u00eb p\u00ebrgjith\u00ebsi ne duhet t\u00eb luftojm\u00eb q\u00eb t\u00eb na vijn\u00eb mysafir\u00eb t\u00eb huaj. Pun\u00ebtor\u00ebt e turizimit n\u00eb Ulqin duhet t\u00eb marrin pjes\u00eb n\u00ebp\u00ebr panaire, por edhe nga panairet duhet t\u00eb vijn\u00eb me kontrata, e jo t\u00eb dalin atje, si\u00e7 e them un\u00eb, t\u00eb shtrojn\u00eb sofra dhe t\u00eb thon\u00eb se e prezantojn\u00eb Ulqinin.<br \/>\nN\u00eb k\u00ebt\u00eb m\u00ebnyr\u00eb Ulqini nuk ka nevoj\u00eb t\u00eb prezantohet. Duhet bashk\u00ebpunuar me ministrin\u00eb p\u00ebrkat\u00ebse t\u00eb turizmit. Ministri i turizmit, Predrag Neneziq, si duket nuk sheh asgj\u00eb tjet\u00ebr jasht\u00eb Budve dhe Podgorice. Por ne duhet t\u00eb bashk\u00ebpunojm\u00eb me to dhe t\u00eb mos ndodh\u00eb si n\u00eb vitin 2006 kur Mali i Zi \u00ebsht\u00eb prezantuar pa Ulqinin n\u00eb Panairin e Turizmit n\u00eb Beograd. Ulqini \u00ebsht\u00eb n\u00eb Mal t\u00eb Zi, kurse ne si popull shqiptar dhe si qytet kemi dh\u00ebn\u00eb kontribut t\u00eb madh q\u00eb ky shtet ta ngris\u00eb flamurin e tij n\u00eb East River n\u00eb Nju Jork. P\u00ebr k\u00ebt\u00eb arsye duhet t\u00eb na konsiderojn\u00eb si t\u00eb gjitha qytetet tjera.<\/p>\n<p><strong>Bisedoi: I. Kallaba<\/strong><\/p>\n<p><strong>Koha javore    <\/strong><\/p>\n","protected":false},"excerpt":{"rendered":"<p><img loading=\"lazy\" src=\"http:\/\/www.visit-ulcinj.com\/blog\/wp-content\/uploads\/2008\/01\/ismet-karamanaga.thumbnail.jpg\" alt=Karamanaga Ismet\" height=\"140\"  width=\"140\" \/><\/p>\n","protected":false},"author":1,"featured_media":0,"comment_status":"open","ping_status":"closed","sticky":false,"template":"","format":"standard","meta":{"spay_email":"","jetpack_publicize_message":"","jetpack_is_tweetstorm":false,"jetpack_publicize_feature_enabled":true},"categories":[5],"tags":[1180,305,306,309,311,310,216,312,362,95,308,313,18,307,359],"jetpack_publicize_connections":[],"yoast_head":"<!-- This site is optimized with the Yoast SEO plugin v19.1 - https:\/\/yoast.com\/wordpress\/plugins\/seo\/ -->\n<title>Intervist\u00eb me Ismet Karamanag\u00ebn,kryetar i shoqat\u00ebs s\u00eb miqve t\u00eb kalas - Lajme nga Ulqini<\/title>\n<meta name=\"robots\" content=\"index, follow, max-snippet:-1, max-image-preview:large, max-video-preview:-1\" \/>\n<link rel=\"canonical\" href=\"https:\/\/www.visit-ulcinj.com\/blog\/2008\/01\/06\/interviste-me-ismet-karamanagenkryetar-i-shoqates-se-miqve-te-kalase\/\" \/>\n<meta property=\"og:locale\" content=\"en_US\" \/>\n<meta property=\"og:type\" content=\"article\" \/>\n<meta property=\"og:title\" content=\"Intervist\u00eb me Ismet Karamanag\u00ebn,kryetar i shoqat\u00ebs s\u00eb miqve t\u00eb kalas - Lajme nga Ulqini\" \/>\n<meta property=\"og:url\" content=\"https:\/\/www.visit-ulcinj.com\/blog\/2008\/01\/06\/interviste-me-ismet-karamanagenkryetar-i-shoqates-se-miqve-te-kalase\/\" \/>\n<meta property=\"og:site_name\" content=\"Lajme nga Ulqini\" \/>\n<meta property=\"article:published_time\" content=\"2008-01-06T18:40:04+00:00\" \/>\n<meta property=\"article:modified_time\" content=\"2008-02-12T23:12:58+00:00\" \/>\n<meta property=\"og:image\" content=\"http:\/\/www.visit-ulcinj.com\/blog\/wp-content\/uploads\/2008\/01\/ismet-karamanaga.thumbnail.jpg\" \/>\n<meta name=\"twitter:label1\" content=\"Written by\" \/>\n\t<meta name=\"twitter:data1\" content=\"ulqini\" \/>\n\t<meta name=\"twitter:label2\" content=\"Est. reading time\" \/>\n\t<meta name=\"twitter:data2\" content=\"7 minutes\" \/>\n<script type=\"application\/ld+json\" class=\"yoast-schema-graph\">{\"@context\":\"https:\/\/schema.org\",\"@graph\":[{\"@type\":\"WebSite\",\"@id\":\"https:\/\/www.visit-ulcinj.com\/blog\/#website\",\"url\":\"https:\/\/www.visit-ulcinj.com\/blog\/\",\"name\":\"Lajme nga Ulqini\",\"description\":\"Lajme,Vijesti,Ulqini,Ulqin,Crna Gora,Mali i Zi\",\"potentialAction\":[{\"@type\":\"SearchAction\",\"target\":{\"@type\":\"EntryPoint\",\"urlTemplate\":\"https:\/\/www.visit-ulcinj.com\/blog\/?s={search_term_string}\"},\"query-input\":\"required name=search_term_string\"}],\"inLanguage\":\"en-US\"},{\"@type\":\"ImageObject\",\"inLanguage\":\"en-US\",\"@id\":\"https:\/\/www.visit-ulcinj.com\/blog\/2008\/01\/06\/interviste-me-ismet-karamanagenkryetar-i-shoqates-se-miqve-te-kalase\/#primaryimage\",\"url\":\"http:\/\/www.visit-ulcinj.com\/blog\/wp-content\/uploads\/2008\/01\/ismet-karamanaga.thumbnail.jpg\",\"contentUrl\":\"http:\/\/www.visit-ulcinj.com\/blog\/wp-content\/uploads\/2008\/01\/ismet-karamanaga.thumbnail.jpg\"},{\"@type\":\"WebPage\",\"@id\":\"https:\/\/www.visit-ulcinj.com\/blog\/2008\/01\/06\/interviste-me-ismet-karamanagenkryetar-i-shoqates-se-miqve-te-kalase\/#webpage\",\"url\":\"https:\/\/www.visit-ulcinj.com\/blog\/2008\/01\/06\/interviste-me-ismet-karamanagenkryetar-i-shoqates-se-miqve-te-kalase\/\",\"name\":\"Intervist\u00eb me Ismet Karamanag\u00ebn,kryetar i shoqat\u00ebs s\u00eb miqve t\u00eb kalas - Lajme nga Ulqini\",\"isPartOf\":{\"@id\":\"https:\/\/www.visit-ulcinj.com\/blog\/#website\"},\"primaryImageOfPage\":{\"@id\":\"https:\/\/www.visit-ulcinj.com\/blog\/2008\/01\/06\/interviste-me-ismet-karamanagenkryetar-i-shoqates-se-miqve-te-kalase\/#primaryimage\"},\"datePublished\":\"2008-01-06T18:40:04+00:00\",\"dateModified\":\"2008-02-12T23:12:58+00:00\",\"author\":{\"@id\":\"https:\/\/www.visit-ulcinj.com\/blog\/#\/schema\/person\/dcab619c614d3038751c63bc2aadc06d\"},\"breadcrumb\":{\"@id\":\"https:\/\/www.visit-ulcinj.com\/blog\/2008\/01\/06\/interviste-me-ismet-karamanagenkryetar-i-shoqates-se-miqve-te-kalase\/#breadcrumb\"},\"inLanguage\":\"en-US\",\"potentialAction\":[{\"@type\":\"ReadAction\",\"target\":[\"https:\/\/www.visit-ulcinj.com\/blog\/2008\/01\/06\/interviste-me-ismet-karamanagenkryetar-i-shoqates-se-miqve-te-kalase\/\"]}]},{\"@type\":\"BreadcrumbList\",\"@id\":\"https:\/\/www.visit-ulcinj.com\/blog\/2008\/01\/06\/interviste-me-ismet-karamanagenkryetar-i-shoqates-se-miqve-te-kalase\/#breadcrumb\",\"itemListElement\":[{\"@type\":\"ListItem\",\"position\":1,\"name\":\"Intervist\u00eb me Ismet Karamanag\u00ebn,kryetar i shoqat\u00ebs s\u00eb miqve t\u00eb kalas\"}]},{\"@type\":\"Person\",\"@id\":\"https:\/\/www.visit-ulcinj.com\/blog\/#\/schema\/person\/dcab619c614d3038751c63bc2aadc06d\",\"name\":\"ulqini\",\"sameAs\":[\"http:\/\/www.visit-ulcinj.com\"],\"url\":\"https:\/\/www.visit-ulcinj.com\/blog\/author\/admin\/\"}]}<\/script>\n<!-- \/ Yoast SEO plugin. -->","yoast_head_json":{"title":"Intervist\u00eb me Ismet Karamanag\u00ebn,kryetar i shoqat\u00ebs s\u00eb miqve t\u00eb kalas - Lajme nga Ulqini","robots":{"index":"index","follow":"follow","max-snippet":"max-snippet:-1","max-image-preview":"max-image-preview:large","max-video-preview":"max-video-preview:-1"},"canonical":"https:\/\/www.visit-ulcinj.com\/blog\/2008\/01\/06\/interviste-me-ismet-karamanagenkryetar-i-shoqates-se-miqve-te-kalase\/","og_locale":"en_US","og_type":"article","og_title":"Intervist\u00eb me Ismet Karamanag\u00ebn,kryetar i shoqat\u00ebs s\u00eb miqve t\u00eb kalas - Lajme nga Ulqini","og_url":"https:\/\/www.visit-ulcinj.com\/blog\/2008\/01\/06\/interviste-me-ismet-karamanagenkryetar-i-shoqates-se-miqve-te-kalase\/","og_site_name":"Lajme nga Ulqini","article_published_time":"2008-01-06T18:40:04+00:00","article_modified_time":"2008-02-12T23:12:58+00:00","og_image":[{"url":"http:\/\/www.visit-ulcinj.com\/blog\/wp-content\/uploads\/2008\/01\/ismet-karamanaga.thumbnail.jpg"}],"twitter_misc":{"Written by":"ulqini","Est. reading time":"7 minutes"},"schema":{"@context":"https:\/\/schema.org","@graph":[{"@type":"WebSite","@id":"https:\/\/www.visit-ulcinj.com\/blog\/#website","url":"https:\/\/www.visit-ulcinj.com\/blog\/","name":"Lajme nga Ulqini","description":"Lajme,Vijesti,Ulqini,Ulqin,Crna Gora,Mali i Zi","potentialAction":[{"@type":"SearchAction","target":{"@type":"EntryPoint","urlTemplate":"https:\/\/www.visit-ulcinj.com\/blog\/?s={search_term_string}"},"query-input":"required name=search_term_string"}],"inLanguage":"en-US"},{"@type":"ImageObject","inLanguage":"en-US","@id":"https:\/\/www.visit-ulcinj.com\/blog\/2008\/01\/06\/interviste-me-ismet-karamanagenkryetar-i-shoqates-se-miqve-te-kalase\/#primaryimage","url":"http:\/\/www.visit-ulcinj.com\/blog\/wp-content\/uploads\/2008\/01\/ismet-karamanaga.thumbnail.jpg","contentUrl":"http:\/\/www.visit-ulcinj.com\/blog\/wp-content\/uploads\/2008\/01\/ismet-karamanaga.thumbnail.jpg"},{"@type":"WebPage","@id":"https:\/\/www.visit-ulcinj.com\/blog\/2008\/01\/06\/interviste-me-ismet-karamanagenkryetar-i-shoqates-se-miqve-te-kalase\/#webpage","url":"https:\/\/www.visit-ulcinj.com\/blog\/2008\/01\/06\/interviste-me-ismet-karamanagenkryetar-i-shoqates-se-miqve-te-kalase\/","name":"Intervist\u00eb me Ismet Karamanag\u00ebn,kryetar i shoqat\u00ebs s\u00eb miqve t\u00eb kalas - Lajme nga Ulqini","isPartOf":{"@id":"https:\/\/www.visit-ulcinj.com\/blog\/#website"},"primaryImageOfPage":{"@id":"https:\/\/www.visit-ulcinj.com\/blog\/2008\/01\/06\/interviste-me-ismet-karamanagenkryetar-i-shoqates-se-miqve-te-kalase\/#primaryimage"},"datePublished":"2008-01-06T18:40:04+00:00","dateModified":"2008-02-12T23:12:58+00:00","author":{"@id":"https:\/\/www.visit-ulcinj.com\/blog\/#\/schema\/person\/dcab619c614d3038751c63bc2aadc06d"},"breadcrumb":{"@id":"https:\/\/www.visit-ulcinj.com\/blog\/2008\/01\/06\/interviste-me-ismet-karamanagenkryetar-i-shoqates-se-miqve-te-kalase\/#breadcrumb"},"inLanguage":"en-US","potentialAction":[{"@type":"ReadAction","target":["https:\/\/www.visit-ulcinj.com\/blog\/2008\/01\/06\/interviste-me-ismet-karamanagenkryetar-i-shoqates-se-miqve-te-kalase\/"]}]},{"@type":"BreadcrumbList","@id":"https:\/\/www.visit-ulcinj.com\/blog\/2008\/01\/06\/interviste-me-ismet-karamanagenkryetar-i-shoqates-se-miqve-te-kalase\/#breadcrumb","itemListElement":[{"@type":"ListItem","position":1,"name":"Intervist\u00eb me Ismet Karamanag\u00ebn,kryetar i shoqat\u00ebs s\u00eb miqve t\u00eb kalas"}]},{"@type":"Person","@id":"https:\/\/www.visit-ulcinj.com\/blog\/#\/schema\/person\/dcab619c614d3038751c63bc2aadc06d","name":"ulqini","sameAs":["http:\/\/www.visit-ulcinj.com"],"url":"https:\/\/www.visit-ulcinj.com\/blog\/author\/admin\/"}]}},"jetpack_featured_media_url":"","jetpack_sharing_enabled":true,"jetpack_shortlink":"https:\/\/wp.me\/pe6lTn-Y","_links":{"self":[{"href":"https:\/\/www.visit-ulcinj.com\/blog\/wp-json\/wp\/v2\/posts\/60"}],"collection":[{"href":"https:\/\/www.visit-ulcinj.com\/blog\/wp-json\/wp\/v2\/posts"}],"about":[{"href":"https:\/\/www.visit-ulcinj.com\/blog\/wp-json\/wp\/v2\/types\/post"}],"author":[{"embeddable":true,"href":"https:\/\/www.visit-ulcinj.com\/blog\/wp-json\/wp\/v2\/users\/1"}],"replies":[{"embeddable":true,"href":"https:\/\/www.visit-ulcinj.com\/blog\/wp-json\/wp\/v2\/comments?post=60"}],"version-history":[{"count":0,"href":"https:\/\/www.visit-ulcinj.com\/blog\/wp-json\/wp\/v2\/posts\/60\/revisions"}],"wp:attachment":[{"href":"https:\/\/www.visit-ulcinj.com\/blog\/wp-json\/wp\/v2\/media?parent=60"}],"wp:term":[{"taxonomy":"category","embeddable":true,"href":"https:\/\/www.visit-ulcinj.com\/blog\/wp-json\/wp\/v2\/categories?post=60"},{"taxonomy":"post_tag","embeddable":true,"href":"https:\/\/www.visit-ulcinj.com\/blog\/wp-json\/wp\/v2\/tags?post=60"}],"curies":[{"name":"wp","href":"https:\/\/api.w.org\/{rel}","templated":true}]}}