{"id":60005,"date":"2012-05-03T19:12:13","date_gmt":"2012-05-03T18:12:13","guid":{"rendered":"http:\/\/www.visit-ulcinj.com\/blog\/?p=60005"},"modified":"2012-05-04T10:44:53","modified_gmt":"2012-05-04T09:44:53","slug":"ulqini-ne-nje-dite-pranvere-ne-prag-te-sezonit-turistik","status":"publish","type":"post","link":"https:\/\/www.visit-ulcinj.com\/blog\/2012\/05\/03\/ulqini-ne-nje-dite-pranvere-ne-prag-te-sezonit-turistik\/","title":{"rendered":"Ulqini n\u00eb nj\u00eb dit\u00eb pranvere, n\u00eb prag t\u00eb sezonit turistik &#8211; Video"},"content":{"rendered":"<p><a href=\"http:\/\/www.visit-ulcinj.com\/blog\/wp-content\/uploads\/2012\/05\/Ulqini-ne-vitet-te-bumit-turistik.jpg\"><img loading=\"lazy\" class=\"alignleft  wp-image-60006\" title=\"Ulqini ne vitet te bumit turistik\" src=\"http:\/\/www.visit-ulcinj.com\/blog\/wp-content\/uploads\/2012\/05\/Ulqini-ne-vitet-te-bumit-turistik.jpg\" alt=\"\" width=\"508\" height=\"380\" \/><\/a><strong>Kozeta Bru\u00e7i<\/strong><br \/>\nM\u00eb 1961 Ulqini renditej nd\u00ebr vendet e para t\u00eb rajonit, p\u00ebrsa i p\u00ebrket t\u00eb ardhurave t\u00eb turizmit, kurse sot nd\u00ebr t\u00eb fundit. K\u00ebt\u00eb fakt nuk e ndryshon as e dh\u00ebna tjet\u00ebr, se Ulqini \u00ebsht\u00eb qyteti me sip\u00ebrfaqen m\u00eb t\u00eb madhe af\u00ebr detit. Problemet e turizmit n\u00eb Ulqin nisin q\u00eb nga mungesa e p\u00ebrvojes n\u00eb regjistrimin e taks\u00ebs turistike, mungesa e nj\u00eb plani hap\u00ebsinor dhe strategjik p\u00ebr Ulqinin, mungesa e koordinimit mes qeverisjes vendore dhe asaj qendrore, mungesa e investimeve t\u00eb huaja, aft\u00ebsimi i personelit si dhe krijimi i grupeve t\u00eb punonj\u00ebsve n\u00eb pritje t\u00eb turist\u00ebve.<\/p>\n<p>Keto t\u00eb dh\u00ebna u referuan n\u00eb konferencen e kat\u00ebrt shkencore nd\u00ebrkomb\u00ebtare me tem\u00eb \u201cPerspektiva e zhvillimit ekonomik rajonal n\u00ebn optik\u00ebn e zhvillimeve ekonomike lokale dhe ndikimi i sektorit t\u00eb turizmit n\u00eb to\u201c.<\/p>\n<p>Turizmi shfaq cil\u00ebsin\u00eb e tij dhe n\u00eb funksionimin e hoteleris\u00eb. Para viteve \u201880, u \u00ebsht\u00eb dh\u00ebn\u00eb p\u00ebrpar\u00ebsi investimeve ruse, sipas nj\u00eb vije politike denigruese t\u00eb qeverisjes vendore t\u00eb asaj kohe n\u00eb Malin e Zi. Kjo d\u00ebmtoi biznesmen\u00ebt ulqinak\u00eb, duke i kuafizuar ata n\u00eb maksimum, deri n\u00eb mbylljen e aktivitetit. Sot shihet t\u00eb jet\u00eb p\u00ebrmir\u00ebsuar ky sektor, por nd\u00ebrtimet e ulqinak\u00ebve n\u00eb hoteleri ende nuk jan\u00eb n\u00eb nivele p\u00ebr t\u00eb pritur fluksin e madh t\u00eb turist\u00ebve me t\u00eb cilin p\u00ebrballet qyteti.<\/p>\n<p><a href=\"http:\/\/www.visit-ulcinj.com\/blog\/wp-content\/uploads\/2012\/05\/Nazif-Cungu_kryetari-ulqinit.jpg\"><img loading=\"lazy\" class=\"alignleft  wp-image-60007\" title=\"Nazif Cungu_kryetari ulqinit\" src=\"http:\/\/www.visit-ulcinj.com\/blog\/wp-content\/uploads\/2012\/05\/Nazif-Cungu_kryetari-ulqinit.jpg\" alt=\"\" width=\"508\" height=\"300\" \/><\/a><\/p>\n<p>Vet\u00eb kryetari i komun\u00ebs, Nazif Cungu, n\u00eb konferenc\u00ebn e sip\u00ebrp\u00ebrmendur thekson faktin se pret aporvimin nga qeveria qendrore p\u00ebr nd\u00ebrtimin e nj\u00eb hoteli t\u00eb madh n\u00eb Ulqin N\u00eb nj\u00eb hotel t\u00eb nivelit mesatar, q\u00ebndrimi s\u00eb bashku m\u00eb dy vakte n\u00eb dit\u00eb, p\u00ebr nj\u00eb person kushton 28-30 euro.<\/p>\n<p>Po t\u00eb pyes\u00ebsh ulqinak\u00ebt se me \u00e7far\u00eb jetojn\u00eb, ata shprehen: \u201cMe t\u00eb ardhurat gjat\u00eb sezonit turistik t\u00eb ver\u00ebs dhe me bujq\u00ebsi\u201c. Por teksa viziton tregun e fruta-perimeve n\u00eb Ulqin m\u00ebson nga fermer\u00ebt apo shit\u00ebsit, se dominojn\u00eb prodhimet e importit dhe \u00e7mimet jan\u00eb pak m\u00eb t\u00eb larta se n\u00eb Shkod\u00ebr. \u00cbsht\u00eb paradoksale kur thuhet nga specialist\u00ebt se 1 ha tok\u00eb bujq\u00ebsore n\u00eb Ulqin, p\u00ebr nga rendimenti \u00ebsht\u00eb e barazvlefshme me 1 ha tok\u00eb n\u00eb Vojvodin\u00eb, dhe t\u00eb mendosh se Ulqini ka 12 mij\u00eb ha tok\u00eb, nuk \u00ebsht\u00eb e v\u00ebshtir\u00eb t\u00eb nxjerr\u00ebsh konkluzionet p\u00ebr zhvillimin e bujq\u00ebsis\u00eb n\u00eb k\u00ebt\u00eb qytet.<\/p>\n<p>&nbsp;<\/p>\n<p>Jeta n\u00eb Ulqin nis pas or\u00ebs 9 t\u00eb m\u00ebngjesit. Mjaft dyqane hapen dhe m\u00eb von\u00eb p\u00ebr t\u2019u mbyllur disa prej tyre n\u00eb or\u00ebn 23.00. Sh\u00ebrbimi \u00ebsht\u00eb tejet i kulturuar, sidomos ndaj vizitor\u00ebve, por dhe \u00e7mimet nuk t\u00eb befasojn\u00eb m\u00eb nivele t\u00eb larta. Ende jan\u00eb t\u00eb pranishme investimet kin\u00ebze, kryesisht tek mallrat industrial, e vet\u00ebm s\u00eb fundmi \u00ebsht\u00eb k\u00ebrkuar kontroll mbi cil\u00ebsin\u00eb e tyre.<\/p>\n<p>N\u00eb raport me qytetet bregdetare n\u00eb Shqip\u00ebri, Ulqini t\u00eb befason m\u00eb past\u00ebrtin\u00eb n\u00eb \u00e7do cep t\u00eb tij. Si duket n\u00eb ket\u00eb drejtim kultura e krijuar meriton vler\u00ebsimin maksimal. N\u00eb Ulqin d\u00ebgjon t\u00eb komunikohet n\u00eb dy gjuh\u00eb. N\u00eb dyqane punonj\u00ebset pasi identifikojn\u00eb p\u00ebrkat\u00ebsin\u00eb, komunikojn\u00eb n\u00eb gjuh\u00ebn q\u00eb flet klienti. Numri i popullsis\u00eb n\u00eb Ulqin ka shkuar n\u00eb 27 mij\u00eb banor\u00eb. N\u00ebse dikur shqiptar\u00ebt zinin 85% t\u00eb popullsis\u00eb, sot ata zen\u00eb 80% t\u00eb saj. Emigrimi dhe ulja e numrit t\u00eb lindjeve, jan\u00eb dy arsyet kryesore qe e kan\u00eb ndryshuar ket\u00eb raport.<\/p>\n<p>N\u00eb Kalan\u00eb e Ulqinit mund t\u00eb hyhet nga veri-lindja ose nga gjiri n\u00ebp\u00ebr port\u00ebn kryesore. K\u00ebtu gjendet Tregu i Rob\u00ebrve, ku dominon Kulla e Balshajve (shek. XII), n\u00eb t\u00eb cil\u00ebn \u00ebsht\u00eb e vendosur Galeria e Arteve.<\/p>\n<p>P\u00ebrball\u00eb galeris\u00eb gjendet Muzeu Etnografik. Kah jugu, af\u00ebr detit, p\u00ebrball\u00eb nj\u00ebra-tjetr\u00ebs, jan\u00eb dy nd\u00ebrtesa madh\u00ebshtore: Pallati i Ballshajve dhe Pallati e Venedikut. N\u00eb an\u00ebn p\u00ebr\u00ebndimore t\u00eb qytetit t\u00eb vjet\u00ebr \u00ebsht\u00eb kisha ortodokse e Sh\u00ebn Nikoll\u00ebs. N\u00eb periudh\u00ebn e sundimit osman, kisha ishte e shnd\u00ebrruar n\u00eb xhami, por n\u00eb vitin 1890 p\u00ebrs\u00ebri u kthye n\u00eb kish\u00eb, n\u00eb kujtim t\u00eb d\u00ebshmor\u00ebve t\u00eb luft\u00ebs s\u00eb vitit 1878.<\/p>\n<p>Xhamija e Pash\u00ebs, u nd\u00ebrtua n\u00eb vitin 1719. N\u00eb af\u00ebrsi t\u00eb xhamis\u00eb jan\u00eb hamamet turke, t\u00eb vetmet objekte t\u00eb k\u00ebtij lloji n\u00eb Malin e Zi. N\u00eb pjes\u00ebn veriore t\u00eb qytetit jan\u00eb dy kisha t\u00eb tjera. Nj\u00ebra prej tyre, sikurse edhe ajo n\u00eb qytetin e vjet\u00ebr, mban emrin e Sh\u00ebn Nikoll\u00ebs dhe \u00ebsht\u00eb e nd\u00ebrtuar n\u00eb p\u00ebrfundim t\u00eb administrat\u00ebs turke n\u00eb Ulqin.<br \/>\n<a href=\"http:\/\/www.visit-ulcinj.com\/blog\/wp-content\/uploads\/2012\/05\/Ismajl-Bushati_kalaja-e-ulqinit.jpg\"><img loading=\"lazy\" class=\"alignleft  wp-image-60008\" title=\"Ismajl Bushati_kalaja e ulqinit\" src=\"http:\/\/www.visit-ulcinj.com\/blog\/wp-content\/uploads\/2012\/05\/Ismajl-Bushati_kalaja-e-ulqinit.jpg\" alt=\"\" width=\"508\" height=\"300\" \/><\/a><\/p>\n<p>N\u00eb kala takon Ismajl Bushatin, nj\u00eb pasardh\u00ebs i familjes s\u00eb madhe t\u00eb Bushatlinjve t\u00eb Shkodr\u00ebs. Ai konsiderohet sot si heroi i kalas\u00eb s\u00eb Ulqinit. N\u00eb vitin 1979, kur ra t\u00ebrmeti i madh, qeverisja malazeze donte t\u00eb p\u00ebrfitonte nga fatkeq\u00ebsia natyrore p\u00ebr t\u00eb nxjerr\u00eb shqiptar\u00ebt jasht\u00eb kalas\u00eb. Ismajli nuk u thye para presion\u00ebve dhe p\u00ebrballjeve t\u00eb vazhdueshm\u00eb m\u00eb policin\u00eb, as para joshjeve qe kapnin vler\u00ebn e 5000 eurove sot, t\u00eb cilat askush nga t\u00eb larguarit nuk i p\u00ebrfitoi. Ai q\u00ebndroi aty 2 vjet pa uj\u00eb dhe drita, s\u00eb bashku m\u00eb familjen e tij, dhe nuk e l\u00ebshoi kalan\u00eb. M\u00eb pas u la i lir\u00eb t\u00eb jetonte, pasi u konsiderua i pathyesh\u00ebm dhe k\u00ebmb\u00ebngul\u00ebs. Sot n\u00eb kalan\u00eb e Ulqinit jetojn\u00eb 35 familje. N\u00eb brend\u00ebsi t\u00eb saj ka disa restorante, t\u00eb cilat kan\u00eb ruajtur tradit\u00ebn e hershm\u00eb, nj\u00eb kusht i domosdosh\u00ebm q\u00eb e k\u00ebrkojn\u00eb dhe vet\u00eb turist\u00ebt.<\/p>\n<p>Sa i takon jet\u00ebs s\u00eb nat\u00ebs, ajo merr gjalleri vet\u00ebm n\u00eb stin\u00ebn e ver\u00ebs. Tani n\u00eb pranver\u00eb daljet vijojn\u00eb deri n\u00eb or\u00ebn 22.00. M\u00eb pas qyteti boshatiset nga njer\u00ebzit.<\/p>\n<p><strong>AlbanianTravel.info<\/strong><\/p>\n<!--YouTube Error: bad URL entered-->\n<p>&nbsp;<\/p>\n","protected":false},"excerpt":{"rendered":"<p>Kozeta Bru\u00e7i M\u00eb 1961 Ulqini renditej nd\u00ebr vendet e para t\u00eb rajonit, p\u00ebrsa i p\u00ebrket t\u00eb ardhurave t\u00eb turizmit, kurse sot nd\u00ebr t\u00eb fundit. K\u00ebt\u00eb fakt nuk e ndryshon as e dh\u00ebna tjet\u00ebr, se Ulqini \u00ebsht\u00eb qyteti me sip\u00ebrfaqen m\u00eb t\u00eb madhe af\u00ebr detit. Problemet e turizmit n\u00eb Ulqin nisin q\u00eb nga mungesa e p\u00ebrvojes [&hellip;]<\/p>\n","protected":false},"author":1,"featured_media":0,"comment_status":"open","ping_status":"closed","sticky":false,"template":"","format":"standard","meta":{"spay_email":"","jetpack_publicize_message":"","jetpack_is_tweetstorm":false,"jetpack_publicize_feature_enabled":true},"categories":[13],"tags":[20425,95,118,14887,2797,200,18],"jetpack_publicize_connections":[],"yoast_head":"<!-- This site is optimized with the Yoast SEO plugin v19.1 - https:\/\/yoast.com\/wordpress\/plugins\/seo\/ -->\n<title>Ulqini n\u00eb nj\u00eb dit\u00eb pranvere, n\u00eb prag t\u00eb sezonit turistik - Video - Lajme nga Ulqini<\/title>\n<meta name=\"description\" content=\"Kozeta Bru\u00e7i M\u00eb 1961 Ulqini renditej nd\u00ebr vendet e para t\u00eb rajonit, p\u00ebrsa i p\u00ebrket t\u00eb ardhurave t\u00eb turizmit, kurse sot nd\u00ebr t\u00eb fundit. K\u00ebt\u00eb fakt nuk e\" \/>\n<meta name=\"robots\" content=\"index, follow, max-snippet:-1, max-image-preview:large, max-video-preview:-1\" \/>\n<link rel=\"canonical\" href=\"https:\/\/www.visit-ulcinj.com\/blog\/2012\/05\/03\/ulqini-ne-nje-dite-pranvere-ne-prag-te-sezonit-turistik\/\" \/>\n<meta property=\"og:locale\" content=\"en_US\" \/>\n<meta property=\"og:type\" content=\"article\" \/>\n<meta property=\"og:title\" content=\"Ulqini n\u00eb nj\u00eb dit\u00eb pranvere, n\u00eb prag t\u00eb sezonit turistik - Video - Lajme nga Ulqini\" \/>\n<meta property=\"og:description\" content=\"Kozeta Bru\u00e7i M\u00eb 1961 Ulqini renditej nd\u00ebr vendet e para t\u00eb rajonit, p\u00ebrsa i p\u00ebrket t\u00eb ardhurave t\u00eb turizmit, kurse sot nd\u00ebr t\u00eb fundit. K\u00ebt\u00eb fakt nuk e\" \/>\n<meta property=\"og:url\" content=\"https:\/\/www.visit-ulcinj.com\/blog\/2012\/05\/03\/ulqini-ne-nje-dite-pranvere-ne-prag-te-sezonit-turistik\/\" \/>\n<meta property=\"og:site_name\" content=\"Lajme nga Ulqini\" \/>\n<meta property=\"article:published_time\" content=\"2012-05-03T18:12:13+00:00\" \/>\n<meta property=\"article:modified_time\" content=\"2012-05-04T09:44:53+00:00\" \/>\n<meta property=\"og:image\" content=\"http:\/\/www.visit-ulcinj.com\/blog\/wp-content\/uploads\/2012\/05\/Ulqini-ne-vitet-te-bumit-turistik.jpg\" \/>\n<meta name=\"twitter:label1\" content=\"Written by\" \/>\n\t<meta name=\"twitter:data1\" content=\"ulqini\" \/>\n\t<meta name=\"twitter:label2\" content=\"Est. reading time\" \/>\n\t<meta name=\"twitter:data2\" content=\"5 minutes\" \/>\n<script type=\"application\/ld+json\" class=\"yoast-schema-graph\">{\"@context\":\"https:\/\/schema.org\",\"@graph\":[{\"@type\":\"WebSite\",\"@id\":\"https:\/\/www.visit-ulcinj.com\/blog\/#website\",\"url\":\"https:\/\/www.visit-ulcinj.com\/blog\/\",\"name\":\"Lajme nga Ulqini\",\"description\":\"Lajme,Vijesti,Ulqini,Ulqin,Crna Gora,Mali i Zi\",\"potentialAction\":[{\"@type\":\"SearchAction\",\"target\":{\"@type\":\"EntryPoint\",\"urlTemplate\":\"https:\/\/www.visit-ulcinj.com\/blog\/?s={search_term_string}\"},\"query-input\":\"required name=search_term_string\"}],\"inLanguage\":\"en-US\"},{\"@type\":\"ImageObject\",\"inLanguage\":\"en-US\",\"@id\":\"https:\/\/www.visit-ulcinj.com\/blog\/2012\/05\/03\/ulqini-ne-nje-dite-pranvere-ne-prag-te-sezonit-turistik\/#primaryimage\",\"url\":\"https:\/\/www.visit-ulcinj.com\/blog\/wp-content\/uploads\/2012\/05\/Ulqini-ne-vitet-te-bumit-turistik.jpg\",\"contentUrl\":\"https:\/\/www.visit-ulcinj.com\/blog\/wp-content\/uploads\/2012\/05\/Ulqini-ne-vitet-te-bumit-turistik.jpg\",\"width\":\"800\",\"height\":\"517\"},{\"@type\":\"WebPage\",\"@id\":\"https:\/\/www.visit-ulcinj.com\/blog\/2012\/05\/03\/ulqini-ne-nje-dite-pranvere-ne-prag-te-sezonit-turistik\/#webpage\",\"url\":\"https:\/\/www.visit-ulcinj.com\/blog\/2012\/05\/03\/ulqini-ne-nje-dite-pranvere-ne-prag-te-sezonit-turistik\/\",\"name\":\"Ulqini n\u00eb nj\u00eb dit\u00eb pranvere, n\u00eb prag t\u00eb sezonit turistik - Video - Lajme nga Ulqini\",\"isPartOf\":{\"@id\":\"https:\/\/www.visit-ulcinj.com\/blog\/#website\"},\"primaryImageOfPage\":{\"@id\":\"https:\/\/www.visit-ulcinj.com\/blog\/2012\/05\/03\/ulqini-ne-nje-dite-pranvere-ne-prag-te-sezonit-turistik\/#primaryimage\"},\"datePublished\":\"2012-05-03T18:12:13+00:00\",\"dateModified\":\"2012-05-04T09:44:53+00:00\",\"author\":{\"@id\":\"https:\/\/www.visit-ulcinj.com\/blog\/#\/schema\/person\/dcab619c614d3038751c63bc2aadc06d\"},\"description\":\"Kozeta Bru\u00e7i M\u00eb 1961 Ulqini renditej nd\u00ebr vendet e para t\u00eb rajonit, p\u00ebrsa i p\u00ebrket t\u00eb ardhurave t\u00eb turizmit, kurse sot nd\u00ebr t\u00eb fundit. K\u00ebt\u00eb fakt nuk e\",\"breadcrumb\":{\"@id\":\"https:\/\/www.visit-ulcinj.com\/blog\/2012\/05\/03\/ulqini-ne-nje-dite-pranvere-ne-prag-te-sezonit-turistik\/#breadcrumb\"},\"inLanguage\":\"en-US\",\"potentialAction\":[{\"@type\":\"ReadAction\",\"target\":[\"https:\/\/www.visit-ulcinj.com\/blog\/2012\/05\/03\/ulqini-ne-nje-dite-pranvere-ne-prag-te-sezonit-turistik\/\"]}]},{\"@type\":\"BreadcrumbList\",\"@id\":\"https:\/\/www.visit-ulcinj.com\/blog\/2012\/05\/03\/ulqini-ne-nje-dite-pranvere-ne-prag-te-sezonit-turistik\/#breadcrumb\",\"itemListElement\":[{\"@type\":\"ListItem\",\"position\":1,\"name\":\"Ulqini n\u00eb nj\u00eb dit\u00eb pranvere, n\u00eb prag t\u00eb sezonit turistik &#8211; Video\"}]},{\"@type\":\"Person\",\"@id\":\"https:\/\/www.visit-ulcinj.com\/blog\/#\/schema\/person\/dcab619c614d3038751c63bc2aadc06d\",\"name\":\"ulqini\",\"sameAs\":[\"http:\/\/www.visit-ulcinj.com\"],\"url\":\"https:\/\/www.visit-ulcinj.com\/blog\/author\/admin\/\"}]}<\/script>\n<!-- \/ Yoast SEO plugin. -->","yoast_head_json":{"title":"Ulqini n\u00eb nj\u00eb dit\u00eb pranvere, n\u00eb prag t\u00eb sezonit turistik - Video - Lajme nga Ulqini","description":"Kozeta Bru\u00e7i M\u00eb 1961 Ulqini renditej nd\u00ebr vendet e para t\u00eb rajonit, p\u00ebrsa i p\u00ebrket t\u00eb ardhurave t\u00eb turizmit, kurse sot nd\u00ebr t\u00eb fundit. K\u00ebt\u00eb fakt nuk e","robots":{"index":"index","follow":"follow","max-snippet":"max-snippet:-1","max-image-preview":"max-image-preview:large","max-video-preview":"max-video-preview:-1"},"canonical":"https:\/\/www.visit-ulcinj.com\/blog\/2012\/05\/03\/ulqini-ne-nje-dite-pranvere-ne-prag-te-sezonit-turistik\/","og_locale":"en_US","og_type":"article","og_title":"Ulqini n\u00eb nj\u00eb dit\u00eb pranvere, n\u00eb prag t\u00eb sezonit turistik - Video - Lajme nga Ulqini","og_description":"Kozeta Bru\u00e7i M\u00eb 1961 Ulqini renditej nd\u00ebr vendet e para t\u00eb rajonit, p\u00ebrsa i p\u00ebrket t\u00eb ardhurave t\u00eb turizmit, kurse sot nd\u00ebr t\u00eb fundit. K\u00ebt\u00eb fakt nuk e","og_url":"https:\/\/www.visit-ulcinj.com\/blog\/2012\/05\/03\/ulqini-ne-nje-dite-pranvere-ne-prag-te-sezonit-turistik\/","og_site_name":"Lajme nga Ulqini","article_published_time":"2012-05-03T18:12:13+00:00","article_modified_time":"2012-05-04T09:44:53+00:00","og_image":[{"url":"http:\/\/www.visit-ulcinj.com\/blog\/wp-content\/uploads\/2012\/05\/Ulqini-ne-vitet-te-bumit-turistik.jpg"}],"twitter_misc":{"Written by":"ulqini","Est. reading time":"5 minutes"},"schema":{"@context":"https:\/\/schema.org","@graph":[{"@type":"WebSite","@id":"https:\/\/www.visit-ulcinj.com\/blog\/#website","url":"https:\/\/www.visit-ulcinj.com\/blog\/","name":"Lajme nga Ulqini","description":"Lajme,Vijesti,Ulqini,Ulqin,Crna Gora,Mali i Zi","potentialAction":[{"@type":"SearchAction","target":{"@type":"EntryPoint","urlTemplate":"https:\/\/www.visit-ulcinj.com\/blog\/?s={search_term_string}"},"query-input":"required name=search_term_string"}],"inLanguage":"en-US"},{"@type":"ImageObject","inLanguage":"en-US","@id":"https:\/\/www.visit-ulcinj.com\/blog\/2012\/05\/03\/ulqini-ne-nje-dite-pranvere-ne-prag-te-sezonit-turistik\/#primaryimage","url":"https:\/\/www.visit-ulcinj.com\/blog\/wp-content\/uploads\/2012\/05\/Ulqini-ne-vitet-te-bumit-turistik.jpg","contentUrl":"https:\/\/www.visit-ulcinj.com\/blog\/wp-content\/uploads\/2012\/05\/Ulqini-ne-vitet-te-bumit-turistik.jpg","width":"800","height":"517"},{"@type":"WebPage","@id":"https:\/\/www.visit-ulcinj.com\/blog\/2012\/05\/03\/ulqini-ne-nje-dite-pranvere-ne-prag-te-sezonit-turistik\/#webpage","url":"https:\/\/www.visit-ulcinj.com\/blog\/2012\/05\/03\/ulqini-ne-nje-dite-pranvere-ne-prag-te-sezonit-turistik\/","name":"Ulqini n\u00eb nj\u00eb dit\u00eb pranvere, n\u00eb prag t\u00eb sezonit turistik - Video - Lajme nga Ulqini","isPartOf":{"@id":"https:\/\/www.visit-ulcinj.com\/blog\/#website"},"primaryImageOfPage":{"@id":"https:\/\/www.visit-ulcinj.com\/blog\/2012\/05\/03\/ulqini-ne-nje-dite-pranvere-ne-prag-te-sezonit-turistik\/#primaryimage"},"datePublished":"2012-05-03T18:12:13+00:00","dateModified":"2012-05-04T09:44:53+00:00","author":{"@id":"https:\/\/www.visit-ulcinj.com\/blog\/#\/schema\/person\/dcab619c614d3038751c63bc2aadc06d"},"description":"Kozeta Bru\u00e7i M\u00eb 1961 Ulqini renditej nd\u00ebr vendet e para t\u00eb rajonit, p\u00ebrsa i p\u00ebrket t\u00eb ardhurave t\u00eb turizmit, kurse sot nd\u00ebr t\u00eb fundit. K\u00ebt\u00eb fakt nuk e","breadcrumb":{"@id":"https:\/\/www.visit-ulcinj.com\/blog\/2012\/05\/03\/ulqini-ne-nje-dite-pranvere-ne-prag-te-sezonit-turistik\/#breadcrumb"},"inLanguage":"en-US","potentialAction":[{"@type":"ReadAction","target":["https:\/\/www.visit-ulcinj.com\/blog\/2012\/05\/03\/ulqini-ne-nje-dite-pranvere-ne-prag-te-sezonit-turistik\/"]}]},{"@type":"BreadcrumbList","@id":"https:\/\/www.visit-ulcinj.com\/blog\/2012\/05\/03\/ulqini-ne-nje-dite-pranvere-ne-prag-te-sezonit-turistik\/#breadcrumb","itemListElement":[{"@type":"ListItem","position":1,"name":"Ulqini n\u00eb nj\u00eb dit\u00eb pranvere, n\u00eb prag t\u00eb sezonit turistik &#8211; Video"}]},{"@type":"Person","@id":"https:\/\/www.visit-ulcinj.com\/blog\/#\/schema\/person\/dcab619c614d3038751c63bc2aadc06d","name":"ulqini","sameAs":["http:\/\/www.visit-ulcinj.com"],"url":"https:\/\/www.visit-ulcinj.com\/blog\/author\/admin\/"}]}},"jetpack_featured_media_url":"","jetpack_sharing_enabled":true,"jetpack_shortlink":"https:\/\/wp.me\/pe6lTn-fBP","_links":{"self":[{"href":"https:\/\/www.visit-ulcinj.com\/blog\/wp-json\/wp\/v2\/posts\/60005"}],"collection":[{"href":"https:\/\/www.visit-ulcinj.com\/blog\/wp-json\/wp\/v2\/posts"}],"about":[{"href":"https:\/\/www.visit-ulcinj.com\/blog\/wp-json\/wp\/v2\/types\/post"}],"author":[{"embeddable":true,"href":"https:\/\/www.visit-ulcinj.com\/blog\/wp-json\/wp\/v2\/users\/1"}],"replies":[{"embeddable":true,"href":"https:\/\/www.visit-ulcinj.com\/blog\/wp-json\/wp\/v2\/comments?post=60005"}],"version-history":[{"count":10,"href":"https:\/\/www.visit-ulcinj.com\/blog\/wp-json\/wp\/v2\/posts\/60005\/revisions"}],"predecessor-version":[{"id":60038,"href":"https:\/\/www.visit-ulcinj.com\/blog\/wp-json\/wp\/v2\/posts\/60005\/revisions\/60038"}],"wp:attachment":[{"href":"https:\/\/www.visit-ulcinj.com\/blog\/wp-json\/wp\/v2\/media?parent=60005"}],"wp:term":[{"taxonomy":"category","embeddable":true,"href":"https:\/\/www.visit-ulcinj.com\/blog\/wp-json\/wp\/v2\/categories?post=60005"},{"taxonomy":"post_tag","embeddable":true,"href":"https:\/\/www.visit-ulcinj.com\/blog\/wp-json\/wp\/v2\/tags?post=60005"}],"curies":[{"name":"wp","href":"https:\/\/api.w.org\/{rel}","templated":true}]}}