{"id":60047,"date":"2012-05-04T10:09:36","date_gmt":"2012-05-04T09:09:36","guid":{"rendered":"http:\/\/www.visit-ulcinj.com\/blog\/?p=60047"},"modified":"2012-05-04T10:53:38","modified_gmt":"2012-05-04T09:53:38","slug":"provod-i-jad-u-ulcinju","status":"publish","type":"post","link":"https:\/\/www.visit-ulcinj.com\/blog\/2012\/05\/04\/provod-i-jad-u-ulcinju\/","title":{"rendered":"Provod i jad u Ulcinju &#8211; Video"},"content":{"rendered":"<p><a href=\"http:\/\/www.visit-ulcinj.com\/blog\/wp-content\/uploads\/2012\/05\/Piknik-Party-_Valdanos_Ulcinj.jpg\"><img loading=\"lazy\" class=\"alignleft  wp-image-60048\" title=\"Piknik-Party _Valdanos_Ulcinj\" src=\"http:\/\/www.visit-ulcinj.com\/blog\/wp-content\/uploads\/2012\/05\/Piknik-Party-_Valdanos_Ulcinj.jpg\" alt=\"\" width=\"508\" height=\"360\" \/><\/a>Dok je oko 7.000 turista u\u017eivalo na Adi Bojani, Valdanosu i Pristanu, radnici najavili nove proteste<\/p>\n<p>Prvomajski praznici u Ulcinju protekli su u znaku velikih gu\u017evi, dobroj posje\u0107enosti hotela, a djelimi\u010dno i privatnog smje\u0161taja, otvorene kapije u Valdanosu, \u017eurki i ro\u0161tilja, te \u010demeru nezadovoljnih radnika koji su, dok su drugi nazdravljali, pisali saop\u0161tenja o novim protestima.<\/p>\n<p><a href=\"http:\/\/www.visit-ulcinj.com\/blog\/wp-content\/uploads\/2012\/05\/hotel-otrant-ulcinj.jpg\"><img loading=\"lazy\" class=\"alignleft size-full wp-image-60050\" title=\"hotel otrant ulcinj\" src=\"http:\/\/www.visit-ulcinj.com\/blog\/wp-content\/uploads\/2012\/05\/hotel-otrant-ulcinj.jpg\" alt=\"\" width=\"350\" height=\"400\" \/><\/a>Radnici &#8220;Otranta&#8221;, u kome se ovih dana tra\u017eio krevet vi\u0161e, najavili su na Praznik rada da \u0107e u petak, ispred kapija hotela, odr\u017eati protest zbog neispunjenih obe\u0107anja o izmirivanju osam zaostalih zarada i neizvr\u0161avanju obaveza zakupca, firme &#8220;Agros&#8221;, preuzetih na sjednici 20. aprila. Sindikat hotela donio je odluku kojom se precizira i da \u0107e radnici svakodnevno protestovati do ispunjenja zahtjeva.<\/p>\n<p>S druge strane, ako je Prvi maj etalonski prikaz nastupaju\u0107e sezone, Ulcinjani ve\u0107 mogu da trljaju ruke &#8211; prema procjenama, najju\u017eniju op\u0161tinu posjetilo je oko sedam hiljada turista iz svih djelova dr\u017eave, regiona ali i Evrope.<\/p>\n<p>&#8220;Otrant&#8221; i &#8220;Mediteran&#8221; nijesu imali slobodnog mjesta, \u0161to je bio slu\u010daj i sa ve\u0107inom manjih privatnih hotela, a gostiju je bilo i u privatnom smje\u0161atju.<br \/>\n<a href=\"http:\/\/www.visit-ulcinj.com\/blog\/wp-content\/uploads\/2012\/05\/Hotel-Mediteran_Ulcinj_pun-turista.jpg\"><img loading=\"lazy\" class=\"alignleft  wp-image-60049\" title=\"Hotel-Mediteran_Ulcinj_pun turista\" src=\"http:\/\/www.visit-ulcinj.com\/blog\/wp-content\/uploads\/2012\/05\/Hotel-Mediteran_Ulcinj_pun-turista.jpg\" alt=\"\" width=\"508\" height=\"300\" \/><\/a><\/p>\n<p>Po tradiciji, najve\u0107a gu\u017eva bila je na Adi Bojani, gdje su uglavnom mladi organizovali \u017eurke i ro\u0161tilje. Ono \u0161to raduje, svakako je otvorena kapija u Valdanosu, gdje je &#8220;Mogul&#8221;, uz pomo\u0107 Op\u0161tine, Ministarstva odbrane i JP za upravljanje morskim dobrim, organizovao piknik kojem je, prema procjenama, prisustvovalo oko hiljadu i po i dvije hiljade posjetilaca.<\/p>\n<p>&#8220;Kona\u010dno je na\u0111en put da se zakoni po\u0161tuju i primjenjuju, jer je ovo javno dobro dostupno svim gra\u0111anima&#8221;, kazao je &#8220;Vijestima&#8221; potpredsjednik Op\u0161tine D\u017eaudet Cakuli, aludiraju\u0107i na akciju &#8220;Mogula&#8221; koja je rezultirala slobodnom prilazu mitskoj uvali.<\/p>\n<p>Gu\u017evi je bilo i na svim pla\u017eama od Valdanosa do Ade, restoranima i pekarama, pumpama i prodavnicama, dok je Pristan u ve\u010dernjim satima podsje\u0107ao na &#8220;vrh sezone&#8221;.<\/p>\n<p><a href=\"http:\/\/www.vijesti.me\/vijesti\/provod-jad-ulcinju-clanak-71917\" target=\"_blank\"><strong>Samir Adrovi\u0107<\/strong><br \/>\n<strong> Vijesti<\/strong><\/a><\/p>\n<!--YouTube Error: bad URL entered-->\n","protected":false},"excerpt":{"rendered":"<p>Dok je oko 7.000 turista u\u017eivalo na Adi Bojani, Valdanosu i Pristanu, radnici najavili nove proteste Prvomajski praznici u Ulcinju protekli su u znaku velikih gu\u017evi, dobroj posje\u0107enosti hotela, a djelimi\u010dno i privatnog smje\u0161taja, otvorene kapije u Valdanosu, \u017eurki i ro\u0161tilja, te \u010demeru nezadovoljnih radnika koji su, dok su drugi nazdravljali, pisali saop\u0161tenja o novim [&hellip;]<\/p>\n","protected":false},"author":1,"featured_media":0,"comment_status":"open","ping_status":"closed","sticky":false,"template":"","format":"standard","meta":{"spay_email":"","jetpack_publicize_message":"","jetpack_is_tweetstorm":false,"jetpack_publicize_feature_enabled":true},"categories":[8337],"tags":[13382,4649,136],"jetpack_publicize_connections":[],"yoast_head":"<!-- This site is optimized with the Yoast SEO plugin v19.1 - https:\/\/yoast.com\/wordpress\/plugins\/seo\/ -->\n<title>Provod i jad u Ulcinju - Video - Lajme nga Ulqini<\/title>\n<meta name=\"description\" content=\"Dok je oko 7.000 turista u\u017eivalo na Adi Bojani, Valdanosu i Pristanu, radnici najavili nove proteste Prvomajski praznici u Ulcinju protekli su u znaku\" \/>\n<meta name=\"robots\" content=\"index, follow, max-snippet:-1, max-image-preview:large, max-video-preview:-1\" \/>\n<link rel=\"canonical\" href=\"https:\/\/www.visit-ulcinj.com\/blog\/2012\/05\/04\/provod-i-jad-u-ulcinju\/\" \/>\n<meta property=\"og:locale\" content=\"en_US\" \/>\n<meta property=\"og:type\" content=\"article\" \/>\n<meta property=\"og:title\" content=\"Provod i jad u Ulcinju - Video - Lajme nga Ulqini\" \/>\n<meta property=\"og:description\" content=\"Dok je oko 7.000 turista u\u017eivalo na Adi Bojani, Valdanosu i Pristanu, radnici najavili nove proteste Prvomajski praznici u Ulcinju protekli su u znaku\" \/>\n<meta property=\"og:url\" content=\"https:\/\/www.visit-ulcinj.com\/blog\/2012\/05\/04\/provod-i-jad-u-ulcinju\/\" \/>\n<meta property=\"og:site_name\" content=\"Lajme nga Ulqini\" \/>\n<meta property=\"article:published_time\" content=\"2012-05-04T09:09:36+00:00\" \/>\n<meta property=\"article:modified_time\" content=\"2012-05-04T09:53:38+00:00\" \/>\n<meta property=\"og:image\" content=\"http:\/\/www.visit-ulcinj.com\/blog\/wp-content\/uploads\/2012\/05\/Piknik-Party-_Valdanos_Ulcinj.jpg\" \/>\n<meta name=\"twitter:label1\" content=\"Written by\" \/>\n\t<meta name=\"twitter:data1\" content=\"ulqini\" \/>\n\t<meta name=\"twitter:label2\" content=\"Est. reading time\" \/>\n\t<meta name=\"twitter:data2\" content=\"2 minutes\" \/>\n<script type=\"application\/ld+json\" class=\"yoast-schema-graph\">{\"@context\":\"https:\/\/schema.org\",\"@graph\":[{\"@type\":\"WebSite\",\"@id\":\"https:\/\/www.visit-ulcinj.com\/blog\/#website\",\"url\":\"https:\/\/www.visit-ulcinj.com\/blog\/\",\"name\":\"Lajme nga Ulqini\",\"description\":\"Lajme,Vijesti,Ulqini,Ulqin,Crna Gora,Mali i Zi\",\"potentialAction\":[{\"@type\":\"SearchAction\",\"target\":{\"@type\":\"EntryPoint\",\"urlTemplate\":\"https:\/\/www.visit-ulcinj.com\/blog\/?s={search_term_string}\"},\"query-input\":\"required name=search_term_string\"}],\"inLanguage\":\"en-US\"},{\"@type\":\"ImageObject\",\"inLanguage\":\"en-US\",\"@id\":\"https:\/\/www.visit-ulcinj.com\/blog\/2012\/05\/04\/provod-i-jad-u-ulcinju\/#primaryimage\",\"url\":\"https:\/\/www.visit-ulcinj.com\/blog\/wp-content\/uploads\/2012\/05\/Piknik-Party-_Valdanos_Ulcinj.jpg\",\"contentUrl\":\"https:\/\/www.visit-ulcinj.com\/blog\/wp-content\/uploads\/2012\/05\/Piknik-Party-_Valdanos_Ulcinj.jpg\",\"width\":\"800\",\"height\":\"533\"},{\"@type\":\"WebPage\",\"@id\":\"https:\/\/www.visit-ulcinj.com\/blog\/2012\/05\/04\/provod-i-jad-u-ulcinju\/#webpage\",\"url\":\"https:\/\/www.visit-ulcinj.com\/blog\/2012\/05\/04\/provod-i-jad-u-ulcinju\/\",\"name\":\"Provod i jad u Ulcinju - Video - Lajme nga Ulqini\",\"isPartOf\":{\"@id\":\"https:\/\/www.visit-ulcinj.com\/blog\/#website\"},\"primaryImageOfPage\":{\"@id\":\"https:\/\/www.visit-ulcinj.com\/blog\/2012\/05\/04\/provod-i-jad-u-ulcinju\/#primaryimage\"},\"datePublished\":\"2012-05-04T09:09:36+00:00\",\"dateModified\":\"2012-05-04T09:53:38+00:00\",\"author\":{\"@id\":\"https:\/\/www.visit-ulcinj.com\/blog\/#\/schema\/person\/dcab619c614d3038751c63bc2aadc06d\"},\"description\":\"Dok je oko 7.000 turista u\u017eivalo na Adi Bojani, Valdanosu i Pristanu, radnici najavili nove proteste Prvomajski praznici u Ulcinju protekli su u znaku\",\"breadcrumb\":{\"@id\":\"https:\/\/www.visit-ulcinj.com\/blog\/2012\/05\/04\/provod-i-jad-u-ulcinju\/#breadcrumb\"},\"inLanguage\":\"en-US\",\"potentialAction\":[{\"@type\":\"ReadAction\",\"target\":[\"https:\/\/www.visit-ulcinj.com\/blog\/2012\/05\/04\/provod-i-jad-u-ulcinju\/\"]}]},{\"@type\":\"BreadcrumbList\",\"@id\":\"https:\/\/www.visit-ulcinj.com\/blog\/2012\/05\/04\/provod-i-jad-u-ulcinju\/#breadcrumb\",\"itemListElement\":[{\"@type\":\"ListItem\",\"position\":1,\"name\":\"Provod i jad u Ulcinju &#8211; Video\"}]},{\"@type\":\"Person\",\"@id\":\"https:\/\/www.visit-ulcinj.com\/blog\/#\/schema\/person\/dcab619c614d3038751c63bc2aadc06d\",\"name\":\"ulqini\",\"sameAs\":[\"http:\/\/www.visit-ulcinj.com\"],\"url\":\"https:\/\/www.visit-ulcinj.com\/blog\/author\/admin\/\"}]}<\/script>\n<!-- \/ Yoast SEO plugin. -->","yoast_head_json":{"title":"Provod i jad u Ulcinju - Video - Lajme nga Ulqini","description":"Dok je oko 7.000 turista u\u017eivalo na Adi Bojani, Valdanosu i Pristanu, radnici najavili nove proteste Prvomajski praznici u Ulcinju protekli su u znaku","robots":{"index":"index","follow":"follow","max-snippet":"max-snippet:-1","max-image-preview":"max-image-preview:large","max-video-preview":"max-video-preview:-1"},"canonical":"https:\/\/www.visit-ulcinj.com\/blog\/2012\/05\/04\/provod-i-jad-u-ulcinju\/","og_locale":"en_US","og_type":"article","og_title":"Provod i jad u Ulcinju - Video - Lajme nga Ulqini","og_description":"Dok je oko 7.000 turista u\u017eivalo na Adi Bojani, Valdanosu i Pristanu, radnici najavili nove proteste Prvomajski praznici u Ulcinju protekli su u znaku","og_url":"https:\/\/www.visit-ulcinj.com\/blog\/2012\/05\/04\/provod-i-jad-u-ulcinju\/","og_site_name":"Lajme nga Ulqini","article_published_time":"2012-05-04T09:09:36+00:00","article_modified_time":"2012-05-04T09:53:38+00:00","og_image":[{"url":"http:\/\/www.visit-ulcinj.com\/blog\/wp-content\/uploads\/2012\/05\/Piknik-Party-_Valdanos_Ulcinj.jpg"}],"twitter_misc":{"Written by":"ulqini","Est. reading time":"2 minutes"},"schema":{"@context":"https:\/\/schema.org","@graph":[{"@type":"WebSite","@id":"https:\/\/www.visit-ulcinj.com\/blog\/#website","url":"https:\/\/www.visit-ulcinj.com\/blog\/","name":"Lajme nga Ulqini","description":"Lajme,Vijesti,Ulqini,Ulqin,Crna Gora,Mali i Zi","potentialAction":[{"@type":"SearchAction","target":{"@type":"EntryPoint","urlTemplate":"https:\/\/www.visit-ulcinj.com\/blog\/?s={search_term_string}"},"query-input":"required name=search_term_string"}],"inLanguage":"en-US"},{"@type":"ImageObject","inLanguage":"en-US","@id":"https:\/\/www.visit-ulcinj.com\/blog\/2012\/05\/04\/provod-i-jad-u-ulcinju\/#primaryimage","url":"https:\/\/www.visit-ulcinj.com\/blog\/wp-content\/uploads\/2012\/05\/Piknik-Party-_Valdanos_Ulcinj.jpg","contentUrl":"https:\/\/www.visit-ulcinj.com\/blog\/wp-content\/uploads\/2012\/05\/Piknik-Party-_Valdanos_Ulcinj.jpg","width":"800","height":"533"},{"@type":"WebPage","@id":"https:\/\/www.visit-ulcinj.com\/blog\/2012\/05\/04\/provod-i-jad-u-ulcinju\/#webpage","url":"https:\/\/www.visit-ulcinj.com\/blog\/2012\/05\/04\/provod-i-jad-u-ulcinju\/","name":"Provod i jad u Ulcinju - Video - Lajme nga Ulqini","isPartOf":{"@id":"https:\/\/www.visit-ulcinj.com\/blog\/#website"},"primaryImageOfPage":{"@id":"https:\/\/www.visit-ulcinj.com\/blog\/2012\/05\/04\/provod-i-jad-u-ulcinju\/#primaryimage"},"datePublished":"2012-05-04T09:09:36+00:00","dateModified":"2012-05-04T09:53:38+00:00","author":{"@id":"https:\/\/www.visit-ulcinj.com\/blog\/#\/schema\/person\/dcab619c614d3038751c63bc2aadc06d"},"description":"Dok je oko 7.000 turista u\u017eivalo na Adi Bojani, Valdanosu i Pristanu, radnici najavili nove proteste Prvomajski praznici u Ulcinju protekli su u znaku","breadcrumb":{"@id":"https:\/\/www.visit-ulcinj.com\/blog\/2012\/05\/04\/provod-i-jad-u-ulcinju\/#breadcrumb"},"inLanguage":"en-US","potentialAction":[{"@type":"ReadAction","target":["https:\/\/www.visit-ulcinj.com\/blog\/2012\/05\/04\/provod-i-jad-u-ulcinju\/"]}]},{"@type":"BreadcrumbList","@id":"https:\/\/www.visit-ulcinj.com\/blog\/2012\/05\/04\/provod-i-jad-u-ulcinju\/#breadcrumb","itemListElement":[{"@type":"ListItem","position":1,"name":"Provod i jad u Ulcinju &#8211; Video"}]},{"@type":"Person","@id":"https:\/\/www.visit-ulcinj.com\/blog\/#\/schema\/person\/dcab619c614d3038751c63bc2aadc06d","name":"ulqini","sameAs":["http:\/\/www.visit-ulcinj.com"],"url":"https:\/\/www.visit-ulcinj.com\/blog\/author\/admin\/"}]}},"jetpack_featured_media_url":"","jetpack_sharing_enabled":true,"jetpack_shortlink":"https:\/\/wp.me\/pe6lTn-fCv","_links":{"self":[{"href":"https:\/\/www.visit-ulcinj.com\/blog\/wp-json\/wp\/v2\/posts\/60047"}],"collection":[{"href":"https:\/\/www.visit-ulcinj.com\/blog\/wp-json\/wp\/v2\/posts"}],"about":[{"href":"https:\/\/www.visit-ulcinj.com\/blog\/wp-json\/wp\/v2\/types\/post"}],"author":[{"embeddable":true,"href":"https:\/\/www.visit-ulcinj.com\/blog\/wp-json\/wp\/v2\/users\/1"}],"replies":[{"embeddable":true,"href":"https:\/\/www.visit-ulcinj.com\/blog\/wp-json\/wp\/v2\/comments?post=60047"}],"version-history":[{"count":3,"href":"https:\/\/www.visit-ulcinj.com\/blog\/wp-json\/wp\/v2\/posts\/60047\/revisions"}],"predecessor-version":[{"id":60055,"href":"https:\/\/www.visit-ulcinj.com\/blog\/wp-json\/wp\/v2\/posts\/60047\/revisions\/60055"}],"wp:attachment":[{"href":"https:\/\/www.visit-ulcinj.com\/blog\/wp-json\/wp\/v2\/media?parent=60047"}],"wp:term":[{"taxonomy":"category","embeddable":true,"href":"https:\/\/www.visit-ulcinj.com\/blog\/wp-json\/wp\/v2\/categories?post=60047"},{"taxonomy":"post_tag","embeddable":true,"href":"https:\/\/www.visit-ulcinj.com\/blog\/wp-json\/wp\/v2\/tags?post=60047"}],"curies":[{"name":"wp","href":"https:\/\/api.w.org\/{rel}","templated":true}]}}