{"id":60056,"date":"2012-05-04T11:07:15","date_gmt":"2012-05-04T10:07:15","guid":{"rendered":"http:\/\/www.visit-ulcinj.com\/blog\/?p=60056"},"modified":"2012-05-04T11:08:46","modified_gmt":"2012-05-04T10:08:46","slug":"basha-vujanoviq-rritje-e-bashkepunimit-tirane-podgorice","status":"publish","type":"post","link":"https:\/\/www.visit-ulcinj.com\/blog\/2012\/05\/04\/basha-vujanoviq-rritje-e-bashkepunimit-tirane-podgorice\/","title":{"rendered":"Basha-Vujanoviq: Rritje e bashk\u00ebpunimit Tiran\u00eb-Podgoric\u00eb"},"content":{"rendered":"<p><a href=\"http:\/\/www.visit-ulcinj.com\/blog\/wp-content\/uploads\/2012\/05\/Basha-Vujanoviq_-Rritje-e-bashk\u00ebpunimit-Tiran\u00eb-Podgoric\u00eb.jpg\"><img loading=\"lazy\" class=\"alignleft  wp-image-60058\" title=\"Basha-Vujanoviq_ Rritje e bashk\u00ebpunimit Tiran\u00eb-Podgoric\u00eb\" src=\"http:\/\/www.visit-ulcinj.com\/blog\/wp-content\/uploads\/2012\/05\/Basha-Vujanoviq_-Rritje-e-bashk\u00ebpunimit-Tiran\u00eb-Podgoric\u00eb.jpg\" alt=\"\" width=\"508\" height=\"338\" \/><\/a>Kryetari i Bashkis\u00eb s\u00eb Tiran\u00ebs Lulzim Basha priti n\u00eb nj\u00eb takim Presidentin e Malit t\u00eb Zi Filip Vujanovi\u00e7.N\u00eb takim zoti Basha dhe Vujanovi\u00e7 n\u00ebnvizuan r\u00ebnd\u00ebsin\u00eb e vendosjes dhe intensifikimit t\u00eb nj\u00eb bashk\u00ebpunimi mes Tiran\u00ebs dhe Podgoric\u00ebs. Zoti Basha n\u00ebnvizoi se af\u00ebrsia gjeografike dhe infrastruktura e p\u00ebrmir\u00ebsuar ndjesh\u00ebm vitet e fundit q\u00eb i lidh dy kryeqytetet, \u00ebsht\u00eb nj\u00eb mund\u00ebsi e mir\u00eb p\u00ebr t\u00eb rritur bashk\u00ebpunimin n\u00eb fush\u00ebn e turizmit, artit, kultur\u00ebs dhe rritjes s\u00eb investimeve.<\/p>\n<p>Zoti Vujanovi\u00e7 tha se Tirana \u00ebsht\u00eb b\u00ebr\u00eb nj\u00eb qytet atraktiv p\u00ebr turist\u00ebt, \u00e7ka e d\u00ebshmon dhe numri i madh i grupeve q\u00eb une pash\u00eb sot n\u00eb Tiran\u00eb.<\/p>\n<p>Zoti Basha dhe zoti Vujanovi\u00e7 diskutuan p\u00ebr bashk\u00ebpunim mes operator\u00ebve turistik\u00eb p\u00ebr p\u00ebrgatitjen e guidave dhe planifikimin e tureve t\u00eb p\u00ebrbashk\u00ebta turistike t\u00eb Tiran\u00ebs dhe Podgoric\u00ebs. Kryetari i Bashkis\u00eb s\u00eb Tiran\u00ebs u ndal dhe n\u00eb bashk\u00ebpunimin artistik e kulturor mes dy kryeqyteve.<\/p>\n<p>Zoti Basha n\u00ebnvizoi se Tirana mir\u00ebpret artistet malazez t\u00eb japin shfaqe n\u00eb Tiran\u00eb sikund\u00ebr \u00ebsht\u00eb e gatshme t\u00eb krijoj\u00eb mund\u00ebsit\u00eb p\u00ebr promovimin e traditave dhe kulinaris\u00eb malazeze n\u00eb rrug\u00ebt e Tiran\u00ebs. T\u00eb nj\u00ebjt\u00ebn gj\u00eb, tha zoti Basha, Tirana \u00ebsht\u00eb e gatshme t\u00eb b\u00ebj\u00eb edhe n\u00eb Podgoric\u00eb, Budva, Kotorr e qytete t\u00eb tjera t\u00eb Malit t\u00eb Zi.<br \/>\nN\u00eb takim u diskutua edhe p\u00ebr projektet e zhvillimit. Zoti Basha b\u00ebri t\u00eb ditur se pas 22 vjet\u00ebsh, Tirana s\u00eb shpejti do t\u00eb ket\u00eb planin urbanistik. Pjes\u00eb e k\u00ebtij plani, tha zoti Basha, \u00ebsht\u00eb bulevardi i ri dhe rehabilitimi i Lumit t\u00eb Tiran\u00ebs, projekt i cili prek 20% t\u00eb territorit.<br \/>\nKryebashkiaku tha se q\u00ebllimi i tij nuk \u00ebsht\u00eb vet\u00ebm hapja e horizonteve t\u00eb reja p\u00ebr investimet vendase por edhe p\u00ebr ta b\u00ebr\u00eb Tiran\u00ebn qytet t\u00eb mund\u00ebsive t\u00eb medha p\u00ebr investitor\u00ebt e huaj, p\u00ebrfshir\u00eb edhe ata malazez.<\/p>\n<p><strong>ORA NEWS<\/strong><\/p>\n","protected":false},"excerpt":{"rendered":"<p>Kryetari i Bashkis\u00eb s\u00eb Tiran\u00ebs Lulzim Basha priti n\u00eb nj\u00eb takim Presidentin e Malit t\u00eb Zi Filip Vujanovi\u00e7.N\u00eb takim zoti Basha dhe Vujanovi\u00e7 n\u00ebnvizuan r\u00ebnd\u00ebsin\u00eb e vendosjes dhe intensifikimit t\u00eb nj\u00eb bashk\u00ebpunimi mes Tiran\u00ebs dhe Podgoric\u00ebs. Zoti Basha n\u00ebnvizoi se af\u00ebrsia gjeografike dhe infrastruktura e p\u00ebrmir\u00ebsuar ndjesh\u00ebm vitet e fundit q\u00eb i lidh dy kryeqytetet, [&hellip;]<\/p>\n","protected":false},"author":1,"featured_media":0,"comment_status":"open","ping_status":"closed","sticky":false,"template":"","format":"standard","meta":{"spay_email":"","jetpack_publicize_message":"","jetpack_is_tweetstorm":false,"jetpack_publicize_feature_enabled":true},"categories":[14],"tags":[1768,2223],"jetpack_publicize_connections":[],"yoast_head":"<!-- This site is optimized with the Yoast SEO plugin v19.1 - https:\/\/yoast.com\/wordpress\/plugins\/seo\/ -->\n<title>Basha-Vujanoviq: Rritje e bashk\u00ebpunimit Tiran\u00eb-Podgoric\u00eb - Lajme nga Ulqini<\/title>\n<meta name=\"description\" content=\"Kryetari i Bashkis\u00eb s\u00eb Tiran\u00ebs Lulzim Basha priti n\u00eb nj\u00eb takim Presidentin e Malit t\u00eb Zi Filip Vujanovi\u00e7.N\u00eb takim zoti Basha dhe Vujanovi\u00e7 n\u00ebnvizuan\" \/>\n<meta name=\"robots\" content=\"index, follow, max-snippet:-1, max-image-preview:large, max-video-preview:-1\" \/>\n<link rel=\"canonical\" href=\"https:\/\/www.visit-ulcinj.com\/blog\/2012\/05\/04\/basha-vujanoviq-rritje-e-bashkepunimit-tirane-podgorice\/\" \/>\n<meta property=\"og:locale\" content=\"en_US\" \/>\n<meta property=\"og:type\" content=\"article\" \/>\n<meta property=\"og:title\" content=\"Basha-Vujanoviq: Rritje e bashk\u00ebpunimit Tiran\u00eb-Podgoric\u00eb - Lajme nga Ulqini\" \/>\n<meta property=\"og:description\" content=\"Kryetari i Bashkis\u00eb s\u00eb Tiran\u00ebs Lulzim Basha priti n\u00eb nj\u00eb takim Presidentin e Malit t\u00eb Zi Filip Vujanovi\u00e7.N\u00eb takim zoti Basha dhe Vujanovi\u00e7 n\u00ebnvizuan\" \/>\n<meta property=\"og:url\" content=\"https:\/\/www.visit-ulcinj.com\/blog\/2012\/05\/04\/basha-vujanoviq-rritje-e-bashkepunimit-tirane-podgorice\/\" \/>\n<meta property=\"og:site_name\" content=\"Lajme nga Ulqini\" \/>\n<meta property=\"article:published_time\" content=\"2012-05-04T10:07:15+00:00\" \/>\n<meta property=\"article:modified_time\" content=\"2012-05-04T10:08:46+00:00\" \/>\n<meta name=\"twitter:label1\" content=\"Written by\" \/>\n\t<meta name=\"twitter:data1\" content=\"ulqini\" \/>\n\t<meta name=\"twitter:label2\" content=\"Est. reading time\" \/>\n\t<meta name=\"twitter:data2\" content=\"2 minutes\" \/>\n<script type=\"application\/ld+json\" class=\"yoast-schema-graph\">{\"@context\":\"https:\/\/schema.org\",\"@graph\":[{\"@type\":\"WebSite\",\"@id\":\"https:\/\/www.visit-ulcinj.com\/blog\/#website\",\"url\":\"https:\/\/www.visit-ulcinj.com\/blog\/\",\"name\":\"Lajme nga Ulqini\",\"description\":\"Lajme,Vijesti,Ulqini,Ulqin,Crna Gora,Mali i Zi\",\"potentialAction\":[{\"@type\":\"SearchAction\",\"target\":{\"@type\":\"EntryPoint\",\"urlTemplate\":\"https:\/\/www.visit-ulcinj.com\/blog\/?s={search_term_string}\"},\"query-input\":\"required name=search_term_string\"}],\"inLanguage\":\"en-US\"},{\"@type\":\"WebPage\",\"@id\":\"https:\/\/www.visit-ulcinj.com\/blog\/2012\/05\/04\/basha-vujanoviq-rritje-e-bashkepunimit-tirane-podgorice\/#webpage\",\"url\":\"https:\/\/www.visit-ulcinj.com\/blog\/2012\/05\/04\/basha-vujanoviq-rritje-e-bashkepunimit-tirane-podgorice\/\",\"name\":\"Basha-Vujanoviq: Rritje e bashk\u00ebpunimit Tiran\u00eb-Podgoric\u00eb - Lajme nga Ulqini\",\"isPartOf\":{\"@id\":\"https:\/\/www.visit-ulcinj.com\/blog\/#website\"},\"datePublished\":\"2012-05-04T10:07:15+00:00\",\"dateModified\":\"2012-05-04T10:08:46+00:00\",\"author\":{\"@id\":\"https:\/\/www.visit-ulcinj.com\/blog\/#\/schema\/person\/dcab619c614d3038751c63bc2aadc06d\"},\"description\":\"Kryetari i Bashkis\u00eb s\u00eb Tiran\u00ebs Lulzim Basha priti n\u00eb nj\u00eb takim Presidentin e Malit t\u00eb Zi Filip Vujanovi\u00e7.N\u00eb takim zoti Basha dhe Vujanovi\u00e7 n\u00ebnvizuan\",\"breadcrumb\":{\"@id\":\"https:\/\/www.visit-ulcinj.com\/blog\/2012\/05\/04\/basha-vujanoviq-rritje-e-bashkepunimit-tirane-podgorice\/#breadcrumb\"},\"inLanguage\":\"en-US\",\"potentialAction\":[{\"@type\":\"ReadAction\",\"target\":[\"https:\/\/www.visit-ulcinj.com\/blog\/2012\/05\/04\/basha-vujanoviq-rritje-e-bashkepunimit-tirane-podgorice\/\"]}]},{\"@type\":\"BreadcrumbList\",\"@id\":\"https:\/\/www.visit-ulcinj.com\/blog\/2012\/05\/04\/basha-vujanoviq-rritje-e-bashkepunimit-tirane-podgorice\/#breadcrumb\",\"itemListElement\":[{\"@type\":\"ListItem\",\"position\":1,\"name\":\"Basha-Vujanoviq: Rritje e bashk\u00ebpunimit Tiran\u00eb-Podgoric\u00eb\"}]},{\"@type\":\"Person\",\"@id\":\"https:\/\/www.visit-ulcinj.com\/blog\/#\/schema\/person\/dcab619c614d3038751c63bc2aadc06d\",\"name\":\"ulqini\",\"sameAs\":[\"http:\/\/www.visit-ulcinj.com\"],\"url\":\"https:\/\/www.visit-ulcinj.com\/blog\/author\/admin\/\"}]}<\/script>\n<!-- \/ Yoast SEO plugin. -->","yoast_head_json":{"title":"Basha-Vujanoviq: Rritje e bashk\u00ebpunimit Tiran\u00eb-Podgoric\u00eb - Lajme nga Ulqini","description":"Kryetari i Bashkis\u00eb s\u00eb Tiran\u00ebs Lulzim Basha priti n\u00eb nj\u00eb takim Presidentin e Malit t\u00eb Zi Filip Vujanovi\u00e7.N\u00eb takim zoti Basha dhe Vujanovi\u00e7 n\u00ebnvizuan","robots":{"index":"index","follow":"follow","max-snippet":"max-snippet:-1","max-image-preview":"max-image-preview:large","max-video-preview":"max-video-preview:-1"},"canonical":"https:\/\/www.visit-ulcinj.com\/blog\/2012\/05\/04\/basha-vujanoviq-rritje-e-bashkepunimit-tirane-podgorice\/","og_locale":"en_US","og_type":"article","og_title":"Basha-Vujanoviq: Rritje e bashk\u00ebpunimit Tiran\u00eb-Podgoric\u00eb - Lajme nga Ulqini","og_description":"Kryetari i Bashkis\u00eb s\u00eb Tiran\u00ebs Lulzim Basha priti n\u00eb nj\u00eb takim Presidentin e Malit t\u00eb Zi Filip Vujanovi\u00e7.N\u00eb takim zoti Basha dhe Vujanovi\u00e7 n\u00ebnvizuan","og_url":"https:\/\/www.visit-ulcinj.com\/blog\/2012\/05\/04\/basha-vujanoviq-rritje-e-bashkepunimit-tirane-podgorice\/","og_site_name":"Lajme nga Ulqini","article_published_time":"2012-05-04T10:07:15+00:00","article_modified_time":"2012-05-04T10:08:46+00:00","twitter_misc":{"Written by":"ulqini","Est. reading time":"2 minutes"},"schema":{"@context":"https:\/\/schema.org","@graph":[{"@type":"WebSite","@id":"https:\/\/www.visit-ulcinj.com\/blog\/#website","url":"https:\/\/www.visit-ulcinj.com\/blog\/","name":"Lajme nga Ulqini","description":"Lajme,Vijesti,Ulqini,Ulqin,Crna Gora,Mali i Zi","potentialAction":[{"@type":"SearchAction","target":{"@type":"EntryPoint","urlTemplate":"https:\/\/www.visit-ulcinj.com\/blog\/?s={search_term_string}"},"query-input":"required name=search_term_string"}],"inLanguage":"en-US"},{"@type":"WebPage","@id":"https:\/\/www.visit-ulcinj.com\/blog\/2012\/05\/04\/basha-vujanoviq-rritje-e-bashkepunimit-tirane-podgorice\/#webpage","url":"https:\/\/www.visit-ulcinj.com\/blog\/2012\/05\/04\/basha-vujanoviq-rritje-e-bashkepunimit-tirane-podgorice\/","name":"Basha-Vujanoviq: Rritje e bashk\u00ebpunimit Tiran\u00eb-Podgoric\u00eb - Lajme nga Ulqini","isPartOf":{"@id":"https:\/\/www.visit-ulcinj.com\/blog\/#website"},"datePublished":"2012-05-04T10:07:15+00:00","dateModified":"2012-05-04T10:08:46+00:00","author":{"@id":"https:\/\/www.visit-ulcinj.com\/blog\/#\/schema\/person\/dcab619c614d3038751c63bc2aadc06d"},"description":"Kryetari i Bashkis\u00eb s\u00eb Tiran\u00ebs Lulzim Basha priti n\u00eb nj\u00eb takim Presidentin e Malit t\u00eb Zi Filip Vujanovi\u00e7.N\u00eb takim zoti Basha dhe Vujanovi\u00e7 n\u00ebnvizuan","breadcrumb":{"@id":"https:\/\/www.visit-ulcinj.com\/blog\/2012\/05\/04\/basha-vujanoviq-rritje-e-bashkepunimit-tirane-podgorice\/#breadcrumb"},"inLanguage":"en-US","potentialAction":[{"@type":"ReadAction","target":["https:\/\/www.visit-ulcinj.com\/blog\/2012\/05\/04\/basha-vujanoviq-rritje-e-bashkepunimit-tirane-podgorice\/"]}]},{"@type":"BreadcrumbList","@id":"https:\/\/www.visit-ulcinj.com\/blog\/2012\/05\/04\/basha-vujanoviq-rritje-e-bashkepunimit-tirane-podgorice\/#breadcrumb","itemListElement":[{"@type":"ListItem","position":1,"name":"Basha-Vujanoviq: Rritje e bashk\u00ebpunimit Tiran\u00eb-Podgoric\u00eb"}]},{"@type":"Person","@id":"https:\/\/www.visit-ulcinj.com\/blog\/#\/schema\/person\/dcab619c614d3038751c63bc2aadc06d","name":"ulqini","sameAs":["http:\/\/www.visit-ulcinj.com"],"url":"https:\/\/www.visit-ulcinj.com\/blog\/author\/admin\/"}]}},"jetpack_featured_media_url":"","jetpack_sharing_enabled":true,"jetpack_shortlink":"https:\/\/wp.me\/pe6lTn-fCE","_links":{"self":[{"href":"https:\/\/www.visit-ulcinj.com\/blog\/wp-json\/wp\/v2\/posts\/60056"}],"collection":[{"href":"https:\/\/www.visit-ulcinj.com\/blog\/wp-json\/wp\/v2\/posts"}],"about":[{"href":"https:\/\/www.visit-ulcinj.com\/blog\/wp-json\/wp\/v2\/types\/post"}],"author":[{"embeddable":true,"href":"https:\/\/www.visit-ulcinj.com\/blog\/wp-json\/wp\/v2\/users\/1"}],"replies":[{"embeddable":true,"href":"https:\/\/www.visit-ulcinj.com\/blog\/wp-json\/wp\/v2\/comments?post=60056"}],"version-history":[{"count":2,"href":"https:\/\/www.visit-ulcinj.com\/blog\/wp-json\/wp\/v2\/posts\/60056\/revisions"}],"predecessor-version":[{"id":60061,"href":"https:\/\/www.visit-ulcinj.com\/blog\/wp-json\/wp\/v2\/posts\/60056\/revisions\/60061"}],"wp:attachment":[{"href":"https:\/\/www.visit-ulcinj.com\/blog\/wp-json\/wp\/v2\/media?parent=60056"}],"wp:term":[{"taxonomy":"category","embeddable":true,"href":"https:\/\/www.visit-ulcinj.com\/blog\/wp-json\/wp\/v2\/categories?post=60056"},{"taxonomy":"post_tag","embeddable":true,"href":"https:\/\/www.visit-ulcinj.com\/blog\/wp-json\/wp\/v2\/tags?post=60056"}],"curies":[{"name":"wp","href":"https:\/\/api.w.org\/{rel}","templated":true}]}}