{"id":60063,"date":"2012-05-04T11:43:43","date_gmt":"2012-05-04T10:43:43","guid":{"rendered":"http:\/\/www.visit-ulcinj.com\/blog\/?p=60063"},"modified":"2012-05-04T11:43:43","modified_gmt":"2012-05-04T10:43:43","slug":"8-medalje-te-arta-per-kk-ulqini","status":"publish","type":"post","link":"https:\/\/www.visit-ulcinj.com\/blog\/2012\/05\/04\/8-medalje-te-arta-per-kk-ulqini\/","title":{"rendered":"8 medalje t\u00eb arta p\u00ebr KK \u201cUlqini\u201d"},"content":{"rendered":"<p><a href=\"http:\/\/www.visit-ulcinj.com\/blog\/wp-content\/uploads\/2012\/05\/KARATE-KLUB-ULQIN-ULCINJ.jpg\"><img loading=\"lazy\" class=\"alignleft  wp-image-60064\" title=\"KARATE KLUB ULQIN - ULCINJ\" src=\"http:\/\/www.visit-ulcinj.com\/blog\/wp-content\/uploads\/2012\/05\/KARATE-KLUB-ULQIN-ULCINJ-1024x1003.jpg\" alt=\"\" width=\"350\" height=\"350\" \/><\/a>T\u00eb diel\u00ebn, m\u00eb 29 prill 2012 n\u00eb Podgoric\u00eb u mbajt Turneu i karates\u00eb \u201cPodgorica Open 2012\u201d. N\u00eb k\u00ebt\u00eb turne mor\u00ebn pjes\u00eb 18 klube me 260 garues nga Mali i Zi.<\/p>\n<p>Garuesit e KK \u201cUlqini\u201d arrit\u00ebn t\u00eb fitojn\u00eb 15 medalje n\u00eb disiplinat ekipore dhe individuale: 8 medalje t\u00eb arta, 5 t\u00eb argjendta dhe 2 t\u00eb bronzta. Gjithsej n\u00eb k\u00ebt\u00eb turne KK \u201cUlqini\u201d arriti t\u00eb mbledh\u00eb 36 pik\u00eb, pasi q\u00eb nj\u00eb medalje e art\u00eb vlen 3 pik\u00eb, e argjendta 2 pik\u00eb dhe e bronzta 1 pik\u00eb.<\/p>\n<p>Nga KK \u201cUlqini\u201d gjasht\u00eb garues u kuror\u00ebzuan me medalje t\u00eb arta n\u00eb luft\u00ebra individuale dhe dy ekipe n\u00eb kata, me medalje t\u00eb argjendta u kuror\u00ebzuan kat\u00ebr garues dhe nj\u00eb ekip n\u00eb luft\u00ebra, si dhe nj\u00eb garues dhe nj\u00eb ekip po ashtu n\u00eb luft\u00ebra u kuror\u00ebzuan me medalje t\u00eb bronzta.<\/p>\n<p>-Nga kjo shihet qart\u00eb q\u00eb rezultati ishte mjaft i mir\u00eb, por se si ndodhi q\u00eb ne nuk u rendit\u00ebm ne mesin e tre m\u00eb t\u00eb mir\u00ebve, kjo \u00ebsht\u00eb e pakuptueshme. Organizatori \u00ebsht\u00eb ai q\u00eb ka vendosur k\u00ebshtu, ndoshta edhe ka gabuar n\u00eb llogaritje, por k\u00ebt\u00eb do t\u2019ia l\u00ebm\u00eb atij. Ne nuk mor\u00ebm pjes\u00eb n\u00eb k\u00ebt\u00eb turne q\u00eb t\u00eb sulmojm\u00eb plasmanin gjeneral, por vet\u00ebm p\u00ebr t\u00eb respektuar ftes\u00ebn, por si zakonisht rezultati nuk ka munguar. T\u00eb theksojm\u00eb edhe faktin se n\u00eb k\u00ebt\u00eb turne u shpall\u00ebn vet\u00ebm tre vendet e para, pra nuk pat shp\u00ebrblime p\u00ebr vendin e kat\u00ebrt dhe t\u00eb pest\u00eb. Shp\u00ebrblimet ishin vet\u00ebm p\u00ebr tre vendet e para. N\u00eb baz\u00eb t\u00eb pik\u00ebve t\u00eb grumbulluara neve nuk na takon vendi i pest\u00eb. E p\u00ebrg\u00ebzojm\u00eb klubin nga Ulqini \u201cChampion\u201d q\u00eb u rendit n\u00eb vendin e tret\u00eb, suksese edhe n\u00eb t\u00eb ardhmnen dhe me ndonj\u00eb vend t\u00eb par\u00eb apo t\u00eb dyt\u00eb n\u00eb plasmanin gjeneral. P\u00ebr ne nuk ka shum\u00eb r\u00ebnd\u00ebsi kush e merr plasmanin gjeneral nga tre klubet nga Ulqini \u2013 r\u00ebnd\u00ebsi ka q\u00eb kupat t\u00eb sillen n\u00eb Ulqin.<\/p>\n<p>Nuk na brengosin shp\u00ebrblimet, sepse ata nuk na kan\u00eb munguar dhe nuk do t\u00eb na mungojn\u00eb. Ne do t\u00eb jemi gjithmon\u00eb nd\u00ebr t\u00eb par\u00ebt pasi q\u00eb kemi fuqin\u00eb garuese, por na brengos\u00eb p\u00ebrkrahja shum\u00eb e vog\u00ebl q\u00eb i b\u00ebhet t\u00eb rinjve tan\u00eb, ambasador\u00ebve t\u00eb v\u00ebrtet\u00eb t\u00eb qytetit ton\u00eb. Na brengos\u00eb edhe fakti q\u00eb n\u00ebse vazhdohet k\u00ebshtu, sporti n\u00eb qytetin ton\u00eb do t\u00eb shkoj\u00eb ka shuarja totale.<\/p>\n<p>&nbsp;<\/p>\n<p>-Klubi yn\u00eb n\u00eb k\u00ebt\u00eb gar\u00eb mori pjes\u00eb me 11garues, t\u00eb cil\u00ebt u paraqit\u00ebn vet\u00ebm n\u00eb luft\u00ebra individuale dhe ekipore dhe 2 ekipe n\u00eb kata dhe t\u00eb gjith\u00eb u kuror\u00ebzuan me medalje.<\/p>\n<p>Me nga disa medalje u kuror\u00ebzuan k\u00ebta garues: Izabella Ivanoviq, Nderim Cuca, Lavdim Tula, Lulzim Suma, Seida Suma, Albion Duraku, Antigona Rama, Hantije Ibro\u00e7i, Radica Dashiq, Dardan Ceka dhe Allmir Hajdari.<\/p>\n<p>&nbsp;<\/p>\n<p><strong>SH\u00cbRBIMI P\u00cbR MARR\u00cbDH\u00cbNIE ME PUBLIKUN I KK <\/strong><strong>&#8220;<\/strong><strong>ULQINI<\/strong><strong>&#8220;<\/strong><\/p>\n","protected":false},"excerpt":{"rendered":"<p>T\u00eb diel\u00ebn, m\u00eb 29 prill 2012 n\u00eb Podgoric\u00eb u mbajt Turneu i karates\u00eb \u201cPodgorica Open 2012\u201d. N\u00eb k\u00ebt\u00eb turne mor\u00ebn pjes\u00eb 18 klube me 260 garues nga Mali i Zi. Garuesit e KK \u201cUlqini\u201d arrit\u00ebn t\u00eb fitojn\u00eb 15 medalje n\u00eb disiplinat ekipore dhe individuale: 8 medalje t\u00eb arta, 5 t\u00eb argjendta dhe 2 t\u00eb bronzta. [&hellip;]<\/p>\n","protected":false},"author":1,"featured_media":0,"comment_status":"open","ping_status":"closed","sticky":false,"template":"","format":"standard","meta":{"spay_email":"","jetpack_publicize_message":"","jetpack_is_tweetstorm":false,"jetpack_publicize_feature_enabled":true},"categories":[3],"tags":[5025,5024],"jetpack_publicize_connections":[],"yoast_head":"<!-- This site is optimized with the Yoast SEO plugin v19.1 - https:\/\/yoast.com\/wordpress\/plugins\/seo\/ -->\n<title>8 medalje t\u00eb arta p\u00ebr KK \u201cUlqini\u201d - Lajme nga Ulqini<\/title>\n<meta name=\"description\" content=\"T\u00eb diel\u00ebn, m\u00eb 29 prill 2012 n\u00eb Podgoric\u00eb u mbajt Turneu i karates\u00eb \u201cPodgorica Open 2012\u201d. N\u00eb k\u00ebt\u00eb turne mor\u00ebn pjes\u00eb 18 klube me 260 garues nga Mali i Zi.\" \/>\n<meta name=\"robots\" content=\"index, follow, max-snippet:-1, max-image-preview:large, max-video-preview:-1\" \/>\n<link rel=\"canonical\" href=\"https:\/\/www.visit-ulcinj.com\/blog\/2012\/05\/04\/8-medalje-te-arta-per-kk-ulqini\/\" \/>\n<meta property=\"og:locale\" content=\"en_US\" \/>\n<meta property=\"og:type\" content=\"article\" \/>\n<meta property=\"og:title\" content=\"8 medalje t\u00eb arta p\u00ebr KK \u201cUlqini\u201d - Lajme nga Ulqini\" \/>\n<meta property=\"og:description\" content=\"T\u00eb diel\u00ebn, m\u00eb 29 prill 2012 n\u00eb Podgoric\u00eb u mbajt Turneu i karates\u00eb \u201cPodgorica Open 2012\u201d. N\u00eb k\u00ebt\u00eb turne mor\u00ebn pjes\u00eb 18 klube me 260 garues nga Mali i Zi.\" \/>\n<meta property=\"og:url\" content=\"https:\/\/www.visit-ulcinj.com\/blog\/2012\/05\/04\/8-medalje-te-arta-per-kk-ulqini\/\" \/>\n<meta property=\"og:site_name\" content=\"Lajme nga Ulqini\" \/>\n<meta property=\"article:published_time\" content=\"2012-05-04T10:43:43+00:00\" \/>\n<meta property=\"og:image\" content=\"http:\/\/www.visit-ulcinj.com\/blog\/wp-content\/uploads\/2012\/05\/KARATE-KLUB-ULQIN-ULCINJ-1024x1003.jpg\" \/>\n<meta name=\"twitter:label1\" content=\"Written by\" \/>\n\t<meta name=\"twitter:data1\" content=\"ulqini\" \/>\n\t<meta name=\"twitter:label2\" content=\"Est. reading time\" \/>\n\t<meta name=\"twitter:data2\" content=\"2 minutes\" \/>\n<script type=\"application\/ld+json\" class=\"yoast-schema-graph\">{\"@context\":\"https:\/\/schema.org\",\"@graph\":[{\"@type\":\"WebSite\",\"@id\":\"https:\/\/www.visit-ulcinj.com\/blog\/#website\",\"url\":\"https:\/\/www.visit-ulcinj.com\/blog\/\",\"name\":\"Lajme nga Ulqini\",\"description\":\"Lajme,Vijesti,Ulqini,Ulqin,Crna Gora,Mali i Zi\",\"potentialAction\":[{\"@type\":\"SearchAction\",\"target\":{\"@type\":\"EntryPoint\",\"urlTemplate\":\"https:\/\/www.visit-ulcinj.com\/blog\/?s={search_term_string}\"},\"query-input\":\"required name=search_term_string\"}],\"inLanguage\":\"en-US\"},{\"@type\":\"ImageObject\",\"inLanguage\":\"en-US\",\"@id\":\"https:\/\/www.visit-ulcinj.com\/blog\/2012\/05\/04\/8-medalje-te-arta-per-kk-ulqini\/#primaryimage\",\"url\":\"https:\/\/www.visit-ulcinj.com\/blog\/wp-content\/uploads\/2012\/05\/KARATE-KLUB-ULQIN-ULCINJ.jpg\",\"contentUrl\":\"https:\/\/www.visit-ulcinj.com\/blog\/wp-content\/uploads\/2012\/05\/KARATE-KLUB-ULQIN-ULCINJ.jpg\",\"width\":\"1761\",\"height\":\"1726\"},{\"@type\":\"WebPage\",\"@id\":\"https:\/\/www.visit-ulcinj.com\/blog\/2012\/05\/04\/8-medalje-te-arta-per-kk-ulqini\/#webpage\",\"url\":\"https:\/\/www.visit-ulcinj.com\/blog\/2012\/05\/04\/8-medalje-te-arta-per-kk-ulqini\/\",\"name\":\"8 medalje t\u00eb arta p\u00ebr KK \u201cUlqini\u201d - Lajme nga Ulqini\",\"isPartOf\":{\"@id\":\"https:\/\/www.visit-ulcinj.com\/blog\/#website\"},\"primaryImageOfPage\":{\"@id\":\"https:\/\/www.visit-ulcinj.com\/blog\/2012\/05\/04\/8-medalje-te-arta-per-kk-ulqini\/#primaryimage\"},\"datePublished\":\"2012-05-04T10:43:43+00:00\",\"dateModified\":\"2012-05-04T10:43:43+00:00\",\"author\":{\"@id\":\"https:\/\/www.visit-ulcinj.com\/blog\/#\/schema\/person\/dcab619c614d3038751c63bc2aadc06d\"},\"description\":\"T\u00eb diel\u00ebn, m\u00eb 29 prill 2012 n\u00eb Podgoric\u00eb u mbajt Turneu i karates\u00eb \u201cPodgorica Open 2012\u201d. N\u00eb k\u00ebt\u00eb turne mor\u00ebn pjes\u00eb 18 klube me 260 garues nga Mali i Zi.\",\"breadcrumb\":{\"@id\":\"https:\/\/www.visit-ulcinj.com\/blog\/2012\/05\/04\/8-medalje-te-arta-per-kk-ulqini\/#breadcrumb\"},\"inLanguage\":\"en-US\",\"potentialAction\":[{\"@type\":\"ReadAction\",\"target\":[\"https:\/\/www.visit-ulcinj.com\/blog\/2012\/05\/04\/8-medalje-te-arta-per-kk-ulqini\/\"]}]},{\"@type\":\"BreadcrumbList\",\"@id\":\"https:\/\/www.visit-ulcinj.com\/blog\/2012\/05\/04\/8-medalje-te-arta-per-kk-ulqini\/#breadcrumb\",\"itemListElement\":[{\"@type\":\"ListItem\",\"position\":1,\"name\":\"8 medalje t\u00eb arta p\u00ebr KK \u201cUlqini\u201d\"}]},{\"@type\":\"Person\",\"@id\":\"https:\/\/www.visit-ulcinj.com\/blog\/#\/schema\/person\/dcab619c614d3038751c63bc2aadc06d\",\"name\":\"ulqini\",\"sameAs\":[\"http:\/\/www.visit-ulcinj.com\"],\"url\":\"https:\/\/www.visit-ulcinj.com\/blog\/author\/admin\/\"}]}<\/script>\n<!-- \/ Yoast SEO plugin. -->","yoast_head_json":{"title":"8 medalje t\u00eb arta p\u00ebr KK \u201cUlqini\u201d - Lajme nga Ulqini","description":"T\u00eb diel\u00ebn, m\u00eb 29 prill 2012 n\u00eb Podgoric\u00eb u mbajt Turneu i karates\u00eb \u201cPodgorica Open 2012\u201d. N\u00eb k\u00ebt\u00eb turne mor\u00ebn pjes\u00eb 18 klube me 260 garues nga Mali i Zi.","robots":{"index":"index","follow":"follow","max-snippet":"max-snippet:-1","max-image-preview":"max-image-preview:large","max-video-preview":"max-video-preview:-1"},"canonical":"https:\/\/www.visit-ulcinj.com\/blog\/2012\/05\/04\/8-medalje-te-arta-per-kk-ulqini\/","og_locale":"en_US","og_type":"article","og_title":"8 medalje t\u00eb arta p\u00ebr KK \u201cUlqini\u201d - Lajme nga Ulqini","og_description":"T\u00eb diel\u00ebn, m\u00eb 29 prill 2012 n\u00eb Podgoric\u00eb u mbajt Turneu i karates\u00eb \u201cPodgorica Open 2012\u201d. N\u00eb k\u00ebt\u00eb turne mor\u00ebn pjes\u00eb 18 klube me 260 garues nga Mali i Zi.","og_url":"https:\/\/www.visit-ulcinj.com\/blog\/2012\/05\/04\/8-medalje-te-arta-per-kk-ulqini\/","og_site_name":"Lajme nga Ulqini","article_published_time":"2012-05-04T10:43:43+00:00","og_image":[{"url":"http:\/\/www.visit-ulcinj.com\/blog\/wp-content\/uploads\/2012\/05\/KARATE-KLUB-ULQIN-ULCINJ-1024x1003.jpg"}],"twitter_misc":{"Written by":"ulqini","Est. reading time":"2 minutes"},"schema":{"@context":"https:\/\/schema.org","@graph":[{"@type":"WebSite","@id":"https:\/\/www.visit-ulcinj.com\/blog\/#website","url":"https:\/\/www.visit-ulcinj.com\/blog\/","name":"Lajme nga Ulqini","description":"Lajme,Vijesti,Ulqini,Ulqin,Crna Gora,Mali i Zi","potentialAction":[{"@type":"SearchAction","target":{"@type":"EntryPoint","urlTemplate":"https:\/\/www.visit-ulcinj.com\/blog\/?s={search_term_string}"},"query-input":"required name=search_term_string"}],"inLanguage":"en-US"},{"@type":"ImageObject","inLanguage":"en-US","@id":"https:\/\/www.visit-ulcinj.com\/blog\/2012\/05\/04\/8-medalje-te-arta-per-kk-ulqini\/#primaryimage","url":"https:\/\/www.visit-ulcinj.com\/blog\/wp-content\/uploads\/2012\/05\/KARATE-KLUB-ULQIN-ULCINJ.jpg","contentUrl":"https:\/\/www.visit-ulcinj.com\/blog\/wp-content\/uploads\/2012\/05\/KARATE-KLUB-ULQIN-ULCINJ.jpg","width":"1761","height":"1726"},{"@type":"WebPage","@id":"https:\/\/www.visit-ulcinj.com\/blog\/2012\/05\/04\/8-medalje-te-arta-per-kk-ulqini\/#webpage","url":"https:\/\/www.visit-ulcinj.com\/blog\/2012\/05\/04\/8-medalje-te-arta-per-kk-ulqini\/","name":"8 medalje t\u00eb arta p\u00ebr KK \u201cUlqini\u201d - Lajme nga Ulqini","isPartOf":{"@id":"https:\/\/www.visit-ulcinj.com\/blog\/#website"},"primaryImageOfPage":{"@id":"https:\/\/www.visit-ulcinj.com\/blog\/2012\/05\/04\/8-medalje-te-arta-per-kk-ulqini\/#primaryimage"},"datePublished":"2012-05-04T10:43:43+00:00","dateModified":"2012-05-04T10:43:43+00:00","author":{"@id":"https:\/\/www.visit-ulcinj.com\/blog\/#\/schema\/person\/dcab619c614d3038751c63bc2aadc06d"},"description":"T\u00eb diel\u00ebn, m\u00eb 29 prill 2012 n\u00eb Podgoric\u00eb u mbajt Turneu i karates\u00eb \u201cPodgorica Open 2012\u201d. N\u00eb k\u00ebt\u00eb turne mor\u00ebn pjes\u00eb 18 klube me 260 garues nga Mali i Zi.","breadcrumb":{"@id":"https:\/\/www.visit-ulcinj.com\/blog\/2012\/05\/04\/8-medalje-te-arta-per-kk-ulqini\/#breadcrumb"},"inLanguage":"en-US","potentialAction":[{"@type":"ReadAction","target":["https:\/\/www.visit-ulcinj.com\/blog\/2012\/05\/04\/8-medalje-te-arta-per-kk-ulqini\/"]}]},{"@type":"BreadcrumbList","@id":"https:\/\/www.visit-ulcinj.com\/blog\/2012\/05\/04\/8-medalje-te-arta-per-kk-ulqini\/#breadcrumb","itemListElement":[{"@type":"ListItem","position":1,"name":"8 medalje t\u00eb arta p\u00ebr KK \u201cUlqini\u201d"}]},{"@type":"Person","@id":"https:\/\/www.visit-ulcinj.com\/blog\/#\/schema\/person\/dcab619c614d3038751c63bc2aadc06d","name":"ulqini","sameAs":["http:\/\/www.visit-ulcinj.com"],"url":"https:\/\/www.visit-ulcinj.com\/blog\/author\/admin\/"}]}},"jetpack_featured_media_url":"","jetpack_sharing_enabled":true,"jetpack_shortlink":"https:\/\/wp.me\/pe6lTn-fCL","_links":{"self":[{"href":"https:\/\/www.visit-ulcinj.com\/blog\/wp-json\/wp\/v2\/posts\/60063"}],"collection":[{"href":"https:\/\/www.visit-ulcinj.com\/blog\/wp-json\/wp\/v2\/posts"}],"about":[{"href":"https:\/\/www.visit-ulcinj.com\/blog\/wp-json\/wp\/v2\/types\/post"}],"author":[{"embeddable":true,"href":"https:\/\/www.visit-ulcinj.com\/blog\/wp-json\/wp\/v2\/users\/1"}],"replies":[{"embeddable":true,"href":"https:\/\/www.visit-ulcinj.com\/blog\/wp-json\/wp\/v2\/comments?post=60063"}],"version-history":[{"count":1,"href":"https:\/\/www.visit-ulcinj.com\/blog\/wp-json\/wp\/v2\/posts\/60063\/revisions"}],"predecessor-version":[{"id":60065,"href":"https:\/\/www.visit-ulcinj.com\/blog\/wp-json\/wp\/v2\/posts\/60063\/revisions\/60065"}],"wp:attachment":[{"href":"https:\/\/www.visit-ulcinj.com\/blog\/wp-json\/wp\/v2\/media?parent=60063"}],"wp:term":[{"taxonomy":"category","embeddable":true,"href":"https:\/\/www.visit-ulcinj.com\/blog\/wp-json\/wp\/v2\/categories?post=60063"},{"taxonomy":"post_tag","embeddable":true,"href":"https:\/\/www.visit-ulcinj.com\/blog\/wp-json\/wp\/v2\/tags?post=60063"}],"curies":[{"name":"wp","href":"https:\/\/api.w.org\/{rel}","templated":true}]}}