{"id":60067,"date":"2012-05-04T11:58:53","date_gmt":"2012-05-04T10:58:53","guid":{"rendered":"http:\/\/www.visit-ulcinj.com\/blog\/?p=60067"},"modified":"2012-05-04T12:00:43","modified_gmt":"2012-05-04T11:00:43","slug":"rita-ora-me-26-maj-ne-rinora-4-ne-zvicer","status":"publish","type":"post","link":"https:\/\/www.visit-ulcinj.com\/blog\/2012\/05\/04\/rita-ora-me-26-maj-ne-rinora-4-ne-zvicer\/","title":{"rendered":"Rita Ora m\u00eb 26 maj n\u00eb \u2018Rinora 4\u2019, n\u00eb Zvic\u00ebr"},"content":{"rendered":"<p>Rita Ora \u00ebsht\u00eb ftuar t\u00eb mbaj\u00eb koncert m\u00eb 26 maj n\u00eb diskotek\u00ebn Rinora 4 n\u00eb Zvic\u00ebr, shkruajn\u00eb mediat zvicerane.<br \/>\n<a href=\"http:\/\/www.visit-ulcinj.com\/blog\/wp-content\/uploads\/2012\/05\/Rita-Ora-ne-rinora-ne-zvicer.jpg\"><img loading=\"lazy\" class=\"alignleft  wp-image-60068\" title=\"Rita Ora ne rinora ne zvicer\" src=\"http:\/\/www.visit-ulcinj.com\/blog\/wp-content\/uploads\/2012\/05\/Rita-Ora-ne-rinora-ne-zvicer.jpg\" alt=\"\" width=\"508\" height=\"600\" \/><\/a><\/p>\n<p>P\u00ebrve\u00e7 p\u00ebrformanc\u00ebs s\u00eb saj n\u00eb \u2018Rinora 4\u2019, k\u00ebng\u00ebtarja po m\u00eb 26 maj do t\u00eb jet\u00eb e ftuar edhe n\u00eb koncertin e grupit Coldplay, i cili do t\u00eb mbahet n\u00eb Cyrih t\u00eb Zvicr\u00ebs.<\/p>\n<p>&nbsp;<\/p>\n<p>Rita Ora s\u00eb fundmi realizoi k\u00ebng\u00ebn \u201cParty and bullshit\u201d, e cila \u00ebsht\u00eb pritur mjaft mir\u00eb.<\/p>\n<!--YouTube Error: bad URL entered-->\n","protected":false},"excerpt":{"rendered":"<p>Rita Ora \u00ebsht\u00eb ftuar t\u00eb mbaj\u00eb koncert m\u00eb 26 maj n\u00eb diskotek\u00ebn Rinora 4 n\u00eb Zvic\u00ebr, shkruajn\u00eb mediat zvicerane. P\u00ebrve\u00e7 p\u00ebrformanc\u00ebs s\u00eb saj n\u00eb \u2018Rinora 4\u2019, k\u00ebng\u00ebtarja po m\u00eb 26 maj do t\u00eb jet\u00eb e ftuar edhe n\u00eb koncertin e grupit Coldplay, i cili do t\u00eb mbahet n\u00eb Cyrih t\u00eb Zvicr\u00ebs. &nbsp; Rita Ora s\u00eb [&hellip;]<\/p>\n","protected":false},"author":1,"featured_media":0,"comment_status":"open","ping_status":"closed","sticky":false,"template":"","format":"standard","meta":{"spay_email":"","jetpack_publicize_message":"","jetpack_is_tweetstorm":false,"jetpack_publicize_feature_enabled":true},"categories":[1],"tags":[13349],"jetpack_publicize_connections":[],"yoast_head":"<!-- This site is optimized with the Yoast SEO plugin v19.1 - https:\/\/yoast.com\/wordpress\/plugins\/seo\/ -->\n<title>Rita Ora m\u00eb 26 maj n\u00eb \u2018Rinora 4\u2019, n\u00eb Zvic\u00ebr - Lajme nga Ulqini<\/title>\n<meta name=\"description\" content=\"Rita Ora \u00ebsht\u00eb ftuar t\u00eb mbaj\u00eb koncert m\u00eb 26 maj n\u00eb diskotek\u00ebn Rinora 4 n\u00eb Zvic\u00ebr, shkruajn\u00eb mediat zvicerane. P\u00ebrve\u00e7 p\u00ebrformanc\u00ebs s\u00eb saj n\u00eb \u2018Rinora 4\u2019,\" \/>\n<meta name=\"robots\" content=\"index, follow, max-snippet:-1, max-image-preview:large, max-video-preview:-1\" \/>\n<link rel=\"canonical\" href=\"https:\/\/www.visit-ulcinj.com\/blog\/2012\/05\/04\/rita-ora-me-26-maj-ne-rinora-4-ne-zvicer\/\" \/>\n<meta property=\"og:locale\" content=\"en_US\" \/>\n<meta property=\"og:type\" content=\"article\" \/>\n<meta property=\"og:title\" content=\"Rita Ora m\u00eb 26 maj n\u00eb \u2018Rinora 4\u2019, n\u00eb Zvic\u00ebr - Lajme nga Ulqini\" \/>\n<meta property=\"og:description\" content=\"Rita Ora \u00ebsht\u00eb ftuar t\u00eb mbaj\u00eb koncert m\u00eb 26 maj n\u00eb diskotek\u00ebn Rinora 4 n\u00eb Zvic\u00ebr, shkruajn\u00eb mediat zvicerane. P\u00ebrve\u00e7 p\u00ebrformanc\u00ebs s\u00eb saj n\u00eb \u2018Rinora 4\u2019,\" \/>\n<meta property=\"og:url\" content=\"https:\/\/www.visit-ulcinj.com\/blog\/2012\/05\/04\/rita-ora-me-26-maj-ne-rinora-4-ne-zvicer\/\" \/>\n<meta property=\"og:site_name\" content=\"Lajme nga Ulqini\" \/>\n<meta property=\"article:published_time\" content=\"2012-05-04T10:58:53+00:00\" \/>\n<meta property=\"article:modified_time\" content=\"2012-05-04T11:00:43+00:00\" \/>\n<meta property=\"og:image\" content=\"http:\/\/www.visit-ulcinj.com\/blog\/wp-content\/uploads\/2012\/05\/Rita-Ora-ne-rinora-ne-zvicer.jpg\" \/>\n<meta name=\"twitter:label1\" content=\"Written by\" \/>\n\t<meta name=\"twitter:data1\" content=\"ulqini\" \/>\n<script type=\"application\/ld+json\" class=\"yoast-schema-graph\">{\"@context\":\"https:\/\/schema.org\",\"@graph\":[{\"@type\":\"WebSite\",\"@id\":\"https:\/\/www.visit-ulcinj.com\/blog\/#website\",\"url\":\"https:\/\/www.visit-ulcinj.com\/blog\/\",\"name\":\"Lajme nga Ulqini\",\"description\":\"Lajme,Vijesti,Ulqini,Ulqin,Crna Gora,Mali i Zi\",\"potentialAction\":[{\"@type\":\"SearchAction\",\"target\":{\"@type\":\"EntryPoint\",\"urlTemplate\":\"https:\/\/www.visit-ulcinj.com\/blog\/?s={search_term_string}\"},\"query-input\":\"required name=search_term_string\"}],\"inLanguage\":\"en-US\"},{\"@type\":\"ImageObject\",\"inLanguage\":\"en-US\",\"@id\":\"https:\/\/www.visit-ulcinj.com\/blog\/2012\/05\/04\/rita-ora-me-26-maj-ne-rinora-4-ne-zvicer\/#primaryimage\",\"url\":\"http:\/\/www.visit-ulcinj.com\/blog\/wp-content\/uploads\/2012\/05\/Rita-Ora-ne-rinora-ne-zvicer.jpg\",\"contentUrl\":\"http:\/\/www.visit-ulcinj.com\/blog\/wp-content\/uploads\/2012\/05\/Rita-Ora-ne-rinora-ne-zvicer.jpg\"},{\"@type\":\"WebPage\",\"@id\":\"https:\/\/www.visit-ulcinj.com\/blog\/2012\/05\/04\/rita-ora-me-26-maj-ne-rinora-4-ne-zvicer\/#webpage\",\"url\":\"https:\/\/www.visit-ulcinj.com\/blog\/2012\/05\/04\/rita-ora-me-26-maj-ne-rinora-4-ne-zvicer\/\",\"name\":\"Rita Ora m\u00eb 26 maj n\u00eb \u2018Rinora 4\u2019, n\u00eb Zvic\u00ebr - Lajme nga Ulqini\",\"isPartOf\":{\"@id\":\"https:\/\/www.visit-ulcinj.com\/blog\/#website\"},\"primaryImageOfPage\":{\"@id\":\"https:\/\/www.visit-ulcinj.com\/blog\/2012\/05\/04\/rita-ora-me-26-maj-ne-rinora-4-ne-zvicer\/#primaryimage\"},\"datePublished\":\"2012-05-04T10:58:53+00:00\",\"dateModified\":\"2012-05-04T11:00:43+00:00\",\"author\":{\"@id\":\"https:\/\/www.visit-ulcinj.com\/blog\/#\/schema\/person\/dcab619c614d3038751c63bc2aadc06d\"},\"description\":\"Rita Ora \u00ebsht\u00eb ftuar t\u00eb mbaj\u00eb koncert m\u00eb 26 maj n\u00eb diskotek\u00ebn Rinora 4 n\u00eb Zvic\u00ebr, shkruajn\u00eb mediat zvicerane. P\u00ebrve\u00e7 p\u00ebrformanc\u00ebs s\u00eb saj n\u00eb \u2018Rinora 4\u2019,\",\"breadcrumb\":{\"@id\":\"https:\/\/www.visit-ulcinj.com\/blog\/2012\/05\/04\/rita-ora-me-26-maj-ne-rinora-4-ne-zvicer\/#breadcrumb\"},\"inLanguage\":\"en-US\",\"potentialAction\":[{\"@type\":\"ReadAction\",\"target\":[\"https:\/\/www.visit-ulcinj.com\/blog\/2012\/05\/04\/rita-ora-me-26-maj-ne-rinora-4-ne-zvicer\/\"]}]},{\"@type\":\"BreadcrumbList\",\"@id\":\"https:\/\/www.visit-ulcinj.com\/blog\/2012\/05\/04\/rita-ora-me-26-maj-ne-rinora-4-ne-zvicer\/#breadcrumb\",\"itemListElement\":[{\"@type\":\"ListItem\",\"position\":1,\"name\":\"Rita Ora m\u00eb 26 maj n\u00eb \u2018Rinora 4\u2019, n\u00eb Zvic\u00ebr\"}]},{\"@type\":\"Person\",\"@id\":\"https:\/\/www.visit-ulcinj.com\/blog\/#\/schema\/person\/dcab619c614d3038751c63bc2aadc06d\",\"name\":\"ulqini\",\"sameAs\":[\"http:\/\/www.visit-ulcinj.com\"],\"url\":\"https:\/\/www.visit-ulcinj.com\/blog\/author\/admin\/\"}]}<\/script>\n<!-- \/ Yoast SEO plugin. -->","yoast_head_json":{"title":"Rita Ora m\u00eb 26 maj n\u00eb \u2018Rinora 4\u2019, n\u00eb Zvic\u00ebr - Lajme nga Ulqini","description":"Rita Ora \u00ebsht\u00eb ftuar t\u00eb mbaj\u00eb koncert m\u00eb 26 maj n\u00eb diskotek\u00ebn Rinora 4 n\u00eb Zvic\u00ebr, shkruajn\u00eb mediat zvicerane. P\u00ebrve\u00e7 p\u00ebrformanc\u00ebs s\u00eb saj n\u00eb \u2018Rinora 4\u2019,","robots":{"index":"index","follow":"follow","max-snippet":"max-snippet:-1","max-image-preview":"max-image-preview:large","max-video-preview":"max-video-preview:-1"},"canonical":"https:\/\/www.visit-ulcinj.com\/blog\/2012\/05\/04\/rita-ora-me-26-maj-ne-rinora-4-ne-zvicer\/","og_locale":"en_US","og_type":"article","og_title":"Rita Ora m\u00eb 26 maj n\u00eb \u2018Rinora 4\u2019, n\u00eb Zvic\u00ebr - Lajme nga Ulqini","og_description":"Rita Ora \u00ebsht\u00eb ftuar t\u00eb mbaj\u00eb koncert m\u00eb 26 maj n\u00eb diskotek\u00ebn Rinora 4 n\u00eb Zvic\u00ebr, shkruajn\u00eb mediat zvicerane. P\u00ebrve\u00e7 p\u00ebrformanc\u00ebs s\u00eb saj n\u00eb \u2018Rinora 4\u2019,","og_url":"https:\/\/www.visit-ulcinj.com\/blog\/2012\/05\/04\/rita-ora-me-26-maj-ne-rinora-4-ne-zvicer\/","og_site_name":"Lajme nga Ulqini","article_published_time":"2012-05-04T10:58:53+00:00","article_modified_time":"2012-05-04T11:00:43+00:00","og_image":[{"url":"http:\/\/www.visit-ulcinj.com\/blog\/wp-content\/uploads\/2012\/05\/Rita-Ora-ne-rinora-ne-zvicer.jpg"}],"twitter_misc":{"Written by":"ulqini"},"schema":{"@context":"https:\/\/schema.org","@graph":[{"@type":"WebSite","@id":"https:\/\/www.visit-ulcinj.com\/blog\/#website","url":"https:\/\/www.visit-ulcinj.com\/blog\/","name":"Lajme nga Ulqini","description":"Lajme,Vijesti,Ulqini,Ulqin,Crna Gora,Mali i Zi","potentialAction":[{"@type":"SearchAction","target":{"@type":"EntryPoint","urlTemplate":"https:\/\/www.visit-ulcinj.com\/blog\/?s={search_term_string}"},"query-input":"required name=search_term_string"}],"inLanguage":"en-US"},{"@type":"ImageObject","inLanguage":"en-US","@id":"https:\/\/www.visit-ulcinj.com\/blog\/2012\/05\/04\/rita-ora-me-26-maj-ne-rinora-4-ne-zvicer\/#primaryimage","url":"http:\/\/www.visit-ulcinj.com\/blog\/wp-content\/uploads\/2012\/05\/Rita-Ora-ne-rinora-ne-zvicer.jpg","contentUrl":"http:\/\/www.visit-ulcinj.com\/blog\/wp-content\/uploads\/2012\/05\/Rita-Ora-ne-rinora-ne-zvicer.jpg"},{"@type":"WebPage","@id":"https:\/\/www.visit-ulcinj.com\/blog\/2012\/05\/04\/rita-ora-me-26-maj-ne-rinora-4-ne-zvicer\/#webpage","url":"https:\/\/www.visit-ulcinj.com\/blog\/2012\/05\/04\/rita-ora-me-26-maj-ne-rinora-4-ne-zvicer\/","name":"Rita Ora m\u00eb 26 maj n\u00eb \u2018Rinora 4\u2019, n\u00eb Zvic\u00ebr - Lajme nga Ulqini","isPartOf":{"@id":"https:\/\/www.visit-ulcinj.com\/blog\/#website"},"primaryImageOfPage":{"@id":"https:\/\/www.visit-ulcinj.com\/blog\/2012\/05\/04\/rita-ora-me-26-maj-ne-rinora-4-ne-zvicer\/#primaryimage"},"datePublished":"2012-05-04T10:58:53+00:00","dateModified":"2012-05-04T11:00:43+00:00","author":{"@id":"https:\/\/www.visit-ulcinj.com\/blog\/#\/schema\/person\/dcab619c614d3038751c63bc2aadc06d"},"description":"Rita Ora \u00ebsht\u00eb ftuar t\u00eb mbaj\u00eb koncert m\u00eb 26 maj n\u00eb diskotek\u00ebn Rinora 4 n\u00eb Zvic\u00ebr, shkruajn\u00eb mediat zvicerane. P\u00ebrve\u00e7 p\u00ebrformanc\u00ebs s\u00eb saj n\u00eb \u2018Rinora 4\u2019,","breadcrumb":{"@id":"https:\/\/www.visit-ulcinj.com\/blog\/2012\/05\/04\/rita-ora-me-26-maj-ne-rinora-4-ne-zvicer\/#breadcrumb"},"inLanguage":"en-US","potentialAction":[{"@type":"ReadAction","target":["https:\/\/www.visit-ulcinj.com\/blog\/2012\/05\/04\/rita-ora-me-26-maj-ne-rinora-4-ne-zvicer\/"]}]},{"@type":"BreadcrumbList","@id":"https:\/\/www.visit-ulcinj.com\/blog\/2012\/05\/04\/rita-ora-me-26-maj-ne-rinora-4-ne-zvicer\/#breadcrumb","itemListElement":[{"@type":"ListItem","position":1,"name":"Rita Ora m\u00eb 26 maj n\u00eb \u2018Rinora 4\u2019, n\u00eb Zvic\u00ebr"}]},{"@type":"Person","@id":"https:\/\/www.visit-ulcinj.com\/blog\/#\/schema\/person\/dcab619c614d3038751c63bc2aadc06d","name":"ulqini","sameAs":["http:\/\/www.visit-ulcinj.com"],"url":"https:\/\/www.visit-ulcinj.com\/blog\/author\/admin\/"}]}},"jetpack_featured_media_url":"","jetpack_sharing_enabled":true,"jetpack_shortlink":"https:\/\/wp.me\/pe6lTn-fCP","_links":{"self":[{"href":"https:\/\/www.visit-ulcinj.com\/blog\/wp-json\/wp\/v2\/posts\/60067"}],"collection":[{"href":"https:\/\/www.visit-ulcinj.com\/blog\/wp-json\/wp\/v2\/posts"}],"about":[{"href":"https:\/\/www.visit-ulcinj.com\/blog\/wp-json\/wp\/v2\/types\/post"}],"author":[{"embeddable":true,"href":"https:\/\/www.visit-ulcinj.com\/blog\/wp-json\/wp\/v2\/users\/1"}],"replies":[{"embeddable":true,"href":"https:\/\/www.visit-ulcinj.com\/blog\/wp-json\/wp\/v2\/comments?post=60067"}],"version-history":[{"count":3,"href":"https:\/\/www.visit-ulcinj.com\/blog\/wp-json\/wp\/v2\/posts\/60067\/revisions"}],"predecessor-version":[{"id":60070,"href":"https:\/\/www.visit-ulcinj.com\/blog\/wp-json\/wp\/v2\/posts\/60067\/revisions\/60070"}],"wp:attachment":[{"href":"https:\/\/www.visit-ulcinj.com\/blog\/wp-json\/wp\/v2\/media?parent=60067"}],"wp:term":[{"taxonomy":"category","embeddable":true,"href":"https:\/\/www.visit-ulcinj.com\/blog\/wp-json\/wp\/v2\/categories?post=60067"},{"taxonomy":"post_tag","embeddable":true,"href":"https:\/\/www.visit-ulcinj.com\/blog\/wp-json\/wp\/v2\/tags?post=60067"}],"curies":[{"name":"wp","href":"https:\/\/api.w.org\/{rel}","templated":true}]}}