{"id":60089,"date":"2012-05-04T13:04:19","date_gmt":"2012-05-04T12:04:19","guid":{"rendered":"http:\/\/www.visit-ulcinj.com\/blog\/?p=60089"},"modified":"2012-05-04T13:04:19","modified_gmt":"2012-05-04T12:04:19","slug":"fjolla-morina-seksi-dhe-me-nje-balade-te-bukur","status":"publish","type":"post","link":"https:\/\/www.visit-ulcinj.com\/blog\/2012\/05\/04\/fjolla-morina-seksi-dhe-me-nje-balade-te-bukur\/","title":{"rendered":"Fjolla Morina seksi dhe me nje balade te bukur"},"content":{"rendered":"<p>\u201cE di , do kaloj\u201d k\u00ebshtu titullohet k\u00ebnga m\u00eb e re e bukuroshes Fjolla Morina, e cila k\u00ebt\u00eb vit konkuron n\u00eb\u00a0 festivalin \u201cCel\u00ebsi Muzikor 6\u201d.<br \/>\n<a href=\"http:\/\/www.visit-ulcinj.com\/blog\/wp-content\/uploads\/2012\/05\/Fjolla-Morina.jpg\"><img loading=\"lazy\" class=\"alignleft  wp-image-60091\" title=\"Fjolla Morina\" src=\"http:\/\/www.visit-ulcinj.com\/blog\/wp-content\/uploads\/2012\/05\/Fjolla-Morina.jpg\" alt=\"\" width=\"508\" height=\"600\" \/><\/a><br \/>\nTeksti i k\u00ebng\u00ebs \u00ebsht\u00eb shkruar nga mikja e saj Rozana Radi, nd\u00ebrsa muzika dhe orkestrimi \u00ebsht\u00eb realizuar nga Chipsi dhe ku vjen nj\u00eb melodi e bukur dhe nj\u00eb balad\u00eb e \u00ebmb\u00ebl. Fjolla n\u00eb k\u00ebt\u00eb nat\u00eb garuese ishte veshur me t\u00eb kuqe dhe dukej v\u00ebrtet\u00eb bukur n\u00eb l\u00ebvizjet e saja duke iu p\u00ebrshtatur k\u00ebng\u00ebs.<\/p>\n<p>T\u00eb gjith\u00eb fansat e saj do t\u00eb ken\u00eb mund\u00ebsi jo vet\u00ebm ta shohin konkurimin e saj, por edhe ta votojn\u00eb duke i dh\u00ebn\u00eb mund\u00ebsi k\u00ebng\u00ebtares t\u00eb jet\u00eb n\u00eb nat\u00ebn finale e cila do t\u00eb mbahet m\u00eb 30 Maj.\/Albavipnews\/<\/p>\n<!--YouTube Error: bad URL entered-->\n","protected":false},"excerpt":{"rendered":"<p>\u201cE di , do kaloj\u201d k\u00ebshtu titullohet k\u00ebnga m\u00eb e re e bukuroshes Fjolla Morina, e cila k\u00ebt\u00eb vit konkuron n\u00eb\u00a0 festivalin \u201cCel\u00ebsi Muzikor 6\u201d. Teksti i k\u00ebng\u00ebs \u00ebsht\u00eb shkruar nga mikja e saj Rozana Radi, nd\u00ebrsa muzika dhe orkestrimi \u00ebsht\u00eb realizuar nga Chipsi dhe ku vjen nj\u00eb melodi e bukur dhe nj\u00eb balad\u00eb e [&hellip;]<\/p>\n","protected":false},"author":1,"featured_media":0,"comment_status":"open","ping_status":"closed","sticky":false,"template":"","format":"standard","meta":{"spay_email":"","jetpack_publicize_message":"","jetpack_is_tweetstorm":false,"jetpack_publicize_feature_enabled":true},"categories":[1],"tags":[15948],"jetpack_publicize_connections":[],"yoast_head":"<!-- This site is optimized with the Yoast SEO plugin v19.1 - https:\/\/yoast.com\/wordpress\/plugins\/seo\/ -->\n<title>Fjolla Morina seksi dhe me nje balade te bukur - Lajme nga Ulqini<\/title>\n<meta name=\"description\" content=\"\u201cE di , do kaloj\u201d k\u00ebshtu titullohet k\u00ebnga m\u00eb e re e bukuroshes Fjolla Morina, e cila k\u00ebt\u00eb vit konkuron n\u00eb\u00a0 festivalin \u201cCel\u00ebsi Muzikor 6\u201d. Teksti i k\u00ebng\u00ebs\" \/>\n<meta name=\"robots\" content=\"index, follow, max-snippet:-1, max-image-preview:large, max-video-preview:-1\" \/>\n<link rel=\"canonical\" href=\"https:\/\/www.visit-ulcinj.com\/blog\/2012\/05\/04\/fjolla-morina-seksi-dhe-me-nje-balade-te-bukur\/\" \/>\n<meta property=\"og:locale\" content=\"en_US\" \/>\n<meta property=\"og:type\" content=\"article\" \/>\n<meta property=\"og:title\" content=\"Fjolla Morina seksi dhe me nje balade te bukur - Lajme nga Ulqini\" \/>\n<meta property=\"og:description\" content=\"\u201cE di , do kaloj\u201d k\u00ebshtu titullohet k\u00ebnga m\u00eb e re e bukuroshes Fjolla Morina, e cila k\u00ebt\u00eb vit konkuron n\u00eb\u00a0 festivalin \u201cCel\u00ebsi Muzikor 6\u201d. Teksti i k\u00ebng\u00ebs\" \/>\n<meta property=\"og:url\" content=\"https:\/\/www.visit-ulcinj.com\/blog\/2012\/05\/04\/fjolla-morina-seksi-dhe-me-nje-balade-te-bukur\/\" \/>\n<meta property=\"og:site_name\" content=\"Lajme nga Ulqini\" \/>\n<meta property=\"article:published_time\" content=\"2012-05-04T12:04:19+00:00\" \/>\n<meta property=\"og:image\" content=\"http:\/\/www.visit-ulcinj.com\/blog\/wp-content\/uploads\/2012\/05\/Fjolla-Morina.jpg\" \/>\n<meta name=\"twitter:label1\" content=\"Written by\" \/>\n\t<meta name=\"twitter:data1\" content=\"ulqini\" \/>\n\t<meta name=\"twitter:label2\" content=\"Est. reading time\" \/>\n\t<meta name=\"twitter:data2\" content=\"1 minute\" \/>\n<script type=\"application\/ld+json\" class=\"yoast-schema-graph\">{\"@context\":\"https:\/\/schema.org\",\"@graph\":[{\"@type\":\"WebSite\",\"@id\":\"https:\/\/www.visit-ulcinj.com\/blog\/#website\",\"url\":\"https:\/\/www.visit-ulcinj.com\/blog\/\",\"name\":\"Lajme nga Ulqini\",\"description\":\"Lajme,Vijesti,Ulqini,Ulqin,Crna Gora,Mali i Zi\",\"potentialAction\":[{\"@type\":\"SearchAction\",\"target\":{\"@type\":\"EntryPoint\",\"urlTemplate\":\"https:\/\/www.visit-ulcinj.com\/blog\/?s={search_term_string}\"},\"query-input\":\"required name=search_term_string\"}],\"inLanguage\":\"en-US\"},{\"@type\":\"ImageObject\",\"inLanguage\":\"en-US\",\"@id\":\"https:\/\/www.visit-ulcinj.com\/blog\/2012\/05\/04\/fjolla-morina-seksi-dhe-me-nje-balade-te-bukur\/#primaryimage\",\"url\":\"http:\/\/www.visit-ulcinj.com\/blog\/wp-content\/uploads\/2012\/05\/Fjolla-Morina.jpg\",\"contentUrl\":\"http:\/\/www.visit-ulcinj.com\/blog\/wp-content\/uploads\/2012\/05\/Fjolla-Morina.jpg\"},{\"@type\":\"WebPage\",\"@id\":\"https:\/\/www.visit-ulcinj.com\/blog\/2012\/05\/04\/fjolla-morina-seksi-dhe-me-nje-balade-te-bukur\/#webpage\",\"url\":\"https:\/\/www.visit-ulcinj.com\/blog\/2012\/05\/04\/fjolla-morina-seksi-dhe-me-nje-balade-te-bukur\/\",\"name\":\"Fjolla Morina seksi dhe me nje balade te bukur - Lajme nga Ulqini\",\"isPartOf\":{\"@id\":\"https:\/\/www.visit-ulcinj.com\/blog\/#website\"},\"primaryImageOfPage\":{\"@id\":\"https:\/\/www.visit-ulcinj.com\/blog\/2012\/05\/04\/fjolla-morina-seksi-dhe-me-nje-balade-te-bukur\/#primaryimage\"},\"datePublished\":\"2012-05-04T12:04:19+00:00\",\"dateModified\":\"2012-05-04T12:04:19+00:00\",\"author\":{\"@id\":\"https:\/\/www.visit-ulcinj.com\/blog\/#\/schema\/person\/dcab619c614d3038751c63bc2aadc06d\"},\"description\":\"\u201cE di , do kaloj\u201d k\u00ebshtu titullohet k\u00ebnga m\u00eb e re e bukuroshes Fjolla Morina, e cila k\u00ebt\u00eb vit konkuron n\u00eb\u00a0 festivalin \u201cCel\u00ebsi Muzikor 6\u201d. Teksti i k\u00ebng\u00ebs\",\"breadcrumb\":{\"@id\":\"https:\/\/www.visit-ulcinj.com\/blog\/2012\/05\/04\/fjolla-morina-seksi-dhe-me-nje-balade-te-bukur\/#breadcrumb\"},\"inLanguage\":\"en-US\",\"potentialAction\":[{\"@type\":\"ReadAction\",\"target\":[\"https:\/\/www.visit-ulcinj.com\/blog\/2012\/05\/04\/fjolla-morina-seksi-dhe-me-nje-balade-te-bukur\/\"]}]},{\"@type\":\"BreadcrumbList\",\"@id\":\"https:\/\/www.visit-ulcinj.com\/blog\/2012\/05\/04\/fjolla-morina-seksi-dhe-me-nje-balade-te-bukur\/#breadcrumb\",\"itemListElement\":[{\"@type\":\"ListItem\",\"position\":1,\"name\":\"Fjolla Morina seksi dhe me nje balade te bukur\"}]},{\"@type\":\"Person\",\"@id\":\"https:\/\/www.visit-ulcinj.com\/blog\/#\/schema\/person\/dcab619c614d3038751c63bc2aadc06d\",\"name\":\"ulqini\",\"sameAs\":[\"http:\/\/www.visit-ulcinj.com\"],\"url\":\"https:\/\/www.visit-ulcinj.com\/blog\/author\/admin\/\"}]}<\/script>\n<!-- \/ Yoast SEO plugin. -->","yoast_head_json":{"title":"Fjolla Morina seksi dhe me nje balade te bukur - Lajme nga Ulqini","description":"\u201cE di , do kaloj\u201d k\u00ebshtu titullohet k\u00ebnga m\u00eb e re e bukuroshes Fjolla Morina, e cila k\u00ebt\u00eb vit konkuron n\u00eb\u00a0 festivalin \u201cCel\u00ebsi Muzikor 6\u201d. Teksti i k\u00ebng\u00ebs","robots":{"index":"index","follow":"follow","max-snippet":"max-snippet:-1","max-image-preview":"max-image-preview:large","max-video-preview":"max-video-preview:-1"},"canonical":"https:\/\/www.visit-ulcinj.com\/blog\/2012\/05\/04\/fjolla-morina-seksi-dhe-me-nje-balade-te-bukur\/","og_locale":"en_US","og_type":"article","og_title":"Fjolla Morina seksi dhe me nje balade te bukur - Lajme nga Ulqini","og_description":"\u201cE di , do kaloj\u201d k\u00ebshtu titullohet k\u00ebnga m\u00eb e re e bukuroshes Fjolla Morina, e cila k\u00ebt\u00eb vit konkuron n\u00eb\u00a0 festivalin \u201cCel\u00ebsi Muzikor 6\u201d. Teksti i k\u00ebng\u00ebs","og_url":"https:\/\/www.visit-ulcinj.com\/blog\/2012\/05\/04\/fjolla-morina-seksi-dhe-me-nje-balade-te-bukur\/","og_site_name":"Lajme nga Ulqini","article_published_time":"2012-05-04T12:04:19+00:00","og_image":[{"url":"http:\/\/www.visit-ulcinj.com\/blog\/wp-content\/uploads\/2012\/05\/Fjolla-Morina.jpg"}],"twitter_misc":{"Written by":"ulqini","Est. reading time":"1 minute"},"schema":{"@context":"https:\/\/schema.org","@graph":[{"@type":"WebSite","@id":"https:\/\/www.visit-ulcinj.com\/blog\/#website","url":"https:\/\/www.visit-ulcinj.com\/blog\/","name":"Lajme nga Ulqini","description":"Lajme,Vijesti,Ulqini,Ulqin,Crna Gora,Mali i Zi","potentialAction":[{"@type":"SearchAction","target":{"@type":"EntryPoint","urlTemplate":"https:\/\/www.visit-ulcinj.com\/blog\/?s={search_term_string}"},"query-input":"required name=search_term_string"}],"inLanguage":"en-US"},{"@type":"ImageObject","inLanguage":"en-US","@id":"https:\/\/www.visit-ulcinj.com\/blog\/2012\/05\/04\/fjolla-morina-seksi-dhe-me-nje-balade-te-bukur\/#primaryimage","url":"http:\/\/www.visit-ulcinj.com\/blog\/wp-content\/uploads\/2012\/05\/Fjolla-Morina.jpg","contentUrl":"http:\/\/www.visit-ulcinj.com\/blog\/wp-content\/uploads\/2012\/05\/Fjolla-Morina.jpg"},{"@type":"WebPage","@id":"https:\/\/www.visit-ulcinj.com\/blog\/2012\/05\/04\/fjolla-morina-seksi-dhe-me-nje-balade-te-bukur\/#webpage","url":"https:\/\/www.visit-ulcinj.com\/blog\/2012\/05\/04\/fjolla-morina-seksi-dhe-me-nje-balade-te-bukur\/","name":"Fjolla Morina seksi dhe me nje balade te bukur - Lajme nga Ulqini","isPartOf":{"@id":"https:\/\/www.visit-ulcinj.com\/blog\/#website"},"primaryImageOfPage":{"@id":"https:\/\/www.visit-ulcinj.com\/blog\/2012\/05\/04\/fjolla-morina-seksi-dhe-me-nje-balade-te-bukur\/#primaryimage"},"datePublished":"2012-05-04T12:04:19+00:00","dateModified":"2012-05-04T12:04:19+00:00","author":{"@id":"https:\/\/www.visit-ulcinj.com\/blog\/#\/schema\/person\/dcab619c614d3038751c63bc2aadc06d"},"description":"\u201cE di , do kaloj\u201d k\u00ebshtu titullohet k\u00ebnga m\u00eb e re e bukuroshes Fjolla Morina, e cila k\u00ebt\u00eb vit konkuron n\u00eb\u00a0 festivalin \u201cCel\u00ebsi Muzikor 6\u201d. Teksti i k\u00ebng\u00ebs","breadcrumb":{"@id":"https:\/\/www.visit-ulcinj.com\/blog\/2012\/05\/04\/fjolla-morina-seksi-dhe-me-nje-balade-te-bukur\/#breadcrumb"},"inLanguage":"en-US","potentialAction":[{"@type":"ReadAction","target":["https:\/\/www.visit-ulcinj.com\/blog\/2012\/05\/04\/fjolla-morina-seksi-dhe-me-nje-balade-te-bukur\/"]}]},{"@type":"BreadcrumbList","@id":"https:\/\/www.visit-ulcinj.com\/blog\/2012\/05\/04\/fjolla-morina-seksi-dhe-me-nje-balade-te-bukur\/#breadcrumb","itemListElement":[{"@type":"ListItem","position":1,"name":"Fjolla Morina seksi dhe me nje balade te bukur"}]},{"@type":"Person","@id":"https:\/\/www.visit-ulcinj.com\/blog\/#\/schema\/person\/dcab619c614d3038751c63bc2aadc06d","name":"ulqini","sameAs":["http:\/\/www.visit-ulcinj.com"],"url":"https:\/\/www.visit-ulcinj.com\/blog\/author\/admin\/"}]}},"jetpack_featured_media_url":"","jetpack_sharing_enabled":true,"jetpack_shortlink":"https:\/\/wp.me\/pe6lTn-fDb","_links":{"self":[{"href":"https:\/\/www.visit-ulcinj.com\/blog\/wp-json\/wp\/v2\/posts\/60089"}],"collection":[{"href":"https:\/\/www.visit-ulcinj.com\/blog\/wp-json\/wp\/v2\/posts"}],"about":[{"href":"https:\/\/www.visit-ulcinj.com\/blog\/wp-json\/wp\/v2\/types\/post"}],"author":[{"embeddable":true,"href":"https:\/\/www.visit-ulcinj.com\/blog\/wp-json\/wp\/v2\/users\/1"}],"replies":[{"embeddable":true,"href":"https:\/\/www.visit-ulcinj.com\/blog\/wp-json\/wp\/v2\/comments?post=60089"}],"version-history":[{"count":1,"href":"https:\/\/www.visit-ulcinj.com\/blog\/wp-json\/wp\/v2\/posts\/60089\/revisions"}],"predecessor-version":[{"id":60092,"href":"https:\/\/www.visit-ulcinj.com\/blog\/wp-json\/wp\/v2\/posts\/60089\/revisions\/60092"}],"wp:attachment":[{"href":"https:\/\/www.visit-ulcinj.com\/blog\/wp-json\/wp\/v2\/media?parent=60089"}],"wp:term":[{"taxonomy":"category","embeddable":true,"href":"https:\/\/www.visit-ulcinj.com\/blog\/wp-json\/wp\/v2\/categories?post=60089"},{"taxonomy":"post_tag","embeddable":true,"href":"https:\/\/www.visit-ulcinj.com\/blog\/wp-json\/wp\/v2\/tags?post=60089"}],"curies":[{"name":"wp","href":"https:\/\/api.w.org\/{rel}","templated":true}]}}