{"id":6009,"date":"2008-11-15T05:03:29","date_gmt":"2008-11-15T10:03:29","guid":{"rendered":"http:\/\/www.visit-ulcinj.com\/blog\/?p=6009"},"modified":"2008-11-15T05:03:29","modified_gmt":"2008-11-15T10:03:29","slug":"ljoro-nrekic-novi-je-predsjednik-karate-kluba-%e2%80%9culcinj%e2%80%9d","status":"publish","type":"post","link":"https:\/\/www.visit-ulcinj.com\/blog\/2008\/11\/15\/ljoro-nrekic-novi-je-predsjednik-karate-kluba-%e2%80%9culcinj%e2%80%9d\/","title":{"rendered":"Ljoro Nreki? novi je predsjednik Karate kluba \u201cUlcinj\u201d"},"content":{"rendered":"<p><a href=\"http:\/\/www.visit-ulcinj.com\/blog\/wp-content\/uploads\/2008\/11\/ljoro-nrekic.jpg\"><img class=\"alignleft size-medium wp-image-6011\" title=\"ljoro-nrekic\" src=\"http:\/\/www.visit-ulcinj.com\/blog\/wp-content\/uploads\/2008\/11\/ljoro-nrekic.jpg\" alt=\"\" \/><\/a><strong>Kadrovske promjene u karate klubu &#8220;Ulcinj&#8221;<\/strong><br \/>\nUlcinj &#8211; Direktor ulcinjske Elektrodistribucije Ljoro Nreki? novi je predsjednik Karate kluba \u201cUlcinj\u201d- jednoglasno je odlu?eno na vanrednoj sjednici Skup\u0161tine kluba, odr\u017eanoj kasno preksino? u prostorijama gradske biblioteke.<br \/>\nSkup\u0161tina je prethodno, tako?e, jednoglasno prihvatila ostavku ?or?a Dabovi?a na tu funkciju.<br \/>\nObrazla\u017eu?i ostavku, Dabovi? je kazao da ambicije kluba prevazilaze trenutne finansijske mogu?nosti.<br \/>\n&#8211; U dogovoru sa mojim saradnicima i trenerom, ocijenio sam da je zrelo vrijeme da na ?elo kluba do?e osoba koja ?e svojim autioritetom omogu?iti na\u0161im takmi?arima adekvatne uslove za rad i u?e\u0161?e na interkontinentalnim takmi?enjima.<br \/>\nIzbor je pao na Nreki?a i drago nam je \u0161to je on prihvatio da u narednom <a href=\"http:\/\/www.visit-ulcinj.com\/blog\/wp-content\/uploads\/2008\/11\/dorde-dabovic.jpg\"><img loading=\"lazy\" class=\"size-thumbnail wp-image-6012 alignright\" title=\"dorde-dabovic\" src=\"http:\/\/www.visit-ulcinj.com\/blog\/wp-content\/uploads\/2008\/11\/dorde-dabovic-150x150.jpg\" alt=\"\" width=\"136\" height=\"136\" \/><\/a>periodu vodi jedan od najstarijih klubova u Crnoj Gori &#8211; kazao je Dabovi?, podsje?aju?i da je na ?elo kluba do\u0161ao prije tri godine te da je klub i za vrijeme njegovog mandata nastavio sa \u201c\u017eetvom\u201d medalja na doma?oj i me?unarodnoj sceni.<br \/>\nNreki? je rekao da bi bio zadovoljan kada bi klub i u narednom periodu zadr\u017eao takav trend uspjeha.<br \/>\nPored ostalih, vanrednoj Skup\u0161tini prisustvovao je i generalni sekretar KSCG Dragan Ratkovi?.<br \/>\n<strong>S.A<br \/>\nIzvor \/ Vijesti<\/strong><\/p>\n<!--YouTube Error: bad URL entered-->\n","protected":false},"excerpt":{"rendered":"<p>Kadrovske promjene u karate klubu &#8220;Ulcinj&#8221; Ulcinj &#8211; Direktor ulcinjske Elektrodistribucije Ljoro Nreki? novi je predsjednik Karate kluba \u201cUlcinj\u201d- jednoglasno je odlu?eno na vanrednoj sjednici Skup\u0161tine kluba, odr\u017eanoj kasno preksino? u prostorijama gradske biblioteke. Skup\u0161tina je prethodno, tako?e, jednoglasno prihvatila ostavku ?or?a Dabovi?a na tu funkciju. Obrazla\u017eu?i ostavku, Dabovi? je kazao da ambicije kluba prevazilaze [&hellip;]<\/p>\n","protected":false},"author":1,"featured_media":0,"comment_status":"open","ping_status":"closed","sticky":false,"template":"","format":"standard","meta":{"spay_email":"","jetpack_publicize_message":"","jetpack_is_tweetstorm":false,"jetpack_publicize_feature_enabled":true},"categories":[3],"tags":[747,5023,5024,4568],"jetpack_publicize_connections":[],"yoast_head":"<!-- This site is optimized with the Yoast SEO plugin v19.1 - https:\/\/yoast.com\/wordpress\/plugins\/seo\/ -->\n<title>Ljoro Nreki? novi je predsjednik Karate kluba \u201cUlcinj\u201d - Lajme nga Ulqini<\/title>\n<meta name=\"description\" content=\"Kadrovske promjene u karate klubu &quot;Ulcinj&quot; Ulcinj - Direktor ulcinjske Elektrodistribucije Ljoro Nreki? novi je predsjednik Karate kluba \u201cUlcinj\u201d-\" \/>\n<meta name=\"robots\" content=\"index, follow, max-snippet:-1, max-image-preview:large, max-video-preview:-1\" \/>\n<link rel=\"canonical\" href=\"https:\/\/www.visit-ulcinj.com\/blog\/2008\/11\/15\/ljoro-nrekic-novi-je-predsjednik-karate-kluba-\u201culcinj\u201d\/\" \/>\n<meta property=\"og:locale\" content=\"en_US\" \/>\n<meta property=\"og:type\" content=\"article\" \/>\n<meta property=\"og:title\" content=\"Ljoro Nreki? novi je predsjednik Karate kluba \u201cUlcinj\u201d - Lajme nga Ulqini\" \/>\n<meta property=\"og:description\" content=\"Kadrovske promjene u karate klubu &quot;Ulcinj&quot; Ulcinj - Direktor ulcinjske Elektrodistribucije Ljoro Nreki? novi je predsjednik Karate kluba \u201cUlcinj\u201d-\" \/>\n<meta property=\"og:url\" content=\"https:\/\/www.visit-ulcinj.com\/blog\/2008\/11\/15\/ljoro-nrekic-novi-je-predsjednik-karate-kluba-\u201culcinj\u201d\/\" \/>\n<meta property=\"og:site_name\" content=\"Lajme nga Ulqini\" \/>\n<meta property=\"article:published_time\" content=\"2008-11-15T10:03:29+00:00\" \/>\n<meta property=\"og:image\" content=\"http:\/\/www.visit-ulcinj.com\/blog\/wp-content\/uploads\/2008\/11\/ljoro-nrekic.jpg\" \/>\n<meta name=\"twitter:label1\" content=\"Written by\" \/>\n\t<meta name=\"twitter:data1\" content=\"ulqini\" \/>\n\t<meta name=\"twitter:label2\" content=\"Est. reading time\" \/>\n\t<meta name=\"twitter:data2\" content=\"1 minute\" \/>\n<script type=\"application\/ld+json\" class=\"yoast-schema-graph\">{\"@context\":\"https:\/\/schema.org\",\"@graph\":[{\"@type\":\"WebSite\",\"@id\":\"https:\/\/www.visit-ulcinj.com\/blog\/#website\",\"url\":\"https:\/\/www.visit-ulcinj.com\/blog\/\",\"name\":\"Lajme nga Ulqini\",\"description\":\"Lajme,Vijesti,Ulqini,Ulqin,Crna Gora,Mali i Zi\",\"potentialAction\":[{\"@type\":\"SearchAction\",\"target\":{\"@type\":\"EntryPoint\",\"urlTemplate\":\"https:\/\/www.visit-ulcinj.com\/blog\/?s={search_term_string}\"},\"query-input\":\"required name=search_term_string\"}],\"inLanguage\":\"en-US\"},{\"@type\":\"ImageObject\",\"inLanguage\":\"en-US\",\"@id\":\"https:\/\/www.visit-ulcinj.com\/blog\/2008\/11\/15\/ljoro-nrekic-novi-je-predsjednik-karate-kluba-%e2%80%9culcinj%e2%80%9d\/#primaryimage\",\"url\":\"http:\/\/www.visit-ulcinj.com\/blog\/wp-content\/uploads\/2008\/11\/ljoro-nrekic.jpg\",\"contentUrl\":\"http:\/\/www.visit-ulcinj.com\/blog\/wp-content\/uploads\/2008\/11\/ljoro-nrekic.jpg\"},{\"@type\":\"WebPage\",\"@id\":\"https:\/\/www.visit-ulcinj.com\/blog\/2008\/11\/15\/ljoro-nrekic-novi-je-predsjednik-karate-kluba-%e2%80%9culcinj%e2%80%9d\/#webpage\",\"url\":\"https:\/\/www.visit-ulcinj.com\/blog\/2008\/11\/15\/ljoro-nrekic-novi-je-predsjednik-karate-kluba-%e2%80%9culcinj%e2%80%9d\/\",\"name\":\"Ljoro Nreki? novi je predsjednik Karate kluba \u201cUlcinj\u201d - Lajme nga Ulqini\",\"isPartOf\":{\"@id\":\"https:\/\/www.visit-ulcinj.com\/blog\/#website\"},\"primaryImageOfPage\":{\"@id\":\"https:\/\/www.visit-ulcinj.com\/blog\/2008\/11\/15\/ljoro-nrekic-novi-je-predsjednik-karate-kluba-%e2%80%9culcinj%e2%80%9d\/#primaryimage\"},\"datePublished\":\"2008-11-15T10:03:29+00:00\",\"dateModified\":\"2008-11-15T10:03:29+00:00\",\"author\":{\"@id\":\"https:\/\/www.visit-ulcinj.com\/blog\/#\/schema\/person\/dcab619c614d3038751c63bc2aadc06d\"},\"description\":\"Kadrovske promjene u karate klubu \\\"Ulcinj\\\" Ulcinj - Direktor ulcinjske Elektrodistribucije Ljoro Nreki? novi je predsjednik Karate kluba \u201cUlcinj\u201d-\",\"breadcrumb\":{\"@id\":\"https:\/\/www.visit-ulcinj.com\/blog\/2008\/11\/15\/ljoro-nrekic-novi-je-predsjednik-karate-kluba-%e2%80%9culcinj%e2%80%9d\/#breadcrumb\"},\"inLanguage\":\"en-US\",\"potentialAction\":[{\"@type\":\"ReadAction\",\"target\":[\"https:\/\/www.visit-ulcinj.com\/blog\/2008\/11\/15\/ljoro-nrekic-novi-je-predsjednik-karate-kluba-%e2%80%9culcinj%e2%80%9d\/\"]}]},{\"@type\":\"BreadcrumbList\",\"@id\":\"https:\/\/www.visit-ulcinj.com\/blog\/2008\/11\/15\/ljoro-nrekic-novi-je-predsjednik-karate-kluba-%e2%80%9culcinj%e2%80%9d\/#breadcrumb\",\"itemListElement\":[{\"@type\":\"ListItem\",\"position\":1,\"name\":\"Ljoro Nreki? novi je predsjednik Karate kluba \u201cUlcinj\u201d\"}]},{\"@type\":\"Person\",\"@id\":\"https:\/\/www.visit-ulcinj.com\/blog\/#\/schema\/person\/dcab619c614d3038751c63bc2aadc06d\",\"name\":\"ulqini\",\"sameAs\":[\"http:\/\/www.visit-ulcinj.com\"],\"url\":\"https:\/\/www.visit-ulcinj.com\/blog\/author\/admin\/\"}]}<\/script>\n<!-- \/ Yoast SEO plugin. -->","yoast_head_json":{"title":"Ljoro Nreki? novi je predsjednik Karate kluba \u201cUlcinj\u201d - Lajme nga Ulqini","description":"Kadrovske promjene u karate klubu \"Ulcinj\" Ulcinj - Direktor ulcinjske Elektrodistribucije Ljoro Nreki? novi je predsjednik Karate kluba \u201cUlcinj\u201d-","robots":{"index":"index","follow":"follow","max-snippet":"max-snippet:-1","max-image-preview":"max-image-preview:large","max-video-preview":"max-video-preview:-1"},"canonical":"https:\/\/www.visit-ulcinj.com\/blog\/2008\/11\/15\/ljoro-nrekic-novi-je-predsjednik-karate-kluba-\u201culcinj\u201d\/","og_locale":"en_US","og_type":"article","og_title":"Ljoro Nreki? novi je predsjednik Karate kluba \u201cUlcinj\u201d - Lajme nga Ulqini","og_description":"Kadrovske promjene u karate klubu \"Ulcinj\" Ulcinj - Direktor ulcinjske Elektrodistribucije Ljoro Nreki? novi je predsjednik Karate kluba \u201cUlcinj\u201d-","og_url":"https:\/\/www.visit-ulcinj.com\/blog\/2008\/11\/15\/ljoro-nrekic-novi-je-predsjednik-karate-kluba-\u201culcinj\u201d\/","og_site_name":"Lajme nga Ulqini","article_published_time":"2008-11-15T10:03:29+00:00","og_image":[{"url":"http:\/\/www.visit-ulcinj.com\/blog\/wp-content\/uploads\/2008\/11\/ljoro-nrekic.jpg"}],"twitter_misc":{"Written by":"ulqini","Est. reading time":"1 minute"},"schema":{"@context":"https:\/\/schema.org","@graph":[{"@type":"WebSite","@id":"https:\/\/www.visit-ulcinj.com\/blog\/#website","url":"https:\/\/www.visit-ulcinj.com\/blog\/","name":"Lajme nga Ulqini","description":"Lajme,Vijesti,Ulqini,Ulqin,Crna Gora,Mali i Zi","potentialAction":[{"@type":"SearchAction","target":{"@type":"EntryPoint","urlTemplate":"https:\/\/www.visit-ulcinj.com\/blog\/?s={search_term_string}"},"query-input":"required name=search_term_string"}],"inLanguage":"en-US"},{"@type":"ImageObject","inLanguage":"en-US","@id":"https:\/\/www.visit-ulcinj.com\/blog\/2008\/11\/15\/ljoro-nrekic-novi-je-predsjednik-karate-kluba-%e2%80%9culcinj%e2%80%9d\/#primaryimage","url":"http:\/\/www.visit-ulcinj.com\/blog\/wp-content\/uploads\/2008\/11\/ljoro-nrekic.jpg","contentUrl":"http:\/\/www.visit-ulcinj.com\/blog\/wp-content\/uploads\/2008\/11\/ljoro-nrekic.jpg"},{"@type":"WebPage","@id":"https:\/\/www.visit-ulcinj.com\/blog\/2008\/11\/15\/ljoro-nrekic-novi-je-predsjednik-karate-kluba-%e2%80%9culcinj%e2%80%9d\/#webpage","url":"https:\/\/www.visit-ulcinj.com\/blog\/2008\/11\/15\/ljoro-nrekic-novi-je-predsjednik-karate-kluba-%e2%80%9culcinj%e2%80%9d\/","name":"Ljoro Nreki? novi je predsjednik Karate kluba \u201cUlcinj\u201d - Lajme nga Ulqini","isPartOf":{"@id":"https:\/\/www.visit-ulcinj.com\/blog\/#website"},"primaryImageOfPage":{"@id":"https:\/\/www.visit-ulcinj.com\/blog\/2008\/11\/15\/ljoro-nrekic-novi-je-predsjednik-karate-kluba-%e2%80%9culcinj%e2%80%9d\/#primaryimage"},"datePublished":"2008-11-15T10:03:29+00:00","dateModified":"2008-11-15T10:03:29+00:00","author":{"@id":"https:\/\/www.visit-ulcinj.com\/blog\/#\/schema\/person\/dcab619c614d3038751c63bc2aadc06d"},"description":"Kadrovske promjene u karate klubu \"Ulcinj\" Ulcinj - Direktor ulcinjske Elektrodistribucije Ljoro Nreki? novi je predsjednik Karate kluba \u201cUlcinj\u201d-","breadcrumb":{"@id":"https:\/\/www.visit-ulcinj.com\/blog\/2008\/11\/15\/ljoro-nrekic-novi-je-predsjednik-karate-kluba-%e2%80%9culcinj%e2%80%9d\/#breadcrumb"},"inLanguage":"en-US","potentialAction":[{"@type":"ReadAction","target":["https:\/\/www.visit-ulcinj.com\/blog\/2008\/11\/15\/ljoro-nrekic-novi-je-predsjednik-karate-kluba-%e2%80%9culcinj%e2%80%9d\/"]}]},{"@type":"BreadcrumbList","@id":"https:\/\/www.visit-ulcinj.com\/blog\/2008\/11\/15\/ljoro-nrekic-novi-je-predsjednik-karate-kluba-%e2%80%9culcinj%e2%80%9d\/#breadcrumb","itemListElement":[{"@type":"ListItem","position":1,"name":"Ljoro Nreki? novi je predsjednik Karate kluba \u201cUlcinj\u201d"}]},{"@type":"Person","@id":"https:\/\/www.visit-ulcinj.com\/blog\/#\/schema\/person\/dcab619c614d3038751c63bc2aadc06d","name":"ulqini","sameAs":["http:\/\/www.visit-ulcinj.com"],"url":"https:\/\/www.visit-ulcinj.com\/blog\/author\/admin\/"}]}},"jetpack_featured_media_url":"","jetpack_sharing_enabled":true,"jetpack_shortlink":"https:\/\/wp.me\/pe6lTn-1yV","_links":{"self":[{"href":"https:\/\/www.visit-ulcinj.com\/blog\/wp-json\/wp\/v2\/posts\/6009"}],"collection":[{"href":"https:\/\/www.visit-ulcinj.com\/blog\/wp-json\/wp\/v2\/posts"}],"about":[{"href":"https:\/\/www.visit-ulcinj.com\/blog\/wp-json\/wp\/v2\/types\/post"}],"author":[{"embeddable":true,"href":"https:\/\/www.visit-ulcinj.com\/blog\/wp-json\/wp\/v2\/users\/1"}],"replies":[{"embeddable":true,"href":"https:\/\/www.visit-ulcinj.com\/blog\/wp-json\/wp\/v2\/comments?post=6009"}],"version-history":[{"count":0,"href":"https:\/\/www.visit-ulcinj.com\/blog\/wp-json\/wp\/v2\/posts\/6009\/revisions"}],"wp:attachment":[{"href":"https:\/\/www.visit-ulcinj.com\/blog\/wp-json\/wp\/v2\/media?parent=6009"}],"wp:term":[{"taxonomy":"category","embeddable":true,"href":"https:\/\/www.visit-ulcinj.com\/blog\/wp-json\/wp\/v2\/categories?post=6009"},{"taxonomy":"post_tag","embeddable":true,"href":"https:\/\/www.visit-ulcinj.com\/blog\/wp-json\/wp\/v2\/tags?post=6009"}],"curies":[{"name":"wp","href":"https:\/\/api.w.org\/{rel}","templated":true}]}}