{"id":60095,"date":"2012-05-04T21:08:05","date_gmt":"2012-05-04T20:08:05","guid":{"rendered":"http:\/\/www.visit-ulcinj.com\/blog\/?p=60095"},"modified":"2012-05-04T21:08:05","modified_gmt":"2012-05-04T20:08:05","slug":"posjeta-edi-rame-opstine-ulcinj","status":"publish","type":"post","link":"https:\/\/www.visit-ulcinj.com\/blog\/2012\/05\/04\/posjeta-edi-rame-opstine-ulcinj\/","title":{"rendered":"Posjeta Edi Rame op\u0161tine Ulcinj"},"content":{"rendered":"<p><a href=\"http:\/\/www.visit-ulcinj.com\/blog\/wp-content\/uploads\/2012\/05\/posjeta-edi-rama_ulcinj.jpg\"><img loading=\"lazy\" class=\"alignleft size-full wp-image-60096\" title=\"posjeta edi rama_ulcinj\" src=\"http:\/\/www.visit-ulcinj.com\/blog\/wp-content\/uploads\/2012\/05\/posjeta-edi-rama_ulcinj.jpg\" alt=\"\" width=\"478\" height=\"352\" srcset=\"https:\/\/www.visit-ulcinj.com\/blog\/wp-content\/uploads\/2012\/05\/posjeta-edi-rama_ulcinj.jpg 478w, https:\/\/www.visit-ulcinj.com\/blog\/wp-content\/uploads\/2012\/05\/posjeta-edi-rama_ulcinj-300x220.jpg 300w\" sizes=\"(max-width: 478px) 100vw, 478px\" \/><\/a>Predsjednik Socijalisti\u010dke Partje, Edi Rama u pratnji poslanika okruga Skadar i Le\u017ea posjetio Crnu Goru. Prilikom ove posjete, prva kao predsjednik Socijalisti\u010dke Partije, Edi Rama je odr\u017eao niz susreta sa predstavnicima albanske zajednice. Izme\u0111u ostalih on se susreo sa predsjednikom Op\u0161tine Ulcinj, g. Nazif Cungu, predsjednicima svih pet albanskih partija u Crnoj Gori, kao i sa poslanikom Genci Nimanbegu.<\/p>\n<p>Pobolj\u0161anje kvaliteta \u017eivota albanaca u svim oblastima gdje oni \u017eive bila je glavna tema veoma prijateljskog razgovora. Tako\u0111er i turizam je bila jo\u0161 jedna ta\u010dka oko koje su sagovornici razmjenili gledi\u0161ta za razvoj ovog sektora. Rama je predlo\u017eio jednu zajedni\u010dku inicijativu o otvaranju jednog univerziteta na albanskom jeziku u Crnoj Gori kako bi omogu\u0107ili naprednije \u0161kolovanje za albansku omladinu. Lider SP je ohrabrio albanske partije da me\u0111usobno sara\u0111uju za izbore kako bi uve\u0107ale svoje u\u010de\u0161\u0107e u Skup\u0161ini Crne Gore kao jedna od mogu\u0107nosti za unapre\u0111enje prava albanaca u Crnoj Gori.<\/p>\n<p>Na kraju susreta Rama i Cungu su se obratili medijima. Predsjednik Op\u0161tine Ulcinj je rekao da tokom susreta su razgovarali o mogu\u0107nostima saradnje: \u201eBilo je posebno zadovoljstvo za mene i moje saradnike Op\u0161tine Ulcinj i predstavnike politi\u010dkih partija da danas nam je bio u posjeti predjednik Socijalisti\u010dke Partije, Edi Rama i parlamentarci iz njegove partije.<\/p>\n<p>Mi smo razmjenili mi\u0161ljenja i raspravljali smo o mnogim problemima, ali i o mogu\u0107nostima saradnje. Ovom prilikom jo\u0161 jednom zahvaljujem gospodina Ramu \u0161to je na\u0161ao vremena i mogu\u0107nosti da posje\u0107uje Ulcinj i Crnu Goru, jer takav potez pokazuje po\u0161tovanje za sve albance u Crnoj Gori. Ovo \u0107e doprinijeti jo\u0161 boljoj saradnji izme\u0111u Crne Gore i Albanije\u201c.<\/p>\n<p>Zahvaluju\u0107i na gostoprimstvo, koju je predsjednik SP ocijenoi bratskom, Rama je rekao da treba vi\u0161e uraditi za albance u regionu: \u201eZahvaljujem se prijateljima koji su mi rezervisali bratsko gostorpimstvo. Zahvaljujem \u0161to su mi omogu\u0107ili mnogo otvoren razgovor o svim zajedni\u010dkim brigama i interesima, od pitanja razvoja ove lijepe op\u0161tine, dar bo\u017eji ili prirode, sve do pitanja kvaliteta \u017eivota albanaca ovdje u Crnoj Gori i bilo gdje se nalazili u na\u0161em regionu, jer ima mnogo \u010dega treba uraditi u ovom pravcu\u201c.<\/p>\n<p><strong>Op\u0161tina Ulcinj<\/strong><\/p>\n<p>&nbsp;<\/p>\n","protected":false},"excerpt":{"rendered":"<p>Predsjednik Socijalisti\u010dke Partje, Edi Rama u pratnji poslanika okruga Skadar i Le\u017ea posjetio Crnu Goru. Prilikom ove posjete, prva kao predsjednik Socijalisti\u010dke Partije, Edi Rama je odr\u017eao niz susreta sa predstavnicima albanske zajednice. Izme\u0111u ostalih on se susreo sa predsjednikom Op\u0161tine Ulcinj, g. Nazif Cungu, predsjednicima svih pet albanskih partija u Crnoj Gori, kao i [&hellip;]<\/p>\n","protected":false},"author":1,"featured_media":0,"comment_status":"open","ping_status":"closed","sticky":false,"template":"","format":"standard","meta":{"spay_email":"","jetpack_publicize_message":"","jetpack_is_tweetstorm":false,"jetpack_publicize_feature_enabled":true},"categories":[6950],"tags":[20426],"jetpack_publicize_connections":[],"yoast_head":"<!-- This site is optimized with the Yoast SEO plugin v19.1 - https:\/\/yoast.com\/wordpress\/plugins\/seo\/ -->\n<title>Posjeta Edi Rame op\u0161tine Ulcinj - Lajme nga Ulqini<\/title>\n<meta name=\"description\" content=\"Predsjednik Socijalisti\u010dke Partje, Edi Rama u pratnji poslanika okruga Skadar i Le\u017ea posjetio Crnu Goru. Prilikom ove posjete, prva kao predsjednik\" \/>\n<meta name=\"robots\" content=\"index, follow, max-snippet:-1, max-image-preview:large, max-video-preview:-1\" \/>\n<link rel=\"canonical\" href=\"https:\/\/www.visit-ulcinj.com\/blog\/2012\/05\/04\/posjeta-edi-rame-opstine-ulcinj\/\" \/>\n<meta property=\"og:locale\" content=\"en_US\" \/>\n<meta property=\"og:type\" content=\"article\" \/>\n<meta property=\"og:title\" content=\"Posjeta Edi Rame op\u0161tine Ulcinj - Lajme nga Ulqini\" \/>\n<meta property=\"og:description\" content=\"Predsjednik Socijalisti\u010dke Partje, Edi Rama u pratnji poslanika okruga Skadar i Le\u017ea posjetio Crnu Goru. Prilikom ove posjete, prva kao predsjednik\" \/>\n<meta property=\"og:url\" content=\"https:\/\/www.visit-ulcinj.com\/blog\/2012\/05\/04\/posjeta-edi-rame-opstine-ulcinj\/\" \/>\n<meta property=\"og:site_name\" content=\"Lajme nga Ulqini\" \/>\n<meta property=\"article:published_time\" content=\"2012-05-04T20:08:05+00:00\" \/>\n<meta property=\"og:image\" content=\"http:\/\/www.visit-ulcinj.com\/blog\/wp-content\/uploads\/2012\/05\/posjeta-edi-rama_ulcinj.jpg\" \/>\n<meta name=\"twitter:label1\" content=\"Written by\" \/>\n\t<meta name=\"twitter:data1\" content=\"ulqini\" \/>\n\t<meta name=\"twitter:label2\" content=\"Est. reading time\" \/>\n\t<meta name=\"twitter:data2\" content=\"2 minutes\" \/>\n<script type=\"application\/ld+json\" class=\"yoast-schema-graph\">{\"@context\":\"https:\/\/schema.org\",\"@graph\":[{\"@type\":\"WebSite\",\"@id\":\"https:\/\/www.visit-ulcinj.com\/blog\/#website\",\"url\":\"https:\/\/www.visit-ulcinj.com\/blog\/\",\"name\":\"Lajme nga Ulqini\",\"description\":\"Lajme,Vijesti,Ulqini,Ulqin,Crna Gora,Mali i Zi\",\"potentialAction\":[{\"@type\":\"SearchAction\",\"target\":{\"@type\":\"EntryPoint\",\"urlTemplate\":\"https:\/\/www.visit-ulcinj.com\/blog\/?s={search_term_string}\"},\"query-input\":\"required name=search_term_string\"}],\"inLanguage\":\"en-US\"},{\"@type\":\"ImageObject\",\"inLanguage\":\"en-US\",\"@id\":\"https:\/\/www.visit-ulcinj.com\/blog\/2012\/05\/04\/posjeta-edi-rame-opstine-ulcinj\/#primaryimage\",\"url\":\"https:\/\/www.visit-ulcinj.com\/blog\/wp-content\/uploads\/2012\/05\/posjeta-edi-rama_ulcinj.jpg\",\"contentUrl\":\"https:\/\/www.visit-ulcinj.com\/blog\/wp-content\/uploads\/2012\/05\/posjeta-edi-rama_ulcinj.jpg\",\"width\":\"478\",\"height\":\"352\"},{\"@type\":\"WebPage\",\"@id\":\"https:\/\/www.visit-ulcinj.com\/blog\/2012\/05\/04\/posjeta-edi-rame-opstine-ulcinj\/#webpage\",\"url\":\"https:\/\/www.visit-ulcinj.com\/blog\/2012\/05\/04\/posjeta-edi-rame-opstine-ulcinj\/\",\"name\":\"Posjeta Edi Rame op\u0161tine Ulcinj - Lajme nga Ulqini\",\"isPartOf\":{\"@id\":\"https:\/\/www.visit-ulcinj.com\/blog\/#website\"},\"primaryImageOfPage\":{\"@id\":\"https:\/\/www.visit-ulcinj.com\/blog\/2012\/05\/04\/posjeta-edi-rame-opstine-ulcinj\/#primaryimage\"},\"datePublished\":\"2012-05-04T20:08:05+00:00\",\"dateModified\":\"2012-05-04T20:08:05+00:00\",\"author\":{\"@id\":\"https:\/\/www.visit-ulcinj.com\/blog\/#\/schema\/person\/dcab619c614d3038751c63bc2aadc06d\"},\"description\":\"Predsjednik Socijalisti\u010dke Partje, Edi Rama u pratnji poslanika okruga Skadar i Le\u017ea posjetio Crnu Goru. Prilikom ove posjete, prva kao predsjednik\",\"breadcrumb\":{\"@id\":\"https:\/\/www.visit-ulcinj.com\/blog\/2012\/05\/04\/posjeta-edi-rame-opstine-ulcinj\/#breadcrumb\"},\"inLanguage\":\"en-US\",\"potentialAction\":[{\"@type\":\"ReadAction\",\"target\":[\"https:\/\/www.visit-ulcinj.com\/blog\/2012\/05\/04\/posjeta-edi-rame-opstine-ulcinj\/\"]}]},{\"@type\":\"BreadcrumbList\",\"@id\":\"https:\/\/www.visit-ulcinj.com\/blog\/2012\/05\/04\/posjeta-edi-rame-opstine-ulcinj\/#breadcrumb\",\"itemListElement\":[{\"@type\":\"ListItem\",\"position\":1,\"name\":\"Posjeta Edi Rame op\u0161tine Ulcinj\"}]},{\"@type\":\"Person\",\"@id\":\"https:\/\/www.visit-ulcinj.com\/blog\/#\/schema\/person\/dcab619c614d3038751c63bc2aadc06d\",\"name\":\"ulqini\",\"sameAs\":[\"http:\/\/www.visit-ulcinj.com\"],\"url\":\"https:\/\/www.visit-ulcinj.com\/blog\/author\/admin\/\"}]}<\/script>\n<!-- \/ Yoast SEO plugin. -->","yoast_head_json":{"title":"Posjeta Edi Rame op\u0161tine Ulcinj - Lajme nga Ulqini","description":"Predsjednik Socijalisti\u010dke Partje, Edi Rama u pratnji poslanika okruga Skadar i Le\u017ea posjetio Crnu Goru. Prilikom ove posjete, prva kao predsjednik","robots":{"index":"index","follow":"follow","max-snippet":"max-snippet:-1","max-image-preview":"max-image-preview:large","max-video-preview":"max-video-preview:-1"},"canonical":"https:\/\/www.visit-ulcinj.com\/blog\/2012\/05\/04\/posjeta-edi-rame-opstine-ulcinj\/","og_locale":"en_US","og_type":"article","og_title":"Posjeta Edi Rame op\u0161tine Ulcinj - Lajme nga Ulqini","og_description":"Predsjednik Socijalisti\u010dke Partje, Edi Rama u pratnji poslanika okruga Skadar i Le\u017ea posjetio Crnu Goru. Prilikom ove posjete, prva kao predsjednik","og_url":"https:\/\/www.visit-ulcinj.com\/blog\/2012\/05\/04\/posjeta-edi-rame-opstine-ulcinj\/","og_site_name":"Lajme nga Ulqini","article_published_time":"2012-05-04T20:08:05+00:00","og_image":[{"url":"http:\/\/www.visit-ulcinj.com\/blog\/wp-content\/uploads\/2012\/05\/posjeta-edi-rama_ulcinj.jpg"}],"twitter_misc":{"Written by":"ulqini","Est. reading time":"2 minutes"},"schema":{"@context":"https:\/\/schema.org","@graph":[{"@type":"WebSite","@id":"https:\/\/www.visit-ulcinj.com\/blog\/#website","url":"https:\/\/www.visit-ulcinj.com\/blog\/","name":"Lajme nga Ulqini","description":"Lajme,Vijesti,Ulqini,Ulqin,Crna Gora,Mali i Zi","potentialAction":[{"@type":"SearchAction","target":{"@type":"EntryPoint","urlTemplate":"https:\/\/www.visit-ulcinj.com\/blog\/?s={search_term_string}"},"query-input":"required name=search_term_string"}],"inLanguage":"en-US"},{"@type":"ImageObject","inLanguage":"en-US","@id":"https:\/\/www.visit-ulcinj.com\/blog\/2012\/05\/04\/posjeta-edi-rame-opstine-ulcinj\/#primaryimage","url":"https:\/\/www.visit-ulcinj.com\/blog\/wp-content\/uploads\/2012\/05\/posjeta-edi-rama_ulcinj.jpg","contentUrl":"https:\/\/www.visit-ulcinj.com\/blog\/wp-content\/uploads\/2012\/05\/posjeta-edi-rama_ulcinj.jpg","width":"478","height":"352"},{"@type":"WebPage","@id":"https:\/\/www.visit-ulcinj.com\/blog\/2012\/05\/04\/posjeta-edi-rame-opstine-ulcinj\/#webpage","url":"https:\/\/www.visit-ulcinj.com\/blog\/2012\/05\/04\/posjeta-edi-rame-opstine-ulcinj\/","name":"Posjeta Edi Rame op\u0161tine Ulcinj - Lajme nga Ulqini","isPartOf":{"@id":"https:\/\/www.visit-ulcinj.com\/blog\/#website"},"primaryImageOfPage":{"@id":"https:\/\/www.visit-ulcinj.com\/blog\/2012\/05\/04\/posjeta-edi-rame-opstine-ulcinj\/#primaryimage"},"datePublished":"2012-05-04T20:08:05+00:00","dateModified":"2012-05-04T20:08:05+00:00","author":{"@id":"https:\/\/www.visit-ulcinj.com\/blog\/#\/schema\/person\/dcab619c614d3038751c63bc2aadc06d"},"description":"Predsjednik Socijalisti\u010dke Partje, Edi Rama u pratnji poslanika okruga Skadar i Le\u017ea posjetio Crnu Goru. Prilikom ove posjete, prva kao predsjednik","breadcrumb":{"@id":"https:\/\/www.visit-ulcinj.com\/blog\/2012\/05\/04\/posjeta-edi-rame-opstine-ulcinj\/#breadcrumb"},"inLanguage":"en-US","potentialAction":[{"@type":"ReadAction","target":["https:\/\/www.visit-ulcinj.com\/blog\/2012\/05\/04\/posjeta-edi-rame-opstine-ulcinj\/"]}]},{"@type":"BreadcrumbList","@id":"https:\/\/www.visit-ulcinj.com\/blog\/2012\/05\/04\/posjeta-edi-rame-opstine-ulcinj\/#breadcrumb","itemListElement":[{"@type":"ListItem","position":1,"name":"Posjeta Edi Rame op\u0161tine Ulcinj"}]},{"@type":"Person","@id":"https:\/\/www.visit-ulcinj.com\/blog\/#\/schema\/person\/dcab619c614d3038751c63bc2aadc06d","name":"ulqini","sameAs":["http:\/\/www.visit-ulcinj.com"],"url":"https:\/\/www.visit-ulcinj.com\/blog\/author\/admin\/"}]}},"jetpack_featured_media_url":"","jetpack_sharing_enabled":true,"jetpack_shortlink":"https:\/\/wp.me\/pe6lTn-fDh","_links":{"self":[{"href":"https:\/\/www.visit-ulcinj.com\/blog\/wp-json\/wp\/v2\/posts\/60095"}],"collection":[{"href":"https:\/\/www.visit-ulcinj.com\/blog\/wp-json\/wp\/v2\/posts"}],"about":[{"href":"https:\/\/www.visit-ulcinj.com\/blog\/wp-json\/wp\/v2\/types\/post"}],"author":[{"embeddable":true,"href":"https:\/\/www.visit-ulcinj.com\/blog\/wp-json\/wp\/v2\/users\/1"}],"replies":[{"embeddable":true,"href":"https:\/\/www.visit-ulcinj.com\/blog\/wp-json\/wp\/v2\/comments?post=60095"}],"version-history":[{"count":1,"href":"https:\/\/www.visit-ulcinj.com\/blog\/wp-json\/wp\/v2\/posts\/60095\/revisions"}],"predecessor-version":[{"id":60097,"href":"https:\/\/www.visit-ulcinj.com\/blog\/wp-json\/wp\/v2\/posts\/60095\/revisions\/60097"}],"wp:attachment":[{"href":"https:\/\/www.visit-ulcinj.com\/blog\/wp-json\/wp\/v2\/media?parent=60095"}],"wp:term":[{"taxonomy":"category","embeddable":true,"href":"https:\/\/www.visit-ulcinj.com\/blog\/wp-json\/wp\/v2\/categories?post=60095"},{"taxonomy":"post_tag","embeddable":true,"href":"https:\/\/www.visit-ulcinj.com\/blog\/wp-json\/wp\/v2\/tags?post=60095"}],"curies":[{"name":"wp","href":"https:\/\/api.w.org\/{rel}","templated":true}]}}