{"id":60098,"date":"2012-05-04T21:25:07","date_gmt":"2012-05-04T20:25:07","guid":{"rendered":"http:\/\/www.visit-ulcinj.com\/blog\/?p=60098"},"modified":"2012-05-04T21:25:07","modified_gmt":"2012-05-04T20:25:07","slug":"opstina-ulcinj-povecala-prihode-i-smanjila-rashode","status":"publish","type":"post","link":"https:\/\/www.visit-ulcinj.com\/blog\/2012\/05\/04\/opstina-ulcinj-povecala-prihode-i-smanjila-rashode\/","title":{"rendered":"Op\u0161tina Ulcinj pove\u0107ala prihode i smanjila rashode"},"content":{"rendered":"<p><a href=\"http:\/\/www.visit-ulcinj.com\/blog\/wp-content\/uploads\/2012\/05\/Ministar-finansija-_Milorada-Katnicpresednik_Ulcinja_-Nazif-Cungu.jpg\"><img loading=\"lazy\" class=\"alignleft size-full wp-image-60099\" title=\"Ministar finansija _Milorada Katnic,presednik_Ulcinja_ Nazif Cungu\" src=\"http:\/\/www.visit-ulcinj.com\/blog\/wp-content\/uploads\/2012\/05\/Ministar-finansija-_Milorada-Katnicpresednik_Ulcinja_-Nazif-Cungu.jpg\" alt=\"\" width=\"532\" height=\"300\" srcset=\"https:\/\/www.visit-ulcinj.com\/blog\/wp-content\/uploads\/2012\/05\/Ministar-finansija-_Milorada-Katnicpresednik_Ulcinja_-Nazif-Cungu.jpg 532w, https:\/\/www.visit-ulcinj.com\/blog\/wp-content\/uploads\/2012\/05\/Ministar-finansija-_Milorada-Katnicpresednik_Ulcinja_-Nazif-Cungu-300x169.jpg 300w\" sizes=\"(max-width: 532px) 100vw, 532px\" \/><\/a>Op\u0161tina Ulcinj smanjila rashode i zna\u010dajno pove\u0107ala prihode u odnosu na isti period pro\u0161le godine<\/p>\n<p>U cilju unaprije\u0111enja saradnje Ministarstva finansija i lokalnih samouprava, ministar finansija dr Milorad Katni\u0107 i pomo\u0107nik ministra Boris Bu\u0161kovi\u0107 sastali su se danas sa predsjednikom Op\u0161tine Ulcinj, Nazifom Cunguom.<\/p>\n<p>Na sastanku se analizirala finansijska situacija Op\u0161tine Ulcinj i konstatovano je da su zabilje\u017eeni pomaci u odnosu na isti period pro\u0161le godine, kada je rije\u010d o smanjenju tro\u0161kova, ali i zna\u010dajnom pove\u0107anju prihoda. Zajedni\u010dki je ocijenjeno da je neophodno nastaviti aktivnosti u cilju dalje konsolidacije javnih finansija Op\u0161tine Ulcinj.<\/p>\n<p>Predsjednik Op\u0161tine Ulcinj upoznao je ministra Katni\u0107a sa prvim rezultatima turisti\u010dke predsezone, koji su pozitivni i nagovje\u0161tavaju da bi ova sezona mogla biti uspje\u0161nija od prethodne.<\/p>\n<p>Na sastanku je razmatran status realizacije kapitalnih investicionih projekata i potvr\u0111en zajedni\u010dki stav o neophodnosti sprovo\u0111enja mjera u cilju unapre\u0111enja poslovnog ambijenta i privla\u010denja stranih direktnih investicija.<\/p>\n<p><em><strong>PR SLU\u017dBA <\/strong><\/em><strong><em><br \/>\n<em>MINISTARSTVA FINANSIJA<\/em><\/em><\/strong><\/p>\n","protected":false},"excerpt":{"rendered":"<p>Op\u0161tina Ulcinj smanjila rashode i zna\u010dajno pove\u0107ala prihode u odnosu na isti period pro\u0161le godine U cilju unaprije\u0111enja saradnje Ministarstva finansija i lokalnih samouprava, ministar finansija dr Milorad Katni\u0107 i pomo\u0107nik ministra Boris Bu\u0161kovi\u0107 sastali su se danas sa predsjednikom Op\u0161tine Ulcinj, Nazifom Cunguom. Na sastanku se analizirala finansijska situacija Op\u0161tine Ulcinj i konstatovano je [&hellip;]<\/p>\n","protected":false},"author":1,"featured_media":0,"comment_status":"open","ping_status":"closed","sticky":false,"template":"","format":"standard","meta":{"spay_email":"","jetpack_publicize_message":"","jetpack_is_tweetstorm":false,"jetpack_publicize_feature_enabled":true},"categories":[8337],"tags":[20428,20427,118,264],"jetpack_publicize_connections":[],"yoast_head":"<!-- This site is optimized with the Yoast SEO plugin v19.1 - https:\/\/yoast.com\/wordpress\/plugins\/seo\/ -->\n<title>Op\u0161tina Ulcinj pove\u0107ala prihode i smanjila rashode - Lajme nga Ulqini<\/title>\n<meta name=\"description\" content=\"Op\u0161tina Ulcinj smanjila rashode i zna\u010dajno pove\u0107ala prihode u odnosu na isti period pro\u0161le godine U cilju unaprije\u0111enja saradnje Ministarstva finansija i\" \/>\n<meta name=\"robots\" content=\"index, follow, max-snippet:-1, max-image-preview:large, max-video-preview:-1\" \/>\n<link rel=\"canonical\" href=\"https:\/\/www.visit-ulcinj.com\/blog\/2012\/05\/04\/opstina-ulcinj-povecala-prihode-i-smanjila-rashode\/\" \/>\n<meta property=\"og:locale\" content=\"en_US\" \/>\n<meta property=\"og:type\" content=\"article\" \/>\n<meta property=\"og:title\" content=\"Op\u0161tina Ulcinj pove\u0107ala prihode i smanjila rashode - Lajme nga Ulqini\" \/>\n<meta property=\"og:description\" content=\"Op\u0161tina Ulcinj smanjila rashode i zna\u010dajno pove\u0107ala prihode u odnosu na isti period pro\u0161le godine U cilju unaprije\u0111enja saradnje Ministarstva finansija i\" \/>\n<meta property=\"og:url\" content=\"https:\/\/www.visit-ulcinj.com\/blog\/2012\/05\/04\/opstina-ulcinj-povecala-prihode-i-smanjila-rashode\/\" \/>\n<meta property=\"og:site_name\" content=\"Lajme nga Ulqini\" \/>\n<meta property=\"article:published_time\" content=\"2012-05-04T20:25:07+00:00\" \/>\n<meta property=\"og:image\" content=\"http:\/\/www.visit-ulcinj.com\/blog\/wp-content\/uploads\/2012\/05\/Ministar-finansija-_Milorada-Katnicpresednik_Ulcinja_-Nazif-Cungu.jpg\" \/>\n<meta name=\"twitter:label1\" content=\"Written by\" \/>\n\t<meta name=\"twitter:data1\" content=\"ulqini\" \/>\n\t<meta name=\"twitter:label2\" content=\"Est. reading time\" \/>\n\t<meta name=\"twitter:data2\" content=\"1 minute\" \/>\n<script type=\"application\/ld+json\" class=\"yoast-schema-graph\">{\"@context\":\"https:\/\/schema.org\",\"@graph\":[{\"@type\":\"WebSite\",\"@id\":\"https:\/\/www.visit-ulcinj.com\/blog\/#website\",\"url\":\"https:\/\/www.visit-ulcinj.com\/blog\/\",\"name\":\"Lajme nga Ulqini\",\"description\":\"Lajme,Vijesti,Ulqini,Ulqin,Crna Gora,Mali i Zi\",\"potentialAction\":[{\"@type\":\"SearchAction\",\"target\":{\"@type\":\"EntryPoint\",\"urlTemplate\":\"https:\/\/www.visit-ulcinj.com\/blog\/?s={search_term_string}\"},\"query-input\":\"required name=search_term_string\"}],\"inLanguage\":\"en-US\"},{\"@type\":\"ImageObject\",\"inLanguage\":\"en-US\",\"@id\":\"https:\/\/www.visit-ulcinj.com\/blog\/2012\/05\/04\/opstina-ulcinj-povecala-prihode-i-smanjila-rashode\/#primaryimage\",\"url\":\"https:\/\/www.visit-ulcinj.com\/blog\/wp-content\/uploads\/2012\/05\/Ministar-finansija-_Milorada-Katnicpresednik_Ulcinja_-Nazif-Cungu.jpg\",\"contentUrl\":\"https:\/\/www.visit-ulcinj.com\/blog\/wp-content\/uploads\/2012\/05\/Ministar-finansija-_Milorada-Katnicpresednik_Ulcinja_-Nazif-Cungu.jpg\",\"width\":\"532\",\"height\":\"300\"},{\"@type\":\"WebPage\",\"@id\":\"https:\/\/www.visit-ulcinj.com\/blog\/2012\/05\/04\/opstina-ulcinj-povecala-prihode-i-smanjila-rashode\/#webpage\",\"url\":\"https:\/\/www.visit-ulcinj.com\/blog\/2012\/05\/04\/opstina-ulcinj-povecala-prihode-i-smanjila-rashode\/\",\"name\":\"Op\u0161tina Ulcinj pove\u0107ala prihode i smanjila rashode - Lajme nga Ulqini\",\"isPartOf\":{\"@id\":\"https:\/\/www.visit-ulcinj.com\/blog\/#website\"},\"primaryImageOfPage\":{\"@id\":\"https:\/\/www.visit-ulcinj.com\/blog\/2012\/05\/04\/opstina-ulcinj-povecala-prihode-i-smanjila-rashode\/#primaryimage\"},\"datePublished\":\"2012-05-04T20:25:07+00:00\",\"dateModified\":\"2012-05-04T20:25:07+00:00\",\"author\":{\"@id\":\"https:\/\/www.visit-ulcinj.com\/blog\/#\/schema\/person\/dcab619c614d3038751c63bc2aadc06d\"},\"description\":\"Op\u0161tina Ulcinj smanjila rashode i zna\u010dajno pove\u0107ala prihode u odnosu na isti period pro\u0161le godine U cilju unaprije\u0111enja saradnje Ministarstva finansija i\",\"breadcrumb\":{\"@id\":\"https:\/\/www.visit-ulcinj.com\/blog\/2012\/05\/04\/opstina-ulcinj-povecala-prihode-i-smanjila-rashode\/#breadcrumb\"},\"inLanguage\":\"en-US\",\"potentialAction\":[{\"@type\":\"ReadAction\",\"target\":[\"https:\/\/www.visit-ulcinj.com\/blog\/2012\/05\/04\/opstina-ulcinj-povecala-prihode-i-smanjila-rashode\/\"]}]},{\"@type\":\"BreadcrumbList\",\"@id\":\"https:\/\/www.visit-ulcinj.com\/blog\/2012\/05\/04\/opstina-ulcinj-povecala-prihode-i-smanjila-rashode\/#breadcrumb\",\"itemListElement\":[{\"@type\":\"ListItem\",\"position\":1,\"name\":\"Op\u0161tina Ulcinj pove\u0107ala prihode i smanjila rashode\"}]},{\"@type\":\"Person\",\"@id\":\"https:\/\/www.visit-ulcinj.com\/blog\/#\/schema\/person\/dcab619c614d3038751c63bc2aadc06d\",\"name\":\"ulqini\",\"sameAs\":[\"http:\/\/www.visit-ulcinj.com\"],\"url\":\"https:\/\/www.visit-ulcinj.com\/blog\/author\/admin\/\"}]}<\/script>\n<!-- \/ Yoast SEO plugin. -->","yoast_head_json":{"title":"Op\u0161tina Ulcinj pove\u0107ala prihode i smanjila rashode - Lajme nga Ulqini","description":"Op\u0161tina Ulcinj smanjila rashode i zna\u010dajno pove\u0107ala prihode u odnosu na isti period pro\u0161le godine U cilju unaprije\u0111enja saradnje Ministarstva finansija i","robots":{"index":"index","follow":"follow","max-snippet":"max-snippet:-1","max-image-preview":"max-image-preview:large","max-video-preview":"max-video-preview:-1"},"canonical":"https:\/\/www.visit-ulcinj.com\/blog\/2012\/05\/04\/opstina-ulcinj-povecala-prihode-i-smanjila-rashode\/","og_locale":"en_US","og_type":"article","og_title":"Op\u0161tina Ulcinj pove\u0107ala prihode i smanjila rashode - Lajme nga Ulqini","og_description":"Op\u0161tina Ulcinj smanjila rashode i zna\u010dajno pove\u0107ala prihode u odnosu na isti period pro\u0161le godine U cilju unaprije\u0111enja saradnje Ministarstva finansija i","og_url":"https:\/\/www.visit-ulcinj.com\/blog\/2012\/05\/04\/opstina-ulcinj-povecala-prihode-i-smanjila-rashode\/","og_site_name":"Lajme nga Ulqini","article_published_time":"2012-05-04T20:25:07+00:00","og_image":[{"url":"http:\/\/www.visit-ulcinj.com\/blog\/wp-content\/uploads\/2012\/05\/Ministar-finansija-_Milorada-Katnicpresednik_Ulcinja_-Nazif-Cungu.jpg"}],"twitter_misc":{"Written by":"ulqini","Est. reading time":"1 minute"},"schema":{"@context":"https:\/\/schema.org","@graph":[{"@type":"WebSite","@id":"https:\/\/www.visit-ulcinj.com\/blog\/#website","url":"https:\/\/www.visit-ulcinj.com\/blog\/","name":"Lajme nga Ulqini","description":"Lajme,Vijesti,Ulqini,Ulqin,Crna Gora,Mali i Zi","potentialAction":[{"@type":"SearchAction","target":{"@type":"EntryPoint","urlTemplate":"https:\/\/www.visit-ulcinj.com\/blog\/?s={search_term_string}"},"query-input":"required name=search_term_string"}],"inLanguage":"en-US"},{"@type":"ImageObject","inLanguage":"en-US","@id":"https:\/\/www.visit-ulcinj.com\/blog\/2012\/05\/04\/opstina-ulcinj-povecala-prihode-i-smanjila-rashode\/#primaryimage","url":"https:\/\/www.visit-ulcinj.com\/blog\/wp-content\/uploads\/2012\/05\/Ministar-finansija-_Milorada-Katnicpresednik_Ulcinja_-Nazif-Cungu.jpg","contentUrl":"https:\/\/www.visit-ulcinj.com\/blog\/wp-content\/uploads\/2012\/05\/Ministar-finansija-_Milorada-Katnicpresednik_Ulcinja_-Nazif-Cungu.jpg","width":"532","height":"300"},{"@type":"WebPage","@id":"https:\/\/www.visit-ulcinj.com\/blog\/2012\/05\/04\/opstina-ulcinj-povecala-prihode-i-smanjila-rashode\/#webpage","url":"https:\/\/www.visit-ulcinj.com\/blog\/2012\/05\/04\/opstina-ulcinj-povecala-prihode-i-smanjila-rashode\/","name":"Op\u0161tina Ulcinj pove\u0107ala prihode i smanjila rashode - Lajme nga Ulqini","isPartOf":{"@id":"https:\/\/www.visit-ulcinj.com\/blog\/#website"},"primaryImageOfPage":{"@id":"https:\/\/www.visit-ulcinj.com\/blog\/2012\/05\/04\/opstina-ulcinj-povecala-prihode-i-smanjila-rashode\/#primaryimage"},"datePublished":"2012-05-04T20:25:07+00:00","dateModified":"2012-05-04T20:25:07+00:00","author":{"@id":"https:\/\/www.visit-ulcinj.com\/blog\/#\/schema\/person\/dcab619c614d3038751c63bc2aadc06d"},"description":"Op\u0161tina Ulcinj smanjila rashode i zna\u010dajno pove\u0107ala prihode u odnosu na isti period pro\u0161le godine U cilju unaprije\u0111enja saradnje Ministarstva finansija i","breadcrumb":{"@id":"https:\/\/www.visit-ulcinj.com\/blog\/2012\/05\/04\/opstina-ulcinj-povecala-prihode-i-smanjila-rashode\/#breadcrumb"},"inLanguage":"en-US","potentialAction":[{"@type":"ReadAction","target":["https:\/\/www.visit-ulcinj.com\/blog\/2012\/05\/04\/opstina-ulcinj-povecala-prihode-i-smanjila-rashode\/"]}]},{"@type":"BreadcrumbList","@id":"https:\/\/www.visit-ulcinj.com\/blog\/2012\/05\/04\/opstina-ulcinj-povecala-prihode-i-smanjila-rashode\/#breadcrumb","itemListElement":[{"@type":"ListItem","position":1,"name":"Op\u0161tina Ulcinj pove\u0107ala prihode i smanjila rashode"}]},{"@type":"Person","@id":"https:\/\/www.visit-ulcinj.com\/blog\/#\/schema\/person\/dcab619c614d3038751c63bc2aadc06d","name":"ulqini","sameAs":["http:\/\/www.visit-ulcinj.com"],"url":"https:\/\/www.visit-ulcinj.com\/blog\/author\/admin\/"}]}},"jetpack_featured_media_url":"","jetpack_sharing_enabled":true,"jetpack_shortlink":"https:\/\/wp.me\/pe6lTn-fDk","_links":{"self":[{"href":"https:\/\/www.visit-ulcinj.com\/blog\/wp-json\/wp\/v2\/posts\/60098"}],"collection":[{"href":"https:\/\/www.visit-ulcinj.com\/blog\/wp-json\/wp\/v2\/posts"}],"about":[{"href":"https:\/\/www.visit-ulcinj.com\/blog\/wp-json\/wp\/v2\/types\/post"}],"author":[{"embeddable":true,"href":"https:\/\/www.visit-ulcinj.com\/blog\/wp-json\/wp\/v2\/users\/1"}],"replies":[{"embeddable":true,"href":"https:\/\/www.visit-ulcinj.com\/blog\/wp-json\/wp\/v2\/comments?post=60098"}],"version-history":[{"count":1,"href":"https:\/\/www.visit-ulcinj.com\/blog\/wp-json\/wp\/v2\/posts\/60098\/revisions"}],"predecessor-version":[{"id":60100,"href":"https:\/\/www.visit-ulcinj.com\/blog\/wp-json\/wp\/v2\/posts\/60098\/revisions\/60100"}],"wp:attachment":[{"href":"https:\/\/www.visit-ulcinj.com\/blog\/wp-json\/wp\/v2\/media?parent=60098"}],"wp:term":[{"taxonomy":"category","embeddable":true,"href":"https:\/\/www.visit-ulcinj.com\/blog\/wp-json\/wp\/v2\/categories?post=60098"},{"taxonomy":"post_tag","embeddable":true,"href":"https:\/\/www.visit-ulcinj.com\/blog\/wp-json\/wp\/v2\/tags?post=60098"}],"curies":[{"name":"wp","href":"https:\/\/api.w.org\/{rel}","templated":true}]}}