{"id":60106,"date":"2012-05-05T11:08:20","date_gmt":"2012-05-05T10:08:20","guid":{"rendered":"http:\/\/www.visit-ulcinj.com\/blog\/?p=60106"},"modified":"2012-05-09T18:47:54","modified_gmt":"2012-05-09T17:47:54","slug":"dezurni-i-realni-optimisti-ulcinja","status":"publish","type":"post","link":"https:\/\/www.visit-ulcinj.com\/blog\/2012\/05\/05\/dezurni-i-realni-optimisti-ulcinja\/","title":{"rendered":"De\u017eurni i realni optimisti Ulcinja"},"content":{"rendered":"<p><a href=\"http:\/\/www.visit-ulcinj.com\/blog\/wp-content\/uploads\/2012\/05\/Most-na-port-Milenu-Ulcinj.1.jpg\"><img loading=\"lazy\" class=\"alignleft  wp-image-60107\" title=\"Most na port Milenu - Ulcinj.1\" src=\"http:\/\/www.visit-ulcinj.com\/blog\/wp-content\/uploads\/2012\/05\/Most-na-port-Milenu-Ulcinj.1.jpg\" alt=\"\" width=\"508\" height=\"380\" \/><\/a>U op\u0161tinskoj vlasti s optimizmom tvrde da je prakti\u010dno sve spremno da predstoje\u0107a sezona bude uspje\u0161nija od lanjske, koja je bila veoma dobra. Predsjednik op\u0161tine Nazif Cungu ka\u017ee da \u0107e pred sezonu Ulcinj dobiti novi most na Port Mileni pa \u0107e gu\u017eve prema Velikoj pla\u017ei i Adi biti znatno manje, regionalni vodovod sti\u0107i \u0107e i u Ulcinj, \u0161to zna\u010di da ne bi trebalo da bude uobi\u010dajenih problema u vodosnabdjevanju, bi\u0107e zavr\u0161ena jedna dionica puta od grani\u010dnog prijelaza Sukobin prema Ulcinju, izgra\u0111ena nova sanitarna deponija, u izgledu je i kredit od gotovo 900 hiljada eura za nabavku vozila za odvoz sme\u0107a, a bi\u0107e postavljeni i kolektori za pre\u010di\u0161\u0107avanje voda na kanalu Port Mileni&#8230; On navodi i da su najave s emitivnih tr\u017ei\u0161ta dobre, te da zavidan broj turista treba o\u010dekivati ve\u0107 za prvomajske praznike, \u0161to potvr\u0111uju i iz Ulcinjske rivijere, jo\u0161 uvijek najve\u0107eg hotelsko-turisti\u010dkog preduze\u0107a u gradu. \u201eBuking za naredno ljeto je odli\u010dan, a iz agencija s kojima sara\u0111ujemo imamo pove\u0107ano interesovanje ne samo za pro\u0161irenje zakupljenih kapaciteta, ve\u0107 i za produ\u017eetak vremena kori\u0161\u0107enja&#8221;, navode iz tog preduze\u0107a i isti\u010du da \u0107e njema\u010dki naturisti sti\u0107i na Adu ve\u0107 po\u010detkom maja. No, pretjerani optimizam ne gaje privatni hotelijeri i ugostitelji. \u201eBuking je na nivou pro\u0161le godine&#8221;, ka\u017ee vlasnik hotela Dolcino Hasan Karamanaga, dok direktor agencije Bonitaturs Munib Abazovi\u0107 o\u010dekuje da \u0107e tek narednih dana biti postignuti neki konkretniji dogovori s inostranim agencijama.<\/p>\n<p><a href=\"http:\/\/www.visit-ulcinj.com\/blog\/wp-content\/uploads\/2012\/05\/SUKOBIN-MURIQAN.jpg\"><img loading=\"lazy\" class=\"alignleft  wp-image-60108\" title=\"SUKOBIN - MURIQAN\" src=\"http:\/\/www.visit-ulcinj.com\/blog\/wp-content\/uploads\/2012\/05\/SUKOBIN-MURIQAN.jpg\" alt=\"\" width=\"508\" height=\"300\" \/><\/a><\/p>\n<p>Ali, malo je toga novog \u0161to gosti ovog ljeta mogu vidjeti u Ulcinju. Nema novih hotela, neke atraktivnije ponude, pa ni novih parking mjesta, iako je saobra\u0107ajna gu\u017eva, uz buku, jedan od najve\u0107ih problema u gradu. Kako \u0107e gra\u0111ani poku\u0161avati da \u0161to vi\u0161e zarade, veliki \u0107e izazov biti suzbijanje dilera i prodavaca na ulicama, posebno nepla\u0107anja boravi\u0161ne takse, pa \u0107e veliki teret biti na nedovoljno sna\u017enim inspekcijskim organima dr\u017eave i op\u0161tine. U op\u0161tinskoj vlasti najvi\u0161e se \u017eale na ogromne dugove koje su im ostavili prethodnici. Prema njihovim rije\u010dima, ta cifra se kre\u0107e oko 20 miliona eura. \u201eNedavno su nam na naplatu do\u0161la potra\u017eivanja Severine, koja je krajem aprila 2009. godine odr\u017eala koncert u ovom gardu&#8221;, rekao je Cungu. No, svakako je nainteresantnije da Ulcinj ve\u0107 mjesecima ima &#8211; dva direktora Turisti\u010dke organizacije!? Tako je smijenjeni direktor Ali Red\u017ea predstavljao Ulcinj na sajmu turizma u Budvi, dok je novi direktor Minir Karamanaga sa Cunguom bio u Pri\u0161tini. \u010cini se da \u0107e ova lakrdija jo\u0161 dugo trajati, jer se \u010deka na njen sudski epilog.<\/p>\n<p><a href=\"http:\/\/www.visit-ulcinj.com\/blog\/wp-content\/uploads\/2012\/05\/TO-Ulcinj_Dva-direktora-u-jednoj-fotelji_Karamanaga_Redza.jpg\"><img loading=\"lazy\" class=\"alignleft  wp-image-60109\" title=\"TO-Ulcinj_Dva-direktora-u-jednoj-fotelji_Karamanaga_Redza\" src=\"http:\/\/www.visit-ulcinj.com\/blog\/wp-content\/uploads\/2012\/05\/TO-Ulcinj_Dva-direktora-u-jednoj-fotelji_Karamanaga_Redza.jpg\" alt=\"\" width=\"508\" height=\"300\" \/><\/a><\/p>\n<p>Da se otvorena pitanja veoma te\u0161ko rje\u0161avaju pokazuje problem \u0161ezdesetak radnika hotela Otrant. Naime, novi zakupci tog hotela ne bi htjeli da imaju nikakvih obaveza prema zapo\u0161ljenima, koji tra\u017ee da im se isplati devet zaostalih plata i reguli\u0161e njihov status. Kako navode u sindikalanoj organizaciji, radnici \u0107e blokirati kapiju hotela, \u010dije je otvaranje najavljeno za 27. april. Ina\u010de, tim objektom donedavno je gazdovala ruska kompanija Barkli Montenegro, koja je hotel kupila 2004. godine. Prvi direktor tog objekta bila je, ina\u010de, Natalija Panina, kojoj se u odsustvu sudi za slu\u010daj Zavala. Prodaja Otranta bila je \u0161kolski primjer korupcije i organizovanog kriminala, pa su radnici podigli krivi\u010dne prijave protiv dva \u010dlana Tenderske komisije, biv\u0161eg ministra turizma Predraga Nenezi\u0107a i biv\u0161eg direktora Ulcinjske rivijere Miomira Jak\u0161i\u0107a. \u201eBiv\u0161i gazda hotela je li\u010dno pred radnicima izjavio da je za hotel dao mnogo vi\u0161e od 2,5 miliona eura, za koliko je zvani\u010dno objavljeno da je hotel prodat&#8221;, ka\u017ee \u010dlan sindikata Otranta Amir Resulbegovi\u0107 i poziva specijalnu tu\u017eiteljku za organizovani kriminal \u0110ur\u0111inu Ivanovi\u0107 da reaguje po njihovoj tu\u017ebi. \u201eU suprotnom, smatra\u0107emo da su poruke \u201eprijavi korupciju&#8221;, koje vidimo na svakom koraku, maska i velika farsa&#8221;, isti\u010de on.<\/p>\n<p><a href=\"http:\/\/www.visit-ulcinj.com\/blog\/wp-content\/uploads\/2012\/05\/SUKOBIN-MURIQAN.1.jpg\"><img loading=\"lazy\" class=\"alignleft  wp-image-60110\" title=\"SUKOBIN - MURIQAN.1\" src=\"http:\/\/www.visit-ulcinj.com\/blog\/wp-content\/uploads\/2012\/05\/SUKOBIN-MURIQAN.1.jpg\" alt=\"\" width=\"508\" height=\"300\" \/><\/a><\/p>\n<p>&nbsp;<\/p>\n<p>Efekti navedenih projekata ubrzo \u0107e se pokazati, a otvorenih pitanja je mnogo, posebno oko funkcionisanja saobra\u0107aja na izlasku sa novog mosta prema Velikoj pla\u017ei i Adi. Jer, tek se moraju izgraditi pristupni putevi, a vremena je malo. Pitanje je, tako\u0111e, koliko \u0107e 6,5 kilometara puta, od ukupno 24 kilometra do granice sa Albanijom, uspjeti da rastereti promet na putu kojim u Ulcinj sti\u017ee tri \u010detvrtine turista. Veliki je problem i zadr\u017eavanje na granici, jer ono tokom ljeta u prosjeku traje tri do \u010detiri sata. Zato je u Ulcinju bilo nu\u017eno oformiti Radnu grupu za izradu strategije destinacijskog menad\u017ementa. Jer, turizam se doga\u0111a na lokalnom nivou i dobrom vizijom i aktivnostima bi se ta privredna grana mnogo br\u017ee trebala pokrenuti. Za po\u010detak, moglo se krenuti u realizaciju projekta objedinjavanja kapaciteta u malim hotelima, vilama i apartmanima. Samo dobrom i ciljanom promocijom, te prije svega kvalitetnim aktivnostima u destinaciji, promijeni\u0107e se percepcija Ulcinja kao isklju\u010divo ljetnjeg odredi\u0161ta. Dok se to ne desi, svaka sezona u toj op\u0161tini \u0107e se odvijati u poja\u010danoj nervozi, jer \u0107e svi poku\u0161avati da \u0161to vi\u0161e zarade kako bi bar malo opu\u0161tenije \u010dekali zimu i otpla\u0107ivali kredite bankama.<\/p>\n<p><strong><a href=\"http:\/\/www.monitor.co.me\/index.php?option=com_content&amp;view=article&amp;id=3434:deurni-i-realni-optimisti&amp;catid=2326:broj-1123&amp;Itemid=3554\" target=\"_blank\">Mustafa CANKA<\/a><\/strong><\/p>\n<p>Monitor.co.me<\/p>\n<p><strong>\n\t\t<style type=\"text\/css\">\n\t\t\t#gallery-1 {\n\t\t\t\tmargin: auto;\n\t\t\t}\n\t\t\t#gallery-1 .gallery-item {\n\t\t\t\tfloat: left;\n\t\t\t\tmargin-top: 10px;\n\t\t\t\ttext-align: center;\n\t\t\t\twidth: 33%;\n\t\t\t}\n\t\t\t#gallery-1 img {\n\t\t\t\tborder: 2px solid #cfcfcf;\n\t\t\t}\n\t\t\t#gallery-1 .gallery-caption {\n\t\t\t\tmargin-left: 0;\n\t\t\t}\n\t\t\t\/* see gallery_shortcode() in wp-includes\/media.php *\/\n\t\t<\/style>\n\t\t<div id='gallery-1' class='gallery galleryid-60106 gallery-columns-3 gallery-size-thumbnail'><dl class='gallery-item'>\n\t\t\t<dt class='gallery-icon landscape'>\n\t\t\t\t<a href='https:\/\/www.visit-ulcinj.com\/blog\/wp-content\/uploads\/2012\/05\/Most-na-port-Milenu-Ulcinj.1.jpg'><img width=\"150\" height=\"150\" src=\"https:\/\/www.visit-ulcinj.com\/blog\/wp-content\/uploads\/2012\/05\/Most-na-port-Milenu-Ulcinj.1-150x150.jpg\" class=\"attachment-thumbnail size-thumbnail\" alt=\"\" loading=\"lazy\" \/><\/a>\n\t\t\t<\/dt><\/dl><dl class='gallery-item'>\n\t\t\t<dt class='gallery-icon landscape'>\n\t\t\t\t<a href='https:\/\/www.visit-ulcinj.com\/blog\/wp-content\/uploads\/2012\/05\/SUKOBIN-MURIQAN.jpg'><img width=\"150\" height=\"150\" src=\"https:\/\/www.visit-ulcinj.com\/blog\/wp-content\/uploads\/2012\/05\/SUKOBIN-MURIQAN-150x150.jpg\" class=\"attachment-thumbnail size-thumbnail\" alt=\"\" loading=\"lazy\" \/><\/a>\n\t\t\t<\/dt><\/dl><dl class='gallery-item'>\n\t\t\t<dt class='gallery-icon landscape'>\n\t\t\t\t<a href='https:\/\/www.visit-ulcinj.com\/blog\/wp-content\/uploads\/2012\/05\/TO-Ulcinj_Dva-direktora-u-jednoj-fotelji_Karamanaga_Redza.jpg'><img width=\"150\" height=\"150\" src=\"https:\/\/www.visit-ulcinj.com\/blog\/wp-content\/uploads\/2012\/05\/TO-Ulcinj_Dva-direktora-u-jednoj-fotelji_Karamanaga_Redza-150x150.jpg\" class=\"attachment-thumbnail size-thumbnail\" alt=\"\" loading=\"lazy\" \/><\/a>\n\t\t\t<\/dt><\/dl><br style=\"clear: both\" \/><dl class='gallery-item'>\n\t\t\t<dt class='gallery-icon landscape'>\n\t\t\t\t<a href='https:\/\/www.visit-ulcinj.com\/blog\/wp-content\/uploads\/2012\/05\/SUKOBIN-MURIQAN.1.jpg'><img width=\"150\" height=\"150\" src=\"https:\/\/www.visit-ulcinj.com\/blog\/wp-content\/uploads\/2012\/05\/SUKOBIN-MURIQAN.1-150x150.jpg\" class=\"attachment-thumbnail size-thumbnail\" alt=\"\" loading=\"lazy\" \/><\/a>\n\t\t\t<\/dt><\/dl><dl class='gallery-item'>\n\t\t\t<dt class='gallery-icon landscape'>\n\t\t\t\t<a href='https:\/\/www.visit-ulcinj.com\/blog\/wp-content\/uploads\/2012\/05\/Most-na-port-Milenu-Ulcinj.2.jpg'><img width=\"150\" height=\"150\" src=\"https:\/\/www.visit-ulcinj.com\/blog\/wp-content\/uploads\/2012\/05\/Most-na-port-Milenu-Ulcinj.2-150x150.jpg\" class=\"attachment-thumbnail size-thumbnail\" alt=\"\" loading=\"lazy\" \/><\/a>\n\t\t\t<\/dt><\/dl><dl class='gallery-item'>\n\t\t\t<dt class='gallery-icon landscape'>\n\t\t\t\t<a href='https:\/\/www.visit-ulcinj.com\/blog\/wp-content\/uploads\/2012\/05\/Most-na-port-Milenu-Ulcinj.jpg'><img width=\"150\" height=\"150\" src=\"https:\/\/www.visit-ulcinj.com\/blog\/wp-content\/uploads\/2012\/05\/Most-na-port-Milenu-Ulcinj-150x150.jpg\" class=\"attachment-thumbnail size-thumbnail\" alt=\"\" loading=\"lazy\" \/><\/a>\n\t\t\t<\/dt><\/dl><br style=\"clear: both\" \/>\n\t\t<\/div>\n<\/p>\n<p><\/strong><!--YouTube Error: bad URL entered--><\/p>\n","protected":false},"excerpt":{"rendered":"<p>U op\u0161tinskoj vlasti s optimizmom tvrde da je prakti\u010dno sve spremno da predstoje\u0107a sezona bude uspje\u0161nija od lanjske, koja je bila veoma dobra. Predsjednik op\u0161tine Nazif Cungu ka\u017ee da \u0107e pred sezonu Ulcinj dobiti novi most na Port Mileni pa \u0107e gu\u017eve prema Velikoj pla\u017ei i Adi biti znatno manje, regionalni vodovod sti\u0107i \u0107e i [&hellip;]<\/p>\n","protected":false},"author":1,"featured_media":0,"comment_status":"open","ping_status":"closed","sticky":false,"template":"","format":"standard","meta":{"spay_email":"","jetpack_publicize_message":"","jetpack_is_tweetstorm":false,"jetpack_publicize_feature_enabled":true},"categories":[6950],"tags":[19],"jetpack_publicize_connections":[],"yoast_head":"<!-- This site is optimized with the Yoast SEO plugin v19.1 - https:\/\/yoast.com\/wordpress\/plugins\/seo\/ -->\n<title>De\u017eurni i realni optimisti Ulcinja - Lajme nga Ulqini<\/title>\n<meta name=\"description\" content=\"U op\u0161tinskoj vlasti s optimizmom tvrde da je prakti\u010dno sve spremno da predstoje\u0107a sezona bude uspje\u0161nija od lanjske, koja je bila veoma dobra. Predsjednik\" \/>\n<meta name=\"robots\" content=\"index, follow, max-snippet:-1, max-image-preview:large, max-video-preview:-1\" \/>\n<link rel=\"canonical\" href=\"https:\/\/www.visit-ulcinj.com\/blog\/2012\/05\/05\/dezurni-i-realni-optimisti-ulcinja\/\" \/>\n<meta property=\"og:locale\" content=\"en_US\" \/>\n<meta property=\"og:type\" content=\"article\" \/>\n<meta property=\"og:title\" content=\"De\u017eurni i realni optimisti Ulcinja - Lajme nga Ulqini\" \/>\n<meta property=\"og:description\" content=\"U op\u0161tinskoj vlasti s optimizmom tvrde da je prakti\u010dno sve spremno da predstoje\u0107a sezona bude uspje\u0161nija od lanjske, koja je bila veoma dobra. Predsjednik\" \/>\n<meta property=\"og:url\" content=\"https:\/\/www.visit-ulcinj.com\/blog\/2012\/05\/05\/dezurni-i-realni-optimisti-ulcinja\/\" \/>\n<meta property=\"og:site_name\" content=\"Lajme nga Ulqini\" \/>\n<meta property=\"article:published_time\" content=\"2012-05-05T10:08:20+00:00\" \/>\n<meta property=\"article:modified_time\" content=\"2012-05-09T17:47:54+00:00\" \/>\n<meta property=\"og:image\" content=\"https:\/\/www.visit-ulcinj.com\/blog\/wp-content\/uploads\/2012\/05\/Most-na-port-Milenu-Ulcinj.1-150x150.jpg\" \/>\n<meta name=\"twitter:label1\" content=\"Written by\" \/>\n\t<meta name=\"twitter:data1\" content=\"ulqini\" \/>\n\t<meta name=\"twitter:label2\" content=\"Est. reading time\" \/>\n\t<meta name=\"twitter:data2\" content=\"4 minutes\" \/>\n<script type=\"application\/ld+json\" class=\"yoast-schema-graph\">{\"@context\":\"https:\/\/schema.org\",\"@graph\":[{\"@type\":\"WebSite\",\"@id\":\"https:\/\/www.visit-ulcinj.com\/blog\/#website\",\"url\":\"https:\/\/www.visit-ulcinj.com\/blog\/\",\"name\":\"Lajme nga Ulqini\",\"description\":\"Lajme,Vijesti,Ulqini,Ulqin,Crna Gora,Mali i Zi\",\"potentialAction\":[{\"@type\":\"SearchAction\",\"target\":{\"@type\":\"EntryPoint\",\"urlTemplate\":\"https:\/\/www.visit-ulcinj.com\/blog\/?s={search_term_string}\"},\"query-input\":\"required name=search_term_string\"}],\"inLanguage\":\"en-US\"},{\"@type\":\"ImageObject\",\"inLanguage\":\"en-US\",\"@id\":\"https:\/\/www.visit-ulcinj.com\/blog\/2012\/05\/05\/dezurni-i-realni-optimisti-ulcinja\/#primaryimage\",\"url\":\"https:\/\/www.visit-ulcinj.com\/blog\/wp-content\/uploads\/2012\/05\/Most-na-port-Milenu-Ulcinj.1.jpg\",\"contentUrl\":\"https:\/\/www.visit-ulcinj.com\/blog\/wp-content\/uploads\/2012\/05\/Most-na-port-Milenu-Ulcinj.1.jpg\",\"width\":\"1000\",\"height\":\"662\"},{\"@type\":\"WebPage\",\"@id\":\"https:\/\/www.visit-ulcinj.com\/blog\/2012\/05\/05\/dezurni-i-realni-optimisti-ulcinja\/#webpage\",\"url\":\"https:\/\/www.visit-ulcinj.com\/blog\/2012\/05\/05\/dezurni-i-realni-optimisti-ulcinja\/\",\"name\":\"De\u017eurni i realni optimisti Ulcinja - Lajme nga Ulqini\",\"isPartOf\":{\"@id\":\"https:\/\/www.visit-ulcinj.com\/blog\/#website\"},\"primaryImageOfPage\":{\"@id\":\"https:\/\/www.visit-ulcinj.com\/blog\/2012\/05\/05\/dezurni-i-realni-optimisti-ulcinja\/#primaryimage\"},\"datePublished\":\"2012-05-05T10:08:20+00:00\",\"dateModified\":\"2012-05-09T17:47:54+00:00\",\"author\":{\"@id\":\"https:\/\/www.visit-ulcinj.com\/blog\/#\/schema\/person\/dcab619c614d3038751c63bc2aadc06d\"},\"description\":\"U op\u0161tinskoj vlasti s optimizmom tvrde da je prakti\u010dno sve spremno da predstoje\u0107a sezona bude uspje\u0161nija od lanjske, koja je bila veoma dobra. Predsjednik\",\"breadcrumb\":{\"@id\":\"https:\/\/www.visit-ulcinj.com\/blog\/2012\/05\/05\/dezurni-i-realni-optimisti-ulcinja\/#breadcrumb\"},\"inLanguage\":\"en-US\",\"potentialAction\":[{\"@type\":\"ReadAction\",\"target\":[\"https:\/\/www.visit-ulcinj.com\/blog\/2012\/05\/05\/dezurni-i-realni-optimisti-ulcinja\/\"]}]},{\"@type\":\"BreadcrumbList\",\"@id\":\"https:\/\/www.visit-ulcinj.com\/blog\/2012\/05\/05\/dezurni-i-realni-optimisti-ulcinja\/#breadcrumb\",\"itemListElement\":[{\"@type\":\"ListItem\",\"position\":1,\"name\":\"De\u017eurni i realni optimisti Ulcinja\"}]},{\"@type\":\"Person\",\"@id\":\"https:\/\/www.visit-ulcinj.com\/blog\/#\/schema\/person\/dcab619c614d3038751c63bc2aadc06d\",\"name\":\"ulqini\",\"sameAs\":[\"http:\/\/www.visit-ulcinj.com\"],\"url\":\"https:\/\/www.visit-ulcinj.com\/blog\/author\/admin\/\"}]}<\/script>\n<!-- \/ Yoast SEO plugin. -->","yoast_head_json":{"title":"De\u017eurni i realni optimisti Ulcinja - Lajme nga Ulqini","description":"U op\u0161tinskoj vlasti s optimizmom tvrde da je prakti\u010dno sve spremno da predstoje\u0107a sezona bude uspje\u0161nija od lanjske, koja je bila veoma dobra. Predsjednik","robots":{"index":"index","follow":"follow","max-snippet":"max-snippet:-1","max-image-preview":"max-image-preview:large","max-video-preview":"max-video-preview:-1"},"canonical":"https:\/\/www.visit-ulcinj.com\/blog\/2012\/05\/05\/dezurni-i-realni-optimisti-ulcinja\/","og_locale":"en_US","og_type":"article","og_title":"De\u017eurni i realni optimisti Ulcinja - Lajme nga Ulqini","og_description":"U op\u0161tinskoj vlasti s optimizmom tvrde da je prakti\u010dno sve spremno da predstoje\u0107a sezona bude uspje\u0161nija od lanjske, koja je bila veoma dobra. Predsjednik","og_url":"https:\/\/www.visit-ulcinj.com\/blog\/2012\/05\/05\/dezurni-i-realni-optimisti-ulcinja\/","og_site_name":"Lajme nga Ulqini","article_published_time":"2012-05-05T10:08:20+00:00","article_modified_time":"2012-05-09T17:47:54+00:00","og_image":[{"url":"https:\/\/www.visit-ulcinj.com\/blog\/wp-content\/uploads\/2012\/05\/Most-na-port-Milenu-Ulcinj.1-150x150.jpg"}],"twitter_misc":{"Written by":"ulqini","Est. reading time":"4 minutes"},"schema":{"@context":"https:\/\/schema.org","@graph":[{"@type":"WebSite","@id":"https:\/\/www.visit-ulcinj.com\/blog\/#website","url":"https:\/\/www.visit-ulcinj.com\/blog\/","name":"Lajme nga Ulqini","description":"Lajme,Vijesti,Ulqini,Ulqin,Crna Gora,Mali i Zi","potentialAction":[{"@type":"SearchAction","target":{"@type":"EntryPoint","urlTemplate":"https:\/\/www.visit-ulcinj.com\/blog\/?s={search_term_string}"},"query-input":"required name=search_term_string"}],"inLanguage":"en-US"},{"@type":"ImageObject","inLanguage":"en-US","@id":"https:\/\/www.visit-ulcinj.com\/blog\/2012\/05\/05\/dezurni-i-realni-optimisti-ulcinja\/#primaryimage","url":"https:\/\/www.visit-ulcinj.com\/blog\/wp-content\/uploads\/2012\/05\/Most-na-port-Milenu-Ulcinj.1.jpg","contentUrl":"https:\/\/www.visit-ulcinj.com\/blog\/wp-content\/uploads\/2012\/05\/Most-na-port-Milenu-Ulcinj.1.jpg","width":"1000","height":"662"},{"@type":"WebPage","@id":"https:\/\/www.visit-ulcinj.com\/blog\/2012\/05\/05\/dezurni-i-realni-optimisti-ulcinja\/#webpage","url":"https:\/\/www.visit-ulcinj.com\/blog\/2012\/05\/05\/dezurni-i-realni-optimisti-ulcinja\/","name":"De\u017eurni i realni optimisti Ulcinja - Lajme nga Ulqini","isPartOf":{"@id":"https:\/\/www.visit-ulcinj.com\/blog\/#website"},"primaryImageOfPage":{"@id":"https:\/\/www.visit-ulcinj.com\/blog\/2012\/05\/05\/dezurni-i-realni-optimisti-ulcinja\/#primaryimage"},"datePublished":"2012-05-05T10:08:20+00:00","dateModified":"2012-05-09T17:47:54+00:00","author":{"@id":"https:\/\/www.visit-ulcinj.com\/blog\/#\/schema\/person\/dcab619c614d3038751c63bc2aadc06d"},"description":"U op\u0161tinskoj vlasti s optimizmom tvrde da je prakti\u010dno sve spremno da predstoje\u0107a sezona bude uspje\u0161nija od lanjske, koja je bila veoma dobra. Predsjednik","breadcrumb":{"@id":"https:\/\/www.visit-ulcinj.com\/blog\/2012\/05\/05\/dezurni-i-realni-optimisti-ulcinja\/#breadcrumb"},"inLanguage":"en-US","potentialAction":[{"@type":"ReadAction","target":["https:\/\/www.visit-ulcinj.com\/blog\/2012\/05\/05\/dezurni-i-realni-optimisti-ulcinja\/"]}]},{"@type":"BreadcrumbList","@id":"https:\/\/www.visit-ulcinj.com\/blog\/2012\/05\/05\/dezurni-i-realni-optimisti-ulcinja\/#breadcrumb","itemListElement":[{"@type":"ListItem","position":1,"name":"De\u017eurni i realni optimisti Ulcinja"}]},{"@type":"Person","@id":"https:\/\/www.visit-ulcinj.com\/blog\/#\/schema\/person\/dcab619c614d3038751c63bc2aadc06d","name":"ulqini","sameAs":["http:\/\/www.visit-ulcinj.com"],"url":"https:\/\/www.visit-ulcinj.com\/blog\/author\/admin\/"}]}},"jetpack_featured_media_url":"","jetpack_sharing_enabled":true,"jetpack_shortlink":"https:\/\/wp.me\/pe6lTn-fDs","_links":{"self":[{"href":"https:\/\/www.visit-ulcinj.com\/blog\/wp-json\/wp\/v2\/posts\/60106"}],"collection":[{"href":"https:\/\/www.visit-ulcinj.com\/blog\/wp-json\/wp\/v2\/posts"}],"about":[{"href":"https:\/\/www.visit-ulcinj.com\/blog\/wp-json\/wp\/v2\/types\/post"}],"author":[{"embeddable":true,"href":"https:\/\/www.visit-ulcinj.com\/blog\/wp-json\/wp\/v2\/users\/1"}],"replies":[{"embeddable":true,"href":"https:\/\/www.visit-ulcinj.com\/blog\/wp-json\/wp\/v2\/comments?post=60106"}],"version-history":[{"count":7,"href":"https:\/\/www.visit-ulcinj.com\/blog\/wp-json\/wp\/v2\/posts\/60106\/revisions"}],"predecessor-version":[{"id":60116,"href":"https:\/\/www.visit-ulcinj.com\/blog\/wp-json\/wp\/v2\/posts\/60106\/revisions\/60116"}],"wp:attachment":[{"href":"https:\/\/www.visit-ulcinj.com\/blog\/wp-json\/wp\/v2\/media?parent=60106"}],"wp:term":[{"taxonomy":"category","embeddable":true,"href":"https:\/\/www.visit-ulcinj.com\/blog\/wp-json\/wp\/v2\/categories?post=60106"},{"taxonomy":"post_tag","embeddable":true,"href":"https:\/\/www.visit-ulcinj.com\/blog\/wp-json\/wp\/v2\/tags?post=60106"}],"curies":[{"name":"wp","href":"https:\/\/api.w.org\/{rel}","templated":true}]}}