{"id":60118,"date":"2012-05-05T17:15:03","date_gmt":"2012-05-05T16:15:03","guid":{"rendered":"http:\/\/www.visit-ulcinj.com\/blog\/?p=60118"},"modified":"2012-05-06T09:34:44","modified_gmt":"2012-05-06T08:34:44","slug":"komuna-e-ulqinit-ka-zvogluar-shpenzimet-dhe-ka-rritur-te-ardhurat","status":"publish","type":"post","link":"https:\/\/www.visit-ulcinj.com\/blog\/2012\/05\/05\/komuna-e-ulqinit-ka-zvogluar-shpenzimet-dhe-ka-rritur-te-ardhurat\/","title":{"rendered":"Komuna e Ulqinit ka zvogluar shpenzimet dhe ka rritur t\u00eb ardhurat"},"content":{"rendered":"<p><a href=\"http:\/\/www.visit-ulcinj.com\/blog\/wp-content\/uploads\/2012\/05\/Milorad-Katnic_Nazif-Cungu_Komuna-e-Ulqinit.jpg\"><img loading=\"lazy\" class=\"alignleft size-full wp-image-60119\" title=\"Milorad Katnic_Nazif-Cungu_Komuna e Ulqinit\" src=\"http:\/\/www.visit-ulcinj.com\/blog\/wp-content\/uploads\/2012\/05\/Milorad-Katnic_Nazif-Cungu_Komuna-e-Ulqinit.jpg\" alt=\"\" width=\"532\" height=\"300\" srcset=\"https:\/\/www.visit-ulcinj.com\/blog\/wp-content\/uploads\/2012\/05\/Milorad-Katnic_Nazif-Cungu_Komuna-e-Ulqinit.jpg 532w, https:\/\/www.visit-ulcinj.com\/blog\/wp-content\/uploads\/2012\/05\/Milorad-Katnic_Nazif-Cungu_Komuna-e-Ulqinit-300x169.jpg 300w\" sizes=\"(max-width: 532px) 100vw, 532px\" \/><\/a>N\u00eb kuader t\u00eb forcimit t\u00eb bashkpunimit n\u00eb mes t\u00eb Ministris\u00eb s\u00eb Financave dhe vetqeverisjes lokale, Kryetari i Komun\u00ebs s\u00eb Ulqinit z. Nazif Cungu u takuar me ministrin e Financave dr.Milorad Katniq dhe ndihm\u00ebsin e tij Boris Bushkoviq. N\u00eb k\u00ebt\u00eb takim u analizua gjendja financiare e komun\u00ebs s\u00eb Ulqinit dhe u konstatua se n\u00eb raport me t\u00eb nj\u00ebjten periudh\u00eb t\u00eb vitit t\u00eb kaluar,k\u00ebt\u00eb vit jan\u00eb zvogluar ndjeshem shpenzimet dhe jan\u00eb rrituar t\u00eb ardhurat n\u00eb buxhetin e Komun\u00ebs. Bashkarisht u ra dakord q\u00eb duhet vazhduar edhe m\u00eb tej n\u00eb konsolidimin e financave publike t\u00eb komun\u00ebs s\u00eb Ulqinit.<\/p>\n<p>Cungu poashtu njoftoi ministrin Katniq edhe p\u00ebr rezultatet e para t\u00eb parasezonit turistik, t\u00eb cilat jan\u00eb pozitive dhe tregojn\u00eb se ky sezon mund t\u00eb jet\u00eb m\u00eb i suksessh\u00ebm se sezoni i kaluar.<\/p>\n<p>N\u00eb k\u00ebt\u00eb takim poashtu u fol edhe p\u00ebr nj\u00eb qendrim t\u00eb p\u00ebrbashk\u00ebt n\u00eb realizimin e projekteve dhe investimeve kapitale n\u00eb menyr\u00eb q\u00eb t\u00eb krijohen kushtet e nevojshme p\u00ebr p\u00ebrmirsimin e klimes s\u00eb bizneseve si dhe t\u00ebrheqen e investimeve t\u00eb huaja direkte.<\/p>\n<p>Komuna e Ulqinit<\/p>\n<!--YouTube Error: bad URL entered-->\n","protected":false},"excerpt":{"rendered":"<p>N\u00eb kuader t\u00eb forcimit t\u00eb bashkpunimit n\u00eb mes t\u00eb Ministris\u00eb s\u00eb Financave dhe vetqeverisjes lokale, Kryetari i Komun\u00ebs s\u00eb Ulqinit z. Nazif Cungu u takuar me ministrin e Financave dr.Milorad Katniq dhe ndihm\u00ebsin e tij Boris Bushkoviq. N\u00eb k\u00ebt\u00eb takim u analizua gjendja financiare e komun\u00ebs s\u00eb Ulqinit dhe u konstatua se n\u00eb raport me [&hellip;]<\/p>\n","protected":false},"author":1,"featured_media":0,"comment_status":"open","ping_status":"closed","sticky":false,"template":"","format":"standard","meta":{"spay_email":"","jetpack_publicize_message":"","jetpack_is_tweetstorm":false,"jetpack_publicize_feature_enabled":true},"categories":[1,6],"tags":[16426,118],"jetpack_publicize_connections":[],"yoast_head":"<!-- This site is optimized with the Yoast SEO plugin v19.1 - https:\/\/yoast.com\/wordpress\/plugins\/seo\/ -->\n<title>Komuna e Ulqinit ka zvogluar shpenzimet dhe ka rritur t\u00eb ardhurat - Lajme nga Ulqini<\/title>\n<meta name=\"description\" content=\"N\u00eb kuader t\u00eb forcimit t\u00eb bashkpunimit n\u00eb mes t\u00eb Ministris\u00eb s\u00eb Financave dhe vetqeverisjes lokale, Kryetari i Komun\u00ebs s\u00eb Ulqinit z. Nazif Cungu u takuar me\" \/>\n<meta name=\"robots\" content=\"index, follow, max-snippet:-1, max-image-preview:large, max-video-preview:-1\" \/>\n<link rel=\"canonical\" href=\"https:\/\/www.visit-ulcinj.com\/blog\/2012\/05\/05\/komuna-e-ulqinit-ka-zvogluar-shpenzimet-dhe-ka-rritur-te-ardhurat\/\" \/>\n<meta property=\"og:locale\" content=\"en_US\" \/>\n<meta property=\"og:type\" content=\"article\" \/>\n<meta property=\"og:title\" content=\"Komuna e Ulqinit ka zvogluar shpenzimet dhe ka rritur t\u00eb ardhurat - Lajme nga Ulqini\" \/>\n<meta property=\"og:description\" content=\"N\u00eb kuader t\u00eb forcimit t\u00eb bashkpunimit n\u00eb mes t\u00eb Ministris\u00eb s\u00eb Financave dhe vetqeverisjes lokale, Kryetari i Komun\u00ebs s\u00eb Ulqinit z. Nazif Cungu u takuar me\" \/>\n<meta property=\"og:url\" content=\"https:\/\/www.visit-ulcinj.com\/blog\/2012\/05\/05\/komuna-e-ulqinit-ka-zvogluar-shpenzimet-dhe-ka-rritur-te-ardhurat\/\" \/>\n<meta property=\"og:site_name\" content=\"Lajme nga Ulqini\" \/>\n<meta property=\"article:published_time\" content=\"2012-05-05T16:15:03+00:00\" \/>\n<meta property=\"article:modified_time\" content=\"2012-05-06T08:34:44+00:00\" \/>\n<meta property=\"og:image\" content=\"http:\/\/www.visit-ulcinj.com\/blog\/wp-content\/uploads\/2012\/05\/Milorad-Katnic_Nazif-Cungu_Komuna-e-Ulqinit.jpg\" \/>\n<meta name=\"twitter:label1\" content=\"Written by\" \/>\n\t<meta name=\"twitter:data1\" content=\"ulqini\" \/>\n\t<meta name=\"twitter:label2\" content=\"Est. reading time\" \/>\n\t<meta name=\"twitter:data2\" content=\"1 minute\" \/>\n<script type=\"application\/ld+json\" class=\"yoast-schema-graph\">{\"@context\":\"https:\/\/schema.org\",\"@graph\":[{\"@type\":\"WebSite\",\"@id\":\"https:\/\/www.visit-ulcinj.com\/blog\/#website\",\"url\":\"https:\/\/www.visit-ulcinj.com\/blog\/\",\"name\":\"Lajme nga Ulqini\",\"description\":\"Lajme,Vijesti,Ulqini,Ulqin,Crna Gora,Mali i Zi\",\"potentialAction\":[{\"@type\":\"SearchAction\",\"target\":{\"@type\":\"EntryPoint\",\"urlTemplate\":\"https:\/\/www.visit-ulcinj.com\/blog\/?s={search_term_string}\"},\"query-input\":\"required name=search_term_string\"}],\"inLanguage\":\"en-US\"},{\"@type\":\"ImageObject\",\"inLanguage\":\"en-US\",\"@id\":\"https:\/\/www.visit-ulcinj.com\/blog\/2012\/05\/05\/komuna-e-ulqinit-ka-zvogluar-shpenzimet-dhe-ka-rritur-te-ardhurat\/#primaryimage\",\"url\":\"https:\/\/www.visit-ulcinj.com\/blog\/wp-content\/uploads\/2012\/05\/Milorad-Katnic_Nazif-Cungu_Komuna-e-Ulqinit.jpg\",\"contentUrl\":\"https:\/\/www.visit-ulcinj.com\/blog\/wp-content\/uploads\/2012\/05\/Milorad-Katnic_Nazif-Cungu_Komuna-e-Ulqinit.jpg\",\"width\":\"532\",\"height\":\"300\"},{\"@type\":\"WebPage\",\"@id\":\"https:\/\/www.visit-ulcinj.com\/blog\/2012\/05\/05\/komuna-e-ulqinit-ka-zvogluar-shpenzimet-dhe-ka-rritur-te-ardhurat\/#webpage\",\"url\":\"https:\/\/www.visit-ulcinj.com\/blog\/2012\/05\/05\/komuna-e-ulqinit-ka-zvogluar-shpenzimet-dhe-ka-rritur-te-ardhurat\/\",\"name\":\"Komuna e Ulqinit ka zvogluar shpenzimet dhe ka rritur t\u00eb ardhurat - Lajme nga Ulqini\",\"isPartOf\":{\"@id\":\"https:\/\/www.visit-ulcinj.com\/blog\/#website\"},\"primaryImageOfPage\":{\"@id\":\"https:\/\/www.visit-ulcinj.com\/blog\/2012\/05\/05\/komuna-e-ulqinit-ka-zvogluar-shpenzimet-dhe-ka-rritur-te-ardhurat\/#primaryimage\"},\"datePublished\":\"2012-05-05T16:15:03+00:00\",\"dateModified\":\"2012-05-06T08:34:44+00:00\",\"author\":{\"@id\":\"https:\/\/www.visit-ulcinj.com\/blog\/#\/schema\/person\/dcab619c614d3038751c63bc2aadc06d\"},\"description\":\"N\u00eb kuader t\u00eb forcimit t\u00eb bashkpunimit n\u00eb mes t\u00eb Ministris\u00eb s\u00eb Financave dhe vetqeverisjes lokale, Kryetari i Komun\u00ebs s\u00eb Ulqinit z. Nazif Cungu u takuar me\",\"breadcrumb\":{\"@id\":\"https:\/\/www.visit-ulcinj.com\/blog\/2012\/05\/05\/komuna-e-ulqinit-ka-zvogluar-shpenzimet-dhe-ka-rritur-te-ardhurat\/#breadcrumb\"},\"inLanguage\":\"en-US\",\"potentialAction\":[{\"@type\":\"ReadAction\",\"target\":[\"https:\/\/www.visit-ulcinj.com\/blog\/2012\/05\/05\/komuna-e-ulqinit-ka-zvogluar-shpenzimet-dhe-ka-rritur-te-ardhurat\/\"]}]},{\"@type\":\"BreadcrumbList\",\"@id\":\"https:\/\/www.visit-ulcinj.com\/blog\/2012\/05\/05\/komuna-e-ulqinit-ka-zvogluar-shpenzimet-dhe-ka-rritur-te-ardhurat\/#breadcrumb\",\"itemListElement\":[{\"@type\":\"ListItem\",\"position\":1,\"name\":\"Komuna e Ulqinit ka zvogluar shpenzimet dhe ka rritur t\u00eb ardhurat\"}]},{\"@type\":\"Person\",\"@id\":\"https:\/\/www.visit-ulcinj.com\/blog\/#\/schema\/person\/dcab619c614d3038751c63bc2aadc06d\",\"name\":\"ulqini\",\"sameAs\":[\"http:\/\/www.visit-ulcinj.com\"],\"url\":\"https:\/\/www.visit-ulcinj.com\/blog\/author\/admin\/\"}]}<\/script>\n<!-- \/ Yoast SEO plugin. -->","yoast_head_json":{"title":"Komuna e Ulqinit ka zvogluar shpenzimet dhe ka rritur t\u00eb ardhurat - Lajme nga Ulqini","description":"N\u00eb kuader t\u00eb forcimit t\u00eb bashkpunimit n\u00eb mes t\u00eb Ministris\u00eb s\u00eb Financave dhe vetqeverisjes lokale, Kryetari i Komun\u00ebs s\u00eb Ulqinit z. Nazif Cungu u takuar me","robots":{"index":"index","follow":"follow","max-snippet":"max-snippet:-1","max-image-preview":"max-image-preview:large","max-video-preview":"max-video-preview:-1"},"canonical":"https:\/\/www.visit-ulcinj.com\/blog\/2012\/05\/05\/komuna-e-ulqinit-ka-zvogluar-shpenzimet-dhe-ka-rritur-te-ardhurat\/","og_locale":"en_US","og_type":"article","og_title":"Komuna e Ulqinit ka zvogluar shpenzimet dhe ka rritur t\u00eb ardhurat - Lajme nga Ulqini","og_description":"N\u00eb kuader t\u00eb forcimit t\u00eb bashkpunimit n\u00eb mes t\u00eb Ministris\u00eb s\u00eb Financave dhe vetqeverisjes lokale, Kryetari i Komun\u00ebs s\u00eb Ulqinit z. Nazif Cungu u takuar me","og_url":"https:\/\/www.visit-ulcinj.com\/blog\/2012\/05\/05\/komuna-e-ulqinit-ka-zvogluar-shpenzimet-dhe-ka-rritur-te-ardhurat\/","og_site_name":"Lajme nga Ulqini","article_published_time":"2012-05-05T16:15:03+00:00","article_modified_time":"2012-05-06T08:34:44+00:00","og_image":[{"url":"http:\/\/www.visit-ulcinj.com\/blog\/wp-content\/uploads\/2012\/05\/Milorad-Katnic_Nazif-Cungu_Komuna-e-Ulqinit.jpg"}],"twitter_misc":{"Written by":"ulqini","Est. reading time":"1 minute"},"schema":{"@context":"https:\/\/schema.org","@graph":[{"@type":"WebSite","@id":"https:\/\/www.visit-ulcinj.com\/blog\/#website","url":"https:\/\/www.visit-ulcinj.com\/blog\/","name":"Lajme nga Ulqini","description":"Lajme,Vijesti,Ulqini,Ulqin,Crna Gora,Mali i Zi","potentialAction":[{"@type":"SearchAction","target":{"@type":"EntryPoint","urlTemplate":"https:\/\/www.visit-ulcinj.com\/blog\/?s={search_term_string}"},"query-input":"required name=search_term_string"}],"inLanguage":"en-US"},{"@type":"ImageObject","inLanguage":"en-US","@id":"https:\/\/www.visit-ulcinj.com\/blog\/2012\/05\/05\/komuna-e-ulqinit-ka-zvogluar-shpenzimet-dhe-ka-rritur-te-ardhurat\/#primaryimage","url":"https:\/\/www.visit-ulcinj.com\/blog\/wp-content\/uploads\/2012\/05\/Milorad-Katnic_Nazif-Cungu_Komuna-e-Ulqinit.jpg","contentUrl":"https:\/\/www.visit-ulcinj.com\/blog\/wp-content\/uploads\/2012\/05\/Milorad-Katnic_Nazif-Cungu_Komuna-e-Ulqinit.jpg","width":"532","height":"300"},{"@type":"WebPage","@id":"https:\/\/www.visit-ulcinj.com\/blog\/2012\/05\/05\/komuna-e-ulqinit-ka-zvogluar-shpenzimet-dhe-ka-rritur-te-ardhurat\/#webpage","url":"https:\/\/www.visit-ulcinj.com\/blog\/2012\/05\/05\/komuna-e-ulqinit-ka-zvogluar-shpenzimet-dhe-ka-rritur-te-ardhurat\/","name":"Komuna e Ulqinit ka zvogluar shpenzimet dhe ka rritur t\u00eb ardhurat - Lajme nga Ulqini","isPartOf":{"@id":"https:\/\/www.visit-ulcinj.com\/blog\/#website"},"primaryImageOfPage":{"@id":"https:\/\/www.visit-ulcinj.com\/blog\/2012\/05\/05\/komuna-e-ulqinit-ka-zvogluar-shpenzimet-dhe-ka-rritur-te-ardhurat\/#primaryimage"},"datePublished":"2012-05-05T16:15:03+00:00","dateModified":"2012-05-06T08:34:44+00:00","author":{"@id":"https:\/\/www.visit-ulcinj.com\/blog\/#\/schema\/person\/dcab619c614d3038751c63bc2aadc06d"},"description":"N\u00eb kuader t\u00eb forcimit t\u00eb bashkpunimit n\u00eb mes t\u00eb Ministris\u00eb s\u00eb Financave dhe vetqeverisjes lokale, Kryetari i Komun\u00ebs s\u00eb Ulqinit z. Nazif Cungu u takuar me","breadcrumb":{"@id":"https:\/\/www.visit-ulcinj.com\/blog\/2012\/05\/05\/komuna-e-ulqinit-ka-zvogluar-shpenzimet-dhe-ka-rritur-te-ardhurat\/#breadcrumb"},"inLanguage":"en-US","potentialAction":[{"@type":"ReadAction","target":["https:\/\/www.visit-ulcinj.com\/blog\/2012\/05\/05\/komuna-e-ulqinit-ka-zvogluar-shpenzimet-dhe-ka-rritur-te-ardhurat\/"]}]},{"@type":"BreadcrumbList","@id":"https:\/\/www.visit-ulcinj.com\/blog\/2012\/05\/05\/komuna-e-ulqinit-ka-zvogluar-shpenzimet-dhe-ka-rritur-te-ardhurat\/#breadcrumb","itemListElement":[{"@type":"ListItem","position":1,"name":"Komuna e Ulqinit ka zvogluar shpenzimet dhe ka rritur t\u00eb ardhurat"}]},{"@type":"Person","@id":"https:\/\/www.visit-ulcinj.com\/blog\/#\/schema\/person\/dcab619c614d3038751c63bc2aadc06d","name":"ulqini","sameAs":["http:\/\/www.visit-ulcinj.com"],"url":"https:\/\/www.visit-ulcinj.com\/blog\/author\/admin\/"}]}},"jetpack_featured_media_url":"","jetpack_sharing_enabled":true,"jetpack_shortlink":"https:\/\/wp.me\/pe6lTn-fDE","_links":{"self":[{"href":"https:\/\/www.visit-ulcinj.com\/blog\/wp-json\/wp\/v2\/posts\/60118"}],"collection":[{"href":"https:\/\/www.visit-ulcinj.com\/blog\/wp-json\/wp\/v2\/posts"}],"about":[{"href":"https:\/\/www.visit-ulcinj.com\/blog\/wp-json\/wp\/v2\/types\/post"}],"author":[{"embeddable":true,"href":"https:\/\/www.visit-ulcinj.com\/blog\/wp-json\/wp\/v2\/users\/1"}],"replies":[{"embeddable":true,"href":"https:\/\/www.visit-ulcinj.com\/blog\/wp-json\/wp\/v2\/comments?post=60118"}],"version-history":[{"count":2,"href":"https:\/\/www.visit-ulcinj.com\/blog\/wp-json\/wp\/v2\/posts\/60118\/revisions"}],"predecessor-version":[{"id":60152,"href":"https:\/\/www.visit-ulcinj.com\/blog\/wp-json\/wp\/v2\/posts\/60118\/revisions\/60152"}],"wp:attachment":[{"href":"https:\/\/www.visit-ulcinj.com\/blog\/wp-json\/wp\/v2\/media?parent=60118"}],"wp:term":[{"taxonomy":"category","embeddable":true,"href":"https:\/\/www.visit-ulcinj.com\/blog\/wp-json\/wp\/v2\/categories?post=60118"},{"taxonomy":"post_tag","embeddable":true,"href":"https:\/\/www.visit-ulcinj.com\/blog\/wp-json\/wp\/v2\/tags?post=60118"}],"curies":[{"name":"wp","href":"https:\/\/api.w.org\/{rel}","templated":true}]}}