{"id":60127,"date":"2012-05-05T21:19:09","date_gmt":"2012-05-05T20:19:09","guid":{"rendered":"http:\/\/www.visit-ulcinj.com\/blog\/?p=60127"},"modified":"2012-05-05T21:20:23","modified_gmt":"2012-05-05T20:20:23","slug":"protest-radnika-ispred-hotela-%e2%80%9eotrant","status":"publish","type":"post","link":"https:\/\/www.visit-ulcinj.com\/blog\/2012\/05\/05\/protest-radnika-ispred-hotela-%e2%80%9eotrant\/","title":{"rendered":"Protest radnika ispred hotela \u201eOtrant\u201c"},"content":{"rendered":"<p>&nbsp;<\/p>\n<p><a href=\"http:\/\/www.visit-ulcinj.com\/blog\/wp-content\/uploads\/2012\/05\/HOTEL-OTRANT-ULCINJ.jpg\"><img loading=\"lazy\" class=\"alignleft size-full wp-image-60129\" title=\"HOTEL OTRANT ULCINJ\" src=\"http:\/\/www.visit-ulcinj.com\/blog\/wp-content\/uploads\/2012\/05\/HOTEL-OTRANT-ULCINJ.jpg\" alt=\"\" width=\"407\" height=\"302\" srcset=\"https:\/\/www.visit-ulcinj.com\/blog\/wp-content\/uploads\/2012\/05\/HOTEL-OTRANT-ULCINJ.jpg 407w, https:\/\/www.visit-ulcinj.com\/blog\/wp-content\/uploads\/2012\/05\/HOTEL-OTRANT-ULCINJ-300x222.jpg 300w\" sizes=\"(max-width: 407px) 100vw, 407px\" \/><\/a>Radnici hotela \u201eOtrant\u201c protestovali su ju\u010de na ulazu u taj kompleks jer im biv\u0161i i sada\u0161nji vlasnici, ruska kompanija \u201eBarkli Montenegro\u201c i NLB Interfinans banka iz \u0160vajcarske, duguju osam bruto li\u010dnih dohodaka. Radnici su ogor\u010deni i \u0161to zakupac hotela, ulcinjska firma \u201eArgos\u201c, nije po\u0161tovala dogovor sa sastanka u Ministarstvu turizma, prema kojem je trebalo da obavi razgovore sa svim zaposlenim kako bi im, zavisno od potrebe, ponudio anga\u017eman.<br \/>\nPredsjednik Sindikata \u201eOtranta\u201c Muzafer Suljovi\u0107 poru\u010dio je da \u0107e protestovati svakodnevno sve dok Ministarstvo turizma ne na\u0111e na\u010din da natjera \u201eBarkli\u201d da izmiri dug za plate.<br \/>\n\u2013 Pozivamo i pomo\u0107nicu ministra rada Vesnu Simovi\u0107 da realizuje obe\u0107anja jer je na sastanku saop\u0161tila da je NLB banka du\u017ena da primjenjuje postoje\u0107i kolektivni ugovor najmanje godinu dana od preuzimanja, osim ako u me\u0111uvremenu ne istekne vrijeme na koje je taj ugovor zaklju\u010den. Najavila je i obavezivanje banke na po\u0161tovanje zakonskih obaveza \u2013 kazao je Suljovi\u0107.<br \/>\nOn je optu\u017eio kompaniju \u201eArgos\u201c,zakupca hotela, da nije po\u0161tovala dogovor da anga\u017euje 40 radnika, iako su vlasnici to javno obe\u0107ali.<br \/>\n<a href=\"http:\/\/www.visit-ulcinj.com\/blog\/wp-content\/uploads\/2012\/05\/SEFKI-LAMOVIC.jpg\"><img loading=\"lazy\" class=\"alignleft size-full wp-image-60130\" title=\"SEFKI LAMOVIC\" src=\"http:\/\/www.visit-ulcinj.com\/blog\/wp-content\/uploads\/2012\/05\/SEFKI-LAMOVIC.jpg\" alt=\"\" width=\"479\" height=\"456\" srcset=\"https:\/\/www.visit-ulcinj.com\/blog\/wp-content\/uploads\/2012\/05\/SEFKI-LAMOVIC.jpg 479w, https:\/\/www.visit-ulcinj.com\/blog\/wp-content\/uploads\/2012\/05\/SEFKI-LAMOVIC-300x285.jpg 300w\" sizes=\"(max-width: 479px) 100vw, 479px\" \/><\/a>\u2013 Otvorili su hotel i anga\u017eovali 20 ljudi. Obe\u0107ali su da \u0107e anga\u017eovati radnike na najmanje godinu dana, s tim da \u0107e pola godine davati plate, a u drugoj polovini samo doprinose, ali su primljene radnike anga\u017eovali na mjesec dana probnog rada, nakon \u010dega mogu biti otpu\u0161teni \u2013 kazao je Suljovi\u0107 i poru\u010dio da radnici ne\u0107e trpjeti neispuljavanje obe\u0107anja.<br \/>\nPredsjednik ulcinjskog sindikalnog povjereni\u0161tva \u0160efki\u2013Keko Ljamovi\u0107 naglasio je da je Ministarstvo turizma trebalo da zavr\u0161i svoj dio posla, a ne da radnike ostavi na cjedilu.<br \/>\n\u2013 Neki u \u201eOtrantu\u201d rade i vi\u0161e od 35 godina, a sada su na ulici. Devet mjeseci ne primaju platu i na ivici su egzistencije \u2013 rekao je Ljamovi\u0107.<br \/>\nOn je dodao da je pravna slu\u017eba sindikata dostavila predlog za prinudnu naplatu jer ima informaciju da \u201eBarkli Montenegro\u201c na ra\u010dunu ima oko dva miliona eura.<br \/>\n\u2013Postupak je u toku, a u sve je uklju\u010dena i Uprava za spre\u010davanje pranja novca \u2013 naglasio je Ljamovi\u0107.<br \/>\nKrajem novembra 2011. \u201eOtrant\u201d je pre\u0161ao u vlasni\u0161tvo NLB-a zbog kreditnog duga \u201eBarkli Montenegra\u201d od 10,6 miliona. Rusi su kupili \u201eOtrant\u201c 2004. za 2,5 miliona, uz obavezu da investiraju jo\u0161 4,5 miliona. Na tenderu, koji je kasnije bio predmet sudskog spora, \u201eBarkli\u201c je pobijedio \u201e\u0160ajo grupu\u201c \u017darka Rak\u010devi\u0107a sa bodom prednosti, a klju\u010dnu ulogu tada su odigrali biv\u0161i ministar turizma Predrag Nenezi\u0107 i biv\u0161i ste\u010dajni upravnik \u201eUlcinjske rivijere\u201c Miomir Jak\u0161i\u0107.<br \/>\n<strong>M.K. <\/strong><br \/>\n<a href=\"http:\/\/www.visit-ulcinj.com\/blog\/wp-content\/uploads\/2012\/05\/Cakuli_ulcinj.jpg\"><img loading=\"lazy\" class=\"alignleft  wp-image-60131\" title=\"Cakuli_ulcinj\" src=\"http:\/\/www.visit-ulcinj.com\/blog\/wp-content\/uploads\/2012\/05\/Cakuli_ulcinj.jpg\" alt=\"\" width=\"508\" height=\"300\" \/><\/a><br \/>\n<strong> Hajte vi lijepo ku\u0107i i ne kvarite nam poslovni ambijent<\/strong><\/p>\n<p>Potpredsjednik op\u0161tine Ulcinj D\u017eaudet Cakuli podr\u017eao je ju\u010de zahtjeve radnika, ali im je i savjetovao da se ne okupljaju na kapiji, kako ne bi ometali turiste u \u201eOtrantu\u201d.<br \/>\n\u2013 Stanje je pravno komplikovano i savjetujemo im da preko zakonskog zastupnika tra\u017ee prava koja se odnose na Vladu, \u201eBarkli Montenegro\u201c, NLB Interfinans i eventualno zakupce. U situaciji kada je hotel pun i kada smo svi za bolji poslovni ambijent, ovakav na\u010din protesta ba\u0161 i nije primjeren. Ovo ipak nije KAP ili \u017deljezara, jer nije isto stajati tamo ili ispred kapije hotela \u2013 rekao je Cakuli.<br \/>\nOn je dodao da se time ne \u0161alje pozitivna poruka gostima.<br \/>\n\u2013 Ako ne bude turista, ne\u0107e biti posla ni za one koji su anga\u017eovani ni za one koji tek treba da se zaposle \u2013 isti\u010de Cakuli.<\/p>\n<p><strong><a href=\"http:\/\/www.dan.co.me\/?nivo=3&amp;rubrika=Ekonomija&amp;clanak=330250&amp;datum=2012-05-05&amp;naslov=Tra%BEe%20osam%20plata\" target=\"_blank\">Izvor\u00a0: DAN<\/a><\/strong><\/p>\n<!--YouTube Error: bad URL entered-->\n","protected":false},"excerpt":{"rendered":"<p>&nbsp; Radnici hotela \u201eOtrant\u201c protestovali su ju\u010de na ulazu u taj kompleks jer im biv\u0161i i sada\u0161nji vlasnici, ruska kompanija \u201eBarkli Montenegro\u201c i NLB Interfinans banka iz \u0160vajcarske, duguju osam bruto li\u010dnih dohodaka. Radnici su ogor\u010deni i \u0161to zakupac hotela, ulcinjska firma \u201eArgos\u201c, nije po\u0161tovala dogovor sa sastanka u Ministarstvu turizma, prema kojem je trebalo [&hellip;]<\/p>\n","protected":false},"author":1,"featured_media":0,"comment_status":"open","ping_status":"closed","sticky":false,"template":"","format":"standard","meta":{"spay_email":"","jetpack_publicize_message":"","jetpack_is_tweetstorm":false,"jetpack_publicize_feature_enabled":true},"categories":[8337],"tags":[4649],"jetpack_publicize_connections":[],"yoast_head":"<!-- This site is optimized with the Yoast SEO plugin v19.1 - https:\/\/yoast.com\/wordpress\/plugins\/seo\/ -->\n<title>Protest radnika ispred hotela \u201eOtrant\u201c - Lajme nga Ulqini<\/title>\n<meta name=\"description\" content=\"&nbsp; Radnici hotela \u201eOtrant\u201c protestovali su ju\u010de na ulazu u taj kompleks jer im biv\u0161i i sada\u0161nji vlasnici, ruska kompanija \u201eBarkli Montenegro\u201c i NLB\" \/>\n<meta name=\"robots\" content=\"index, follow, max-snippet:-1, max-image-preview:large, max-video-preview:-1\" \/>\n<link rel=\"canonical\" href=\"https:\/\/www.visit-ulcinj.com\/blog\/2012\/05\/05\/protest-radnika-ispred-hotela-\u201eotrant\/\" \/>\n<meta property=\"og:locale\" content=\"en_US\" \/>\n<meta property=\"og:type\" content=\"article\" \/>\n<meta property=\"og:title\" content=\"Protest radnika ispred hotela \u201eOtrant\u201c - Lajme nga Ulqini\" \/>\n<meta property=\"og:description\" content=\"&nbsp; Radnici hotela \u201eOtrant\u201c protestovali su ju\u010de na ulazu u taj kompleks jer im biv\u0161i i sada\u0161nji vlasnici, ruska kompanija \u201eBarkli Montenegro\u201c i NLB\" \/>\n<meta property=\"og:url\" content=\"https:\/\/www.visit-ulcinj.com\/blog\/2012\/05\/05\/protest-radnika-ispred-hotela-\u201eotrant\/\" \/>\n<meta property=\"og:site_name\" content=\"Lajme nga Ulqini\" \/>\n<meta property=\"article:published_time\" content=\"2012-05-05T20:19:09+00:00\" \/>\n<meta property=\"article:modified_time\" content=\"2012-05-05T20:20:23+00:00\" \/>\n<meta property=\"og:image\" content=\"http:\/\/www.visit-ulcinj.com\/blog\/wp-content\/uploads\/2012\/05\/HOTEL-OTRANT-ULCINJ.jpg\" \/>\n<meta name=\"twitter:label1\" content=\"Written by\" \/>\n\t<meta name=\"twitter:data1\" content=\"ulqini\" \/>\n\t<meta name=\"twitter:label2\" content=\"Est. reading time\" \/>\n\t<meta name=\"twitter:data2\" content=\"3 minutes\" \/>\n<script type=\"application\/ld+json\" class=\"yoast-schema-graph\">{\"@context\":\"https:\/\/schema.org\",\"@graph\":[{\"@type\":\"WebSite\",\"@id\":\"https:\/\/www.visit-ulcinj.com\/blog\/#website\",\"url\":\"https:\/\/www.visit-ulcinj.com\/blog\/\",\"name\":\"Lajme nga Ulqini\",\"description\":\"Lajme,Vijesti,Ulqini,Ulqin,Crna Gora,Mali i Zi\",\"potentialAction\":[{\"@type\":\"SearchAction\",\"target\":{\"@type\":\"EntryPoint\",\"urlTemplate\":\"https:\/\/www.visit-ulcinj.com\/blog\/?s={search_term_string}\"},\"query-input\":\"required name=search_term_string\"}],\"inLanguage\":\"en-US\"},{\"@type\":\"ImageObject\",\"inLanguage\":\"en-US\",\"@id\":\"https:\/\/www.visit-ulcinj.com\/blog\/2012\/05\/05\/protest-radnika-ispred-hotela-%e2%80%9eotrant\/#primaryimage\",\"url\":\"https:\/\/www.visit-ulcinj.com\/blog\/wp-content\/uploads\/2012\/05\/HOTEL-OTRANT-ULCINJ.jpg\",\"contentUrl\":\"https:\/\/www.visit-ulcinj.com\/blog\/wp-content\/uploads\/2012\/05\/HOTEL-OTRANT-ULCINJ.jpg\",\"width\":\"407\",\"height\":\"302\"},{\"@type\":\"WebPage\",\"@id\":\"https:\/\/www.visit-ulcinj.com\/blog\/2012\/05\/05\/protest-radnika-ispred-hotela-%e2%80%9eotrant\/#webpage\",\"url\":\"https:\/\/www.visit-ulcinj.com\/blog\/2012\/05\/05\/protest-radnika-ispred-hotela-%e2%80%9eotrant\/\",\"name\":\"Protest radnika ispred hotela \u201eOtrant\u201c - Lajme nga Ulqini\",\"isPartOf\":{\"@id\":\"https:\/\/www.visit-ulcinj.com\/blog\/#website\"},\"primaryImageOfPage\":{\"@id\":\"https:\/\/www.visit-ulcinj.com\/blog\/2012\/05\/05\/protest-radnika-ispred-hotela-%e2%80%9eotrant\/#primaryimage\"},\"datePublished\":\"2012-05-05T20:19:09+00:00\",\"dateModified\":\"2012-05-05T20:20:23+00:00\",\"author\":{\"@id\":\"https:\/\/www.visit-ulcinj.com\/blog\/#\/schema\/person\/dcab619c614d3038751c63bc2aadc06d\"},\"description\":\"&nbsp; Radnici hotela \u201eOtrant\u201c protestovali su ju\u010de na ulazu u taj kompleks jer im biv\u0161i i sada\u0161nji vlasnici, ruska kompanija \u201eBarkli Montenegro\u201c i NLB\",\"breadcrumb\":{\"@id\":\"https:\/\/www.visit-ulcinj.com\/blog\/2012\/05\/05\/protest-radnika-ispred-hotela-%e2%80%9eotrant\/#breadcrumb\"},\"inLanguage\":\"en-US\",\"potentialAction\":[{\"@type\":\"ReadAction\",\"target\":[\"https:\/\/www.visit-ulcinj.com\/blog\/2012\/05\/05\/protest-radnika-ispred-hotela-%e2%80%9eotrant\/\"]}]},{\"@type\":\"BreadcrumbList\",\"@id\":\"https:\/\/www.visit-ulcinj.com\/blog\/2012\/05\/05\/protest-radnika-ispred-hotela-%e2%80%9eotrant\/#breadcrumb\",\"itemListElement\":[{\"@type\":\"ListItem\",\"position\":1,\"name\":\"Protest radnika ispred hotela \u201eOtrant\u201c\"}]},{\"@type\":\"Person\",\"@id\":\"https:\/\/www.visit-ulcinj.com\/blog\/#\/schema\/person\/dcab619c614d3038751c63bc2aadc06d\",\"name\":\"ulqini\",\"sameAs\":[\"http:\/\/www.visit-ulcinj.com\"],\"url\":\"https:\/\/www.visit-ulcinj.com\/blog\/author\/admin\/\"}]}<\/script>\n<!-- \/ Yoast SEO plugin. -->","yoast_head_json":{"title":"Protest radnika ispred hotela \u201eOtrant\u201c - Lajme nga Ulqini","description":"&nbsp; Radnici hotela \u201eOtrant\u201c protestovali su ju\u010de na ulazu u taj kompleks jer im biv\u0161i i sada\u0161nji vlasnici, ruska kompanija \u201eBarkli Montenegro\u201c i NLB","robots":{"index":"index","follow":"follow","max-snippet":"max-snippet:-1","max-image-preview":"max-image-preview:large","max-video-preview":"max-video-preview:-1"},"canonical":"https:\/\/www.visit-ulcinj.com\/blog\/2012\/05\/05\/protest-radnika-ispred-hotela-\u201eotrant\/","og_locale":"en_US","og_type":"article","og_title":"Protest radnika ispred hotela \u201eOtrant\u201c - Lajme nga Ulqini","og_description":"&nbsp; Radnici hotela \u201eOtrant\u201c protestovali su ju\u010de na ulazu u taj kompleks jer im biv\u0161i i sada\u0161nji vlasnici, ruska kompanija \u201eBarkli Montenegro\u201c i NLB","og_url":"https:\/\/www.visit-ulcinj.com\/blog\/2012\/05\/05\/protest-radnika-ispred-hotela-\u201eotrant\/","og_site_name":"Lajme nga Ulqini","article_published_time":"2012-05-05T20:19:09+00:00","article_modified_time":"2012-05-05T20:20:23+00:00","og_image":[{"url":"http:\/\/www.visit-ulcinj.com\/blog\/wp-content\/uploads\/2012\/05\/HOTEL-OTRANT-ULCINJ.jpg"}],"twitter_misc":{"Written by":"ulqini","Est. reading time":"3 minutes"},"schema":{"@context":"https:\/\/schema.org","@graph":[{"@type":"WebSite","@id":"https:\/\/www.visit-ulcinj.com\/blog\/#website","url":"https:\/\/www.visit-ulcinj.com\/blog\/","name":"Lajme nga Ulqini","description":"Lajme,Vijesti,Ulqini,Ulqin,Crna Gora,Mali i Zi","potentialAction":[{"@type":"SearchAction","target":{"@type":"EntryPoint","urlTemplate":"https:\/\/www.visit-ulcinj.com\/blog\/?s={search_term_string}"},"query-input":"required name=search_term_string"}],"inLanguage":"en-US"},{"@type":"ImageObject","inLanguage":"en-US","@id":"https:\/\/www.visit-ulcinj.com\/blog\/2012\/05\/05\/protest-radnika-ispred-hotela-%e2%80%9eotrant\/#primaryimage","url":"https:\/\/www.visit-ulcinj.com\/blog\/wp-content\/uploads\/2012\/05\/HOTEL-OTRANT-ULCINJ.jpg","contentUrl":"https:\/\/www.visit-ulcinj.com\/blog\/wp-content\/uploads\/2012\/05\/HOTEL-OTRANT-ULCINJ.jpg","width":"407","height":"302"},{"@type":"WebPage","@id":"https:\/\/www.visit-ulcinj.com\/blog\/2012\/05\/05\/protest-radnika-ispred-hotela-%e2%80%9eotrant\/#webpage","url":"https:\/\/www.visit-ulcinj.com\/blog\/2012\/05\/05\/protest-radnika-ispred-hotela-%e2%80%9eotrant\/","name":"Protest radnika ispred hotela \u201eOtrant\u201c - Lajme nga Ulqini","isPartOf":{"@id":"https:\/\/www.visit-ulcinj.com\/blog\/#website"},"primaryImageOfPage":{"@id":"https:\/\/www.visit-ulcinj.com\/blog\/2012\/05\/05\/protest-radnika-ispred-hotela-%e2%80%9eotrant\/#primaryimage"},"datePublished":"2012-05-05T20:19:09+00:00","dateModified":"2012-05-05T20:20:23+00:00","author":{"@id":"https:\/\/www.visit-ulcinj.com\/blog\/#\/schema\/person\/dcab619c614d3038751c63bc2aadc06d"},"description":"&nbsp; Radnici hotela \u201eOtrant\u201c protestovali su ju\u010de na ulazu u taj kompleks jer im biv\u0161i i sada\u0161nji vlasnici, ruska kompanija \u201eBarkli Montenegro\u201c i NLB","breadcrumb":{"@id":"https:\/\/www.visit-ulcinj.com\/blog\/2012\/05\/05\/protest-radnika-ispred-hotela-%e2%80%9eotrant\/#breadcrumb"},"inLanguage":"en-US","potentialAction":[{"@type":"ReadAction","target":["https:\/\/www.visit-ulcinj.com\/blog\/2012\/05\/05\/protest-radnika-ispred-hotela-%e2%80%9eotrant\/"]}]},{"@type":"BreadcrumbList","@id":"https:\/\/www.visit-ulcinj.com\/blog\/2012\/05\/05\/protest-radnika-ispred-hotela-%e2%80%9eotrant\/#breadcrumb","itemListElement":[{"@type":"ListItem","position":1,"name":"Protest radnika ispred hotela \u201eOtrant\u201c"}]},{"@type":"Person","@id":"https:\/\/www.visit-ulcinj.com\/blog\/#\/schema\/person\/dcab619c614d3038751c63bc2aadc06d","name":"ulqini","sameAs":["http:\/\/www.visit-ulcinj.com"],"url":"https:\/\/www.visit-ulcinj.com\/blog\/author\/admin\/"}]}},"jetpack_featured_media_url":"","jetpack_sharing_enabled":true,"jetpack_shortlink":"https:\/\/wp.me\/pe6lTn-fDN","_links":{"self":[{"href":"https:\/\/www.visit-ulcinj.com\/blog\/wp-json\/wp\/v2\/posts\/60127"}],"collection":[{"href":"https:\/\/www.visit-ulcinj.com\/blog\/wp-json\/wp\/v2\/posts"}],"about":[{"href":"https:\/\/www.visit-ulcinj.com\/blog\/wp-json\/wp\/v2\/types\/post"}],"author":[{"embeddable":true,"href":"https:\/\/www.visit-ulcinj.com\/blog\/wp-json\/wp\/v2\/users\/1"}],"replies":[{"embeddable":true,"href":"https:\/\/www.visit-ulcinj.com\/blog\/wp-json\/wp\/v2\/comments?post=60127"}],"version-history":[{"count":3,"href":"https:\/\/www.visit-ulcinj.com\/blog\/wp-json\/wp\/v2\/posts\/60127\/revisions"}],"predecessor-version":[{"id":60133,"href":"https:\/\/www.visit-ulcinj.com\/blog\/wp-json\/wp\/v2\/posts\/60127\/revisions\/60133"}],"wp:attachment":[{"href":"https:\/\/www.visit-ulcinj.com\/blog\/wp-json\/wp\/v2\/media?parent=60127"}],"wp:term":[{"taxonomy":"category","embeddable":true,"href":"https:\/\/www.visit-ulcinj.com\/blog\/wp-json\/wp\/v2\/categories?post=60127"},{"taxonomy":"post_tag","embeddable":true,"href":"https:\/\/www.visit-ulcinj.com\/blog\/wp-json\/wp\/v2\/tags?post=60127"}],"curies":[{"name":"wp","href":"https:\/\/api.w.org\/{rel}","templated":true}]}}