{"id":60140,"date":"2012-05-05T21:43:03","date_gmt":"2012-05-05T20:43:03","guid":{"rendered":"http:\/\/www.visit-ulcinj.com\/blog\/?p=60140"},"modified":"2012-05-05T21:43:50","modified_gmt":"2012-05-05T20:43:50","slug":"slika-koja-docekuje-goste-starog-grada-ulcinja","status":"publish","type":"post","link":"https:\/\/www.visit-ulcinj.com\/blog\/2012\/05\/05\/slika-koja-docekuje-goste-starog-grada-ulcinja\/","title":{"rendered":"Slika koja do\u010dekuje goste Starog Grada Ulcinja"},"content":{"rendered":"<p><a href=\"http:\/\/www.visit-ulcinj.com\/blog\/wp-content\/uploads\/2012\/05\/STARI-GRAD-ULCINJ.jpg\"><img loading=\"lazy\" class=\"alignleft  wp-image-60141\" src=\"http:\/\/www.visit-ulcinj.com\/blog\/wp-content\/uploads\/2012\/05\/STARI-GRAD-ULCINJ.jpg\" alt=\"\" width=\"508\" height=\"380\" srcset=\"https:\/\/www.visit-ulcinj.com\/blog\/wp-content\/uploads\/2012\/05\/STARI-GRAD-ULCINJ.jpg 960w, https:\/\/www.visit-ulcinj.com\/blog\/wp-content\/uploads\/2012\/05\/STARI-GRAD-ULCINJ-300x225.jpg 300w\" sizes=\"(max-width: 508px) 100vw, 508px\" \/><\/a>U jednom tekstu nazvao sam ga &#8220;Musketarom&#8221;&#8230; ali da ne grije\u0161im du\u0161u mo\u017eda \u010dovjek i ne zna da mu se ovako radi, i da ima tako silnu&#8221; radnu snagu i tehniku&#8221; u svojoj &#8220;ku\u0107i&#8221;&#8230; Slika koja ve\u0107 tri dana do\u010dekuje goste na jednoj od glavnih ulica Srarog grada, dovoljno govori&#8230; ve\u0107 \u010detiri dana se izliva voda iz naprslih cijevi kao kakav potok skoro do mora,.. na mnogobrojne pozive gra\u0111ana, do\u0161la jedna &#8220;jaka&#8221; stru\u010dna ekipa od 3 \u010dlana. U \u010dertvrtak su uspjeli da &#8221; otkriju &#8221; kvar, otvorili su i raskopali ulicu, ostavili su tako, nastavili su u petak, a po\u0161to su subota i nedljelja neradni dani, vjerovatno \u0107e &#8221; vaskrsnuti &#8221; u ponedljeljak, makar da zaustave vodu.. a do tada \u0107e doma\u0107instva \u010dekati na &#8220;milost&#8221; da mo\u017eda neko do\u0111e kao &#8220;ispomo\u0107&#8221;iz nekog drugog grada i popravi i zamijeni samo jedan metar cijevi. A do tada \u0107e prolaznici i gosti preskakati i prolaziti pored ovako silne vode me\u0111u drevne zidine Starog grada&#8230;<\/p>\n<p><strong>Ismet KARAMANAGA<\/strong><\/p>\n","protected":false},"excerpt":{"rendered":"<p>U jednom tekstu nazvao sam ga &#8220;Musketarom&#8221;&#8230; ali da ne grije\u0161im du\u0161u mo\u017eda \u010dovjek i ne zna da mu se ovako radi, i da ima tako silnu&#8221; radnu snagu i tehniku&#8221; u svojoj &#8220;ku\u0107i&#8221;&#8230; Slika koja ve\u0107 tri dana do\u010dekuje goste na jednoj od glavnih ulica Srarog grada, dovoljno govori&#8230; ve\u0107 \u010detiri dana se izliva [&hellip;]<\/p>\n","protected":false},"author":6,"featured_media":0,"comment_status":"open","ping_status":"closed","sticky":false,"template":"","format":"standard","meta":{"spay_email":"","jetpack_publicize_message":"","jetpack_is_tweetstorm":false,"jetpack_publicize_feature_enabled":true},"categories":[8337],"tags":[],"jetpack_publicize_connections":[],"yoast_head":"<!-- This site is optimized with the Yoast SEO plugin v19.1 - https:\/\/yoast.com\/wordpress\/plugins\/seo\/ -->\n<title>Slika koja do\u010dekuje goste Starog Grada Ulcinja - Lajme nga Ulqini<\/title>\n<meta name=\"description\" content=\"U jednom tekstu nazvao sam ga &quot;Musketarom&quot;... ali da ne grije\u0161im du\u0161u mo\u017eda \u010dovjek i ne zna da mu se ovako radi, i da ima tako silnu&quot; radnu snagu i\" \/>\n<meta name=\"robots\" content=\"index, follow, max-snippet:-1, max-image-preview:large, max-video-preview:-1\" \/>\n<link rel=\"canonical\" href=\"https:\/\/www.visit-ulcinj.com\/blog\/2012\/05\/05\/slika-koja-docekuje-goste-starog-grada-ulcinja\/\" \/>\n<meta property=\"og:locale\" content=\"en_US\" \/>\n<meta property=\"og:type\" content=\"article\" \/>\n<meta property=\"og:title\" content=\"Slika koja do\u010dekuje goste Starog Grada Ulcinja - Lajme nga Ulqini\" \/>\n<meta property=\"og:description\" content=\"U jednom tekstu nazvao sam ga &quot;Musketarom&quot;... ali da ne grije\u0161im du\u0161u mo\u017eda \u010dovjek i ne zna da mu se ovako radi, i da ima tako silnu&quot; radnu snagu i\" \/>\n<meta property=\"og:url\" content=\"https:\/\/www.visit-ulcinj.com\/blog\/2012\/05\/05\/slika-koja-docekuje-goste-starog-grada-ulcinja\/\" \/>\n<meta property=\"og:site_name\" content=\"Lajme nga Ulqini\" \/>\n<meta property=\"article:published_time\" content=\"2012-05-05T20:43:03+00:00\" \/>\n<meta property=\"article:modified_time\" content=\"2012-05-05T20:43:50+00:00\" \/>\n<meta property=\"og:image\" content=\"http:\/\/www.visit-ulcinj.com\/blog\/wp-content\/uploads\/2012\/05\/STARI-GRAD-ULCINJ.jpg\" \/>\n<meta name=\"twitter:label1\" content=\"Written by\" \/>\n\t<meta name=\"twitter:data1\" content=\"Ismet Karamanaga\" \/>\n\t<meta name=\"twitter:label2\" content=\"Est. reading time\" \/>\n\t<meta name=\"twitter:data2\" content=\"1 minute\" \/>\n<script type=\"application\/ld+json\" class=\"yoast-schema-graph\">{\"@context\":\"https:\/\/schema.org\",\"@graph\":[{\"@type\":\"WebSite\",\"@id\":\"https:\/\/www.visit-ulcinj.com\/blog\/#website\",\"url\":\"https:\/\/www.visit-ulcinj.com\/blog\/\",\"name\":\"Lajme nga Ulqini\",\"description\":\"Lajme,Vijesti,Ulqini,Ulqin,Crna Gora,Mali i Zi\",\"potentialAction\":[{\"@type\":\"SearchAction\",\"target\":{\"@type\":\"EntryPoint\",\"urlTemplate\":\"https:\/\/www.visit-ulcinj.com\/blog\/?s={search_term_string}\"},\"query-input\":\"required name=search_term_string\"}],\"inLanguage\":\"en-US\"},{\"@type\":\"ImageObject\",\"inLanguage\":\"en-US\",\"@id\":\"https:\/\/www.visit-ulcinj.com\/blog\/2012\/05\/05\/slika-koja-docekuje-goste-starog-grada-ulcinja\/#primaryimage\",\"url\":\"https:\/\/www.visit-ulcinj.com\/blog\/wp-content\/uploads\/2012\/05\/STARI-GRAD-ULCINJ.jpg\",\"contentUrl\":\"https:\/\/www.visit-ulcinj.com\/blog\/wp-content\/uploads\/2012\/05\/STARI-GRAD-ULCINJ.jpg\",\"width\":\"960\",\"height\":\"720\"},{\"@type\":\"WebPage\",\"@id\":\"https:\/\/www.visit-ulcinj.com\/blog\/2012\/05\/05\/slika-koja-docekuje-goste-starog-grada-ulcinja\/#webpage\",\"url\":\"https:\/\/www.visit-ulcinj.com\/blog\/2012\/05\/05\/slika-koja-docekuje-goste-starog-grada-ulcinja\/\",\"name\":\"Slika koja do\u010dekuje goste Starog Grada Ulcinja - Lajme nga Ulqini\",\"isPartOf\":{\"@id\":\"https:\/\/www.visit-ulcinj.com\/blog\/#website\"},\"primaryImageOfPage\":{\"@id\":\"https:\/\/www.visit-ulcinj.com\/blog\/2012\/05\/05\/slika-koja-docekuje-goste-starog-grada-ulcinja\/#primaryimage\"},\"datePublished\":\"2012-05-05T20:43:03+00:00\",\"dateModified\":\"2012-05-05T20:43:50+00:00\",\"author\":{\"@id\":\"https:\/\/www.visit-ulcinj.com\/blog\/#\/schema\/person\/54acbe73e5e40d103054a73871775f79\"},\"description\":\"U jednom tekstu nazvao sam ga \\\"Musketarom\\\"... ali da ne grije\u0161im du\u0161u mo\u017eda \u010dovjek i ne zna da mu se ovako radi, i da ima tako silnu\\\" radnu snagu i\",\"breadcrumb\":{\"@id\":\"https:\/\/www.visit-ulcinj.com\/blog\/2012\/05\/05\/slika-koja-docekuje-goste-starog-grada-ulcinja\/#breadcrumb\"},\"inLanguage\":\"en-US\",\"potentialAction\":[{\"@type\":\"ReadAction\",\"target\":[\"https:\/\/www.visit-ulcinj.com\/blog\/2012\/05\/05\/slika-koja-docekuje-goste-starog-grada-ulcinja\/\"]}]},{\"@type\":\"BreadcrumbList\",\"@id\":\"https:\/\/www.visit-ulcinj.com\/blog\/2012\/05\/05\/slika-koja-docekuje-goste-starog-grada-ulcinja\/#breadcrumb\",\"itemListElement\":[{\"@type\":\"ListItem\",\"position\":1,\"name\":\"Slika koja do\u010dekuje goste Starog Grada Ulcinja\"}]},{\"@type\":\"Person\",\"@id\":\"https:\/\/www.visit-ulcinj.com\/blog\/#\/schema\/person\/54acbe73e5e40d103054a73871775f79\",\"name\":\"Ismet Karamanaga\",\"description\":\"Kam punuar si ciceron p\u00ebr shum\\\"agjensi turistike nga vendi dhe nga bota.\",\"url\":\"https:\/\/www.visit-ulcinj.com\/blog\/author\/ismet\/\"}]}<\/script>\n<!-- \/ Yoast SEO plugin. -->","yoast_head_json":{"title":"Slika koja do\u010dekuje goste Starog Grada Ulcinja - Lajme nga Ulqini","description":"U jednom tekstu nazvao sam ga \"Musketarom\"... ali da ne grije\u0161im du\u0161u mo\u017eda \u010dovjek i ne zna da mu se ovako radi, i da ima tako silnu\" radnu snagu i","robots":{"index":"index","follow":"follow","max-snippet":"max-snippet:-1","max-image-preview":"max-image-preview:large","max-video-preview":"max-video-preview:-1"},"canonical":"https:\/\/www.visit-ulcinj.com\/blog\/2012\/05\/05\/slika-koja-docekuje-goste-starog-grada-ulcinja\/","og_locale":"en_US","og_type":"article","og_title":"Slika koja do\u010dekuje goste Starog Grada Ulcinja - Lajme nga Ulqini","og_description":"U jednom tekstu nazvao sam ga \"Musketarom\"... ali da ne grije\u0161im du\u0161u mo\u017eda \u010dovjek i ne zna da mu se ovako radi, i da ima tako silnu\" radnu snagu i","og_url":"https:\/\/www.visit-ulcinj.com\/blog\/2012\/05\/05\/slika-koja-docekuje-goste-starog-grada-ulcinja\/","og_site_name":"Lajme nga Ulqini","article_published_time":"2012-05-05T20:43:03+00:00","article_modified_time":"2012-05-05T20:43:50+00:00","og_image":[{"url":"http:\/\/www.visit-ulcinj.com\/blog\/wp-content\/uploads\/2012\/05\/STARI-GRAD-ULCINJ.jpg"}],"twitter_misc":{"Written by":"Ismet Karamanaga","Est. reading time":"1 minute"},"schema":{"@context":"https:\/\/schema.org","@graph":[{"@type":"WebSite","@id":"https:\/\/www.visit-ulcinj.com\/blog\/#website","url":"https:\/\/www.visit-ulcinj.com\/blog\/","name":"Lajme nga Ulqini","description":"Lajme,Vijesti,Ulqini,Ulqin,Crna Gora,Mali i Zi","potentialAction":[{"@type":"SearchAction","target":{"@type":"EntryPoint","urlTemplate":"https:\/\/www.visit-ulcinj.com\/blog\/?s={search_term_string}"},"query-input":"required name=search_term_string"}],"inLanguage":"en-US"},{"@type":"ImageObject","inLanguage":"en-US","@id":"https:\/\/www.visit-ulcinj.com\/blog\/2012\/05\/05\/slika-koja-docekuje-goste-starog-grada-ulcinja\/#primaryimage","url":"https:\/\/www.visit-ulcinj.com\/blog\/wp-content\/uploads\/2012\/05\/STARI-GRAD-ULCINJ.jpg","contentUrl":"https:\/\/www.visit-ulcinj.com\/blog\/wp-content\/uploads\/2012\/05\/STARI-GRAD-ULCINJ.jpg","width":"960","height":"720"},{"@type":"WebPage","@id":"https:\/\/www.visit-ulcinj.com\/blog\/2012\/05\/05\/slika-koja-docekuje-goste-starog-grada-ulcinja\/#webpage","url":"https:\/\/www.visit-ulcinj.com\/blog\/2012\/05\/05\/slika-koja-docekuje-goste-starog-grada-ulcinja\/","name":"Slika koja do\u010dekuje goste Starog Grada Ulcinja - Lajme nga Ulqini","isPartOf":{"@id":"https:\/\/www.visit-ulcinj.com\/blog\/#website"},"primaryImageOfPage":{"@id":"https:\/\/www.visit-ulcinj.com\/blog\/2012\/05\/05\/slika-koja-docekuje-goste-starog-grada-ulcinja\/#primaryimage"},"datePublished":"2012-05-05T20:43:03+00:00","dateModified":"2012-05-05T20:43:50+00:00","author":{"@id":"https:\/\/www.visit-ulcinj.com\/blog\/#\/schema\/person\/54acbe73e5e40d103054a73871775f79"},"description":"U jednom tekstu nazvao sam ga \"Musketarom\"... ali da ne grije\u0161im du\u0161u mo\u017eda \u010dovjek i ne zna da mu se ovako radi, i da ima tako silnu\" radnu snagu i","breadcrumb":{"@id":"https:\/\/www.visit-ulcinj.com\/blog\/2012\/05\/05\/slika-koja-docekuje-goste-starog-grada-ulcinja\/#breadcrumb"},"inLanguage":"en-US","potentialAction":[{"@type":"ReadAction","target":["https:\/\/www.visit-ulcinj.com\/blog\/2012\/05\/05\/slika-koja-docekuje-goste-starog-grada-ulcinja\/"]}]},{"@type":"BreadcrumbList","@id":"https:\/\/www.visit-ulcinj.com\/blog\/2012\/05\/05\/slika-koja-docekuje-goste-starog-grada-ulcinja\/#breadcrumb","itemListElement":[{"@type":"ListItem","position":1,"name":"Slika koja do\u010dekuje goste Starog Grada Ulcinja"}]},{"@type":"Person","@id":"https:\/\/www.visit-ulcinj.com\/blog\/#\/schema\/person\/54acbe73e5e40d103054a73871775f79","name":"Ismet Karamanaga","description":"Kam punuar si ciceron p\u00ebr shum\"agjensi turistike nga vendi dhe nga bota.","url":"https:\/\/www.visit-ulcinj.com\/blog\/author\/ismet\/"}]}},"jetpack_featured_media_url":"","jetpack_sharing_enabled":true,"jetpack_shortlink":"https:\/\/wp.me\/pe6lTn-fE0","_links":{"self":[{"href":"https:\/\/www.visit-ulcinj.com\/blog\/wp-json\/wp\/v2\/posts\/60140"}],"collection":[{"href":"https:\/\/www.visit-ulcinj.com\/blog\/wp-json\/wp\/v2\/posts"}],"about":[{"href":"https:\/\/www.visit-ulcinj.com\/blog\/wp-json\/wp\/v2\/types\/post"}],"author":[{"embeddable":true,"href":"https:\/\/www.visit-ulcinj.com\/blog\/wp-json\/wp\/v2\/users\/6"}],"replies":[{"embeddable":true,"href":"https:\/\/www.visit-ulcinj.com\/blog\/wp-json\/wp\/v2\/comments?post=60140"}],"version-history":[{"count":2,"href":"https:\/\/www.visit-ulcinj.com\/blog\/wp-json\/wp\/v2\/posts\/60140\/revisions"}],"predecessor-version":[{"id":60143,"href":"https:\/\/www.visit-ulcinj.com\/blog\/wp-json\/wp\/v2\/posts\/60140\/revisions\/60143"}],"wp:attachment":[{"href":"https:\/\/www.visit-ulcinj.com\/blog\/wp-json\/wp\/v2\/media?parent=60140"}],"wp:term":[{"taxonomy":"category","embeddable":true,"href":"https:\/\/www.visit-ulcinj.com\/blog\/wp-json\/wp\/v2\/categories?post=60140"},{"taxonomy":"post_tag","embeddable":true,"href":"https:\/\/www.visit-ulcinj.com\/blog\/wp-json\/wp\/v2\/tags?post=60140"}],"curies":[{"name":"wp","href":"https:\/\/api.w.org\/{rel}","templated":true}]}}