{"id":60149,"date":"2012-05-06T09:34:06","date_gmt":"2012-05-06T08:34:06","guid":{"rendered":"http:\/\/www.visit-ulcinj.com\/blog\/?p=60149"},"modified":"2012-05-06T16:09:40","modified_gmt":"2012-05-06T15:09:40","slug":"hana-cakuli-beqaresha-e-ulqinit","status":"publish","type":"post","link":"https:\/\/www.visit-ulcinj.com\/blog\/2012\/05\/06\/hana-cakuli-beqaresha-e-ulqinit\/","title":{"rendered":"Hana Cakuli &#8211; Beqaresha e Ulqinit"},"content":{"rendered":"<p><strong>Nga Ardian Jasiqi<\/strong><\/p>\n<p><strong>K\u00ebng\u00ebtarja, tani edhe prezantuesja Hana Cakuli, n\u00eb nj\u00eb bised\u00eb p\u00ebr Express ka th\u00ebn\u00eb se pos emisionit t\u00eb saj \u201cKubi Kuzin\u00eb\u201d, \u00ebsht\u00eb duke u p\u00ebrgatitur edhe p\u00ebr k\u00ebng\u00eb t\u00eb reja. Ajo po ashtu ka treguar se vazhdon t\u00eb jet\u00eb \u201cbeqare\u201d dhe nuk do t\u00eb marr\u00eb pjes\u00eb n\u00ebp\u00ebr festivale. <\/strong><\/p>\n<p><a href=\"http:\/\/www.visit-ulcinj.com\/blog\/wp-content\/uploads\/2012\/05\/Hana-Cakuli-Beqaresha-e-Ulqinit.jpg\"><img loading=\"lazy\" class=\"alignleft  wp-image-60150\" title=\"Hana Cakuli - Beqaresha e Ulqinit\" src=\"http:\/\/www.visit-ulcinj.com\/blog\/wp-content\/uploads\/2012\/05\/Hana-Cakuli-Beqaresha-e-Ulqinit.jpg\" alt=\"\" width=\"508\" height=\"357\" \/><\/a><\/p>\n<p>E njohur p\u00ebr disa hite n\u00eb Kosov\u00eb dhe n\u00eb Shqip\u00ebri, k\u00ebng\u00ebtarja dhe prezantuesja Hana Cakuli n\u00eb nj\u00eb bised\u00eb p\u00ebr Express ka paralajm\u00ebruar se gjat\u00eb k\u00ebtij viti, pos prezantimit t\u00eb emisionit \u201cKubi Kuzin\u00eb\u201d, do t\u00eb sjell\u00eb edhe k\u00ebng\u00eb t\u00eb reja.<\/p>\n<p>P\u00ebr sa i p\u00ebrket befasis\u00eb si nj\u00eb prezantuese e nj\u00eb emisioni, sidomos p\u00ebr kuzhin\u00ebn, Hana ka th\u00ebn\u00eb se e t\u00ebra kishte ardhur rast\u00ebsisht, kur ajo q\u00ebndronte duke pir\u00eb kafe tek \u201cKafet e vogla\u201d n\u00eb Prishtin\u00eb.<\/p>\n<p>\u201cIsha duke pir\u00eb kafe tek Kafet e Vogla me koleg\u00ebt e mi t\u00eb Od\u00ebs Amerikane dhe m\u00eb telefonoi Fis Vejsa. Sapo kishte p\u00ebrfunduar \u2018Shpia e Kosov\u00ebs\u2019 dhe u habita q\u00eb po m\u00eb th\u00ebrriste mua si prezantuese. Ai m\u00eb tha se bashk\u00eb me regjisorin Genc Dobroshi d\u00ebshironin q\u00eb un\u00eb t\u00eb jem moderatore e emisionit\u201d, thot\u00eb Hana p\u00ebr Express.<\/p>\n<p>P\u00ebr t\u00eb kjo ishte nj\u00eb befasi e mir\u00eb, aq m\u00eb tep\u00ebr kur ajo nuk kishte punuar m\u00eb her\u00ebt n\u00eb televizion.<\/p>\n<p>\u201cSi duket ata e kishin v\u00ebrejtur nga intervistat e mia k\u00ebt\u00eb aft\u00ebsi timen\u201d, thot\u00eb ajo.<\/p>\n<p>Por, puna e prezantimit tashm\u00eb po i p\u00eblqen shum\u00eb k\u00ebng\u00ebtares dhe thot\u00eb se ka provuar q\u00eb t\u00eb filloj\u00eb prezantim edhe n\u00eb formate t\u00eb spektaklit dhe jo vet\u00ebm t\u00eb nj\u00eb emisioni.<\/p>\n<p>\u201cK\u00ebt\u00eb e kam b\u00ebr\u00eb n\u00eb qytetin tim, n\u00eb Ulqin, ku kam prezantuar n\u00eb Sall\u00ebn e Kultur\u00ebs, por edhe n\u00eb disa ngjarje t\u00eb vogla me karakter t\u00eb spektaklit\u201d.<\/p>\n<p>Megjithat\u00eb, Hana si prezantuese ishte paraqitur q\u00eb n\u00eb mosh\u00ebn 13 vje\u00e7are n\u00eb Radio Elita n\u00eb Ulqin, por prezantimi dhe \u201cKubi Kuzin\u00eb\u201d nuk do t\u00eb jen\u00eb risit\u00eb e vetme t\u00eb Han\u00ebs n\u00eb 2012.<\/p>\n<p>Ajo \u00ebsht\u00eb duke u p\u00ebrgatitur p\u00ebr projekte t\u00eb reja edhe n\u00eb muzik\u00eb.<\/p>\n<p>\u201cJam n\u00eb fillim t\u00eb projektit. Kam filluar negociatat me producent\u00eb dhe muzikant\u00eb t\u00eb ndrysh\u00ebm q\u00eb t\u00eb sjell di\u00e7ka p\u00ebr gjith\u00eb publikun. Nuk po e zbuloj tani. Dua q\u00eb t\u00eb mbetet nj\u00eb surpriz\u00eb e bukur dhe q\u00eb publiku ta kuptoj\u00eb vet\u00ebm kur gjith\u00e7ka t\u00eb jet\u00eb gati :)\u201d, thot\u00eb Hana.<\/p>\n<p>Nd\u00ebrkaq, edhe sa i p\u00ebrket statusit t\u00eb saj, Hana \u00ebsht\u00eb beqare, edhe pse n\u00eb k\u00ebt\u00eb pyetje ajo p\u00ebrgjigjet shum\u00eb shkurt, duke th\u00ebn\u00eb: \u201cJam \u2018single\u2019&#8221;.<\/p>\n<p>P\u00ebrderisa punon n\u00eb nj\u00eb emision p\u00ebr kuzhin\u00ebn, Hana ka edhe preferencat e saj sa i p\u00ebrket ushqimit.<\/p>\n<p>\u201cKuzhina ime e preferuar \u00ebsht\u00eb ajo kineze. Ushqimi kinez q\u00eb e dua m\u00eb s\u00eb shumti \u00ebsht\u00eb mishi me sosin e \u00ebmb\u00ebl dhe t\u00eb thart\u00eb (mish pule, peshku apo gjela t\u00eb detit). E adhuroj k\u00ebt\u00eb kombinim\u201d, shprehet Hana.<\/p>\n<p>Hana thot\u00eb se nuk mungon edhe dieta, p\u00ebrderisa u ik ushqimeve nga brumi.<\/p>\n<p>\u201cMbaj nganj\u00ebher\u00eb diet\u00eb, por jo ndonj\u00eb diet\u00eb strikte. Mundohem t&#8217;i iki brum\u00ebrave dhe \u00e7okollatave, t\u00eb cilat i dua shum\u00eb &#8211; edhe t\u00eb pi sa m\u00eb shum\u00eb uj\u00eb dhe asgj\u00eb tjet\u00ebr p\u00ebrve\u00e7 ujit\u201d.<\/p>\n<p>Sa u p\u00ebrket festivaleve, k\u00ebng\u00ebtarja thot\u00eb se ka vendosur q\u00eb t\u00eb pushoj\u00eb nga ata.<\/p>\n<p>\u201cJo. Kam vendosur p\u00ebr nj\u00eb koh\u00eb t\u00eb merrem me lansimet e mia individuale, pa u promovuar n\u00eb ndonj\u00eb festival. Mendoj se publiku m\u00eb ka par\u00eb mjaft n\u00ebp\u00ebr festivale dhe \u00ebsht\u00eb koha q\u00eb t\u00eb sjell di\u00e7ka ndryshe. Dikur m\u00eb von\u00eb do t&#8217;i rikthehem festivaleve\u201d, ka th\u00ebn\u00eb n\u00eb fund t\u00eb bised\u00ebs k\u00ebng\u00ebtarja ulqinake, e cila veprimtarin\u00eb e saj e zhvillon n\u00eb Prishtin\u00eb.<\/p>\n<p><strong>Gazeta Express<br \/>\n<!--YouTube Error: bad URL entered--><br \/>\n<\/strong><\/p>\n","protected":false},"excerpt":{"rendered":"<p>Nga Ardian Jasiqi K\u00ebng\u00ebtarja, tani edhe prezantuesja Hana Cakuli, n\u00eb nj\u00eb bised\u00eb p\u00ebr Express ka th\u00ebn\u00eb se pos emisionit t\u00eb saj \u201cKubi Kuzin\u00eb\u201d, \u00ebsht\u00eb duke u p\u00ebrgatitur edhe p\u00ebr k\u00ebng\u00eb t\u00eb reja. Ajo po ashtu ka treguar se vazhdon t\u00eb jet\u00eb \u201cbeqare\u201d dhe nuk do t\u00eb marr\u00eb pjes\u00eb n\u00ebp\u00ebr festivale. E njohur p\u00ebr disa hite [&hellip;]<\/p>\n","protected":false},"author":1,"featured_media":0,"comment_status":"open","ping_status":"closed","sticky":false,"template":"","format":"standard","meta":{"spay_email":"","jetpack_publicize_message":"","jetpack_is_tweetstorm":false,"jetpack_publicize_feature_enabled":true},"categories":[1],"tags":[19677,19806,16036,3201,19514,20430,19511,20429,6609,19513,6693,4684,4699,200,18,19460],"jetpack_publicize_connections":[],"yoast_head":"<!-- This site is optimized with the Yoast SEO plugin v19.1 - https:\/\/yoast.com\/wordpress\/plugins\/seo\/ -->\n<title>Hana Cakuli - Beqaresha e Ulqinit - Lajme nga Ulqini<\/title>\n<meta name=\"description\" content=\"Nga Ardian Jasiqi K\u00ebng\u00ebtarja, tani edhe prezantuesja Hana Cakuli, n\u00eb nj\u00eb bised\u00eb p\u00ebr Express ka th\u00ebn\u00eb se pos emisionit t\u00eb saj \u201cKubi Kuzin\u00eb\u201d, \u00ebsht\u00eb duke u\" \/>\n<meta name=\"robots\" content=\"index, follow, max-snippet:-1, max-image-preview:large, max-video-preview:-1\" \/>\n<link rel=\"canonical\" href=\"https:\/\/www.visit-ulcinj.com\/blog\/2012\/05\/06\/hana-cakuli-beqaresha-e-ulqinit\/\" \/>\n<meta property=\"og:locale\" content=\"en_US\" \/>\n<meta property=\"og:type\" content=\"article\" \/>\n<meta property=\"og:title\" content=\"Hana Cakuli - Beqaresha e Ulqinit - Lajme nga Ulqini\" \/>\n<meta property=\"og:description\" content=\"Nga Ardian Jasiqi K\u00ebng\u00ebtarja, tani edhe prezantuesja Hana Cakuli, n\u00eb nj\u00eb bised\u00eb p\u00ebr Express ka th\u00ebn\u00eb se pos emisionit t\u00eb saj \u201cKubi Kuzin\u00eb\u201d, \u00ebsht\u00eb duke u\" \/>\n<meta property=\"og:url\" content=\"https:\/\/www.visit-ulcinj.com\/blog\/2012\/05\/06\/hana-cakuli-beqaresha-e-ulqinit\/\" \/>\n<meta property=\"og:site_name\" content=\"Lajme nga Ulqini\" \/>\n<meta property=\"article:published_time\" content=\"2012-05-06T08:34:06+00:00\" \/>\n<meta property=\"article:modified_time\" content=\"2012-05-06T15:09:40+00:00\" \/>\n<meta property=\"og:image\" content=\"http:\/\/www.visit-ulcinj.com\/blog\/wp-content\/uploads\/2012\/05\/Hana-Cakuli-Beqaresha-e-Ulqinit.jpg\" \/>\n<meta name=\"twitter:label1\" content=\"Written by\" \/>\n\t<meta name=\"twitter:data1\" content=\"ulqini\" \/>\n\t<meta name=\"twitter:label2\" content=\"Est. reading time\" \/>\n\t<meta name=\"twitter:data2\" content=\"3 minutes\" \/>\n<script type=\"application\/ld+json\" class=\"yoast-schema-graph\">{\"@context\":\"https:\/\/schema.org\",\"@graph\":[{\"@type\":\"WebSite\",\"@id\":\"https:\/\/www.visit-ulcinj.com\/blog\/#website\",\"url\":\"https:\/\/www.visit-ulcinj.com\/blog\/\",\"name\":\"Lajme nga Ulqini\",\"description\":\"Lajme,Vijesti,Ulqini,Ulqin,Crna Gora,Mali i Zi\",\"potentialAction\":[{\"@type\":\"SearchAction\",\"target\":{\"@type\":\"EntryPoint\",\"urlTemplate\":\"https:\/\/www.visit-ulcinj.com\/blog\/?s={search_term_string}\"},\"query-input\":\"required name=search_term_string\"}],\"inLanguage\":\"en-US\"},{\"@type\":\"ImageObject\",\"inLanguage\":\"en-US\",\"@id\":\"https:\/\/www.visit-ulcinj.com\/blog\/2012\/05\/06\/hana-cakuli-beqaresha-e-ulqinit\/#primaryimage\",\"url\":\"http:\/\/www.visit-ulcinj.com\/blog\/wp-content\/uploads\/2012\/05\/Hana-Cakuli-Beqaresha-e-Ulqinit.jpg\",\"contentUrl\":\"http:\/\/www.visit-ulcinj.com\/blog\/wp-content\/uploads\/2012\/05\/Hana-Cakuli-Beqaresha-e-Ulqinit.jpg\"},{\"@type\":\"WebPage\",\"@id\":\"https:\/\/www.visit-ulcinj.com\/blog\/2012\/05\/06\/hana-cakuli-beqaresha-e-ulqinit\/#webpage\",\"url\":\"https:\/\/www.visit-ulcinj.com\/blog\/2012\/05\/06\/hana-cakuli-beqaresha-e-ulqinit\/\",\"name\":\"Hana Cakuli - Beqaresha e Ulqinit - Lajme nga Ulqini\",\"isPartOf\":{\"@id\":\"https:\/\/www.visit-ulcinj.com\/blog\/#website\"},\"primaryImageOfPage\":{\"@id\":\"https:\/\/www.visit-ulcinj.com\/blog\/2012\/05\/06\/hana-cakuli-beqaresha-e-ulqinit\/#primaryimage\"},\"datePublished\":\"2012-05-06T08:34:06+00:00\",\"dateModified\":\"2012-05-06T15:09:40+00:00\",\"author\":{\"@id\":\"https:\/\/www.visit-ulcinj.com\/blog\/#\/schema\/person\/dcab619c614d3038751c63bc2aadc06d\"},\"description\":\"Nga Ardian Jasiqi K\u00ebng\u00ebtarja, tani edhe prezantuesja Hana Cakuli, n\u00eb nj\u00eb bised\u00eb p\u00ebr Express ka th\u00ebn\u00eb se pos emisionit t\u00eb saj \u201cKubi Kuzin\u00eb\u201d, \u00ebsht\u00eb duke u\",\"breadcrumb\":{\"@id\":\"https:\/\/www.visit-ulcinj.com\/blog\/2012\/05\/06\/hana-cakuli-beqaresha-e-ulqinit\/#breadcrumb\"},\"inLanguage\":\"en-US\",\"potentialAction\":[{\"@type\":\"ReadAction\",\"target\":[\"https:\/\/www.visit-ulcinj.com\/blog\/2012\/05\/06\/hana-cakuli-beqaresha-e-ulqinit\/\"]}]},{\"@type\":\"BreadcrumbList\",\"@id\":\"https:\/\/www.visit-ulcinj.com\/blog\/2012\/05\/06\/hana-cakuli-beqaresha-e-ulqinit\/#breadcrumb\",\"itemListElement\":[{\"@type\":\"ListItem\",\"position\":1,\"name\":\"Hana Cakuli &#8211; Beqaresha e Ulqinit\"}]},{\"@type\":\"Person\",\"@id\":\"https:\/\/www.visit-ulcinj.com\/blog\/#\/schema\/person\/dcab619c614d3038751c63bc2aadc06d\",\"name\":\"ulqini\",\"sameAs\":[\"http:\/\/www.visit-ulcinj.com\"],\"url\":\"https:\/\/www.visit-ulcinj.com\/blog\/author\/admin\/\"}]}<\/script>\n<!-- \/ Yoast SEO plugin. -->","yoast_head_json":{"title":"Hana Cakuli - Beqaresha e Ulqinit - Lajme nga Ulqini","description":"Nga Ardian Jasiqi K\u00ebng\u00ebtarja, tani edhe prezantuesja Hana Cakuli, n\u00eb nj\u00eb bised\u00eb p\u00ebr Express ka th\u00ebn\u00eb se pos emisionit t\u00eb saj \u201cKubi Kuzin\u00eb\u201d, \u00ebsht\u00eb duke u","robots":{"index":"index","follow":"follow","max-snippet":"max-snippet:-1","max-image-preview":"max-image-preview:large","max-video-preview":"max-video-preview:-1"},"canonical":"https:\/\/www.visit-ulcinj.com\/blog\/2012\/05\/06\/hana-cakuli-beqaresha-e-ulqinit\/","og_locale":"en_US","og_type":"article","og_title":"Hana Cakuli - Beqaresha e Ulqinit - Lajme nga Ulqini","og_description":"Nga Ardian Jasiqi K\u00ebng\u00ebtarja, tani edhe prezantuesja Hana Cakuli, n\u00eb nj\u00eb bised\u00eb p\u00ebr Express ka th\u00ebn\u00eb se pos emisionit t\u00eb saj \u201cKubi Kuzin\u00eb\u201d, \u00ebsht\u00eb duke u","og_url":"https:\/\/www.visit-ulcinj.com\/blog\/2012\/05\/06\/hana-cakuli-beqaresha-e-ulqinit\/","og_site_name":"Lajme nga Ulqini","article_published_time":"2012-05-06T08:34:06+00:00","article_modified_time":"2012-05-06T15:09:40+00:00","og_image":[{"url":"http:\/\/www.visit-ulcinj.com\/blog\/wp-content\/uploads\/2012\/05\/Hana-Cakuli-Beqaresha-e-Ulqinit.jpg"}],"twitter_misc":{"Written by":"ulqini","Est. reading time":"3 minutes"},"schema":{"@context":"https:\/\/schema.org","@graph":[{"@type":"WebSite","@id":"https:\/\/www.visit-ulcinj.com\/blog\/#website","url":"https:\/\/www.visit-ulcinj.com\/blog\/","name":"Lajme nga Ulqini","description":"Lajme,Vijesti,Ulqini,Ulqin,Crna Gora,Mali i Zi","potentialAction":[{"@type":"SearchAction","target":{"@type":"EntryPoint","urlTemplate":"https:\/\/www.visit-ulcinj.com\/blog\/?s={search_term_string}"},"query-input":"required name=search_term_string"}],"inLanguage":"en-US"},{"@type":"ImageObject","inLanguage":"en-US","@id":"https:\/\/www.visit-ulcinj.com\/blog\/2012\/05\/06\/hana-cakuli-beqaresha-e-ulqinit\/#primaryimage","url":"http:\/\/www.visit-ulcinj.com\/blog\/wp-content\/uploads\/2012\/05\/Hana-Cakuli-Beqaresha-e-Ulqinit.jpg","contentUrl":"http:\/\/www.visit-ulcinj.com\/blog\/wp-content\/uploads\/2012\/05\/Hana-Cakuli-Beqaresha-e-Ulqinit.jpg"},{"@type":"WebPage","@id":"https:\/\/www.visit-ulcinj.com\/blog\/2012\/05\/06\/hana-cakuli-beqaresha-e-ulqinit\/#webpage","url":"https:\/\/www.visit-ulcinj.com\/blog\/2012\/05\/06\/hana-cakuli-beqaresha-e-ulqinit\/","name":"Hana Cakuli - Beqaresha e Ulqinit - Lajme nga Ulqini","isPartOf":{"@id":"https:\/\/www.visit-ulcinj.com\/blog\/#website"},"primaryImageOfPage":{"@id":"https:\/\/www.visit-ulcinj.com\/blog\/2012\/05\/06\/hana-cakuli-beqaresha-e-ulqinit\/#primaryimage"},"datePublished":"2012-05-06T08:34:06+00:00","dateModified":"2012-05-06T15:09:40+00:00","author":{"@id":"https:\/\/www.visit-ulcinj.com\/blog\/#\/schema\/person\/dcab619c614d3038751c63bc2aadc06d"},"description":"Nga Ardian Jasiqi K\u00ebng\u00ebtarja, tani edhe prezantuesja Hana Cakuli, n\u00eb nj\u00eb bised\u00eb p\u00ebr Express ka th\u00ebn\u00eb se pos emisionit t\u00eb saj \u201cKubi Kuzin\u00eb\u201d, \u00ebsht\u00eb duke u","breadcrumb":{"@id":"https:\/\/www.visit-ulcinj.com\/blog\/2012\/05\/06\/hana-cakuli-beqaresha-e-ulqinit\/#breadcrumb"},"inLanguage":"en-US","potentialAction":[{"@type":"ReadAction","target":["https:\/\/www.visit-ulcinj.com\/blog\/2012\/05\/06\/hana-cakuli-beqaresha-e-ulqinit\/"]}]},{"@type":"BreadcrumbList","@id":"https:\/\/www.visit-ulcinj.com\/blog\/2012\/05\/06\/hana-cakuli-beqaresha-e-ulqinit\/#breadcrumb","itemListElement":[{"@type":"ListItem","position":1,"name":"Hana Cakuli &#8211; Beqaresha e Ulqinit"}]},{"@type":"Person","@id":"https:\/\/www.visit-ulcinj.com\/blog\/#\/schema\/person\/dcab619c614d3038751c63bc2aadc06d","name":"ulqini","sameAs":["http:\/\/www.visit-ulcinj.com"],"url":"https:\/\/www.visit-ulcinj.com\/blog\/author\/admin\/"}]}},"jetpack_featured_media_url":"","jetpack_sharing_enabled":true,"jetpack_shortlink":"https:\/\/wp.me\/pe6lTn-fE9","_links":{"self":[{"href":"https:\/\/www.visit-ulcinj.com\/blog\/wp-json\/wp\/v2\/posts\/60149"}],"collection":[{"href":"https:\/\/www.visit-ulcinj.com\/blog\/wp-json\/wp\/v2\/posts"}],"about":[{"href":"https:\/\/www.visit-ulcinj.com\/blog\/wp-json\/wp\/v2\/types\/post"}],"author":[{"embeddable":true,"href":"https:\/\/www.visit-ulcinj.com\/blog\/wp-json\/wp\/v2\/users\/1"}],"replies":[{"embeddable":true,"href":"https:\/\/www.visit-ulcinj.com\/blog\/wp-json\/wp\/v2\/comments?post=60149"}],"version-history":[{"count":2,"href":"https:\/\/www.visit-ulcinj.com\/blog\/wp-json\/wp\/v2\/posts\/60149\/revisions"}],"predecessor-version":[{"id":60182,"href":"https:\/\/www.visit-ulcinj.com\/blog\/wp-json\/wp\/v2\/posts\/60149\/revisions\/60182"}],"wp:attachment":[{"href":"https:\/\/www.visit-ulcinj.com\/blog\/wp-json\/wp\/v2\/media?parent=60149"}],"wp:term":[{"taxonomy":"category","embeddable":true,"href":"https:\/\/www.visit-ulcinj.com\/blog\/wp-json\/wp\/v2\/categories?post=60149"},{"taxonomy":"post_tag","embeddable":true,"href":"https:\/\/www.visit-ulcinj.com\/blog\/wp-json\/wp\/v2\/tags?post=60149"}],"curies":[{"name":"wp","href":"https:\/\/api.w.org\/{rel}","templated":true}]}}