{"id":60158,"date":"2012-05-06T10:09:45","date_gmt":"2012-05-06T09:09:45","guid":{"rendered":"http:\/\/www.visit-ulcinj.com\/blog\/?p=60158"},"modified":"2012-05-06T10:30:08","modified_gmt":"2012-05-06T09:30:08","slug":"leonora-jakupi-pozon-ne-kopertinen-e-nje-reviste","status":"publish","type":"post","link":"https:\/\/www.visit-ulcinj.com\/blog\/2012\/05\/06\/leonora-jakupi-pozon-ne-kopertinen-e-nje-reviste\/","title":{"rendered":"Leonora Jakupi pozon n\u00eb kopertin\u00ebn e nj\u00eb reviste"},"content":{"rendered":"<p><a href=\"http:\/\/www.visit-ulcinj.com\/blog\/wp-content\/uploads\/2012\/05\/Leonora-Jakupi_Foto-Avni-Selmani.jpg\"><img loading=\"lazy\" class=\"alignleft  wp-image-60159\" title=\"Leonora Jakupi_Foto Avni Selmani\" src=\"http:\/\/www.visit-ulcinj.com\/blog\/wp-content\/uploads\/2012\/05\/Leonora-Jakupi_Foto-Avni-Selmani.jpg\" alt=\"\" width=\"508\" height=\"380\" \/><\/a>K\u00ebng\u00ebtarja Leonora Jakupi do t\u00eb jet\u00eb n\u00eb kopertin\u00ebn e nj\u00eb reviste t\u00eb p\u00ebrmuajshme shqiptare. Por p\u00ebr t\u00eb arritur deri aty k\u00ebng\u00ebtarja ka urdh\u00ebruar ti plot\u00ebsohen nj\u00eb s\u00ebr\u00eb k\u00ebrkesash. Si fillim k\u00ebng\u00ebtarja ka refuzuar t\u00eb punoj\u00eb me stafin e revist\u00ebs dhe ka k\u00ebrkuar t\u00eb bashk\u00ebpunoj\u00eb vet\u00ebm me stafin e saj me t\u00eb cil\u00ebt punon prej koh\u00ebsh.<br \/>\n<a href=\"http:\/\/www.visit-ulcinj.com\/blog\/wp-content\/uploads\/2012\/05\/Leonora-Jakupi_kopertine.jpg\"><img loading=\"lazy\" src=\"http:\/\/www.visit-ulcinj.com\/blog\/wp-content\/uploads\/2012\/05\/Leonora-Jakupi_kopertine.jpg\" alt=\"\" title=\"Leonora Jakupi_kopertine\" width=\"508\" height=\"600\" class=\"alignleft size-full wp-image-60167\" \/><\/a><br \/>\nLeonora si nj\u00eb k\u00ebng\u00ebtare me standarte t\u00eb larta nuk ka d\u00ebshiruar t\u00eb rrezikoj\u00eb kopertin\u00ebn p\u00ebr k\u00ebt\u00eb arsye vendosi q\u00eb gjith\u00e7ka kishte t\u00eb b\u00ebnte me imazhin t\u00eb ishte n\u00ebn kujdesin e profesionist\u00ebve te t\u00eb cil\u00ebt ajo ka besim t\u00eb cil\u00ebt jan\u00eb stilisti Valdrin Sahiti, artist\u00ebt e flok\u00ebve dhe make up- it Ka\u00e7i dhe Sellma dhe fotografi Artan Korenica. P\u00ebr t\u00eb par\u00eb rezultatin final t\u00eb k\u00ebtyre k\u00ebrkesave prej dive bot\u00ebrore duhet par\u00eb kopertina e revist\u00ebs.<br \/>\nBluetooth<br \/>\n<!--YouTube Error: bad URL entered--><\/p>\n","protected":false},"excerpt":{"rendered":"<p>K\u00ebng\u00ebtarja Leonora Jakupi do t\u00eb jet\u00eb n\u00eb kopertin\u00ebn e nj\u00eb reviste t\u00eb p\u00ebrmuajshme shqiptare. Por p\u00ebr t\u00eb arritur deri aty k\u00ebng\u00ebtarja ka urdh\u00ebruar ti plot\u00ebsohen nj\u00eb s\u00ebr\u00eb k\u00ebrkesash. Si fillim k\u00ebng\u00ebtarja ka refuzuar t\u00eb punoj\u00eb me stafin e revist\u00ebs dhe ka k\u00ebrkuar t\u00eb bashk\u00ebpunoj\u00eb vet\u00ebm me stafin e saj me t\u00eb cil\u00ebt punon prej koh\u00ebsh. [&hellip;]<\/p>\n","protected":false},"author":1,"featured_media":0,"comment_status":"open","ping_status":"closed","sticky":false,"template":"","format":"standard","meta":{"spay_email":"","jetpack_publicize_message":"","jetpack_is_tweetstorm":false,"jetpack_publicize_feature_enabled":true},"categories":[1],"tags":[232,5524,49,5051,7515,20434,4884],"jetpack_publicize_connections":[],"yoast_head":"<!-- This site is optimized with the Yoast SEO plugin v19.1 - https:\/\/yoast.com\/wordpress\/plugins\/seo\/ -->\n<title>Leonora Jakupi pozon n\u00eb kopertin\u00ebn e nj\u00eb reviste - Lajme nga Ulqini<\/title>\n<meta name=\"description\" content=\"K\u00ebng\u00ebtarja Leonora Jakupi do t\u00eb jet\u00eb n\u00eb kopertin\u00ebn e nj\u00eb reviste t\u00eb p\u00ebrmuajshme shqiptare. Por p\u00ebr t\u00eb arritur deri aty k\u00ebng\u00ebtarja ka urdh\u00ebruar ti\" \/>\n<meta name=\"robots\" content=\"index, follow, max-snippet:-1, max-image-preview:large, max-video-preview:-1\" \/>\n<link rel=\"canonical\" href=\"https:\/\/www.visit-ulcinj.com\/blog\/2012\/05\/06\/leonora-jakupi-pozon-ne-kopertinen-e-nje-reviste\/\" \/>\n<meta property=\"og:locale\" content=\"en_US\" \/>\n<meta property=\"og:type\" content=\"article\" \/>\n<meta property=\"og:title\" content=\"Leonora Jakupi pozon n\u00eb kopertin\u00ebn e nj\u00eb reviste - Lajme nga Ulqini\" \/>\n<meta property=\"og:description\" content=\"K\u00ebng\u00ebtarja Leonora Jakupi do t\u00eb jet\u00eb n\u00eb kopertin\u00ebn e nj\u00eb reviste t\u00eb p\u00ebrmuajshme shqiptare. Por p\u00ebr t\u00eb arritur deri aty k\u00ebng\u00ebtarja ka urdh\u00ebruar ti\" \/>\n<meta property=\"og:url\" content=\"https:\/\/www.visit-ulcinj.com\/blog\/2012\/05\/06\/leonora-jakupi-pozon-ne-kopertinen-e-nje-reviste\/\" \/>\n<meta property=\"og:site_name\" content=\"Lajme nga Ulqini\" \/>\n<meta property=\"article:published_time\" content=\"2012-05-06T09:09:45+00:00\" \/>\n<meta property=\"article:modified_time\" content=\"2012-05-06T09:30:08+00:00\" \/>\n<meta property=\"og:image\" content=\"http:\/\/www.visit-ulcinj.com\/blog\/wp-content\/uploads\/2012\/05\/Leonora-Jakupi_Foto-Avni-Selmani.jpg\" \/>\n<meta name=\"twitter:label1\" content=\"Written by\" \/>\n\t<meta name=\"twitter:data1\" content=\"ulqini\" \/>\n\t<meta name=\"twitter:label2\" content=\"Est. reading time\" \/>\n\t<meta name=\"twitter:data2\" content=\"1 minute\" \/>\n<script type=\"application\/ld+json\" class=\"yoast-schema-graph\">{\"@context\":\"https:\/\/schema.org\",\"@graph\":[{\"@type\":\"WebSite\",\"@id\":\"https:\/\/www.visit-ulcinj.com\/blog\/#website\",\"url\":\"https:\/\/www.visit-ulcinj.com\/blog\/\",\"name\":\"Lajme nga Ulqini\",\"description\":\"Lajme,Vijesti,Ulqini,Ulqin,Crna Gora,Mali i Zi\",\"potentialAction\":[{\"@type\":\"SearchAction\",\"target\":{\"@type\":\"EntryPoint\",\"urlTemplate\":\"https:\/\/www.visit-ulcinj.com\/blog\/?s={search_term_string}\"},\"query-input\":\"required name=search_term_string\"}],\"inLanguage\":\"en-US\"},{\"@type\":\"ImageObject\",\"inLanguage\":\"en-US\",\"@id\":\"https:\/\/www.visit-ulcinj.com\/blog\/2012\/05\/06\/leonora-jakupi-pozon-ne-kopertinen-e-nje-reviste\/#primaryimage\",\"url\":\"http:\/\/www.visit-ulcinj.com\/blog\/wp-content\/uploads\/2012\/05\/Leonora-Jakupi_Foto-Avni-Selmani.jpg\",\"contentUrl\":\"http:\/\/www.visit-ulcinj.com\/blog\/wp-content\/uploads\/2012\/05\/Leonora-Jakupi_Foto-Avni-Selmani.jpg\"},{\"@type\":\"WebPage\",\"@id\":\"https:\/\/www.visit-ulcinj.com\/blog\/2012\/05\/06\/leonora-jakupi-pozon-ne-kopertinen-e-nje-reviste\/#webpage\",\"url\":\"https:\/\/www.visit-ulcinj.com\/blog\/2012\/05\/06\/leonora-jakupi-pozon-ne-kopertinen-e-nje-reviste\/\",\"name\":\"Leonora Jakupi pozon n\u00eb kopertin\u00ebn e nj\u00eb reviste - Lajme nga Ulqini\",\"isPartOf\":{\"@id\":\"https:\/\/www.visit-ulcinj.com\/blog\/#website\"},\"primaryImageOfPage\":{\"@id\":\"https:\/\/www.visit-ulcinj.com\/blog\/2012\/05\/06\/leonora-jakupi-pozon-ne-kopertinen-e-nje-reviste\/#primaryimage\"},\"datePublished\":\"2012-05-06T09:09:45+00:00\",\"dateModified\":\"2012-05-06T09:30:08+00:00\",\"author\":{\"@id\":\"https:\/\/www.visit-ulcinj.com\/blog\/#\/schema\/person\/dcab619c614d3038751c63bc2aadc06d\"},\"description\":\"K\u00ebng\u00ebtarja Leonora Jakupi do t\u00eb jet\u00eb n\u00eb kopertin\u00ebn e nj\u00eb reviste t\u00eb p\u00ebrmuajshme shqiptare. Por p\u00ebr t\u00eb arritur deri aty k\u00ebng\u00ebtarja ka urdh\u00ebruar ti\",\"breadcrumb\":{\"@id\":\"https:\/\/www.visit-ulcinj.com\/blog\/2012\/05\/06\/leonora-jakupi-pozon-ne-kopertinen-e-nje-reviste\/#breadcrumb\"},\"inLanguage\":\"en-US\",\"potentialAction\":[{\"@type\":\"ReadAction\",\"target\":[\"https:\/\/www.visit-ulcinj.com\/blog\/2012\/05\/06\/leonora-jakupi-pozon-ne-kopertinen-e-nje-reviste\/\"]}]},{\"@type\":\"BreadcrumbList\",\"@id\":\"https:\/\/www.visit-ulcinj.com\/blog\/2012\/05\/06\/leonora-jakupi-pozon-ne-kopertinen-e-nje-reviste\/#breadcrumb\",\"itemListElement\":[{\"@type\":\"ListItem\",\"position\":1,\"name\":\"Leonora Jakupi pozon n\u00eb kopertin\u00ebn e nj\u00eb reviste\"}]},{\"@type\":\"Person\",\"@id\":\"https:\/\/www.visit-ulcinj.com\/blog\/#\/schema\/person\/dcab619c614d3038751c63bc2aadc06d\",\"name\":\"ulqini\",\"sameAs\":[\"http:\/\/www.visit-ulcinj.com\"],\"url\":\"https:\/\/www.visit-ulcinj.com\/blog\/author\/admin\/\"}]}<\/script>\n<!-- \/ Yoast SEO plugin. -->","yoast_head_json":{"title":"Leonora Jakupi pozon n\u00eb kopertin\u00ebn e nj\u00eb reviste - Lajme nga Ulqini","description":"K\u00ebng\u00ebtarja Leonora Jakupi do t\u00eb jet\u00eb n\u00eb kopertin\u00ebn e nj\u00eb reviste t\u00eb p\u00ebrmuajshme shqiptare. Por p\u00ebr t\u00eb arritur deri aty k\u00ebng\u00ebtarja ka urdh\u00ebruar ti","robots":{"index":"index","follow":"follow","max-snippet":"max-snippet:-1","max-image-preview":"max-image-preview:large","max-video-preview":"max-video-preview:-1"},"canonical":"https:\/\/www.visit-ulcinj.com\/blog\/2012\/05\/06\/leonora-jakupi-pozon-ne-kopertinen-e-nje-reviste\/","og_locale":"en_US","og_type":"article","og_title":"Leonora Jakupi pozon n\u00eb kopertin\u00ebn e nj\u00eb reviste - Lajme nga Ulqini","og_description":"K\u00ebng\u00ebtarja Leonora Jakupi do t\u00eb jet\u00eb n\u00eb kopertin\u00ebn e nj\u00eb reviste t\u00eb p\u00ebrmuajshme shqiptare. Por p\u00ebr t\u00eb arritur deri aty k\u00ebng\u00ebtarja ka urdh\u00ebruar ti","og_url":"https:\/\/www.visit-ulcinj.com\/blog\/2012\/05\/06\/leonora-jakupi-pozon-ne-kopertinen-e-nje-reviste\/","og_site_name":"Lajme nga Ulqini","article_published_time":"2012-05-06T09:09:45+00:00","article_modified_time":"2012-05-06T09:30:08+00:00","og_image":[{"url":"http:\/\/www.visit-ulcinj.com\/blog\/wp-content\/uploads\/2012\/05\/Leonora-Jakupi_Foto-Avni-Selmani.jpg"}],"twitter_misc":{"Written by":"ulqini","Est. reading time":"1 minute"},"schema":{"@context":"https:\/\/schema.org","@graph":[{"@type":"WebSite","@id":"https:\/\/www.visit-ulcinj.com\/blog\/#website","url":"https:\/\/www.visit-ulcinj.com\/blog\/","name":"Lajme nga Ulqini","description":"Lajme,Vijesti,Ulqini,Ulqin,Crna Gora,Mali i Zi","potentialAction":[{"@type":"SearchAction","target":{"@type":"EntryPoint","urlTemplate":"https:\/\/www.visit-ulcinj.com\/blog\/?s={search_term_string}"},"query-input":"required name=search_term_string"}],"inLanguage":"en-US"},{"@type":"ImageObject","inLanguage":"en-US","@id":"https:\/\/www.visit-ulcinj.com\/blog\/2012\/05\/06\/leonora-jakupi-pozon-ne-kopertinen-e-nje-reviste\/#primaryimage","url":"http:\/\/www.visit-ulcinj.com\/blog\/wp-content\/uploads\/2012\/05\/Leonora-Jakupi_Foto-Avni-Selmani.jpg","contentUrl":"http:\/\/www.visit-ulcinj.com\/blog\/wp-content\/uploads\/2012\/05\/Leonora-Jakupi_Foto-Avni-Selmani.jpg"},{"@type":"WebPage","@id":"https:\/\/www.visit-ulcinj.com\/blog\/2012\/05\/06\/leonora-jakupi-pozon-ne-kopertinen-e-nje-reviste\/#webpage","url":"https:\/\/www.visit-ulcinj.com\/blog\/2012\/05\/06\/leonora-jakupi-pozon-ne-kopertinen-e-nje-reviste\/","name":"Leonora Jakupi pozon n\u00eb kopertin\u00ebn e nj\u00eb reviste - Lajme nga Ulqini","isPartOf":{"@id":"https:\/\/www.visit-ulcinj.com\/blog\/#website"},"primaryImageOfPage":{"@id":"https:\/\/www.visit-ulcinj.com\/blog\/2012\/05\/06\/leonora-jakupi-pozon-ne-kopertinen-e-nje-reviste\/#primaryimage"},"datePublished":"2012-05-06T09:09:45+00:00","dateModified":"2012-05-06T09:30:08+00:00","author":{"@id":"https:\/\/www.visit-ulcinj.com\/blog\/#\/schema\/person\/dcab619c614d3038751c63bc2aadc06d"},"description":"K\u00ebng\u00ebtarja Leonora Jakupi do t\u00eb jet\u00eb n\u00eb kopertin\u00ebn e nj\u00eb reviste t\u00eb p\u00ebrmuajshme shqiptare. Por p\u00ebr t\u00eb arritur deri aty k\u00ebng\u00ebtarja ka urdh\u00ebruar ti","breadcrumb":{"@id":"https:\/\/www.visit-ulcinj.com\/blog\/2012\/05\/06\/leonora-jakupi-pozon-ne-kopertinen-e-nje-reviste\/#breadcrumb"},"inLanguage":"en-US","potentialAction":[{"@type":"ReadAction","target":["https:\/\/www.visit-ulcinj.com\/blog\/2012\/05\/06\/leonora-jakupi-pozon-ne-kopertinen-e-nje-reviste\/"]}]},{"@type":"BreadcrumbList","@id":"https:\/\/www.visit-ulcinj.com\/blog\/2012\/05\/06\/leonora-jakupi-pozon-ne-kopertinen-e-nje-reviste\/#breadcrumb","itemListElement":[{"@type":"ListItem","position":1,"name":"Leonora Jakupi pozon n\u00eb kopertin\u00ebn e nj\u00eb reviste"}]},{"@type":"Person","@id":"https:\/\/www.visit-ulcinj.com\/blog\/#\/schema\/person\/dcab619c614d3038751c63bc2aadc06d","name":"ulqini","sameAs":["http:\/\/www.visit-ulcinj.com"],"url":"https:\/\/www.visit-ulcinj.com\/blog\/author\/admin\/"}]}},"jetpack_featured_media_url":"","jetpack_sharing_enabled":true,"jetpack_shortlink":"https:\/\/wp.me\/pe6lTn-fEi","_links":{"self":[{"href":"https:\/\/www.visit-ulcinj.com\/blog\/wp-json\/wp\/v2\/posts\/60158"}],"collection":[{"href":"https:\/\/www.visit-ulcinj.com\/blog\/wp-json\/wp\/v2\/posts"}],"about":[{"href":"https:\/\/www.visit-ulcinj.com\/blog\/wp-json\/wp\/v2\/types\/post"}],"author":[{"embeddable":true,"href":"https:\/\/www.visit-ulcinj.com\/blog\/wp-json\/wp\/v2\/users\/1"}],"replies":[{"embeddable":true,"href":"https:\/\/www.visit-ulcinj.com\/blog\/wp-json\/wp\/v2\/comments?post=60158"}],"version-history":[{"count":2,"href":"https:\/\/www.visit-ulcinj.com\/blog\/wp-json\/wp\/v2\/posts\/60158\/revisions"}],"predecessor-version":[{"id":60168,"href":"https:\/\/www.visit-ulcinj.com\/blog\/wp-json\/wp\/v2\/posts\/60158\/revisions\/60168"}],"wp:attachment":[{"href":"https:\/\/www.visit-ulcinj.com\/blog\/wp-json\/wp\/v2\/media?parent=60158"}],"wp:term":[{"taxonomy":"category","embeddable":true,"href":"https:\/\/www.visit-ulcinj.com\/blog\/wp-json\/wp\/v2\/categories?post=60158"},{"taxonomy":"post_tag","embeddable":true,"href":"https:\/\/www.visit-ulcinj.com\/blog\/wp-json\/wp\/v2\/tags?post=60158"}],"curies":[{"name":"wp","href":"https:\/\/api.w.org\/{rel}","templated":true}]}}